{"id":64065,"date":"2022-04-22T12:50:18","date_gmt":"2022-04-22T17:50:18","guid":{"rendered":"https:\/\/www.grieta.org.mx\/?p=64065"},"modified":"2022-04-24T13:00:37","modified_gmt":"2022-04-24T18:00:37","slug":"suman-21-fosas-clandestinas-localizadas-en-jalisco-este-2022-jalisco","status":"publish","type":"post","link":"https:\/\/www.grieta.org.mx\/index.php\/2022\/04\/22\/suman-21-fosas-clandestinas-localizadas-en-jalisco-este-2022-jalisco\/","title":{"rendered":"Suman 21 fosas clandestinas localizadas en Jalisco este 2022 (Jalisco)"},"content":{"rendered":"<p>Foto: Rom\u00e1n Ortega &#8211; El Occidental<\/p>\n<p>En lo que va del a\u00f1o <strong>colectivos que buscan a\u00a0<\/strong><b>personas desaparecidas\u00a0<\/b>y la Fiscal\u00eda del Estado\u00a0han <strong>localizado\u00a0<\/strong><b>21 fosas clandestinas<\/b>, la mayor\u00eda de ellas en la<b>\u00a0Zona Metropolitana de Guadalajara<\/b>.<\/p>\n<p>Los puntos con mayor n\u00famero de v\u00edctimas se ubicaron en Chulavista, con 45 durante la primera jornada de las madres buscadoras de Sonora y Jalisco el pasado mes de febrero.<\/p>\n<p>En Alamedas de Zalatit\u00e1n contabilizaron 31 cuerpos, 12 de ellos pre identificados.<\/p>\n<p>Durante la segunda jornada que realizaron las madres buscadoras en los primeros tres d\u00edas de abril en Chulavista, Tlajomulco, se contabilizaron 25 cad\u00e1veres, 7 de ellos identificados.<\/p>\n<p>En la colonia Francisco I Madero, Tlaquepaque, fueron 12 v\u00edctimas y actualmente trabajan en un predio ubicado a 600 metros a espaldas del fraccionamiento Cima Serena, en El Salto, as\u00ed lo detall\u00f3 la Fiscal\u00eda de Desaparecidos, Blanca Jacqueline Trujillo Cuevas.<\/p>\n<p><a href=\"https:\/\/www.eloccidental.com.mx\/policiaca\/suman-21-fosas-clandestinas-localizadas-en-jalisco-este-2022-8178677.html\">https:\/\/www.eloccidental.com.mx\/policiaca\/suman-21-fosas-clandestinas-localizadas-en-jalisco-este-2022-8178677.html<\/a><\/p>\n","protected":false},"excerpt":{"rendered":"<p>Foto: Rom\u00e1n Ortega &#8211; El Occidental En lo que va del a\u00f1o colectivos que buscan a\u00a0personas desaparecidas\u00a0y la Fiscal\u00eda del Estado\u00a0han localizado\u00a021 fosas clandestinas, la mayor\u00eda de ellas en la\u00a0Zona &hellip; <a href=\"https:\/\/www.grieta.org.mx\/index.php\/2022\/04\/22\/suman-21-fosas-clandestinas-localizadas-en-jalisco-este-2022-jalisco\/\" class=\"more-link\">Leer m\u00e1s<\/a><\/p>\n","protected":false},"author":2,"featured_media":64066,"comment_status":"closed","ping_status":"closed","sticky":false,"template":"","format":"standard","meta":{"ngg_post_thumbnail":0,"_jetpack_newsletter_access":"","_jetpack_dont_email_post_to_subs":false,"_jetpack_newsletter_tier_id":0,"_jetpack_memberships_contains_paywalled_content":false,"_jetpack_memberships_contains_paid_content":false,"footnotes":""},"categories":[80,917,87,1032,20,2,83],"tags":[3791,1828,3018,121,1668,856],"class_list":["post-64065","post","type-post","status-publish","format-standard","has-post-thumbnail","hentry","category-cintillo","category-privatizacion-de-la-educacion-publica-analisis","category-desaparecidos","category-desaparecidos-en-jalisco","category-jalisco","category-noticias-nacionales","category-temas-nacionales","tag-acciones-por-desaparecidos","tag-busqueda-de-desaparecidos","tag-colectivos-de-busqueda-de-desaparecidos","tag-desaparecidos","tag-familiares-de-desaparecidos","tag-fosas-clandestinas","entry"],"jetpack_featured_media_url":"https:\/\/www.grieta.org.mx\/wp-content\/uploads\/2022\/04\/21-fosas-clandestinas-en-el-Estado.jpeg","jetpack_sharing_enabled":true,"jetpack_shortlink":"https:\/\/wp.me\/p7ZJR4-gFj","jetpack_likes_enabled":false,"jetpack-related-posts":[{"id":65443,"url":"https:\/\/www.grieta.org.mx\/index.php\/2022\/10\/07\/gobierno-de-jalisco-rechaza-a-buscadoras-por-localizar-fosas-clandestinas-jalisco-sonora\/","url_meta":{"origin":64065,"position":0},"title":"Gobierno de Jalisco rechaza a buscadoras por localizar fosas clandestinas (Jalisco, Sonora)","author":"grieta","date":"7 octubre, 2022","format":false,"excerpt":"Imagen; Lauro Rodr\u00edguez Redacci\u00f3n \/ El Diario NTR Las autoridades del estado rechazan a las Madres Buscadoras de Sonora porque les quitan el protagonismo, visibilizan las fosas clandestinas y les impiden ocultar que Jalisco es un pante\u00f3n, consider\u00f3 Ceci Flores, lideresa del colectivo sonorense. Aunque siempre hab\u00eda sido amenazada por\u2026","rel":"","context":"En &quot;CINTILLO&quot;","block_context":{"text":"CINTILLO","link":"https:\/\/www.grieta.org.mx\/index.php\/category\/cintillo\/"},"img":{"alt_text":"","src":"https:\/\/i0.wp.com\/www.grieta.org.mx\/wp-content\/uploads\/2022\/10\/2022-10-07_06-10-59___8441.jpg?resize=350%2C200&ssl=1","width":350,"height":200,"srcset":"https:\/\/i0.wp.com\/www.grieta.org.mx\/wp-content\/uploads\/2022\/10\/2022-10-07_06-10-59___8441.jpg?resize=350%2C200&ssl=1 1x, https:\/\/i0.wp.com\/www.grieta.org.mx\/wp-content\/uploads\/2022\/10\/2022-10-07_06-10-59___8441.jpg?resize=525%2C300&ssl=1 1.5x, https:\/\/i0.wp.com\/www.grieta.org.mx\/wp-content\/uploads\/2022\/10\/2022-10-07_06-10-59___8441.jpg?resize=700%2C400&ssl=1 2x"},"classes":[]},{"id":63599,"url":"https:\/\/www.grieta.org.mx\/index.php\/2022\/03\/03\/buscadoras-de-sonora-dejaron-datos-de-50-posibles-fosas-clandestinas-jalisco\/","url_meta":{"origin":64065,"position":1},"title":"Buscadoras de Sonora dejaron datos de 50 posibles fosas clandestinas (Jalisco)","author":"grieta","date":"3 marzo, 2022","format":false,"excerpt":"Foto: Lauro Rodr\u00edguez Lauro Rodr\u00edguez \/ El Diario NTR Durante su visita a Jalisco la semana pasada, las Madres Buscadoras de Sonora reunieron una base de datos de al menos 50 puntos donde pudieran existir fosas clandestinas en el estado, la mayor\u00eda en Tlajomulco de Z\u00fa\u00f1iga. Martha Morales, integrante del\u2026","rel":"","context":"En &quot;CINTILLO&quot;","block_context":{"text":"CINTILLO","link":"https:\/\/www.grieta.org.mx\/index.php\/category\/cintillo\/"},"img":{"alt_text":"","src":"https:\/\/i0.wp.com\/www.grieta.org.mx\/wp-content\/uploads\/2022\/03\/2022-03-03_06-03-23___335.jpg?resize=350%2C200&ssl=1","width":350,"height":200,"srcset":"https:\/\/i0.wp.com\/www.grieta.org.mx\/wp-content\/uploads\/2022\/03\/2022-03-03_06-03-23___335.jpg?resize=350%2C200&ssl=1 1x, https:\/\/i0.wp.com\/www.grieta.org.mx\/wp-content\/uploads\/2022\/03\/2022-03-03_06-03-23___335.jpg?resize=525%2C300&ssl=1 1.5x, https:\/\/i0.wp.com\/www.grieta.org.mx\/wp-content\/uploads\/2022\/03\/2022-03-03_06-03-23___335.jpg?resize=700%2C400&ssl=1 2x"},"classes":[]},{"id":64706,"url":"https:\/\/www.grieta.org.mx\/index.php\/2022\/08\/05\/jovenes-buscadores-acusan-a-autoridades-de-no-concluir-extraccion-de-cuerpos-en-fosas-jalisco\/","url_meta":{"origin":64065,"position":2},"title":"J\u00f3venes Buscadores acusan a autoridades de no concluir extracci\u00f3n de cuerpos en fosas (Jalisco)","author":"grieta","date":"5 agosto, 2022","format":false,"excerpt":"busFoto: Cortes\u00eda Madres Buscadoras de Sonora Lauro Rodr\u00edguez \/ El Diario NTR Los J\u00f3venes Buscadores de Jalisco acusaron que las autoridades del gobierno de Jalisco dejan inconclusa la extracci\u00f3n de cuerpos en las fosas clandestinas que son localizadas durante los trabajos de las brigadas de los colectivos. Precisaron que muestra\u2026","rel":"","context":"En &quot;CINTILLO&quot;","block_context":{"text":"CINTILLO","link":"https:\/\/www.grieta.org.mx\/index.php\/category\/cintillo\/"},"img":{"alt_text":"","src":"https:\/\/i0.wp.com\/www.grieta.org.mx\/wp-content\/uploads\/2022\/08\/2022-08-05_11-08-14___4667.jpg?resize=350%2C200&ssl=1","width":350,"height":200,"srcset":"https:\/\/i0.wp.com\/www.grieta.org.mx\/wp-content\/uploads\/2022\/08\/2022-08-05_11-08-14___4667.jpg?resize=350%2C200&ssl=1 1x, https:\/\/i0.wp.com\/www.grieta.org.mx\/wp-content\/uploads\/2022\/08\/2022-08-05_11-08-14___4667.jpg?resize=525%2C300&ssl=1 1.5x, https:\/\/i0.wp.com\/www.grieta.org.mx\/wp-content\/uploads\/2022\/08\/2022-08-05_11-08-14___4667.jpg?resize=700%2C400&ssl=1 2x"},"classes":[]},{"id":65811,"url":"https:\/\/www.grieta.org.mx\/index.php\/2022\/11\/21\/exhuman-287-cuerpos-de-40-fosas-clandestinas-en-jalisco\/","url_meta":{"origin":64065,"position":3},"title":"Exhuman 287 cuerpos de 40 fosas clandestinas en Jalisco","author":"grieta","date":"21 noviembre, 2022","format":false,"excerpt":"Imagen: Lauro Rodr\u00edguez Redacci\u00f3n \/ El Diario NTR De enero a octubre, fueron exhumados 287 cuerpos de 40 fosas clandestinas, ubicadas en distintos municipios de Jalisco. Esta cifra supera a los cad\u00e1veres recuperados en 2021, cuando se exhumaron 279 cuerpos de 23 fosas clandestinas, de acuerdo con los datos de\u2026","rel":"","context":"En &quot;CINTILLO&quot;","block_context":{"text":"CINTILLO","link":"https:\/\/www.grieta.org.mx\/index.php\/category\/cintillo\/"},"img":{"alt_text":"","src":"https:\/\/i0.wp.com\/www.grieta.org.mx\/wp-content\/uploads\/2022\/11\/2022-11-21_12-11-46___719.jpg?resize=350%2C200&ssl=1","width":350,"height":200,"srcset":"https:\/\/i0.wp.com\/www.grieta.org.mx\/wp-content\/uploads\/2022\/11\/2022-11-21_12-11-46___719.jpg?resize=350%2C200&ssl=1 1x, https:\/\/i0.wp.com\/www.grieta.org.mx\/wp-content\/uploads\/2022\/11\/2022-11-21_12-11-46___719.jpg?resize=525%2C300&ssl=1 1.5x, https:\/\/i0.wp.com\/www.grieta.org.mx\/wp-content\/uploads\/2022\/11\/2022-11-21_12-11-46___719.jpg?resize=700%2C400&ssl=1 2x"},"classes":[]},{"id":66320,"url":"https:\/\/www.grieta.org.mx\/index.php\/2023\/02\/17\/colectivos-de-busqueda-localizan-fosas-clandestinas-suman-cinco-en-lo-que-va-del-ano-jalisco\/","url_meta":{"origin":64065,"position":4},"title":"Colectivos de b\u00fasqueda localizan fosas clandestinas, suman cinco en lo que va del a\u00f1o (Jalisco)","author":"grieta","date":"17 febrero, 2023","format":false,"excerpt":"Imagen: Especial Lauro Rodr\u00edguez \/ El Diario NTR La fosa localizada en la colonia El Centinela por el colectivo Luz de Esperanza Desaparecidos Jalisco ser\u00eda la quinta en lo que va del a\u00f1o. Las otras cuatros est\u00e1n ubicadas en el municipio de Tlajomulco de Z\u00fa\u00f1iga. Las dos primeras en San\u2026","rel":"","context":"En &quot;CINTILLO&quot;","block_context":{"text":"CINTILLO","link":"https:\/\/www.grieta.org.mx\/index.php\/category\/cintillo\/"},"img":{"alt_text":"","src":"https:\/\/i0.wp.com\/www.grieta.org.mx\/wp-content\/uploads\/2023\/02\/2023-02-17_08-02-03___6146.jpg?resize=350%2C200&ssl=1","width":350,"height":200,"srcset":"https:\/\/i0.wp.com\/www.grieta.org.mx\/wp-content\/uploads\/2023\/02\/2023-02-17_08-02-03___6146.jpg?resize=350%2C200&ssl=1 1x, https:\/\/i0.wp.com\/www.grieta.org.mx\/wp-content\/uploads\/2023\/02\/2023-02-17_08-02-03___6146.jpg?resize=525%2C300&ssl=1 1.5x, https:\/\/i0.wp.com\/www.grieta.org.mx\/wp-content\/uploads\/2023\/02\/2023-02-17_08-02-03___6146.jpg?resize=700%2C400&ssl=1 2x"},"classes":[]},{"id":59395,"url":"https:\/\/www.grieta.org.mx\/index.php\/2021\/05\/09\/guerreras-unidas-exigen-identificacion-inmediata-de-personas-localizadas-en-fosas-clandestinas-jalisco\/","url_meta":{"origin":64065,"position":5},"title":"Guerreras Unidas exigen identificaci\u00f3n inmediata de personas localizadas en fosas clandestinas (Jalisco)","author":"grieta","date":"9 mayo, 2021","format":false,"excerpt":"Foto: Zona Docs Con dos a\u00f1os de lucha, el Colectivo Guerreras Unidas por Chapala exige a las autoridades de Jalisco respuestas contundentes para saber si sus familiares han sido o no localizados en las fosas clandestinas localizadas en la regi\u00f3n en el \u00faltimo a\u00f1o. A la fecha, de las m\u00e1s\u2026","rel":"","context":"En &quot;CINTILLO&quot;","block_context":{"text":"CINTILLO","link":"https:\/\/www.grieta.org.mx\/index.php\/category\/cintillo\/"},"img":{"alt_text":"","src":"https:\/\/i0.wp.com\/www.grieta.org.mx\/wp-content\/uploads\/2021\/05\/Unknown-7-1-1080x608-1-e1621277089892.jpeg?resize=350%2C200&ssl=1","width":350,"height":200,"srcset":"https:\/\/i0.wp.com\/www.grieta.org.mx\/wp-content\/uploads\/2021\/05\/Unknown-7-1-1080x608-1-e1621277089892.jpeg?resize=350%2C200&ssl=1 1x, https:\/\/i0.wp.com\/www.grieta.org.mx\/wp-content\/uploads\/2021\/05\/Unknown-7-1-1080x608-1-e1621277089892.jpeg?resize=525%2C300&ssl=1 1.5x, https:\/\/i0.wp.com\/www.grieta.org.mx\/wp-content\/uploads\/2021\/05\/Unknown-7-1-1080x608-1-e1621277089892.jpeg?resize=700%2C400&ssl=1 2x"},"classes":[]}],"_links":{"self":[{"href":"https:\/\/www.grieta.org.mx\/index.php\/wp-json\/wp\/v2\/posts\/64065","targetHints":{"allow":["GET"]}}],"collection":[{"href":"https:\/\/www.grieta.org.mx\/index.php\/wp-json\/wp\/v2\/posts"}],"about":[{"href":"https:\/\/www.grieta.org.mx\/index.php\/wp-json\/wp\/v2\/types\/post"}],"author":[{"embeddable":true,"href":"https:\/\/www.grieta.org.mx\/index.php\/wp-json\/wp\/v2\/users\/2"}],"replies":[{"embeddable":true,"href":"https:\/\/www.grieta.org.mx\/index.php\/wp-json\/wp\/v2\/comments?post=64065"}],"version-history":[{"count":1,"href":"https:\/\/www.grieta.org.mx\/index.php\/wp-json\/wp\/v2\/posts\/64065\/revisions"}],"predecessor-version":[{"id":64069,"href":"https:\/\/www.grieta.org.mx\/index.php\/wp-json\/wp\/v2\/posts\/64065\/revisions\/64069"}],"wp:featuredmedia":[{"embeddable":true,"href":"https:\/\/www.grieta.org.mx\/index.php\/wp-json\/wp\/v2\/media\/64066"}],"wp:attachment":[{"href":"https:\/\/www.grieta.org.mx\/index.php\/wp-json\/wp\/v2\/media?parent=64065"}],"wp:term":[{"taxonomy":"category","embeddable":true,"href":"https:\/\/www.grieta.org.mx\/index.php\/wp-json\/wp\/v2\/categories?post=64065"},{"taxonomy":"post_tag","embeddable":true,"href":"https:\/\/www.grieta.org.mx\/index.php\/wp-json\/wp\/v2\/tags?post=64065"}],"curies":[{"name":"wp","href":"https:\/\/api.w.org\/{rel}","templated":true}]}}