{"id":64051,"date":"2022-04-22T11:01:09","date_gmt":"2022-04-22T16:01:09","guid":{"rendered":"https:\/\/www.grieta.org.mx\/?p=64051"},"modified":"2022-04-24T11:15:07","modified_gmt":"2022-04-24T16:15:07","slug":"en-colima-8-de-cada-10-feminicidios-quedan-en-la-impunidad-y-van-en-aumento","status":"publish","type":"post","link":"https:\/\/www.grieta.org.mx\/index.php\/2022\/04\/22\/en-colima-8-de-cada-10-feminicidios-quedan-en-la-impunidad-y-van-en-aumento\/","title":{"rendered":"En Colima, 8 de cada 10 feminicidios quedan en la impunidad y van en aumento"},"content":{"rendered":"<p>Foto: Ilustrativa tomada de la internet<\/p>\n<p>Heidi de Le\u00f3n Guti\u00e9rrez \/ Diario Avanzada<\/p>\n<p>Colima, M\u00e9xico, Avanzada (22\/04\/2022).- El feminicidio es uno de los delitos que increment\u00f3 en la \u00faltima d\u00e9cada en Colima, junto con el homicidio doloso, las extorsiones y los robos a casa habitaci\u00f3n, pero las cifras muestran que en la entidad, 8 de cada 10 asesinatos de mujeres\u00a0 quedan sin castigo, seg\u00fan el reporte de Impunidad Cero.<\/p>\n<p>En la investigaci\u00f3n titulada: \u201cImpunidad en homicidio doloso y feminicidio en M\u00e9xico: Reporte 2020\u201d elaborado por la organizaci\u00f3n Impunidad Cero se documenta que las agresiones en contra de las mujeres rara vez son castigadas por la autoridad y la mayor\u00eda de las denuncias permanecen en la impunidad.<\/p>\n<p>Impunidad Cero document\u00f3 que 8 de cada 10 feminicidios\u00a0 que se comenten en el estado, permanecen en la impunidad, lo que agrava la vulnerabilidad en la que se encuentran las mujeres.<\/p>\n<p>La misma investigaci\u00f3n muestra que en los \u00faltimos cinco a\u00f1os, las v\u00edctimas de feminicidio aumentaron en un 137 por ciento, con una tasa de impunidad en los casos de 51.4 por ciento a nivel nacional, pero en Colima\u00a0super\u00f3 el 80 por ciento.<\/p>\n<p>En el mismo reporte, se\u00a0explica que existen estados del pa\u00eds donde existe un subregistro en la clasificaci\u00f3n de los feminicidios para hacerlos pasar como homicidios dolosos, lo que impacta negativamente el nivel de impunidad en cada uno de los estados que recurran a esta pr\u00e1ctica.<\/p>\n<p>El pasado 25 de noviembre, la gobernadora Indira Vizca\u00edno Silva afirm\u00f3 que en su gobierno habr\u00e1 cero tolerancia en contra de las agresiones a mujeres, \u201cser\u00e1 un gobierno en el que las vamos a escuchar, las vamos a respaldar y las vamos a acompa\u00f1ar en este proceso de dejar atr\u00e1s cualquier tipo y cualquier forma de violencia\u201d declar\u00f3.<\/p>\n<p>Sin embargo, hasta la fecha ni el Gobierno del\u00a0 Estado ni la Fiscal\u00eda General de Justicia han informado las acciones que realizan para revisar las carpetas que existen sobre feminicidio, analizar la clasificaci\u00f3n de los homicidios dolosos de mujeres y garantizar la justicia para la v\u00edctima y sus familiares.<\/p>\n<p><a href=\"https:\/\/www.diarioavanzada.com.mx\/?p=32052\">https:\/\/www.diarioavanzada.com.mx\/?p=32052<\/a><\/p>\n","protected":false},"excerpt":{"rendered":"<p>Foto: Ilustrativa tomada de la internet Heidi de Le\u00f3n Guti\u00e9rrez \/ Diario Avanzada Colima, M\u00e9xico, Avanzada (22\/04\/2022).- El feminicidio es uno de los delitos que increment\u00f3 en la \u00faltima d\u00e9cada &hellip; <a href=\"https:\/\/www.grieta.org.mx\/index.php\/2022\/04\/22\/en-colima-8-de-cada-10-feminicidios-quedan-en-la-impunidad-y-van-en-aumento\/\" class=\"more-link\">Leer m\u00e1s<\/a><\/p>\n","protected":false},"author":2,"featured_media":64052,"comment_status":"closed","ping_status":"closed","sticky":false,"template":"","format":"standard","meta":{"ngg_post_thumbnail":0,"_jetpack_newsletter_access":"","_jetpack_dont_email_post_to_subs":false,"_jetpack_newsletter_tier_id":0,"_jetpack_memberships_contains_paywalled_content":false,"_jetpack_memberships_contains_paid_content":false,"footnotes":""},"categories":[80,13,84,1016,2,83],"tags":[2959,753,81],"class_list":["post-64051","post","type-post","status-publish","format-standard","has-post-thumbnail","hentry","category-cintillo","category-colima","category-feminicidios","category-feminicidios-en-colima","category-noticias-nacionales","category-temas-nacionales","tag-estadisticas-de-feminicidio","tag-feminicidio","tag-feminicidios","entry"],"jetpack_featured_media_url":"https:\/\/www.grieta.org.mx\/wp-content\/uploads\/2022\/04\/feminici.jpg","jetpack_sharing_enabled":true,"jetpack_shortlink":"https:\/\/wp.me\/p7ZJR4-gF5","jetpack_likes_enabled":false,"jetpack-related-posts":[{"id":55725,"url":"https:\/\/www.grieta.org.mx\/index.php\/2020\/12\/08\/impunes-80-por-ciento-de-los-feminicidios-que-se-cometieron-en-colima-en-los-ultimos-5-anos\/","url_meta":{"origin":64051,"position":0},"title":"Impunes, 80 por ciento de los feminicidios que se cometieron en Colima en los \u00faltimos 5 a\u00f1os","author":"grieta","date":"8 diciembre, 2020","format":false,"excerpt":"Foto: Diario Avanzada Heidi de Le\u00f3n Guti\u00e9rrez \/ Diario Avanzada Colima, M\u00e9xico, Avanzada (08\/12\/2020).- La organizaci\u00f3n \u201cImpunidad Cero\u201d revel\u00f3 que en Colima permanecen sin castigo el 80 por ciento de los feminicidios que se cometieron durante el 2019. Tambi\u00e9n advirti\u00f3 que existen entidades del pa\u00eds donde habr\u00eda un subregistro en\u2026","rel":"","context":"En &quot;CINTILLO&quot;","block_context":{"text":"CINTILLO","link":"https:\/\/www.grieta.org.mx\/index.php\/category\/cintillo\/"},"img":{"alt_text":"","src":"https:\/\/i0.wp.com\/www.grieta.org.mx\/wp-content\/uploads\/2020\/12\/01-27-feminicidios.png?resize=350%2C200&ssl=1","width":350,"height":200,"srcset":"https:\/\/i0.wp.com\/www.grieta.org.mx\/wp-content\/uploads\/2020\/12\/01-27-feminicidios.png?resize=350%2C200&ssl=1 1x, https:\/\/i0.wp.com\/www.grieta.org.mx\/wp-content\/uploads\/2020\/12\/01-27-feminicidios.png?resize=525%2C300&ssl=1 1.5x, https:\/\/i0.wp.com\/www.grieta.org.mx\/wp-content\/uploads\/2020\/12\/01-27-feminicidios.png?resize=700%2C400&ssl=1 2x"},"classes":[]},{"id":63729,"url":"https:\/\/www.grieta.org.mx\/index.php\/2022\/03\/19\/asesinaron-a-481-mujeres-en-colima-en-nueve-anos\/","url_meta":{"origin":64051,"position":1},"title":"Asesinaron a 481 mujeres en Colima en nueve a\u00f1os","author":"grieta","date":"19 marzo, 2022","format":false,"excerpt":"Foto: Diario Avanzada Redacci\u00f3n \/ Diario Avanzada Colima, M\u00e9xico, Avanzada (19\/03\/2022).- En nueve a\u00f1os fueron asesinadas 481 mujeres en el estado de Colima, de acuerdo con datos del Instituto Nacional de Estad\u00edstica y Geograf\u00eda (Inegi) y del Secretariado Ejecutivo del Sistema Nacional de Seguridad P\u00fablica. El a\u00f1o m\u00e1s letal fue\u2026","rel":"","context":"En &quot;CINTILLO&quot;","block_context":{"text":"CINTILLO","link":"https:\/\/www.grieta.org.mx\/index.php\/category\/cintillo\/"},"img":{"alt_text":"","src":"https:\/\/i0.wp.com\/www.grieta.org.mx\/wp-content\/uploads\/2022\/03\/image-135.png?resize=350%2C200&ssl=1","width":350,"height":200,"srcset":"https:\/\/i0.wp.com\/www.grieta.org.mx\/wp-content\/uploads\/2022\/03\/image-135.png?resize=350%2C200&ssl=1 1x, https:\/\/i0.wp.com\/www.grieta.org.mx\/wp-content\/uploads\/2022\/03\/image-135.png?resize=525%2C300&ssl=1 1.5x"},"classes":[]},{"id":68599,"url":"https:\/\/www.grieta.org.mx\/index.php\/2024\/03\/07\/dia-internacional-de-la-mujer-en-colima-132-asesinatos-y-94-de-impunidad\/","url_meta":{"origin":64051,"position":2},"title":"D\u00eda Internacional de la Mujer en Colima: 132 asesinatos y 94 % de impunidad","author":"grieta","date":"7 marzo, 2024","format":false,"excerpt":"Imagen: Diario Avanzada Heidi de Le\u00f3n Guti\u00e9rrez \/ Diario Avanzada Colima, M\u00e9xico, Avanzada (07\/03\/2024).- Michel, una ni\u00f1a de 13 a\u00f1os de edad y estudiante de primer grado de secundaria en el Trapiche, fue asesinada a balazos por su padre el 10 de noviembre pasado; el cuerpo de la v\u00edctima fue\u2026","rel":"","context":"En &quot;CINTILLO&quot;","block_context":{"text":"CINTILLO","link":"https:\/\/www.grieta.org.mx\/index.php\/category\/cintillo\/"},"img":{"alt_text":"","src":"https:\/\/i0.wp.com\/www.grieta.org.mx\/wp-content\/uploads\/2024\/03\/aa-6.jpg?resize=350%2C200&ssl=1","width":350,"height":200,"srcset":"https:\/\/i0.wp.com\/www.grieta.org.mx\/wp-content\/uploads\/2024\/03\/aa-6.jpg?resize=350%2C200&ssl=1 1x, https:\/\/i0.wp.com\/www.grieta.org.mx\/wp-content\/uploads\/2024\/03\/aa-6.jpg?resize=525%2C300&ssl=1 1.5x, https:\/\/i0.wp.com\/www.grieta.org.mx\/wp-content\/uploads\/2024\/03\/aa-6.jpg?resize=700%2C400&ssl=1 2x, https:\/\/i0.wp.com\/www.grieta.org.mx\/wp-content\/uploads\/2024\/03\/aa-6.jpg?resize=1050%2C600&ssl=1 3x, https:\/\/i0.wp.com\/www.grieta.org.mx\/wp-content\/uploads\/2024\/03\/aa-6.jpg?resize=1400%2C800&ssl=1 4x"},"classes":[]},{"id":66216,"url":"https:\/\/www.grieta.org.mx\/index.php\/2023\/02\/01\/incrementaron-350-los-feminicidios-en-el-primer-ano-de-vizcaino-colima\/","url_meta":{"origin":64051,"position":3},"title":"Incrementaron 350 % los feminicidios en el primer a\u00f1o de Vizca\u00edno (Colima)","author":"grieta","date":"1 febrero, 2023","format":false,"excerpt":"Imagen: Diario Avanzada Heidi de Le\u00f3n Guti\u00e9rrez \/ Diario Avanzada Colima, M\u00e9xico, Avanzada (01\/02\/2023).- El primer a\u00f1o de gobierno de la mandataria estatal, Indira Vizca\u00edno Silva cerr\u00f3 con 350 por ciento m\u00e1s de v\u00edctimas de feminicidio y homicidio doloso de mujeres en comparaci\u00f3n con 2021. Los porcentajes anteriores muestran que\u2026","rel":"","context":"En &quot;CINTILLO&quot;","block_context":{"text":"CINTILLO","link":"https:\/\/www.grieta.org.mx\/index.php\/category\/cintillo\/"},"img":{"alt_text":"","src":"https:\/\/i0.wp.com\/www.grieta.org.mx\/wp-content\/uploads\/2023\/02\/Indira-Feminista.jpeg?resize=350%2C200&ssl=1","width":350,"height":200,"srcset":"https:\/\/i0.wp.com\/www.grieta.org.mx\/wp-content\/uploads\/2023\/02\/Indira-Feminista.jpeg?resize=350%2C200&ssl=1 1x, https:\/\/i0.wp.com\/www.grieta.org.mx\/wp-content\/uploads\/2023\/02\/Indira-Feminista.jpeg?resize=525%2C300&ssl=1 1.5x"},"classes":[]},{"id":43795,"url":"https:\/\/www.grieta.org.mx\/index.php\/2020\/01\/30\/homicidio-de-mujeres-en-colima-alcanza-el-nivel-de-epidemia-segun-oms\/","url_meta":{"origin":64051,"position":4},"title":"Homicidio de mujeres en Colima alcanza el nivel de epidemia, seg\u00fan OMS","author":"grieta","date":"30 enero, 2020","format":false,"excerpt":"Foto. Diario Avanzada Heidi de Le\u00f3n Guti\u00e9rrez \/ Diario Avanzada Colima, M\u00e9xico, Avanzada (30\/01\/2020).- Colima es el estado donde m\u00e1s asesinan mujeres por cada 100 mil habitantes en el pa\u00eds, seguido de Baja California, Chihuahua y Quintana Roo. Las cifras de homicidios contra mujeres, permiten deducir que la entidad padece\u2026","rel":"","context":"En &quot;CINTILLO&quot;","block_context":{"text":"CINTILLO","link":"https:\/\/www.grieta.org.mx\/index.php\/category\/cintillo\/"},"img":{"alt_text":"","src":"https:\/\/i0.wp.com\/www.grieta.org.mx\/wp-content\/uploads\/2020\/02\/Feminicidios.jpg?resize=350%2C200&ssl=1","width":350,"height":200,"srcset":"https:\/\/i0.wp.com\/www.grieta.org.mx\/wp-content\/uploads\/2020\/02\/Feminicidios.jpg?resize=350%2C200&ssl=1 1x, https:\/\/i0.wp.com\/www.grieta.org.mx\/wp-content\/uploads\/2020\/02\/Feminicidios.jpg?resize=525%2C300&ssl=1 1.5x, https:\/\/i0.wp.com\/www.grieta.org.mx\/wp-content\/uploads\/2020\/02\/Feminicidios.jpg?resize=700%2C400&ssl=1 2x"},"classes":[]},{"id":54765,"url":"https:\/\/www.grieta.org.mx\/index.php\/2020\/11\/03\/feminicidio-incremento-100-en-colima\/","url_meta":{"origin":64051,"position":5},"title":"Feminicidio increment\u00f3 100% en Colima","author":"grieta","date":"3 noviembre, 2020","format":false,"excerpt":"Imagen: Diario Avanzada Heidi de Le\u00f3n Guti\u00e9rrez \/ Diario Avanzada Colima, M\u00e9xico, Avanzada (03\/11\/2020).- Durante los primeros nueve meses de este a\u00f1o, el feminicidio en la entidad aument\u00f3 en un 100 por ciento, en comparaci\u00f3n con el mismo periodo, pero de 2019. Adem\u00e1s, la entidad tiene la tasa m\u00e1s alta\u2026","rel":"","context":"En &quot;CINTILLO&quot;","block_context":{"text":"CINTILLO","link":"https:\/\/www.grieta.org.mx\/index.php\/category\/cintillo\/"},"img":{"alt_text":"","src":"https:\/\/i0.wp.com\/www.grieta.org.mx\/wp-content\/uploads\/2020\/11\/image-48.png?resize=350%2C200&ssl=1","width":350,"height":200},"classes":[]}],"_links":{"self":[{"href":"https:\/\/www.grieta.org.mx\/index.php\/wp-json\/wp\/v2\/posts\/64051","targetHints":{"allow":["GET"]}}],"collection":[{"href":"https:\/\/www.grieta.org.mx\/index.php\/wp-json\/wp\/v2\/posts"}],"about":[{"href":"https:\/\/www.grieta.org.mx\/index.php\/wp-json\/wp\/v2\/types\/post"}],"author":[{"embeddable":true,"href":"https:\/\/www.grieta.org.mx\/index.php\/wp-json\/wp\/v2\/users\/2"}],"replies":[{"embeddable":true,"href":"https:\/\/www.grieta.org.mx\/index.php\/wp-json\/wp\/v2\/comments?post=64051"}],"version-history":[{"count":1,"href":"https:\/\/www.grieta.org.mx\/index.php\/wp-json\/wp\/v2\/posts\/64051\/revisions"}],"predecessor-version":[{"id":64054,"href":"https:\/\/www.grieta.org.mx\/index.php\/wp-json\/wp\/v2\/posts\/64051\/revisions\/64054"}],"wp:featuredmedia":[{"embeddable":true,"href":"https:\/\/www.grieta.org.mx\/index.php\/wp-json\/wp\/v2\/media\/64052"}],"wp:attachment":[{"href":"https:\/\/www.grieta.org.mx\/index.php\/wp-json\/wp\/v2\/media?parent=64051"}],"wp:term":[{"taxonomy":"category","embeddable":true,"href":"https:\/\/www.grieta.org.mx\/index.php\/wp-json\/wp\/v2\/categories?post=64051"},{"taxonomy":"post_tag","embeddable":true,"href":"https:\/\/www.grieta.org.mx\/index.php\/wp-json\/wp\/v2\/tags?post=64051"}],"curies":[{"name":"wp","href":"https:\/\/api.w.org\/{rel}","templated":true}]}}