{"id":64049,"date":"2022-04-09T05:24:40","date_gmt":"2022-04-09T10:24:40","guid":{"rendered":"https:\/\/www.grieta.org.mx\/?p=64049"},"modified":"2022-04-26T06:03:09","modified_gmt":"2022-04-26T11:03:09","slug":"el-tren-maya-controvertido-megaproyecto-en-mexico-con-adn-canadiense","status":"publish","type":"post","link":"https:\/\/www.grieta.org.mx\/index.php\/2022\/04\/09\/el-tren-maya-controvertido-megaproyecto-en-mexico-con-adn-canadiense\/","title":{"rendered":"El Tren Maya, controvertido megaproyecto en M\u00e9xico con ADN canadiense"},"content":{"rendered":"<p>Paloma Mart\u00ednez M\u00e9ndez \/ Radio Canada<\/p>\n<blockquote><p>El gobierno mexicano apuesta por los beneficios de este proyecto ferroviario, liderado por el consorcio Bombardier-Alstom. Pero el descontento es grande.<\/p><\/blockquote>\n<p>En junio del 2021, el consorcio formado por Alstom-Bombardier en M\u00e9xico anunci\u00f3 tener a su cargo la entrega del Tren Maya. <\/p>\n<p>Este proyecto ferroviario de gran envergadura, impulsado por el presidente Andr\u00e9s Manuel L\u00f3pez Obrador, cubrir\u00e1 una distancia de m\u00e1s de 1.500 km y pasar\u00e1 por los estados mexicanos de Chiapas, Tabasco, Campeche, Yucat\u00e1n y Quintana Roo. <\/p>\n<p>Se dividir\u00e1 en siete tramos y dar\u00e1 servicio a unos 7 millones de personas, adem\u00e1s de a los turistas, a trav\u00e9s de decenas de estaciones a lo largo de su recorrido.<\/p>\n<p><img loading=\"lazy\" decoding=\"async\" data-attachment-id=\"64075\" data-permalink=\"https:\/\/www.grieta.org.mx\/index.php\/2022\/04\/09\/el-tren-maya-controvertido-megaproyecto-en-mexico-con-adn-canadiense\/letrain\/\" data-orig-file=\"https:\/\/www.grieta.org.mx\/wp-content\/uploads\/2022\/04\/LeTrain-e1650967987199.png\" data-orig-size=\"800,758\" data-comments-opened=\"0\" data-image-meta=\"{&quot;aperture&quot;:&quot;0&quot;,&quot;credit&quot;:&quot;&quot;,&quot;camera&quot;:&quot;&quot;,&quot;caption&quot;:&quot;&quot;,&quot;created_timestamp&quot;:&quot;0&quot;,&quot;copyright&quot;:&quot;&quot;,&quot;focal_length&quot;:&quot;0&quot;,&quot;iso&quot;:&quot;0&quot;,&quot;shutter_speed&quot;:&quot;0&quot;,&quot;title&quot;:&quot;&quot;,&quot;orientation&quot;:&quot;0&quot;}\" data-image-title=\"LeTrain\" data-image-description=\"\" data-image-caption=\"\" data-medium-file=\"https:\/\/www.grieta.org.mx\/wp-content\/uploads\/2022\/04\/LeTrain-300x284.png\" data-large-file=\"https:\/\/www.grieta.org.mx\/wp-content\/uploads\/2022\/04\/LeTrain-e1650967987199.png\" src=\"http:\/\/www.grieta.org.mx\/wp-content\/uploads\/2022\/04\/LeTrain-e1650967987199.png\" alt=\"\" width=\"800\" height=\"758\" class=\"alignnone size-full wp-image-64075\" \/><\/p>\n<p>Seg\u00fan el gobierno de M\u00e9xico, el denominado Tren Maya, est\u00e1 pensado para &#8220;mejorar la calidad de vida de las personas, cuidar el ambiente y detonar el desarrollo sustentable.&#8221; <\/p>\n<p>No todos est\u00e1n de acuerdo con esta afirmaci\u00f3n. <\/p>\n<p>Pedro Uc Be, miembro de la Asamblea de Defensores del Territorio Maya, M\u00fauch&#8217; X\u00edinbal, lleva a\u00f1os luchando contra la llegada del tren maya. Este proyecto, seg\u00fan \u00e9l, ni es un tren, ni es maya. <\/p>\n<p>    &#8220;No es un tren, porque no es una v\u00eda por la que pasen unos cuantos vagones, sino un proyecto de reordenaci\u00f3n territorial que pretende convertir la Pen\u00ednsula de Yucat\u00e1n en un corredor industrial. [&#8230;] Y no es maya porque no est\u00e1 pensado para o por los pueblos ind\u00edgenas, y mucho menos para responder concretamente a las necesidades que tenemos aqu\u00ed.&#8221;<\/p>\n<p><img loading=\"lazy\" decoding=\"async\" data-attachment-id=\"64076\" data-permalink=\"https:\/\/www.grieta.org.mx\/index.php\/2022\/04\/09\/el-tren-maya-controvertido-megaproyecto-en-mexico-con-adn-canadiense\/pedro\/\" data-orig-file=\"https:\/\/www.grieta.org.mx\/wp-content\/uploads\/2022\/04\/Pedro-e1650968168978.png\" data-orig-size=\"800,438\" data-comments-opened=\"0\" data-image-meta=\"{&quot;aperture&quot;:&quot;0&quot;,&quot;credit&quot;:&quot;&quot;,&quot;camera&quot;:&quot;&quot;,&quot;caption&quot;:&quot;&quot;,&quot;created_timestamp&quot;:&quot;0&quot;,&quot;copyright&quot;:&quot;&quot;,&quot;focal_length&quot;:&quot;0&quot;,&quot;iso&quot;:&quot;0&quot;,&quot;shutter_speed&quot;:&quot;0&quot;,&quot;title&quot;:&quot;&quot;,&quot;orientation&quot;:&quot;0&quot;}\" data-image-title=\"Pedro\" data-image-description=\"\" data-image-caption=\"\" data-medium-file=\"https:\/\/www.grieta.org.mx\/wp-content\/uploads\/2022\/04\/Pedro-300x164.png\" data-large-file=\"https:\/\/www.grieta.org.mx\/wp-content\/uploads\/2022\/04\/Pedro-e1650968168978.png\" src=\"http:\/\/www.grieta.org.mx\/wp-content\/uploads\/2022\/04\/Pedro-e1650968168978.png\" alt=\"\" width=\"800\" height=\"438\" class=\"alignnone size-full wp-image-64076\" \/><br \/>\nPedro Uc Be, escritor, fil\u00f3sofo y defensor del territorio maya en Yucat\u00e1n, oriundo del municipio de Buctzotz.<br \/>\nFoto: RCI \/ Paloma Mart\u00ednez M\u00e9ndez<\/p>\n<p>El activista explica que el &#8220;Tren Maya&#8221; estar\u00e1 vinculado al otro gran proyecto del actual gobierno mexicano, el corredor interoce\u00e1nico del Istmo de Tehuantepec. <\/p>\n<p>Este \u00faltimo, seg\u00fan Uc Be, pretende transportar mercanc\u00edas entre el Oc\u00e9ano Pac\u00edfico y el Golfo de M\u00e9xico. <\/p>\n<p>Adem\u00e1s, seg\u00fan Pedro Uc Be, a dos a\u00f1os de iniciada la construcci\u00f3n de la ruta del tren, ninguna de las comunidades de la Pen\u00ednsula de Yucat\u00e1n afectadas directa o indirectamente por ella se est\u00e1 beneficiando. <\/p>\n<p>    &#8220;El tan cacareado empleo que el gobierno anunci\u00f3 con bombo y platillo no se ha cumplido, como tampoco la salud, ni la vivienda, y mucho menos la educaci\u00f3n.&#8221;<\/p>\n<p>M\u00e1s bien son las empresas que participan en la construcci\u00f3n del tren las que se benefician, dice. &#8220;Algunos de ellos han duplicado, triplicado y cuadruplicado su patrimonio en s\u00f3lo un a\u00f1o&#8221;, dice Uc Be. <\/p>\n<p>Pedro Uc Be y la M\u00fauch&#8217; X\u00edinbal no est\u00e1n solos en su lucha. Varios grupos de la sociedad civil y cient\u00edficos est\u00e1n cuestionando todo el proyecto. <\/p>\n<p>El 31 de marzo, cient\u00edficos y acad\u00e9micos del Instituto de Ecolog\u00eda, el Instituto de Econom\u00eda y el Instituto de Biolog\u00eda de la Universidad Nacional Aut\u00f3noma de M\u00e9xico (UNAM) y el Centro Mexicano de Derecho Ambiental (CEMDA) alertaron sobre los graves impactos ambientales, sociales y econ\u00f3micos del proyecto ferroviario. <\/p>\n<p><img loading=\"lazy\" decoding=\"async\" data-attachment-id=\"64077\" data-permalink=\"https:\/\/www.grieta.org.mx\/index.php\/2022\/04\/09\/el-tren-maya-controvertido-megaproyecto-en-mexico-con-adn-canadiense\/desmilitants\/\" data-orig-file=\"https:\/\/www.grieta.org.mx\/wp-content\/uploads\/2022\/04\/DesMilitants-e1650969902528.png\" data-orig-size=\"800,441\" data-comments-opened=\"0\" data-image-meta=\"{&quot;aperture&quot;:&quot;0&quot;,&quot;credit&quot;:&quot;&quot;,&quot;camera&quot;:&quot;&quot;,&quot;caption&quot;:&quot;&quot;,&quot;created_timestamp&quot;:&quot;0&quot;,&quot;copyright&quot;:&quot;&quot;,&quot;focal_length&quot;:&quot;0&quot;,&quot;iso&quot;:&quot;0&quot;,&quot;shutter_speed&quot;:&quot;0&quot;,&quot;title&quot;:&quot;&quot;,&quot;orientation&quot;:&quot;0&quot;}\" data-image-title=\"DesMilitants\" data-image-description=\"\" data-image-caption=\"\" data-medium-file=\"https:\/\/www.grieta.org.mx\/wp-content\/uploads\/2022\/04\/DesMilitants-300x165.png\" data-large-file=\"https:\/\/www.grieta.org.mx\/wp-content\/uploads\/2022\/04\/DesMilitants-e1650969902528.png\" src=\"http:\/\/www.grieta.org.mx\/wp-content\/uploads\/2022\/04\/DesMilitants-e1650969902528.png\" alt=\"\" width=\"800\" height=\"441\" class=\"alignnone size-full wp-image-64077\" \/><br \/>\nDes militants de Greenpeace Mexique ont d\u00e9ploy\u00e9 une banni\u00e8re portant le message Prot\u00e9gez la jungle maya, pour protester contre la construction du chemin de fer, le 28 mars 2022.<br \/>\nFoto: Greenpeace Mexico \/ \/ Paola Chiomante<\/p>\n<p>Greenpeace tambi\u00e9n lanz\u00f3 una petici\u00f3n en la que afirma que si el proyecto sigue adelante sin tener en cuenta los impactos ambientales, \u201cse perder\u00e1 la riqueza natural que ha hecho de M\u00e9xico uno de los pa\u00edses m\u00e1s bellos. <\/p>\n<p>Especies como el jaguar, s\u00edmbolo del patrimonio cultural maya, se ver\u00e1n privadas de su \u00fanico h\u00e1bitat\u201d, escribi\u00f3 el grupo medioambiental. <\/p>\n<p>El ADN canadiense<\/p>\n<p><img loading=\"lazy\" decoding=\"async\" data-attachment-id=\"64078\" data-permalink=\"https:\/\/www.grieta.org.mx\/index.php\/2022\/04\/09\/el-tren-maya-controvertido-megaproyecto-en-mexico-con-adn-canadiense\/tous\/\" data-orig-file=\"https:\/\/www.grieta.org.mx\/wp-content\/uploads\/2022\/04\/Tous-e1650970030678.png\" data-orig-size=\"800,425\" data-comments-opened=\"0\" data-image-meta=\"{&quot;aperture&quot;:&quot;0&quot;,&quot;credit&quot;:&quot;&quot;,&quot;camera&quot;:&quot;&quot;,&quot;caption&quot;:&quot;&quot;,&quot;created_timestamp&quot;:&quot;0&quot;,&quot;copyright&quot;:&quot;&quot;,&quot;focal_length&quot;:&quot;0&quot;,&quot;iso&quot;:&quot;0&quot;,&quot;shutter_speed&quot;:&quot;0&quot;,&quot;title&quot;:&quot;&quot;,&quot;orientation&quot;:&quot;0&quot;}\" data-image-title=\"Tous\" data-image-description=\"\" data-image-caption=\"\" data-medium-file=\"https:\/\/www.grieta.org.mx\/wp-content\/uploads\/2022\/04\/Tous-300x159.png\" data-large-file=\"https:\/\/www.grieta.org.mx\/wp-content\/uploads\/2022\/04\/Tous-e1650970030678.png\" src=\"http:\/\/www.grieta.org.mx\/wp-content\/uploads\/2022\/04\/Tous-e1650970030678.png\" alt=\"\" width=\"800\" height=\"425\" class=\"alignnone size-full wp-image-64078\" \/><br \/>\n     Foto: Toutes les photos : \u00a9 Tren Maya \/ Consortium Alstom-Bombardier<\/p>\n<p>El contrato ganado el 9 de junio de 2021 por el consorcio franco-canadiense y otras peque\u00f1as empresas incluye el dise\u00f1o, la fabricaci\u00f3n y la puesta en marcha de 42 trenes X&#8217;trapolis, as\u00ed como el dise\u00f1o, la fabricaci\u00f3n y la instalaci\u00f3n de la tecnolog\u00eda del sistema de se\u00f1alizaci\u00f3n, incluyendo la gesti\u00f3n del tr\u00e1fico y las telecomunicaciones. <\/p>\n<p>Tambi\u00e9n est\u00e1 prevista la construcci\u00f3n de talleres de mantenimiento y la puesta en marcha de un servicio posventa para diversos equipos.<\/p>\n<p>Bombardier y Alstom tienen una larga historia en M\u00e9xico. En 1992, la empresa canadiense adquiri\u00f3 la empresa p\u00fablica mexicana Constructora Nacional de Carros de Ferrocarril. <\/p>\n<p>En ese momento, la empresa era el mayor fabricante de material ferroviario de M\u00e9xico. <\/p>\n<p><img loading=\"lazy\" decoding=\"async\" data-attachment-id=\"64079\" data-permalink=\"https:\/\/www.grieta.org.mx\/index.php\/2022\/04\/09\/el-tren-maya-controvertido-megaproyecto-en-mexico-con-adn-canadiense\/deux\/\" data-orig-file=\"https:\/\/www.grieta.org.mx\/wp-content\/uploads\/2022\/04\/Deux-e1650970191158.png\" data-orig-size=\"800,442\" data-comments-opened=\"0\" data-image-meta=\"{&quot;aperture&quot;:&quot;0&quot;,&quot;credit&quot;:&quot;&quot;,&quot;camera&quot;:&quot;&quot;,&quot;caption&quot;:&quot;&quot;,&quot;created_timestamp&quot;:&quot;0&quot;,&quot;copyright&quot;:&quot;&quot;,&quot;focal_length&quot;:&quot;0&quot;,&quot;iso&quot;:&quot;0&quot;,&quot;shutter_speed&quot;:&quot;0&quot;,&quot;title&quot;:&quot;&quot;,&quot;orientation&quot;:&quot;0&quot;}\" data-image-title=\"Deux\" data-image-description=\"\" data-image-caption=\"\" data-medium-file=\"https:\/\/www.grieta.org.mx\/wp-content\/uploads\/2022\/04\/Deux-300x166.png\" data-large-file=\"https:\/\/www.grieta.org.mx\/wp-content\/uploads\/2022\/04\/Deux-e1650970191158.png\" src=\"http:\/\/www.grieta.org.mx\/wp-content\/uploads\/2022\/04\/Deux-e1650970191158.png\" alt=\"\" width=\"800\" height=\"442\" class=\"alignnone size-full wp-image-64079\" \/><br \/>\nDeux des principaux mod\u00e8les de trains construits par Bombardier (en 1982 et 2002) pour le m\u00e9tro de Mexico.<br \/>\nFoto: Sistema de transporte colectivo Metro de la Ville de Mexico.<\/p>\n<p>Bombardier construy\u00f3 los vagones del metro de Ciudad de M\u00e9xico y los trenes ligeros de Guadalajara, Monterrey y el distrito de Xochimilco de Ciudad de M\u00e9xico.<\/p>\n<p>La divisi\u00f3n tambi\u00e9n suministr\u00f3 vagones para el metro de Santiago en Chile y 200 vagones de carga para Venezuela.<br \/>\nUna oportunidad para hacer bien las cosas <\/p>\n<p>Para el subsecretario de Comunicaciones y Transportes de M\u00e9xico, Rogelio Jim\u00e9nez Pons, el Tren Maya forma parte de una serie de inversiones en infraestructura del actual gobierno que son &#8220;muy importantes y tienen caracter\u00edsticas positivas&#8221;. <\/p>\n<p>    &#8220;[El tren] sustituir\u00e1 a muchos de los camiones que actualmente circulan por la regi\u00f3n, lo que tiene un efecto muy importante en el medio ambiente. Tiene un factor social, porque integra a algunas comunidades en diferentes aspectos del proyecto. &#8221;<\/p>\n<p>Gracias a este proyecto, se desarrollar\u00e1n nuevas poblaciones y servicios en torno a las estaciones y se contribuir\u00e1 a &#8220;estructurar una regi\u00f3n que estaba abandonada&#8221;, afirma. <\/p>\n<p><img loading=\"lazy\" decoding=\"async\" data-attachment-id=\"64080\" data-permalink=\"https:\/\/www.grieta.org.mx\/index.php\/2022\/04\/09\/el-tren-maya-controvertido-megaproyecto-en-mexico-con-adn-canadiense\/jimenez\/\" data-orig-file=\"https:\/\/www.grieta.org.mx\/wp-content\/uploads\/2022\/04\/Jimenez.png\" data-orig-size=\"796,516\" data-comments-opened=\"0\" data-image-meta=\"{&quot;aperture&quot;:&quot;0&quot;,&quot;credit&quot;:&quot;&quot;,&quot;camera&quot;:&quot;&quot;,&quot;caption&quot;:&quot;&quot;,&quot;created_timestamp&quot;:&quot;0&quot;,&quot;copyright&quot;:&quot;&quot;,&quot;focal_length&quot;:&quot;0&quot;,&quot;iso&quot;:&quot;0&quot;,&quot;shutter_speed&quot;:&quot;0&quot;,&quot;title&quot;:&quot;&quot;,&quot;orientation&quot;:&quot;0&quot;}\" data-image-title=\"Jimenez\" data-image-description=\"\" data-image-caption=\"\" data-medium-file=\"https:\/\/www.grieta.org.mx\/wp-content\/uploads\/2022\/04\/Jimenez-300x194.png\" data-large-file=\"https:\/\/www.grieta.org.mx\/wp-content\/uploads\/2022\/04\/Jimenez.png\" src=\"http:\/\/www.grieta.org.mx\/wp-content\/uploads\/2022\/04\/Jimenez.png\" alt=\"\" width=\"796\" height=\"516\" class=\"alignnone size-full wp-image-64080\" srcset=\"https:\/\/www.grieta.org.mx\/wp-content\/uploads\/2022\/04\/Jimenez.png 796w, https:\/\/www.grieta.org.mx\/wp-content\/uploads\/2022\/04\/Jimenez-300x194.png 300w, https:\/\/www.grieta.org.mx\/wp-content\/uploads\/2022\/04\/Jimenez-768x498.png 768w\" sizes=\"auto, (max-width: 796px) 100vw, 796px\" \/><br \/>\nRogelio Jim\u00e9nez Pons, sous-secr\u00e9taire aux communications et aux transports du Mexique.<br \/>\nFoto: RCI \/ Paloma Mart\u00ednez M\u00e9ndez<\/p>\n<p>Para Jim\u00e9nez Pons, quien antes de su actual cargo fue director del Fondo Nacional de Fomento al Turismo (Fonatur), organismo gubernamental responsable del Tren Maya, lo que propone este megaproyecto es un ant\u00eddoto contra el desorden territorial donde reina el caos urbano y suele infiltrarse el crimen organizado. M\u00e9xico no quiere revivir la experiencia de Acapulco, argumenta Rogelio Jim\u00e9nez Pons, con cuyo &#8220;para\u00edso&#8221; se crearon desigualdades sociales y no se atendi\u00f3 a tiempo.<\/p>\n<p>    &#8220;All\u00ed se invirti\u00f3 en la industria de la zona costera, pero el interior qued\u00f3 completamente abandonado. As\u00ed se generan contrastes y condiciones de escaso desarrollo social que dan paso a la desigualdad y la delincuencia. Esto es lo que hemos heredado de los \u00faltimos veinte a\u00f1os de abandono de los problemas.&#8221;<\/p>\n<p>El arquitecto Jim\u00e9nez Pons dice estar consciente de la magnitud de un megaproyecto de transporte como el Tren Maya y admite que su principal reto es conseguir que las comunidades sepan c\u00f3mo aprovecharlo y que entiendan lo que se les propone. <\/p>\n<p>Explicar el proyecto y aprovechar el impulso del tren<\/p>\n<p><img loading=\"lazy\" decoding=\"async\" data-attachment-id=\"64081\" data-permalink=\"https:\/\/www.grieta.org.mx\/index.php\/2022\/04\/09\/el-tren-maya-controvertido-megaproyecto-en-mexico-con-adn-canadiense\/l-4\/\" data-orig-file=\"https:\/\/www.grieta.org.mx\/wp-content\/uploads\/2022\/04\/L.png\" data-orig-size=\"726,486\" data-comments-opened=\"0\" data-image-meta=\"{&quot;aperture&quot;:&quot;0&quot;,&quot;credit&quot;:&quot;&quot;,&quot;camera&quot;:&quot;&quot;,&quot;caption&quot;:&quot;&quot;,&quot;created_timestamp&quot;:&quot;0&quot;,&quot;copyright&quot;:&quot;&quot;,&quot;focal_length&quot;:&quot;0&quot;,&quot;iso&quot;:&quot;0&quot;,&quot;shutter_speed&quot;:&quot;0&quot;,&quot;title&quot;:&quot;&quot;,&quot;orientation&quot;:&quot;0&quot;}\" data-image-title=\"L\" data-image-description=\"\" data-image-caption=\"\" data-medium-file=\"https:\/\/www.grieta.org.mx\/wp-content\/uploads\/2022\/04\/L-300x201.png\" data-large-file=\"https:\/\/www.grieta.org.mx\/wp-content\/uploads\/2022\/04\/L.png\" src=\"http:\/\/www.grieta.org.mx\/wp-content\/uploads\/2022\/04\/L.png\" alt=\"\" width=\"726\" height=\"486\" class=\"alignnone size-full wp-image-64081\" srcset=\"https:\/\/www.grieta.org.mx\/wp-content\/uploads\/2022\/04\/L.png 726w, https:\/\/www.grieta.org.mx\/wp-content\/uploads\/2022\/04\/L-300x201.png 300w\" sizes=\"auto, (max-width: 726px) 100vw, 726px\" \/><br \/>\nDurante tres a\u00f1os, Lilia Gonz\u00e1lez Moreno trabaj\u00f3 para el Tren Maya, encarg\u00e1ndose de explicar sus pormenores a muchas de las comunidades afectadas. Foto: Radio Canad\u00e1 Internacional (RCI) \/ Rosa Esther Aguilar Mac\u00edas<\/p>\n<p>Esta especialista en desarrollo comunitario en la regi\u00f3n de la Pen\u00ednsula de Yucat\u00e1n estuvo a cargo de la vinculaci\u00f3n territorial del Tren Maya en Quintana Roo, particularmente en el tramo seis del tren, que va de Tulum a Bacalar.<\/p>\n<p>Gonz\u00e1lez sabe que se trata de un proyecto complejo desde el punto de vista de la diversidad territorial: 1.500 kil\u00f3metros, cinco estados mexicanos, zonas urbanas, rurales, arqueol\u00f3gicas y biol\u00f3gicas muy dispares. Tambi\u00e9n es compleja en t\u00e9rminos de diversidad social: 7,5 millones de habitantes con la renta per c\u00e1pita m\u00e1s baja del pa\u00eds, de los cuales casi un mill\u00f3n pertenecen a la naci\u00f3n maya. <\/p>\n<p>Por eso, seg\u00fan Lilia Gonz\u00e1lez, explicar el tren y sus beneficios ha supuesto una serie de retos para su equipo. Sin embargo, el proceso tuvo algunos aspectos fascinantes y \u00fanicos, dice.<\/p>\n<p>    &#8220;Si no era un reto medioambiental, era arqueol\u00f3gico. Si no era arqueol\u00f3gico, era de la propiedad del terreno o t\u00e9cnico, y en el peor de los casos eran todos esos retos juntos. Pero formar parte de este mecanismo de articulaci\u00f3n del conocimiento comunitario, de la biodiversidad territorial, y poder llevarlo a una mesa en la que se tomaban decisiones importantes sobre el destino del Sureste mexicano, fue lo que me dio la mayor satisfacci\u00f3n.&#8221;<\/p>\n<p>En la actualidad, Lilia Gonz\u00e1lez dirige Kanch\u00e9, una asociaci\u00f3n civil especializada en el desarrollo sostenible de las comunidades rurales. <\/p>\n<p>La m\u00e1ster y doctora en Estudios sobre Paz, Conflictos y Desarrollo explica que algo que le gustaba decir a las comunidades afectadas por el tren era que hab\u00eda dos posibilidades: una, que el tren les pasara por encima, y otra, que se unieran al equipo para desarrollar herramientas de gobernanza que les permitieran beneficiarse del impulso del tren.<\/p>\n<p>No hay beneficio, s\u00f3lo despojo<\/p>\n<p><img loading=\"lazy\" decoding=\"async\" data-attachment-id=\"64082\" data-permalink=\"https:\/\/www.grieta.org.mx\/index.php\/2022\/04\/09\/el-tren-maya-controvertido-megaproyecto-en-mexico-con-adn-canadiense\/despojo-2\/\" data-orig-file=\"https:\/\/www.grieta.org.mx\/wp-content\/uploads\/2022\/04\/Despojo-e1650970640521.png\" data-orig-size=\"800,448\" data-comments-opened=\"0\" data-image-meta=\"{&quot;aperture&quot;:&quot;0&quot;,&quot;credit&quot;:&quot;&quot;,&quot;camera&quot;:&quot;&quot;,&quot;caption&quot;:&quot;&quot;,&quot;created_timestamp&quot;:&quot;0&quot;,&quot;copyright&quot;:&quot;&quot;,&quot;focal_length&quot;:&quot;0&quot;,&quot;iso&quot;:&quot;0&quot;,&quot;shutter_speed&quot;:&quot;0&quot;,&quot;title&quot;:&quot;&quot;,&quot;orientation&quot;:&quot;0&quot;}\" data-image-title=\"Despojo\" data-image-description=\"\" data-image-caption=\"\" data-medium-file=\"https:\/\/www.grieta.org.mx\/wp-content\/uploads\/2022\/04\/Despojo-300x168.png\" data-large-file=\"https:\/\/www.grieta.org.mx\/wp-content\/uploads\/2022\/04\/Despojo-e1650970640521.png\" src=\"http:\/\/www.grieta.org.mx\/wp-content\/uploads\/2022\/04\/Despojo-e1650970640521.png\" alt=\"\" width=\"800\" height=\"448\" class=\"alignnone size-full wp-image-64082\" \/><br \/>\nUna vivienda en proceso de ser demolida en el pueblo de Kimbil\u00e1, Yucat\u00e1n para dar paso a la ruta por la que pasar\u00e1 el Tren Maya, que se ve al fondo de la imagen. Foto: RCI \/ Paloma Mart\u00ednez M\u00e9ndez<\/p>\n<p>Para Pedro Uc Be, no es posible aprovechar el impulso del tren. <\/p>\n<p>El activista, cuya vida ha sido amenazada en varias ocasiones por oponerse al monocultivo de soya, por vociferar su apoyo a los apicultores y por combatir a las empresas porcinas que contaminan la tierra y el agua de la regi\u00f3n, no ve m\u00e1s que &#8220;el c\u00edrculo de despojo&#8221; que se cierra. <\/p>\n<p>    &#8220;Los que cultivan soja o cr\u00edan cerdos pueden ahora transportar y vender sus productos en tren. Los propietarios de un parque e\u00f3lico o solar pueden vender electricidad a los hoteleros. La empresa tur\u00edstica dispondr\u00e1 de un tren para trasladar a sus turistas. Por eso digo que no se trata de poner v\u00edas, sino de un paquete de despojo a trav\u00e9s de estos diferentes proyectos que han venido a ocupar nuestra pen\u00ednsula, una parte del pa\u00eds que a\u00fan preservada. &#8221;<\/p>\n<p>Lilia Gonz\u00e1lez rescata por su parte que a pesar de todo lo complejo del proyecto y las particularidades humanas que le son intr\u00ednsecas, ya era tiempo de que esa regi\u00f3n mexicana fuera atendida. Sin embargo, admite que el mayor reto es el tiempo.<\/p>\n<p>    &#8220;Es dif\u00edcil pensar que el tren debe ser terminado en un sexenio. Y si a eso le sumas el n\u00famero de kil\u00f3metros y la diversidad del escenario, resulta complejo. Pero M\u00e9xico es conocido por ser creativo y por encontrar soluciones. Las instituciones ya est\u00e1n ah\u00ed. Con este tren, est\u00e1n forzando a que se completen los procesos inacabados. Y ah\u00ed es donde veo que progresa el Sureste mexicano, con independencia. &#8221;<\/p>\n<p>La independencia es precisamente lo que defienden Pedro Uc Be y la organizaci\u00f3n que representa. <\/p>\n<p>La asamblea M\u00fauch&#8217; X\u00edinbal, que en lengua maya significa &#8220;caminamos juntos&#8221;, est\u00e1 luchando en los tribunales contra el gobierno mexicano.<\/p>\n<p>    &#8220;[Y juntos] defendemos la idea de que la tierra no se vende ni se alquila. Somos independientes y no estamos dispuestos a entrar en ning\u00fan tipo de acuerdo o di\u00e1logo con los partidos pol\u00edticos ni a recibir dinero de los donantes que suelen dar a las ONG. Somos las comunidades directamente afectadas y defendemos nuestro territorio.&#8221;<\/p>\n<p><a href=\"https:\/\/ici.radio-canada.ca\/rci\/es\/noticia\/1874872\/-reportaje-el-tren-maya-controvertido-megaproyecto-en-mexico-con-adn-canadiense\" rel=\"noopener\" target=\"_blank\">https:\/\/ici.radio-canada.ca\/rci\/es\/noticia\/1874872\/-reportaje-el-tren-maya-controvertido-megaproyecto-en-mexico-con-adn-canadiense<\/a><\/p>\n","protected":false},"excerpt":{"rendered":"<p>Paloma Mart\u00ednez M\u00e9ndez \/ Radio Canada El gobierno mexicano apuesta por los beneficios de este proyecto ferroviario, liderado por el consorcio Bombardier-Alstom. Pero el descontento es grande. En junio del &hellip; <a href=\"https:\/\/www.grieta.org.mx\/index.php\/2022\/04\/09\/el-tren-maya-controvertido-megaproyecto-en-mexico-con-adn-canadiense\/\" class=\"more-link\">Leer m\u00e1s<\/a><\/p>\n","protected":false},"author":2,"featured_media":64050,"comment_status":"closed","ping_status":"closed","sticky":false,"template":"","format":"standard","meta":{"ngg_post_thumbnail":0,"_jetpack_newsletter_access":"","_jetpack_dont_email_post_to_subs":false,"_jetpack_newsletter_tier_id":0,"_jetpack_memberships_contains_paywalled_content":false,"_jetpack_memberships_contains_paid_content":false,"footnotes":""},"categories":[11,80,3,922,926,944,952,2,28,1877,1875,1876,2026,36],"tags":[2987,1878],"class_list":["post-64049","post","type-post","status-publish","format-standard","has-post-thumbnail","hentry","category-campeche","category-cintillo","category-megaproyectos","category-megaproyectos-estados","category-mp-campeche","category-mp-quintana-roo","category-mp-yucatan","category-noticias-nacionales","category-quintana-roo","category-resistencia-al-tren-maya-en-la-peninsula-de-yucatan-campeche","category-resistencia-al-tren-maya-en-la-peninsula-de-yucatan","category-resistencia-al-tren-maya-en-la-peninsula-de-yucatan-quintana-roo","category-tren-maya","category-yucatan","tag-impacto-ecologico-por-tren-maya","tag-tren-maya","entry"],"jetpack_featured_media_url":"https:\/\/www.grieta.org.mx\/wp-content\/uploads\/2022\/04\/TrenC-e1650796652551.png","jetpack_sharing_enabled":true,"jetpack_shortlink":"https:\/\/wp.me\/p7ZJR4-gF3","jetpack_likes_enabled":false,"jetpack-related-posts":[{"id":47874,"url":"https:\/\/www.grieta.org.mx\/index.php\/2020\/04\/13\/las-vias-torcidas-del-tren-maya-video\/","url_meta":{"origin":64049,"position":0},"title":"Las v\u00edas torcidas del tren maya (Video)","author":"grieta","date":"13 abril, 2020","format":false,"excerpt":"https:\/\/www.youtube.com\/watch?v=k8FRX9eT0YY","rel":"","context":"En &quot;16. Pueblo Maya&quot;","block_context":{"text":"16. Pueblo Maya","link":"https:\/\/www.grieta.org.mx\/index.php\/category\/espejos-de-la-resistencia\/16-pueblo-maya\/"},"img":{"alt_text":"","src":"https:\/\/i0.wp.com\/www.grieta.org.mx\/wp-content\/uploads\/2020\/04\/ViasTorcidasTrenMaya.png?resize=350%2C200&ssl=1","width":350,"height":200,"srcset":"https:\/\/i0.wp.com\/www.grieta.org.mx\/wp-content\/uploads\/2020\/04\/ViasTorcidasTrenMaya.png?resize=350%2C200&ssl=1 1x, https:\/\/i0.wp.com\/www.grieta.org.mx\/wp-content\/uploads\/2020\/04\/ViasTorcidasTrenMaya.png?resize=525%2C300&ssl=1 1.5x, https:\/\/i0.wp.com\/www.grieta.org.mx\/wp-content\/uploads\/2020\/04\/ViasTorcidasTrenMaya.png?resize=700%2C400&ssl=1 2x"},"classes":[]},{"id":35945,"url":"https:\/\/www.grieta.org.mx\/index.php\/2019\/07\/05\/expansion-de-megaproyectos-en-la-peninsula-de-yucatan-video\/","url_meta":{"origin":64049,"position":1},"title":"Expansi\u00f3n de Megaproyectos en la Pen\u00ednsula de Yucat\u00e1n (Video)","author":"grieta","date":"5 julio, 2019","format":false,"excerpt":"https:\/\/youtu.be\/qLBARIAaBsI","rel":"","context":"En &quot;Campeche&quot;","block_context":{"text":"Campeche","link":"https:\/\/www.grieta.org.mx\/index.php\/category\/noticias-nacionales\/campeche\/"},"img":{"alt_text":"","src":"https:\/\/i0.wp.com\/img.youtube.com\/vi\/qLBARIAaBsI\/0.jpg?resize=350%2C200","width":350,"height":200},"classes":[]},{"id":49173,"url":"https:\/\/www.grieta.org.mx\/index.php\/2020\/05\/11\/suspenden-reubicacion-de-pobladores-de-campeche-por-el-tren-maya\/","url_meta":{"origin":64049,"position":2},"title":"Suspenden reubicaci\u00f3n de pobladores de Campeche por el Tren Maya","author":"grieta","date":"11 mayo, 2020","format":false,"excerpt":"Informe Fracto La medida es temporal y el pr\u00f3ximo 15 de junio el Juzgado Primero de Distrito de Campeche deber\u00e1 decidir si la mantiene. El proceso de reubicaci\u00f3n de pobladores de la ciudad de Campeche por el proyecto del Tren Maya ser\u00e1 suspendido durante la contingencia del COVID-19 (coronavirus), inform\u00f3\u2026","rel":"","context":"En &quot;Campeche&quot;","block_context":{"text":"Campeche","link":"https:\/\/www.grieta.org.mx\/index.php\/category\/noticias-nacionales\/campeche\/"},"img":{"alt_text":"","src":"https:\/\/i0.wp.com\/www.grieta.org.mx\/wp-content\/uploads\/2020\/05\/ruta-del-tren-maya-especial-1_0_21_677_421-e1589495660951.jpeg?resize=350%2C200&ssl=1","width":350,"height":200,"srcset":"https:\/\/i0.wp.com\/www.grieta.org.mx\/wp-content\/uploads\/2020\/05\/ruta-del-tren-maya-especial-1_0_21_677_421-e1589495660951.jpeg?resize=350%2C200&ssl=1 1x, https:\/\/i0.wp.com\/www.grieta.org.mx\/wp-content\/uploads\/2020\/05\/ruta-del-tren-maya-especial-1_0_21_677_421-e1589495660951.jpeg?resize=525%2C300&ssl=1 1.5x, https:\/\/i0.wp.com\/www.grieta.org.mx\/wp-content\/uploads\/2020\/05\/ruta-del-tren-maya-especial-1_0_21_677_421-e1589495660951.jpeg?resize=700%2C400&ssl=1 2x"},"classes":[]},{"id":45360,"url":"https:\/\/www.grieta.org.mx\/index.php\/2020\/02\/27\/no-estamos-peleando-la-suspension-provisional-del-tren-maya-sino-la-definitiva-cruz-rueda\/","url_meta":{"origin":64049,"position":3},"title":"&#8220;No estamos peleando la suspensi\u00f3n provisional del Tren Maya, sino la definitiva&#8221;: Cruz Rueda","author":"grieta","date":"27 febrero, 2020","format":false,"excerpt":"Impugnaci\u00f3n de Presidencia \"no nos quita el sue\u00f1o\" Abraham Bote \/Foto: Tomada de Twitter \/La Jornada Maya M\u00e9rida, Yucat\u00e1n Respecto a la impugnaci\u00f3n que realiz\u00f3 la Presidencia de la Rep\u00fablica y el apoderado de la Naci\u00f3n Financiera (Nafin), contra la suspensi\u00f3n provisional del proyecto de Tren Maya, la asesora jur\u00eddica\u2026","rel":"","context":"En &quot;16. Pueblo Maya&quot;","block_context":{"text":"16. Pueblo Maya","link":"https:\/\/www.grieta.org.mx\/index.php\/category\/espejos-de-la-resistencia\/16-pueblo-maya\/"},"img":{"alt_text":"","src":"https:\/\/i0.wp.com\/www.grieta.org.mx\/wp-content\/uploads\/2020\/02\/TrenMallaCampeche.png?resize=350%2C200&ssl=1","width":350,"height":200,"srcset":"https:\/\/i0.wp.com\/www.grieta.org.mx\/wp-content\/uploads\/2020\/02\/TrenMallaCampeche.png?resize=350%2C200&ssl=1 1x, https:\/\/i0.wp.com\/www.grieta.org.mx\/wp-content\/uploads\/2020\/02\/TrenMallaCampeche.png?resize=525%2C300&ssl=1 1.5x, https:\/\/i0.wp.com\/www.grieta.org.mx\/wp-content\/uploads\/2020\/02\/TrenMallaCampeche.png?resize=700%2C400&ssl=1 2x"},"classes":[]},{"id":49176,"url":"https:\/\/www.grieta.org.mx\/index.php\/2020\/05\/14\/cndh-pide-suspender-de-manera-urgente-obras-del-tren-maya\/","url_meta":{"origin":64049,"position":4},"title":"CNDH pide suspender de manera urgente obras del Tren Maya","author":"grieta","date":"14 mayo, 2020","format":false,"excerpt":"Lilia Balam \/ Informe Fracto El organismo emiti\u00f3 medidas cautelares al FONATUR para detener las actividades no esenciales relacionadas con el proyecto ferroviario, pues las obras vulnerar\u00edan los derechos de la poblaci\u00f3n. La Comisi\u00f3n Nacional de los Derechos Humanos (CNDH), solicit\u00f3 al Fondo Nacional de Fomento al Turismo (FONATUR), suspender\u2026","rel":"","context":"En &quot;Campeche&quot;","block_context":{"text":"Campeche","link":"https:\/\/www.grieta.org.mx\/index.php\/category\/noticias-nacionales\/campeche\/"},"img":{"alt_text":"","src":"https:\/\/i0.wp.com\/www.grieta.org.mx\/wp-content\/uploads\/2020\/05\/Tren_Maya_CNDH-1536x1003-e1589496540443.jpg?resize=350%2C200&ssl=1","width":350,"height":200,"srcset":"https:\/\/i0.wp.com\/www.grieta.org.mx\/wp-content\/uploads\/2020\/05\/Tren_Maya_CNDH-1536x1003-e1589496540443.jpg?resize=350%2C200&ssl=1 1x, https:\/\/i0.wp.com\/www.grieta.org.mx\/wp-content\/uploads\/2020\/05\/Tren_Maya_CNDH-1536x1003-e1589496540443.jpg?resize=525%2C300&ssl=1 1.5x, https:\/\/i0.wp.com\/www.grieta.org.mx\/wp-content\/uploads\/2020\/05\/Tren_Maya_CNDH-1536x1003-e1589496540443.jpg?resize=700%2C400&ssl=1 2x"},"classes":[]},{"id":52929,"url":"https:\/\/www.grieta.org.mx\/index.php\/2020\/08\/30\/acusan-a-amlo-de-ignorar-la-resistencia-de-los-indigenas-al-tren-maya\/","url_meta":{"origin":64049,"position":5},"title":"Acusan a AMLO de ignorar la resistencia de los ind\u00edgenas al Tren Maya","author":"grieta","date":"30 agosto, 2020","format":false,"excerpt":"Alejandro Castro \/ Sipse Los dichos de presidente contra las organizaciones civiles asumen que los mayas no \u201cpiensan por s\u00ed mismos\u201d: activistas. Los se\u00f1alamientos del presidente Andr\u00e9s Manuel L\u00f3pez Obrador en torno a una presunta conspiraci\u00f3n desde el extranjero para frenar las obras del Tren Maya; buscan invisibilizar la resistencia\u2026","rel":"","context":"En &quot;Campeche&quot;","block_context":{"text":"Campeche","link":"https:\/\/www.grieta.org.mx\/index.php\/category\/noticias-nacionales\/campeche\/"},"img":{"alt_text":"","src":"https:\/\/i0.wp.com\/www.grieta.org.mx\/wp-content\/uploads\/2020\/08\/1598829514196-e1598933649113.jpeg?resize=350%2C200&ssl=1","width":350,"height":200,"srcset":"https:\/\/i0.wp.com\/www.grieta.org.mx\/wp-content\/uploads\/2020\/08\/1598829514196-e1598933649113.jpeg?resize=350%2C200&ssl=1 1x, https:\/\/i0.wp.com\/www.grieta.org.mx\/wp-content\/uploads\/2020\/08\/1598829514196-e1598933649113.jpeg?resize=525%2C300&ssl=1 1.5x, https:\/\/i0.wp.com\/www.grieta.org.mx\/wp-content\/uploads\/2020\/08\/1598829514196-e1598933649113.jpeg?resize=700%2C400&ssl=1 2x"},"classes":[]}],"_links":{"self":[{"href":"https:\/\/www.grieta.org.mx\/index.php\/wp-json\/wp\/v2\/posts\/64049","targetHints":{"allow":["GET"]}}],"collection":[{"href":"https:\/\/www.grieta.org.mx\/index.php\/wp-json\/wp\/v2\/posts"}],"about":[{"href":"https:\/\/www.grieta.org.mx\/index.php\/wp-json\/wp\/v2\/types\/post"}],"author":[{"embeddable":true,"href":"https:\/\/www.grieta.org.mx\/index.php\/wp-json\/wp\/v2\/users\/2"}],"replies":[{"embeddable":true,"href":"https:\/\/www.grieta.org.mx\/index.php\/wp-json\/wp\/v2\/comments?post=64049"}],"version-history":[{"count":1,"href":"https:\/\/www.grieta.org.mx\/index.php\/wp-json\/wp\/v2\/posts\/64049\/revisions"}],"predecessor-version":[{"id":64083,"href":"https:\/\/www.grieta.org.mx\/index.php\/wp-json\/wp\/v2\/posts\/64049\/revisions\/64083"}],"wp:featuredmedia":[{"embeddable":true,"href":"https:\/\/www.grieta.org.mx\/index.php\/wp-json\/wp\/v2\/media\/64050"}],"wp:attachment":[{"href":"https:\/\/www.grieta.org.mx\/index.php\/wp-json\/wp\/v2\/media?parent=64049"}],"wp:term":[{"taxonomy":"category","embeddable":true,"href":"https:\/\/www.grieta.org.mx\/index.php\/wp-json\/wp\/v2\/categories?post=64049"},{"taxonomy":"post_tag","embeddable":true,"href":"https:\/\/www.grieta.org.mx\/index.php\/wp-json\/wp\/v2\/tags?post=64049"}],"curies":[{"name":"wp","href":"https:\/\/api.w.org\/{rel}","templated":true}]}}