{"id":64021,"date":"2022-04-21T05:11:29","date_gmt":"2022-04-21T10:11:29","guid":{"rendered":"https:\/\/www.grieta.org.mx\/?p=64021"},"modified":"2022-04-22T05:25:47","modified_gmt":"2022-04-22T10:25:47","slug":"cemda-denuncia-extravio-de-expedientes-judiciales-sobre-tren-maya-para-obstruir-justicia","status":"publish","type":"post","link":"https:\/\/www.grieta.org.mx\/index.php\/2022\/04\/21\/cemda-denuncia-extravio-de-expedientes-judiciales-sobre-tren-maya-para-obstruir-justicia\/","title":{"rendered":"CEMDA denuncia extrav\u00edo de expedientes judiciales sobre Tren Maya para obstruir justicia"},"content":{"rendered":"<p>Fanny Miranda \/ Milenio<\/p>\n<p>Ciudad de M\u00e9xico \/<br \/>\nEl Centro Mexicano de Derecho Ambiental (Cemda) denunci\u00f3 el extrav\u00edo de pruebas que conforman el expediente f\u00edsico y digital del caso Tren Maya, por lo que el pasado 30 de marzo present\u00f3 una queja ante el Consejo de la Judicatura Federal, en contra de quienes resulten responsables por la omisi\u00f3n de impartir justicia pronta y expedita a habitantes de comunidades de Quintana Roo, Campeche y Yucat\u00e1n, que han presentado una demanda en contra de la obra, \u201cpues han paralizado completamente el proceso judicial en contra de este proyecto\u201d.<\/p>\n<p>    \u201cA sabiendas de que esta situaci\u00f3n ya es del conocimiento del Presidente de la Suprema Corte, se hace un llamado al Consejo de la Judicatura a atender las preocupantes irregularidades que han ocurrido en este proceso judicial y a garantizar el derecho a la justicia pronta y expedita de las personas demandantes\u201d, indic\u00f3 el Cemda.<\/p>\n<p>Cabe destacar que el Consejo de la Judicatura Federal es el \u00f3rgano que vigila la disciplina y conductas de las personas funcionarias del Poder Judicial y cuyo presidente es el Ministro Arturo Zald\u00edvar.<\/p>\n<p>Asimismo, el Cemda destac\u00f3 que las conductas en que ha incurrido el Poder Judicial han perjudicado el acceso a la justicia, la funci\u00f3n jurisdiccional y los principios de profesionalismo, objetividad e imparcialidad que rigen el servicio p\u00fablico.<\/p>\n<p>El Cemda relat\u00f3 que desde el 21 de julio del 2020 se present\u00f3 la demanda en contra de las obras del \u201cTren Maya\u201d, interpuesta por ind\u00edgenas, comunidades y afectados de dichos estados, as\u00ed como de organizaciones de la sociedad civil, sin que hasta el momento el Juzgado Primero de Distrito del estado de Yucat\u00e1n la haya admitido.<\/p>\n<p>    \u201cLos Juzgados de Distrito han violado la expedici\u00f3n de justicia pronta, expedita y en un plazo razonable en t\u00e9rminos de la legislaci\u00f3n nacional y el Derecho Internacional[, al no haber ni siquiera admitido la demanda para su an\u00e1lisis a casi dos a\u00f1os de que se present\u00f3, lo cual excede por mucho un plazo razonable\u201d. <\/p>\n<p>La organizaci\u00f3n indic\u00f3 que despu\u00e9s de un largo desfile por el Juzgado D\u00e9cimo Quinto de Distrito en materia administrativa en la Ciudad de M\u00e9xico, el Juzgado Primero de Distrito en Campeche y el Juzgado Primero de Distrito en Yucat\u00e1n, este \u00faltimo se ha declarado competente para analizar los argumentos planteados en la demanda; sin embargo, ha se\u00f1alado que el expediente f\u00edsico y digital est\u00e1n incompletos. <\/p>\n<p>    \u201cEn un hecho inexplicable, diversas pruebas que forman parte del expediente de la demanda han desaparecido y, si bien las y los juzgadores tienen la facultad de ordenar la reposici\u00f3n del expediente de un juicio cuando algunos elementos o partes hayan desaparecido, hasta el momento, el Juzgado Primero de Distrito en Yucat\u00e1n se ha negado a hacerlo, pese a que sus hom\u00f3nimos han informado que no tienen en su posesi\u00f3n las partes del expediente \u2018extraviadas\u2019 o \u2018no localizadas\u2019 y que ha sido solicitado por la parte quejosa\u201d.<\/p>\n<p>El Cemda indic\u00f3 que esta falta de actuaci\u00f3n del Juzgado Primero ha paralizado totalmente la impartici\u00f3n de justicia y ha hecho del juicio de amparo un mecanismo inefectivo para proteger los derechos humanos de las personas.<\/p>\n<p>El proyecto \u201cTren Maya\u201d, consiste en la construcci\u00f3n de infraestructura ferroviaria de aproximadamente mil 500 kil\u00f3metros en los estados de Quintana Roo, Campeche, Yucat\u00e1n, Tabasco y Chiapas, atravesando por selvas y cenotes, tierras ejidales y ancestrales de comunidades ind\u00edgenas.<\/p>\n<p>El centro indic\u00f3 que debido a diversas violaciones a sus derechos humanos, as\u00ed como a la legislaci\u00f3n ambiental vigente, las comunidades de Campeche, Quintana Roo y Yucat\u00e1n recurrieron a la v\u00eda institucional para solicitar la protecci\u00f3n de la justicia.<\/p>\n<p>En ese sentido, la Suprema Corte de Justicia de la Naci\u00f3n ha sostenido que el debido proceso es exigible a los juzgados que diriman los conflictos sobre los derechos de las personas mediante un procedimiento que otorgue a las partes una posibilidad efectiva e igual de defender sus puntos de vista y ofrecer pruebas en apoyo de sus argumentos.<\/p>\n<p>    \u201cEn el presente caso, la paralizaci\u00f3n total del juicio de amparo no ha observado los principios de prontitud, completitud, imparcialidad y efectividad que deben regir la actividad judicial\u201d.<\/p>\n<p><a href=\"https:\/\/www.milenio.com\/politica\/cemda-denuncia-extravio-expedientes-judiciales-tren-maya\" rel=\"noopener\" target=\"_blank\">https:\/\/www.milenio.com\/politica\/cemda-denuncia-extravio-expedientes-judiciales-tren-maya<\/a><\/p>\n","protected":false},"excerpt":{"rendered":"<p>Fanny Miranda \/ Milenio Ciudad de M\u00e9xico \/ El Centro Mexicano de Derecho Ambiental (Cemda) denunci\u00f3 el extrav\u00edo de pruebas que conforman el expediente f\u00edsico y digital del caso Tren &hellip; <a href=\"https:\/\/www.grieta.org.mx\/index.php\/2022\/04\/21\/cemda-denuncia-extravio-de-expedientes-judiciales-sobre-tren-maya-para-obstruir-justicia\/\" class=\"more-link\">Leer m\u00e1s<\/a><\/p>\n","protected":false},"author":2,"featured_media":64022,"comment_status":"closed","ping_status":"closed","sticky":false,"template":"","format":"standard","meta":{"ngg_post_thumbnail":0,"_jetpack_newsletter_access":"","_jetpack_dont_email_post_to_subs":false,"_jetpack_newsletter_tier_id":0,"_jetpack_memberships_contains_paywalled_content":false,"_jetpack_memberships_contains_paid_content":false,"footnotes":""},"categories":[11,80,3,922,926,944,952,2,28,1875,1876,1877,2026,36],"tags":[3820,4088,1878],"class_list":["post-64021","post","type-post","status-publish","format-standard","has-post-thumbnail","hentry","category-campeche","category-cintillo","category-megaproyectos","category-megaproyectos-estados","category-mp-campeche","category-mp-quintana-roo","category-mp-yucatan","category-noticias-nacionales","category-quintana-roo","category-resistencia-al-tren-maya-en-la-peninsula-de-yucatan","category-resistencia-al-tren-maya-en-la-peninsula-de-yucatan-quintana-roo","category-resistencia-al-tren-maya-en-la-peninsula-de-yucatan-campeche","category-tren-maya","category-yucatan","tag-amparos","tag-obstruccion-de-justicia","tag-tren-maya","entry"],"jetpack_featured_media_url":"https:\/\/www.grieta.org.mx\/wp-content\/uploads\/2022\/04\/Cemda-e1650622854147.png","jetpack_sharing_enabled":true,"jetpack_shortlink":"https:\/\/wp.me\/p7ZJR4-gEB","jetpack_likes_enabled":false,"jetpack-related-posts":[{"id":47874,"url":"https:\/\/www.grieta.org.mx\/index.php\/2020\/04\/13\/las-vias-torcidas-del-tren-maya-video\/","url_meta":{"origin":64021,"position":0},"title":"Las v\u00edas torcidas del tren maya (Video)","author":"grieta","date":"13 abril, 2020","format":false,"excerpt":"https:\/\/www.youtube.com\/watch?v=k8FRX9eT0YY","rel":"","context":"En &quot;16. Pueblo Maya&quot;","block_context":{"text":"16. Pueblo Maya","link":"https:\/\/www.grieta.org.mx\/index.php\/category\/espejos-de-la-resistencia\/16-pueblo-maya\/"},"img":{"alt_text":"","src":"https:\/\/i0.wp.com\/www.grieta.org.mx\/wp-content\/uploads\/2020\/04\/ViasTorcidasTrenMaya.png?resize=350%2C200&ssl=1","width":350,"height":200,"srcset":"https:\/\/i0.wp.com\/www.grieta.org.mx\/wp-content\/uploads\/2020\/04\/ViasTorcidasTrenMaya.png?resize=350%2C200&ssl=1 1x, https:\/\/i0.wp.com\/www.grieta.org.mx\/wp-content\/uploads\/2020\/04\/ViasTorcidasTrenMaya.png?resize=525%2C300&ssl=1 1.5x, https:\/\/i0.wp.com\/www.grieta.org.mx\/wp-content\/uploads\/2020\/04\/ViasTorcidasTrenMaya.png?resize=700%2C400&ssl=1 2x"},"classes":[]},{"id":35945,"url":"https:\/\/www.grieta.org.mx\/index.php\/2019\/07\/05\/expansion-de-megaproyectos-en-la-peninsula-de-yucatan-video\/","url_meta":{"origin":64021,"position":1},"title":"Expansi\u00f3n de Megaproyectos en la Pen\u00ednsula de Yucat\u00e1n (Video)","author":"grieta","date":"5 julio, 2019","format":false,"excerpt":"https:\/\/youtu.be\/qLBARIAaBsI","rel":"","context":"En &quot;Campeche&quot;","block_context":{"text":"Campeche","link":"https:\/\/www.grieta.org.mx\/index.php\/category\/noticias-nacionales\/campeche\/"},"img":{"alt_text":"","src":"https:\/\/i0.wp.com\/img.youtube.com\/vi\/qLBARIAaBsI\/0.jpg?resize=350%2C200","width":350,"height":200},"classes":[]},{"id":68844,"url":"https:\/\/www.grieta.org.mx\/index.php\/2024\/04\/29\/ambientalistas-clausuran-las-oficinas-de-semarnat-tras-calificarla-de-ecocida-quintana-roo\/","url_meta":{"origin":64021,"position":2},"title":"Ambientalistas &#8220;clausuran&#8221; las oficinas de Semarnat tras calificarla de ecocida (Quintana Roo)","author":"grieta","date":"29 abril, 2024","format":false,"excerpt":"Leslie Gordillo \/ NOTICARIBE PENINSULAR CANC\u00daN.- Un grupo de ambientalistas, representante de diferentes organismos y asociaciones civiles, se manifestaron en la zona hotelera de Canc\u00fan y clausuraron de manera simb\u00f3lica las oficinas de la Secretar\u00eda de Medio Ambiente y Recursos Naturales (Semarnat). La denuncia es que la Semarnat ha sido\u2026","rel":"","context":"En &quot;Campeche&quot;","block_context":{"text":"Campeche","link":"https:\/\/www.grieta.org.mx\/index.php\/category\/noticias-nacionales\/campeche\/"},"img":{"alt_text":"","src":"https:\/\/i0.wp.com\/www.grieta.org.mx\/wp-content\/uploads\/2024\/04\/ambientalitas-e1715552774254.jpg?resize=350%2C200&ssl=1","width":350,"height":200,"srcset":"https:\/\/i0.wp.com\/www.grieta.org.mx\/wp-content\/uploads\/2024\/04\/ambientalitas-e1715552774254.jpg?resize=350%2C200&ssl=1 1x, https:\/\/i0.wp.com\/www.grieta.org.mx\/wp-content\/uploads\/2024\/04\/ambientalitas-e1715552774254.jpg?resize=525%2C300&ssl=1 1.5x, https:\/\/i0.wp.com\/www.grieta.org.mx\/wp-content\/uploads\/2024\/04\/ambientalitas-e1715552774254.jpg?resize=700%2C400&ssl=1 2x"},"classes":[]},{"id":45360,"url":"https:\/\/www.grieta.org.mx\/index.php\/2020\/02\/27\/no-estamos-peleando-la-suspension-provisional-del-tren-maya-sino-la-definitiva-cruz-rueda\/","url_meta":{"origin":64021,"position":3},"title":"&#8220;No estamos peleando la suspensi\u00f3n provisional del Tren Maya, sino la definitiva&#8221;: Cruz Rueda","author":"grieta","date":"27 febrero, 2020","format":false,"excerpt":"Impugnaci\u00f3n de Presidencia \"no nos quita el sue\u00f1o\" Abraham Bote \/Foto: Tomada de Twitter \/La Jornada Maya M\u00e9rida, Yucat\u00e1n Respecto a la impugnaci\u00f3n que realiz\u00f3 la Presidencia de la Rep\u00fablica y el apoderado de la Naci\u00f3n Financiera (Nafin), contra la suspensi\u00f3n provisional del proyecto de Tren Maya, la asesora jur\u00eddica\u2026","rel":"","context":"En &quot;16. Pueblo Maya&quot;","block_context":{"text":"16. Pueblo Maya","link":"https:\/\/www.grieta.org.mx\/index.php\/category\/espejos-de-la-resistencia\/16-pueblo-maya\/"},"img":{"alt_text":"","src":"https:\/\/i0.wp.com\/www.grieta.org.mx\/wp-content\/uploads\/2020\/02\/TrenMallaCampeche.png?resize=350%2C200&ssl=1","width":350,"height":200,"srcset":"https:\/\/i0.wp.com\/www.grieta.org.mx\/wp-content\/uploads\/2020\/02\/TrenMallaCampeche.png?resize=350%2C200&ssl=1 1x, https:\/\/i0.wp.com\/www.grieta.org.mx\/wp-content\/uploads\/2020\/02\/TrenMallaCampeche.png?resize=525%2C300&ssl=1 1.5x, https:\/\/i0.wp.com\/www.grieta.org.mx\/wp-content\/uploads\/2020\/02\/TrenMallaCampeche.png?resize=700%2C400&ssl=1 2x"},"classes":[]},{"id":48940,"url":"https:\/\/www.grieta.org.mx\/index.php\/2020\/05\/11\/interponen-queja-ante-la-cndh-contra-obras-del-tren-maya\/","url_meta":{"origin":64021,"position":4},"title":"Interponen queja ante la CNDH contra obras del Tren Maya","author":"grieta","date":"11 mayo, 2020","format":false,"excerpt":"Lilia Balam \/ Informe Fracto Colectivos ind\u00edgenas y organizaciones civiles argumentaron que continuar con la construcci\u00f3n del proyecto durante la pandemia vulnera los derechos de los pobladores de la regi\u00f3n. Colectivos ind\u00edgenas y organizaciones civiles de la Pen\u00ednsula de Yucat\u00e1n interpusieron una queja ante la Comisi\u00f3n Nacional de los Derechos\u2026","rel":"","context":"En &quot;Campeche&quot;","block_context":{"text":"Campeche","link":"https:\/\/www.grieta.org.mx\/index.php\/category\/noticias-nacionales\/campeche\/"},"img":{"alt_text":"","src":"https:\/\/i0.wp.com\/www.grieta.org.mx\/wp-content\/uploads\/2020\/05\/tren_maya.jpg1_-640x360-1-e1589284542406.jpg?resize=350%2C200&ssl=1","width":350,"height":200,"srcset":"https:\/\/i0.wp.com\/www.grieta.org.mx\/wp-content\/uploads\/2020\/05\/tren_maya.jpg1_-640x360-1-e1589284542406.jpg?resize=350%2C200&ssl=1 1x, https:\/\/i0.wp.com\/www.grieta.org.mx\/wp-content\/uploads\/2020\/05\/tren_maya.jpg1_-640x360-1-e1589284542406.jpg?resize=525%2C300&ssl=1 1.5x, https:\/\/i0.wp.com\/www.grieta.org.mx\/wp-content\/uploads\/2020\/05\/tren_maya.jpg1_-640x360-1-e1589284542406.jpg?resize=700%2C400&ssl=1 2x"},"classes":[]},{"id":49173,"url":"https:\/\/www.grieta.org.mx\/index.php\/2020\/05\/11\/suspenden-reubicacion-de-pobladores-de-campeche-por-el-tren-maya\/","url_meta":{"origin":64021,"position":5},"title":"Suspenden reubicaci\u00f3n de pobladores de Campeche por el Tren Maya","author":"grieta","date":"11 mayo, 2020","format":false,"excerpt":"Informe Fracto La medida es temporal y el pr\u00f3ximo 15 de junio el Juzgado Primero de Distrito de Campeche deber\u00e1 decidir si la mantiene. El proceso de reubicaci\u00f3n de pobladores de la ciudad de Campeche por el proyecto del Tren Maya ser\u00e1 suspendido durante la contingencia del COVID-19 (coronavirus), inform\u00f3\u2026","rel":"","context":"En &quot;Campeche&quot;","block_context":{"text":"Campeche","link":"https:\/\/www.grieta.org.mx\/index.php\/category\/noticias-nacionales\/campeche\/"},"img":{"alt_text":"","src":"https:\/\/i0.wp.com\/www.grieta.org.mx\/wp-content\/uploads\/2020\/05\/ruta-del-tren-maya-especial-1_0_21_677_421-e1589495660951.jpeg?resize=350%2C200&ssl=1","width":350,"height":200,"srcset":"https:\/\/i0.wp.com\/www.grieta.org.mx\/wp-content\/uploads\/2020\/05\/ruta-del-tren-maya-especial-1_0_21_677_421-e1589495660951.jpeg?resize=350%2C200&ssl=1 1x, https:\/\/i0.wp.com\/www.grieta.org.mx\/wp-content\/uploads\/2020\/05\/ruta-del-tren-maya-especial-1_0_21_677_421-e1589495660951.jpeg?resize=525%2C300&ssl=1 1.5x, https:\/\/i0.wp.com\/www.grieta.org.mx\/wp-content\/uploads\/2020\/05\/ruta-del-tren-maya-especial-1_0_21_677_421-e1589495660951.jpeg?resize=700%2C400&ssl=1 2x"},"classes":[]}],"_links":{"self":[{"href":"https:\/\/www.grieta.org.mx\/index.php\/wp-json\/wp\/v2\/posts\/64021","targetHints":{"allow":["GET"]}}],"collection":[{"href":"https:\/\/www.grieta.org.mx\/index.php\/wp-json\/wp\/v2\/posts"}],"about":[{"href":"https:\/\/www.grieta.org.mx\/index.php\/wp-json\/wp\/v2\/types\/post"}],"author":[{"embeddable":true,"href":"https:\/\/www.grieta.org.mx\/index.php\/wp-json\/wp\/v2\/users\/2"}],"replies":[{"embeddable":true,"href":"https:\/\/www.grieta.org.mx\/index.php\/wp-json\/wp\/v2\/comments?post=64021"}],"version-history":[{"count":1,"href":"https:\/\/www.grieta.org.mx\/index.php\/wp-json\/wp\/v2\/posts\/64021\/revisions"}],"predecessor-version":[{"id":64023,"href":"https:\/\/www.grieta.org.mx\/index.php\/wp-json\/wp\/v2\/posts\/64021\/revisions\/64023"}],"wp:featuredmedia":[{"embeddable":true,"href":"https:\/\/www.grieta.org.mx\/index.php\/wp-json\/wp\/v2\/media\/64022"}],"wp:attachment":[{"href":"https:\/\/www.grieta.org.mx\/index.php\/wp-json\/wp\/v2\/media?parent=64021"}],"wp:term":[{"taxonomy":"category","embeddable":true,"href":"https:\/\/www.grieta.org.mx\/index.php\/wp-json\/wp\/v2\/categories?post=64021"},{"taxonomy":"post_tag","embeddable":true,"href":"https:\/\/www.grieta.org.mx\/index.php\/wp-json\/wp\/v2\/tags?post=64021"}],"curies":[{"name":"wp","href":"https:\/\/api.w.org\/{rel}","templated":true}]}}