{"id":63919,"date":"2022-03-25T20:55:30","date_gmt":"2022-03-26T02:55:30","guid":{"rendered":"https:\/\/www.grieta.org.mx\/?p=63919"},"modified":"2022-04-03T20:58:21","modified_gmt":"2022-04-04T01:58:21","slug":"caminan-en-chihuahua-por-los-desaparecidos","status":"publish","type":"post","link":"https:\/\/www.grieta.org.mx\/index.php\/2022\/03\/25\/caminan-en-chihuahua-por-los-desaparecidos\/","title":{"rendered":"Caminan en Chihuahua por los desaparecidos"},"content":{"rendered":"<p><strong>En reiteradas ocasiones, familiares de desparecidos han pedido una reuni\u00f3n con el fiscal general del Estado, Roberto Fierro. Pero desde que asumi\u00f3 al cargo, 6 meses atr\u00e1s no los ha recibido<\/strong>.<\/p>\n<p>Texto: Daniela Rea\/Pie de P\u00e1gina<\/p>\n<p>Fotos: CEDHEM<\/p>\n<p>CIUDAD DE M\u00c9XICO.- Este viernes familiares de personas desaparecidas de Chihuahua arrancaron una caravana que recorrer\u00e1 parte del estado para exigir una reuni\u00f3n con Roberto Fierro, fiscal estatal, que a seis meses de asumir el cargo no ha recibido a estas familias para comprometerse a buscar y encontrar a los desaparecidos.<\/p>\n<p>Una de las mujeres que forma parte de la caravana es Jesenia Carrera Arag\u00f3n, que busca a su hijo Carlos Antonio Perales Carrera , desaparecido el 29 de agosto del 2015 con 6 compa\u00f1eros, en San Buenaventura.<\/p>\n<p>\u201cQueremos que nos volteen a ver, que nos haga caso el fiscal, la gobernadora, que nos escuchen, que nos atiendan\u201d.<\/p>\n<p>Adem\u00e1s marcha Karla Ivone Estrada Mesa; ella busca a su hijo Luis Manuel Rojas Estrada, que desapareci\u00f3 el 12 de noviembre del 2017 en la ciudad de Jim\u00e9nez.<\/p>\n<p>\u201cNo he tenido respuesta de las autoridades de Jim\u00e9nez, me hacen malas caras cuando voy a la Fiscal\u00eda. Con esta marcha es para apoyarnos porque si nosotros no buscamos, no hay quien lo haga. No tengan miedo, hay que buscar a nuestros hijos, las autoridades no quieren ejercer su trabajo, son inmunes al dolor que nosotros sentimos. A lo mejor vi\u00e9ndonos que somos m\u00e1s, unidas, a lo mejor encontramos una respuesta del gobierno\u201d.<\/p>\n<p>\u201cEn reiteradas ocasiones se le ha solicitado al Fiscal General del Estado, Roberto Fierro, una reuni\u00f3n con las familias y a casi medio a\u00f1o del inicio del nuevo gobierno, continuamos sin una respuesta concreta. Hemos recurrido al Secretario General del Estado, C\u00e9sar Jauregui con dicha petici\u00f3n y de igual manera no hemos obtenido respuesta; por lo que caminaremos con el fin de exigir que ambos funcionarios se re\u00fanan y escuchen a las familias\u201d, inform\u00f3 Gabino G\u00f3mez, del Centro de Derechos Humanos de las Mujeres.<\/p>\n<p>\u201cEstamos en Valle de Allende en la marcha que iniciamos hace un momento en Parral, que tiene como objetivo llamar la atenci\u00f3n de las autoridades, que nos escuchen, que se re\u00fanan con nosotros. No es posible que despu\u00e9s de medio a\u00f1o en el gobierno no hayamos concretado una reuni\u00f3n con el Fiscal y familias de desaparecidos. Por eso hacemos un esfuerzo, un sacrificio\u201d.<\/p>\n<p>En esa misma plaza Del Valle de Allende, en ese momento, se est\u00e1n procesando polic\u00edas municipales por la desaparici\u00f3n de Celso Barajas. G\u00f3mez se\u00f1ala que en distintos casos de desaparici\u00f3n los polic\u00edas han tenido participaci\u00f3n.<\/p>\n<p>La caravana inici\u00f3 este viernes en la ciudad de Hidalgo del Parral y terminar\u00e1 el lunes en la capital del estado, con paradas en Valle de Allende, Jim\u00e9nez, Ciudad Camargo, La Cruz, Saucillo, Delicias, Meoqui, y finalmente Chihuahua capital.<\/p>\n<p>La componen familiares de personas desaparecidas quienes compartir\u00e1n su testimonio en las ciudades y demandar\u00e1n<\/p>\n<p>b\u00fasquedas articuladas entre los diferentes niveles de gobierno, con sentido de urgencia y centradas en la presentaci\u00f3n con vida.<\/p>\n<p>\u201cExigimos que se tomen las medidas necesarias para el involucramiento de las familias en las acciones de b\u00fasqueda, que los protocolos y las acciones se definan en conjunto con ellas\u201d, se\u00f1alaron en un comunicado.<\/p>\n<p>De acuerdo con el Registro Nacional de Personas Desaparecidas y No Localizadas (RNPDNO) en M\u00e9xico existen casi 100 mil personas desaparecidas y 3,462 pertenecen al estado de Chihuahua; siendo los cinco municipios de mayor incidencia: ciudad Ju\u00e1rez (911), Cuauht\u00e9moc (531), Chihuahua (495), Nuevo Casas Grandes (198) e Hidalgo del Parral.<\/p>\n<p>\u201cLa problem\u00e1tica de las desapariciones en nuestro estado es grave; es necesario que las autoridades respondan a las necesidades de quienes buscan a las y los desaparecidos, exigimos memoria, reparaci\u00f3n, verdad y justicia\u201d.<\/p>\n<figure class=\"wp-block-image size-full\"><img loading=\"lazy\" decoding=\"async\" class=\"wp-image-90370\" src=\"https:\/\/piedepagina.mx\/wp-content\/uploads\/2022\/03\/desaparecidos2_chihuahua_CEDEHM.jpg\" sizes=\"auto, (max-width: 992px) 100vw, 992px\" srcset=\"https:\/\/piedepagina.mx\/wp-content\/uploads\/2022\/03\/desaparecidos2_chihuahua_CEDEHM.jpg 992w, https:\/\/piedepagina.mx\/wp-content\/uploads\/2022\/03\/desaparecidos2_chihuahua_CEDEHM-450x300.jpg 450w, https:\/\/piedepagina.mx\/wp-content\/uploads\/2022\/03\/desaparecidos2_chihuahua_CEDEHM-768x512.jpg 768w\" alt=\"\" width=\"992\" height=\"661\" \/><\/figure>\n<blockquote class=\"wp-embedded-content\" data-secret=\"LgLExDTwcf\"><p><a href=\"https:\/\/piedepagina.mx\/caminan-en-chihuahua-por-los-desaparecidos\/\">Caminan en Chihuahua por los desaparecidos<\/a><\/p><\/blockquote>\n<p><iframe loading=\"lazy\" class=\"wp-embedded-content\" sandbox=\"allow-scripts\" security=\"restricted\" style=\"position: absolute; clip: rect(1px, 1px, 1px, 1px);\" title=\"\u00abCaminan en Chihuahua por los desaparecidos\u00bb \u2014 Pie de P\u00e1gina\" src=\"https:\/\/piedepagina.mx\/caminan-en-chihuahua-por-los-desaparecidos\/embed\/#?secret=i34yS1YFx4#?secret=LgLExDTwcf\" data-secret=\"LgLExDTwcf\" width=\"600\" height=\"338\" frameborder=\"0\" marginwidth=\"0\" marginheight=\"0\" scrolling=\"no\"><\/iframe><\/p>\n","protected":false},"excerpt":{"rendered":"<p>En reiteradas ocasiones, familiares de desparecidos han pedido una reuni\u00f3n con el fiscal general del Estado, Roberto Fierro. Pero desde que asumi\u00f3 al cargo, 6 meses atr\u00e1s no los ha &hellip; <a href=\"https:\/\/www.grieta.org.mx\/index.php\/2022\/03\/25\/caminan-en-chihuahua-por-los-desaparecidos\/\" class=\"more-link\">Leer m\u00e1s<\/a><\/p>\n","protected":false},"author":2,"featured_media":63920,"comment_status":"closed","ping_status":"closed","sticky":false,"template":"","format":"standard","meta":{"ngg_post_thumbnail":0,"_jetpack_newsletter_access":"","_jetpack_dont_email_post_to_subs":false,"_jetpack_newsletter_tier_id":0,"_jetpack_memberships_contains_paywalled_content":false,"_jetpack_memberships_contains_paid_content":false,"footnotes":""},"categories":[12,87,1042,83],"tags":[3791,1828,3018],"class_list":["post-63919","post","type-post","status-publish","format-standard","has-post-thumbnail","hentry","category-chihuahua","category-desaparecidos","category-desaparecidos-en-chihuahua","category-temas-nacionales","tag-acciones-por-desaparecidos","tag-busqueda-de-desaparecidos","tag-colectivos-de-busqueda-de-desaparecidos","entry"],"jetpack_featured_media_url":"https:\/\/www.grieta.org.mx\/wp-content\/uploads\/2022\/04\/desaparecidos1_chihuahua_CEDEHM-1.jpg","jetpack_sharing_enabled":true,"jetpack_shortlink":"https:\/\/wp.me\/p7ZJR4-gCX","jetpack_likes_enabled":false,"jetpack-related-posts":[{"id":12080,"url":"https:\/\/www.grieta.org.mx\/index.php\/2016\/05\/09\/chihuahua-caravana-de-madres-de-desaparecidos-parte-a-cdmx\/","url_meta":{"origin":63919,"position":0},"title":"Chihuahua: caravana de madres de desaparecidos parte a CDMX","author":"grieta","date":"9 mayo, 2016","format":false,"excerpt":"La Jornada Rub\u00e9n Villalpando Madres de mujeres y hombres desaparecidos en el estado de Chihuahua partieron este d\u00eda en caravana a la ciudad de M\u00e9xico para manifestarse en contra de la indiferencia oficial en torno a estos casos y para expresar su decisi\u00f3n de proseguir en la luchar. Las madres\u2026","rel":"","context":"En &quot;chihuahua&quot;","block_context":{"text":"chihuahua","link":"https:\/\/www.grieta.org.mx\/index.php\/category\/chihuahua\/"},"img":{"alt_text":"","src":"https:\/\/i0.wp.com\/www.grieta.org.mx\/wp-content\/uploads\/2018\/03\/14524434_1106112876131411_958039263622046936_o.jpg?resize=350%2C200&ssl=1","width":350,"height":200,"srcset":"https:\/\/i0.wp.com\/www.grieta.org.mx\/wp-content\/uploads\/2018\/03\/14524434_1106112876131411_958039263622046936_o.jpg?resize=350%2C200&ssl=1 1x, https:\/\/i0.wp.com\/www.grieta.org.mx\/wp-content\/uploads\/2018\/03\/14524434_1106112876131411_958039263622046936_o.jpg?resize=525%2C300&ssl=1 1.5x, https:\/\/i0.wp.com\/www.grieta.org.mx\/wp-content\/uploads\/2018\/03\/14524434_1106112876131411_958039263622046936_o.jpg?resize=700%2C400&ssl=1 2x"},"classes":[]},{"id":427,"url":"https:\/\/www.grieta.org.mx\/index.php\/2016\/08\/31\/familiares-de-desaparecidos-exigen-justicia\/","url_meta":{"origin":63919,"position":1},"title":"Familiares de desaparecidos exigen justicia","author":"grieta","date":"31 agosto, 2016","format":false,"excerpt":"31\/08\/16. \u201c\u00a1Duarte, nos fallaste!\u201d, recriminan familiares de desaparecidos en ChihuahuaProceso 10\/05\/16. Lloran mujeres por sus hijos desaparecidosEl Diario 09\/15\/16. Chihuahua: caravana de madres de desaparecidos parte a CDMXLa jornada 14\/04\/16. Duarte encubre fosas a forenses argentinos, dicen familiasSin Embargo 13\/04\/16. Acusa AI intimidaci\u00f3n de autoridades de Chihuahua sobre familiares de\u2026","rel":"","context":"En &quot;Chihuahua&quot;","block_context":{"text":"Chihuahua","link":"https:\/\/www.grieta.org.mx\/index.php\/category\/noticias-nacionales\/chihuahua\/"},"img":{"alt_text":"","src":"https:\/\/i0.wp.com\/www.grieta.org.mx\/wp-content\/uploads\/2018\/03\/14524434_1106112876131411_958039263622046936_o.jpg?resize=350%2C200&ssl=1","width":350,"height":200,"srcset":"https:\/\/i0.wp.com\/www.grieta.org.mx\/wp-content\/uploads\/2018\/03\/14524434_1106112876131411_958039263622046936_o.jpg?resize=350%2C200&ssl=1 1x, https:\/\/i0.wp.com\/www.grieta.org.mx\/wp-content\/uploads\/2018\/03\/14524434_1106112876131411_958039263622046936_o.jpg?resize=525%2C300&ssl=1 1.5x, https:\/\/i0.wp.com\/www.grieta.org.mx\/wp-content\/uploads\/2018\/03\/14524434_1106112876131411_958039263622046936_o.jpg?resize=700%2C400&ssl=1 2x"},"classes":[]},{"id":61654,"url":"https:\/\/www.grieta.org.mx\/index.php\/2021\/09\/01\/galeria-familiares-de-personas-desaparecidas-marchan-para-no-olvidar\/","url_meta":{"origin":63919,"position":2},"title":"Galer\u00eda: Familiares de personas desaparecidas marchan para no olvidar","author":"grieta","date":"1 septiembre, 2021","format":false,"excerpt":"\u201cHoy hace seis a\u00f1os, 2,191 d\u00edas que no s\u00e9 de \u00e9l\u2026 el d\u00eda de ma\u00f1ana es el d\u00eda internacional de las personas desaparecidas, es por eso que estamos aqu\u00ed donde no deber\u00edamos de estar. Pero nos toco esto, estar aqu\u00ed, caminando con el dolor, con la rabia y con la\u2026","rel":"","context":"En &quot;Chihuahua&quot;","block_context":{"text":"Chihuahua","link":"https:\/\/www.grieta.org.mx\/index.php\/category\/noticias-nacionales\/chihuahua\/"},"img":{"alt_text":"","src":"https:\/\/i0.wp.com\/www.grieta.org.mx\/wp-content\/uploads\/2021\/09\/untitled-16-1024x684-1.jpg?resize=350%2C200&ssl=1","width":350,"height":200,"srcset":"https:\/\/i0.wp.com\/www.grieta.org.mx\/wp-content\/uploads\/2021\/09\/untitled-16-1024x684-1.jpg?resize=350%2C200&ssl=1 1x, https:\/\/i0.wp.com\/www.grieta.org.mx\/wp-content\/uploads\/2021\/09\/untitled-16-1024x684-1.jpg?resize=525%2C300&ssl=1 1.5x, https:\/\/i0.wp.com\/www.grieta.org.mx\/wp-content\/uploads\/2021\/09\/untitled-16-1024x684-1.jpg?resize=700%2C400&ssl=1 2x"},"classes":[]},{"id":66271,"url":"https:\/\/www.grieta.org.mx\/index.php\/2023\/02\/14\/siguen-familiares-en-la-busqueda-de-sus-seres-queridos-exigen-justicia-chihuahua\/","url_meta":{"origin":63919,"position":3},"title":"Siguen familiares en la b\u00fasqueda de sus seres queridos; exigen justicia (Chihuahua)","author":"grieta","date":"14 febrero, 2023","format":false,"excerpt":"Redacci\u00f3n | El Heraldo de Chihuahua A las afueras de la Catedral Metropolitana de Chihuahua, miembros del Centro de Derechos Humanos de las Mujeres se reunieron a fin de hacer visible la desaparici\u00f3n de sus seres queridos, solicitando que no cesen las labores de b\u00fasqueda. Con algunas vivas como \u201chijo,\u2026","rel":"","context":"En &quot;Chihuahua&quot;","block_context":{"text":"Chihuahua","link":"https:\/\/www.grieta.org.mx\/index.php\/category\/noticias-nacionales\/chihuahua\/"},"img":{"alt_text":"","src":"https:\/\/i0.wp.com\/www.grieta.org.mx\/wp-content\/uploads\/2023\/02\/desaparecidos-chihuahua.webp?resize=350%2C200&ssl=1","width":350,"height":200,"srcset":"https:\/\/i0.wp.com\/www.grieta.org.mx\/wp-content\/uploads\/2023\/02\/desaparecidos-chihuahua.webp?resize=350%2C200&ssl=1 1x, https:\/\/i0.wp.com\/www.grieta.org.mx\/wp-content\/uploads\/2023\/02\/desaparecidos-chihuahua.webp?resize=525%2C300&ssl=1 1.5x, https:\/\/i0.wp.com\/www.grieta.org.mx\/wp-content\/uploads\/2023\/02\/desaparecidos-chihuahua.webp?resize=700%2C400&ssl=1 2x, https:\/\/i0.wp.com\/www.grieta.org.mx\/wp-content\/uploads\/2023\/02\/desaparecidos-chihuahua.webp?resize=1050%2C600&ssl=1 3x"},"classes":[]},{"id":62911,"url":"https:\/\/www.grieta.org.mx\/index.php\/2021\/12\/17\/familiares-de-migrantes-desaparecidos-en-chihuahua-exigen-intervencion-federal-en-la-busqueda\/","url_meta":{"origin":63919,"position":4},"title":"Familiares de migrantes desaparecidos en Chihuahua exigen intervenci\u00f3n federal en la b\u00fasqueda","author":"grieta","date":"17 diciembre, 2021","format":false,"excerpt":"En los \u00faltimos seis meses, el desierto de Chihuahua ha sido testigo de la desaparici\u00f3n de al menos 30 personas migrantes; los operativos de b\u00fasqueda estatales no han sido exitosos y solo una vez se ha recurrido a la b\u00fasqueda por helic\u00f3ptero. \u00d3SCAR ROSALES \/ RA\u00cdCHALI Familiares de un grupo\u2026","rel":"","context":"En &quot;Chihuahua&quot;","block_context":{"text":"Chihuahua","link":"https:\/\/www.grieta.org.mx\/index.php\/category\/noticias-nacionales\/chihuahua\/"},"img":{"alt_text":"","src":"https:\/\/i0.wp.com\/www.grieta.org.mx\/wp-content\/uploads\/2021\/12\/Familiares-de-migrantes-desaparecidos-01_Rai%CC%81chali-e1639749541211.jpeg?resize=350%2C200&ssl=1","width":350,"height":200,"srcset":"https:\/\/i0.wp.com\/www.grieta.org.mx\/wp-content\/uploads\/2021\/12\/Familiares-de-migrantes-desaparecidos-01_Rai%CC%81chali-e1639749541211.jpeg?resize=350%2C200&ssl=1 1x, https:\/\/i0.wp.com\/www.grieta.org.mx\/wp-content\/uploads\/2021\/12\/Familiares-de-migrantes-desaparecidos-01_Rai%CC%81chali-e1639749541211.jpeg?resize=525%2C300&ssl=1 1.5x, https:\/\/i0.wp.com\/www.grieta.org.mx\/wp-content\/uploads\/2021\/12\/Familiares-de-migrantes-desaparecidos-01_Rai%CC%81chali-e1639749541211.jpeg?resize=700%2C400&ssl=1 2x, https:\/\/i0.wp.com\/www.grieta.org.mx\/wp-content\/uploads\/2021\/12\/Familiares-de-migrantes-desaparecidos-01_Rai%CC%81chali-e1639749541211.jpeg?resize=1050%2C600&ssl=1 3x"},"classes":[]},{"id":486,"url":"https:\/\/www.grieta.org.mx\/index.php\/2015\/05\/09\/unos-50-familiares-de-desaparecidos-en-chihuahua-salen-en-caravana-al-df\/","url_meta":{"origin":63919,"position":5},"title":"Unos 50 familiares de desaparecidos en Chihuahua salen en caravana al DF","author":"grieta","date":"9 mayo, 2015","format":false,"excerpt":"La Jornada Ciudad Ju\u00e1rez, Chih. Unas 50 madres de desaparecidos en los municipios de Ciudad Ju\u00e1rez, Cuauht\u00e9moc y Chihuahua capital partieron desde esta localidad fronteriza a la ciudad de M\u00e9xico para participar en la Marcha por la dignidad nacional de madres buscando a nuestros hijos e hijas, buscando la justicia\u2026","rel":"","context":"En &quot;chihuahua&quot;","block_context":{"text":"chihuahua","link":"https:\/\/www.grieta.org.mx\/index.php\/category\/chihuahua\/"},"img":{"alt_text":"","src":"https:\/\/i0.wp.com\/www.grieta.org.mx\/wp-content\/uploads\/2018\/03\/14524434_1106112876131411_958039263622046936_o.jpg?resize=350%2C200&ssl=1","width":350,"height":200,"srcset":"https:\/\/i0.wp.com\/www.grieta.org.mx\/wp-content\/uploads\/2018\/03\/14524434_1106112876131411_958039263622046936_o.jpg?resize=350%2C200&ssl=1 1x, https:\/\/i0.wp.com\/www.grieta.org.mx\/wp-content\/uploads\/2018\/03\/14524434_1106112876131411_958039263622046936_o.jpg?resize=525%2C300&ssl=1 1.5x, https:\/\/i0.wp.com\/www.grieta.org.mx\/wp-content\/uploads\/2018\/03\/14524434_1106112876131411_958039263622046936_o.jpg?resize=700%2C400&ssl=1 2x"},"classes":[]}],"_links":{"self":[{"href":"https:\/\/www.grieta.org.mx\/index.php\/wp-json\/wp\/v2\/posts\/63919","targetHints":{"allow":["GET"]}}],"collection":[{"href":"https:\/\/www.grieta.org.mx\/index.php\/wp-json\/wp\/v2\/posts"}],"about":[{"href":"https:\/\/www.grieta.org.mx\/index.php\/wp-json\/wp\/v2\/types\/post"}],"author":[{"embeddable":true,"href":"https:\/\/www.grieta.org.mx\/index.php\/wp-json\/wp\/v2\/users\/2"}],"replies":[{"embeddable":true,"href":"https:\/\/www.grieta.org.mx\/index.php\/wp-json\/wp\/v2\/comments?post=63919"}],"version-history":[{"count":1,"href":"https:\/\/www.grieta.org.mx\/index.php\/wp-json\/wp\/v2\/posts\/63919\/revisions"}],"predecessor-version":[{"id":63921,"href":"https:\/\/www.grieta.org.mx\/index.php\/wp-json\/wp\/v2\/posts\/63919\/revisions\/63921"}],"wp:featuredmedia":[{"embeddable":true,"href":"https:\/\/www.grieta.org.mx\/index.php\/wp-json\/wp\/v2\/media\/63920"}],"wp:attachment":[{"href":"https:\/\/www.grieta.org.mx\/index.php\/wp-json\/wp\/v2\/media?parent=63919"}],"wp:term":[{"taxonomy":"category","embeddable":true,"href":"https:\/\/www.grieta.org.mx\/index.php\/wp-json\/wp\/v2\/categories?post=63919"},{"taxonomy":"post_tag","embeddable":true,"href":"https:\/\/www.grieta.org.mx\/index.php\/wp-json\/wp\/v2\/tags?post=63919"}],"curies":[{"name":"wp","href":"https:\/\/api.w.org\/{rel}","templated":true}]}}