{"id":63876,"date":"2022-03-02T22:36:09","date_gmt":"2022-03-03T04:36:09","guid":{"rendered":"https:\/\/www.grieta.org.mx\/?p=63876"},"modified":"2022-04-01T22:43:40","modified_gmt":"2022-04-02T04:43:40","slug":"irapuato-salamanca-estado-municipios-nacional-e-internacional-a-donde-ir-punto-y-aparte-radio-punto-y-aparte-radio-irapuato-salamanca-estado-municipios-nacion","status":"publish","type":"post","link":"https:\/\/www.grieta.org.mx\/index.php\/2022\/03\/02\/irapuato-salamanca-estado-municipios-nacional-e-internacional-a-donde-ir-punto-y-aparte-radio-punto-y-aparte-radio-irapuato-salamanca-estado-municipios-nacion\/","title":{"rendered":"Llama Sindicalismo Independiente a empleados de Mazda Salamanca a no validar Contrato Colectivo (Guanajuato)"},"content":{"rendered":"<p>Punto y aparte. Radio, 02 de marzo de 2022<\/p>\n<p>Silao, Gto.(02\/03\/2022).-Por considerar que el proceso est\u00e1 plagado de irregularidades y enga\u00f1os, la Casa Obrera del Baj\u00edo, que impuls\u00f3 la salida de la CTM de la General Motors, Silao, rechaz\u00f3 la jornada de elecci\u00f3n para la renovaci\u00f3n de la dirigencia sindical y la legitimaci\u00f3n del Contrato Colectivo de Trabajo (CCT) de la planta Mazda, ubicada en Salamanca.<\/p>\n<p>A trav\u00e9s de un comunicado, la agrupaci\u00f3n obrera convoc\u00f3 a los empleados de Mazda a NO validar el Contrato Colectivo de Trabajo y a sumarse a la lucha por un sindicalismo independiente.<\/p>\n<p>En el documento, detallan que en d\u00edas pasados, los trabajadores de la planta Mazda fueron convocados a reuniones donde les informaron que los d\u00edas 2 y 3 de marzo tendr\u00edan que participar en una elecci\u00f3n para el cambio de directiva sindical, que tuvieron que ser suspendidas por los reclamos de los trabajadores, que cuestionaron los despidos injustificados de algunos compa\u00f1eros, sin que el sindicato hicieran nada en su defensa.<\/p>\n<p>Explicaron que despu\u00e9s de esas reuniones, finalmente se llev\u00f3 a cabo la votaci\u00f3n para legitimar el contrato de trabajo sin cumplir con la reglamentaci\u00f3n para la realizaci\u00f3n de un proceso de esa naturaleza, que exige, en primer t\u00e9rmino, la presentaci\u00f3n de una solicitud ante el Centro Federal de Conciliaci\u00f3n y Registr\u00f3 Laboral, la cual tiene que ser revisada, aprobada y publicada por parte de ese organismo laboral.<\/p>\n<p>Adem\u00e1s el sindicato titular tiene la obligaci\u00f3n de publicar la fecha, lugar y horarios de votaci\u00f3n, con al menos 10 d\u00edas de anticipaci\u00f3n, cosa que no ocurri\u00f3 en este caso.<\/p>\n<p><a href=\"https:\/\/puntoyaparteradio.com.mx\/llama-sindicalismo-independiente-a-empleados-de-mazda-salamanca-a-no-validar-contrato-colectivo\/\">https:\/\/puntoyaparteradio.com.mx\/llama-sindicalismo-independiente-a-empleados-de-mazda-salamanca-a-no-validar-contrato-colectivo\/<\/a><\/p>\n","protected":false},"excerpt":{"rendered":"<p>Punto y aparte. Radio, 02 de marzo de 2022 Silao, Gto.(02\/03\/2022).-Por considerar que el proceso est\u00e1 plagado de irregularidades y enga\u00f1os, la Casa Obrera del Baj\u00edo, que impuls\u00f3 la salida &hellip; <a href=\"https:\/\/www.grieta.org.mx\/index.php\/2022\/03\/02\/irapuato-salamanca-estado-municipios-nacional-e-internacional-a-donde-ir-punto-y-aparte-radio-punto-y-aparte-radio-irapuato-salamanca-estado-municipios-nacion\/\" class=\"more-link\">Leer m\u00e1s<\/a><\/p>\n","protected":false},"author":2,"featured_media":63877,"comment_status":"closed","ping_status":"closed","sticky":false,"template":"","format":"standard","meta":{"ngg_post_thumbnail":0,"_jetpack_newsletter_access":"","_jetpack_dont_email_post_to_subs":false,"_jetpack_newsletter_tier_id":0,"_jetpack_memberships_contains_paywalled_content":false,"_jetpack_memberships_contains_paid_content":false,"footnotes":""},"categories":[4010,1258,17,3948,2910],"tags":[2841,3543,4085,1452],"class_list":["post-63876","post","type-post","status-publish","format-standard","has-post-thumbnail","hentry","category-conflictos-laborales-en-guanajuato","category-explotacion-y-precariedad-laboral-en-guanajuato","category-guanajuato","category-protestas-de-trabajadores-en-guanajuato","category-resistencias-en-guanajuato","tag-explotacion-y-precariedad-laboral","tag-movilizaciones-trabajadores","tag-organizacion-de-trabajadores","tag-sindicato-independiente","entry"],"jetpack_featured_media_url":"https:\/\/www.grieta.org.mx\/wp-content\/uploads\/2022\/04\/Captura-de-Pantalla-2022-03-02-a-las-20.50.31.png","jetpack_sharing_enabled":true,"jetpack_shortlink":"https:\/\/wp.me\/p7ZJR4-gCg","jetpack_likes_enabled":false,"jetpack-related-posts":[{"id":63507,"url":"https:\/\/www.grieta.org.mx\/index.php\/2022\/02\/24\/despidos-masivos-en-mazda-salamanca-organizan-sindicato-independiente-igual-a-gm-guanajuato\/","url_meta":{"origin":63876,"position":0},"title":"Despidos masivos en Mazda Salamanca; organizan sindicato independiente igual a GM (Guanajuato)","author":"grieta","date":"24 febrero, 2022","format":false,"excerpt":"Los trabajadores dijeron que Mazda Salamanca ha realizado despidos de hasta 80 personas en un solo d\u00eda. Por Luciano V\u00e1zquez febrero 24, 2022 | El Financiero Guanajuato, Gto.- Trabajadores de la planta Mazda de Salamanca Guanajuato denunciaron que la empresa est\u00e1 realizando despidos masivos, por lo cual han iniciado el\u2026","rel":"","context":"En &quot;CINTILLO&quot;","block_context":{"text":"CINTILLO","link":"https:\/\/www.grieta.org.mx\/index.php\/category\/cintillo\/"},"img":{"alt_text":"","src":"https:\/\/i0.wp.com\/www.grieta.org.mx\/wp-content\/uploads\/2022\/02\/KDZA4HOJSVGOBJ2L3PXVLFV55Y.jpg?resize=350%2C200&ssl=1","width":350,"height":200,"srcset":"https:\/\/i0.wp.com\/www.grieta.org.mx\/wp-content\/uploads\/2022\/02\/KDZA4HOJSVGOBJ2L3PXVLFV55Y.jpg?resize=350%2C200&ssl=1 1x, https:\/\/i0.wp.com\/www.grieta.org.mx\/wp-content\/uploads\/2022\/02\/KDZA4HOJSVGOBJ2L3PXVLFV55Y.jpg?resize=525%2C300&ssl=1 1.5x, https:\/\/i0.wp.com\/www.grieta.org.mx\/wp-content\/uploads\/2022\/02\/KDZA4HOJSVGOBJ2L3PXVLFV55Y.jpg?resize=700%2C400&ssl=1 2x"},"classes":[]},{"id":63510,"url":"https:\/\/www.grieta.org.mx\/index.php\/2022\/02\/24\/acusan-represalias-en-mazda-salamanca-tras-despido-de-280-trabajadores-guanajuato\/","url_meta":{"origin":63876,"position":1},"title":"Acusan represalias en Mazda Salamanca tras despido de 280 trabajadores (Guanajuato","author":"grieta","date":"24 febrero, 2022","format":false,"excerpt":"Por: Redacci\u00f3n\/El Pulso Laboral, 24 de febrero de 2022 Otro conflicto laboral de grandes proporciones toca la puerta en el Baj\u00edo mexicano, ahora protagonizado por trabajadores de la empresa Mazda planta Salamanca, quienes acusan 280 despidos injustificados. El Movimiento Industrial Automotriz Independiente (MIAI) aglutina a un grupo de trabajadores de\u2026","rel":"","context":"En &quot;CINTILLO&quot;","block_context":{"text":"CINTILLO","link":"https:\/\/www.grieta.org.mx\/index.php\/category\/cintillo\/"},"img":{"alt_text":"","src":"https:\/\/i0.wp.com\/www.grieta.org.mx\/wp-content\/uploads\/2022\/02\/284UO_MAZDA.jpg?resize=350%2C200&ssl=1","width":350,"height":200,"srcset":"https:\/\/i0.wp.com\/www.grieta.org.mx\/wp-content\/uploads\/2022\/02\/284UO_MAZDA.jpg?resize=350%2C200&ssl=1 1x, https:\/\/i0.wp.com\/www.grieta.org.mx\/wp-content\/uploads\/2022\/02\/284UO_MAZDA.jpg?resize=525%2C300&ssl=1 1.5x, https:\/\/i0.wp.com\/www.grieta.org.mx\/wp-content\/uploads\/2022\/02\/284UO_MAZDA.jpg?resize=700%2C400&ssl=1 2x, https:\/\/i0.wp.com\/www.grieta.org.mx\/wp-content\/uploads\/2022\/02\/284UO_MAZDA.jpg?resize=1050%2C600&ssl=1 3x"},"classes":[]},{"id":64087,"url":"https:\/\/www.grieta.org.mx\/index.php\/2022\/04\/20\/sinttia-nuevo-sindicato-de-general-motors-en-silao-emplazara-a-huelga\/","url_meta":{"origin":63876,"position":2},"title":"SINTTIA, nuevo sindicato de General Motors en Silao emplazar\u00e1 a Huelga","author":"grieta","date":"20 abril, 2022","format":false,"excerpt":"Con informaci\u00f3n de El Debate, 20 de abril de 2022 Le\u00f3n, Guanajuato.- La relaci\u00f3n entre General Motors en Silao, Guanajuato y el Sindicato Independiente Nacional de Trabajadores y Trabajadoras de la Industria Automotriz (SINTTIA) sigue dando de qu\u00e9 hablar, ambas organizaciones sostuvieron hoy una reuni\u00f3n frente a un juez para\u2026","rel":"","context":"En &quot;CINTILLO&quot;","block_context":{"text":"CINTILLO","link":"https:\/\/www.grieta.org.mx\/index.php\/category\/cintillo\/"},"img":{"alt_text":"","src":"https:\/\/i0.wp.com\/www.grieta.org.mx\/wp-content\/uploads\/2022\/04\/https-_www.debate.com_.mx___export_1650472510148_sites_debate_img_2022_04_20_gm.jpg_346753400.jpg?resize=350%2C200&ssl=1","width":350,"height":200},"classes":[]},{"id":64092,"url":"https:\/\/www.grieta.org.mx\/index.php\/2022\/04\/26\/el-nuevo-sindicato-independiente-de-gm-en-mexico-busca-un-aumento-salarial-del-19-2-la-automotriz-respondio-con-una-contraoferta-del-3-5-guanajuato\/","url_meta":{"origin":63876,"position":3},"title":"El nuevo sindicato independiente de GM en M\u00e9xico busca un aumento salarial del 19.2%; la automotriz respondi\u00f3 con una contraoferta del 3.5% (Guanajuato)","author":"grieta","date":"26 abril, 2022","format":false,"excerpt":"Aleyda \u00c1ngel, Xataka M\u00e9xico, 26 Abril 2022 En febrero pasado, los trabajadores de la planta de General Motors en Silao, Guanajuato, votaron por un nuevo sindicato. Con un 76% de los votos, el Sindicato Independiente Nacional de Trabajadores y Trabajadoras de la Industria Automotriz (SINTTIA) gan\u00f3 esas elecciones, derrotando a\u2026","rel":"","context":"En &quot;CINTILLO&quot;","block_context":{"text":"CINTILLO","link":"https:\/\/www.grieta.org.mx\/index.php\/category\/cintillo\/"},"img":{"alt_text":"","src":"https:\/\/i0.wp.com\/www.grieta.org.mx\/wp-content\/uploads\/2022\/04\/1366_2000.jpeg?resize=350%2C200&ssl=1","width":350,"height":200,"srcset":"https:\/\/i0.wp.com\/www.grieta.org.mx\/wp-content\/uploads\/2022\/04\/1366_2000.jpeg?resize=350%2C200&ssl=1 1x, https:\/\/i0.wp.com\/www.grieta.org.mx\/wp-content\/uploads\/2022\/04\/1366_2000.jpeg?resize=525%2C300&ssl=1 1.5x, https:\/\/i0.wp.com\/www.grieta.org.mx\/wp-content\/uploads\/2022\/04\/1366_2000.jpeg?resize=700%2C400&ssl=1 2x, https:\/\/i0.wp.com\/www.grieta.org.mx\/wp-content\/uploads\/2022\/04\/1366_2000.jpeg?resize=1050%2C600&ssl=1 3x"},"classes":[]},{"id":63545,"url":"https:\/\/www.grieta.org.mx\/index.php\/2022\/02\/24\/la-convulsion-toca-a-mazda-obreros-se-organizan-contra-cacicazgo-de-ctm-guanajuato\/","url_meta":{"origin":63876,"position":4},"title":"La convulsi\u00f3n toca a Mazda: obreros se organizan contra cacicazgo de CTM (Guanajuato)","author":"grieta","date":"24 febrero, 2022","format":false,"excerpt":"Victoria del sindicato independiente en General Motors despierta a trabajadores que quieren negociar contratos de forma democr\u00e1tica; en la armadora japonesa de Salamanca el l\u00edder sindical es hermano del jerarca cetemista Carlos Aceves Yajaira Gasca Mendoza, 24 de febrero de 2022 El presunto despido de m\u00e1s de 200 trabajadores de\u2026","rel":"","context":"En &quot;CINTILLO&quot;","block_context":{"text":"CINTILLO","link":"https:\/\/www.grieta.org.mx\/index.php\/category\/cintillo\/"},"img":{"alt_text":"","src":"https:\/\/i0.wp.com\/www.grieta.org.mx\/wp-content\/uploads\/2022\/02\/PMAZDAS_2.jpg?resize=350%2C200&ssl=1","width":350,"height":200,"srcset":"https:\/\/i0.wp.com\/www.grieta.org.mx\/wp-content\/uploads\/2022\/02\/PMAZDAS_2.jpg?resize=350%2C200&ssl=1 1x, https:\/\/i0.wp.com\/www.grieta.org.mx\/wp-content\/uploads\/2022\/02\/PMAZDAS_2.jpg?resize=525%2C300&ssl=1 1.5x, https:\/\/i0.wp.com\/www.grieta.org.mx\/wp-content\/uploads\/2022\/02\/PMAZDAS_2.jpg?resize=700%2C400&ssl=1 2x, https:\/\/i0.wp.com\/www.grieta.org.mx\/wp-content\/uploads\/2022\/02\/PMAZDAS_2.jpg?resize=1050%2C600&ssl=1 3x, https:\/\/i0.wp.com\/www.grieta.org.mx\/wp-content\/uploads\/2022\/02\/PMAZDAS_2.jpg?resize=1400%2C800&ssl=1 4x"},"classes":[]},{"id":59832,"url":"https:\/\/www.grieta.org.mx\/index.php\/2021\/06\/16\/celebran-trabajadores-de-gm-silao-apoyo-internacional-guanajuato\/","url_meta":{"origin":63876,"position":5},"title":"Celebran trabajadores de GM Silao apoyo internacional (Guanajuato)","author":"grieta","date":"16 junio, 2021","format":false,"excerpt":"\u00d3scar Ramos - Alejandra S\u00e1nchez | El Sol de Le\u00f3n, 16 de mayo de 2021 Silao, Gto.- La plantilla de 10 mil trabajadores de General Motors (GM) Planta Silao, son vistos como bot\u00edn pol\u00edtico y econ\u00f3mico por parte de la centrales sindicales como CTM y CATEM, las que intentaron reclutar\u2026","rel":"","context":"En &quot;CINTILLO&quot;","block_context":{"text":"CINTILLO","link":"https:\/\/www.grieta.org.mx\/index.php\/category\/cintillo\/"},"img":{"alt_text":"","src":"https:\/\/i0.wp.com\/www.grieta.org.mx\/wp-content\/uploads\/2021\/06\/SINDICATO-AUTOPARTES-GM-CTM.jpg?resize=350%2C200&ssl=1","width":350,"height":200,"srcset":"https:\/\/i0.wp.com\/www.grieta.org.mx\/wp-content\/uploads\/2021\/06\/SINDICATO-AUTOPARTES-GM-CTM.jpg?resize=350%2C200&ssl=1 1x, https:\/\/i0.wp.com\/www.grieta.org.mx\/wp-content\/uploads\/2021\/06\/SINDICATO-AUTOPARTES-GM-CTM.jpg?resize=525%2C300&ssl=1 1.5x, https:\/\/i0.wp.com\/www.grieta.org.mx\/wp-content\/uploads\/2021\/06\/SINDICATO-AUTOPARTES-GM-CTM.jpg?resize=700%2C400&ssl=1 2x"},"classes":[]}],"_links":{"self":[{"href":"https:\/\/www.grieta.org.mx\/index.php\/wp-json\/wp\/v2\/posts\/63876","targetHints":{"allow":["GET"]}}],"collection":[{"href":"https:\/\/www.grieta.org.mx\/index.php\/wp-json\/wp\/v2\/posts"}],"about":[{"href":"https:\/\/www.grieta.org.mx\/index.php\/wp-json\/wp\/v2\/types\/post"}],"author":[{"embeddable":true,"href":"https:\/\/www.grieta.org.mx\/index.php\/wp-json\/wp\/v2\/users\/2"}],"replies":[{"embeddable":true,"href":"https:\/\/www.grieta.org.mx\/index.php\/wp-json\/wp\/v2\/comments?post=63876"}],"version-history":[{"count":1,"href":"https:\/\/www.grieta.org.mx\/index.php\/wp-json\/wp\/v2\/posts\/63876\/revisions"}],"predecessor-version":[{"id":63879,"href":"https:\/\/www.grieta.org.mx\/index.php\/wp-json\/wp\/v2\/posts\/63876\/revisions\/63879"}],"wp:featuredmedia":[{"embeddable":true,"href":"https:\/\/www.grieta.org.mx\/index.php\/wp-json\/wp\/v2\/media\/63877"}],"wp:attachment":[{"href":"https:\/\/www.grieta.org.mx\/index.php\/wp-json\/wp\/v2\/media?parent=63876"}],"wp:term":[{"taxonomy":"category","embeddable":true,"href":"https:\/\/www.grieta.org.mx\/index.php\/wp-json\/wp\/v2\/categories?post=63876"},{"taxonomy":"post_tag","embeddable":true,"href":"https:\/\/www.grieta.org.mx\/index.php\/wp-json\/wp\/v2\/tags?post=63876"}],"curies":[{"name":"wp","href":"https:\/\/api.w.org\/{rel}","templated":true}]}}