{"id":63859,"date":"2022-03-13T12:05:45","date_gmt":"2022-03-13T18:05:45","guid":{"rendered":"https:\/\/www.grieta.org.mx\/?p=63859"},"modified":"2022-03-28T13:08:16","modified_gmt":"2022-03-28T19:08:16","slug":"contaminacion-por-excremento-de-cerdos-igual-a-la-que-generan-habitantes-de-ciudad-caucel-yucatan","status":"publish","type":"post","link":"https:\/\/www.grieta.org.mx\/index.php\/2022\/03\/13\/contaminacion-por-excremento-de-cerdos-igual-a-la-que-generan-habitantes-de-ciudad-caucel-yucatan\/","title":{"rendered":"Contaminaci\u00f3n por excremento de cerdos, igual a la que generan habitantes de Ciudad Caucel (Yucat\u00e1n)"},"content":{"rendered":"<p>Rub\u00e9n Dar\u00edo Hau \/Fotos Mart\u00edn Zetina \/ PorEsto!<\/p>\n<blockquote><p>&#8220;Es una falsa idea decir que en Yucat\u00e1n hay mucha agua y de buena calidad como atractivo para atraer empresas&#8221;, expuso el especialista de la UNAM ante la contaminaci\u00f3n de granjas porc\u00edcolas<\/p><\/blockquote>\n<p>Yucat\u00e1n ocupa el tercer lugar en producci\u00f3n de carne de cerdo que se exporta a Jap\u00f3n, China y Europa, pero todo el excremento se queda en la entidad, generando grave contaminaci\u00f3n al manto acu\u00edfero, cuyo da\u00f1o equivale al doble de los desechos org\u00e1nicos que se obtiene de los m\u00e1s de 20 mil habitantes de Ciudad Caucel en M\u00e9rida.<\/p>\n<p>De acuerdo con el doctor Francisco Bautista, del Centro de Investigadores en Geograf\u00eda Ambiental de la Universidad Aut\u00f3noma de M\u00e9xico (UNAM), una mega granja de Kek\u00e9n con 50 mil cerdos contamina el doble de lo que har\u00edan los 25 mil habitantes de Tekax. Sin embargo, esta idea queda corta porque el problema es mucho mayor que eso, ya que los animales que se cr\u00edan en la entidad representan el doble de la poblaci\u00f3n total de Yucat\u00e1n, es decir, alrededor de 4 millones de cerdos.<\/p>\n<p><img loading=\"lazy\" decoding=\"async\" data-attachment-id=\"63861\" data-permalink=\"https:\/\/www.grieta.org.mx\/index.php\/2022\/03\/13\/contaminacion-por-excremento-de-cerdos-igual-a-la-que-generan-habitantes-de-ciudad-caucel-yucatan\/cerdos2\/\" data-orig-file=\"https:\/\/www.grieta.org.mx\/wp-content\/uploads\/2022\/03\/Cerdos2-e1648493784577.png\" data-orig-size=\"800,439\" data-comments-opened=\"0\" data-image-meta=\"{&quot;aperture&quot;:&quot;0&quot;,&quot;credit&quot;:&quot;&quot;,&quot;camera&quot;:&quot;&quot;,&quot;caption&quot;:&quot;&quot;,&quot;created_timestamp&quot;:&quot;0&quot;,&quot;copyright&quot;:&quot;&quot;,&quot;focal_length&quot;:&quot;0&quot;,&quot;iso&quot;:&quot;0&quot;,&quot;shutter_speed&quot;:&quot;0&quot;,&quot;title&quot;:&quot;&quot;,&quot;orientation&quot;:&quot;0&quot;}\" data-image-title=\"Cerdos2\" data-image-description=\"\" data-image-caption=\"\" data-medium-file=\"https:\/\/www.grieta.org.mx\/wp-content\/uploads\/2022\/03\/Cerdos2-300x165.png\" data-large-file=\"https:\/\/www.grieta.org.mx\/wp-content\/uploads\/2022\/03\/Cerdos2-1024x562.png\" src=\"http:\/\/www.grieta.org.mx\/wp-content\/uploads\/2022\/03\/Cerdos2-e1648493784577.png\" alt=\"\" width=\"800\" height=\"439\" class=\"alignnone size-full wp-image-63861\" \/><\/p>\n<p>Francisco Bautista, quien tambi\u00e9n es miembro del Sistema Nacional de Investigadores nivel 2 y de la Academia Mexicana de Ciencias, afirm\u00f3 que todav\u00eda no se ha inventado un sistema de tratamiento de aguas residuales capaz de limpiar al 100 por ciento la orina y las heces fecales de los cerdos, a pesar de que la empresa utiliza esquemas para procesar las excretas.<\/p>\n<p>Las granjas, agreg\u00f3, usan al d\u00eda un mill\u00f3n y medio de litros de agua para limpiar los pisos, barriendo con ello orina, heces fecales, hormonas y todos los qu\u00edmicos que se emplean en las f\u00f3rmulas de los alimentos. Todo va hacia el subsuelo de alguna manera, da\u00f1ando permanentemente el delgado espejo de agua que tenemos.<\/p>\n<p>Esta materia org\u00e1nica de los cerdos se desecha finalmente en procesos de aspersi\u00f3n que absorbe el suelo y tambi\u00e9n se esparce al aire causando contaminaci\u00f3n ambiental y malos olores. Es m\u00e1s, el suelo yucateco no es bueno para recibir aguas residuales porque tiene una capa delgada de tierra de 20 cent\u00edmetros aproximadamente, a diferencia del suelo de otras partes del pa\u00eds, como Michoac\u00e1n, que es de dos metros.<\/p>\n<p><img loading=\"lazy\" decoding=\"async\" data-attachment-id=\"63862\" data-permalink=\"https:\/\/www.grieta.org.mx\/index.php\/2022\/03\/13\/contaminacion-por-excremento-de-cerdos-igual-a-la-que-generan-habitantes-de-ciudad-caucel-yucatan\/cerdos3\/\" data-orig-file=\"https:\/\/www.grieta.org.mx\/wp-content\/uploads\/2022\/03\/Cerdos3-e1648493875150.png\" data-orig-size=\"800,441\" data-comments-opened=\"0\" data-image-meta=\"{&quot;aperture&quot;:&quot;0&quot;,&quot;credit&quot;:&quot;&quot;,&quot;camera&quot;:&quot;&quot;,&quot;caption&quot;:&quot;&quot;,&quot;created_timestamp&quot;:&quot;0&quot;,&quot;copyright&quot;:&quot;&quot;,&quot;focal_length&quot;:&quot;0&quot;,&quot;iso&quot;:&quot;0&quot;,&quot;shutter_speed&quot;:&quot;0&quot;,&quot;title&quot;:&quot;&quot;,&quot;orientation&quot;:&quot;0&quot;}\" data-image-title=\"Cerdos3\" data-image-description=\"\" data-image-caption=\"\" data-medium-file=\"https:\/\/www.grieta.org.mx\/wp-content\/uploads\/2022\/03\/Cerdos3-300x165.png\" data-large-file=\"https:\/\/www.grieta.org.mx\/wp-content\/uploads\/2022\/03\/Cerdos3-1024x565.png\" src=\"http:\/\/www.grieta.org.mx\/wp-content\/uploads\/2022\/03\/Cerdos3-e1648493875150.png\" alt=\"\" width=\"800\" height=\"441\" class=\"alignnone size-full wp-image-63862\" \/><\/p>\n<p>Desde el punto de vista del investigador, empresas como Kek\u00e9n est\u00e1n enviando al agua un \u201cc\u00f3ctel de qu\u00edmicos\u201d que contaminan gravemente el suelo y a las aguas subterr\u00e1neas, y la prueba es que el Gobierno prohibi\u00f3  desde hace a\u00f1os el consumo de agua de pozo en M\u00e9rida y en todas las ciudades, por la contaminaci\u00f3n que causa el uso de miles de fosas s\u00e9pticas, por eso se recurre a la perforaci\u00f3n de pozos profundos y al tratamiento de las aguas consumibles.<\/p>\n<p>POR ESTO! ha dado a conocer el malestar de habitantes de Hom\u00fan y, m\u00e1s recientemente, de Sitilpech, comisar\u00eda de Izamal, en donde Kek\u00e9n cr\u00eda cerdos y lanza al subsuelo los l\u00edquidos aparentemente procesados mediante aspersores, a trav\u00e9s de un laberinto de tuber\u00edas. Las familias ya empiezan a sufrir los efectos en la piel, en el aire y en el agua y han iniciado procesos legales, cuyos fallos favorecen a las empresas, por tanto, tienen que recurrir a amparos para buscar justicia.<\/p>\n<p>Francisco Bautista dijo que tiene conocimiento de que las autoridades federales han otorgado m\u00e1s de 30 mil concesiones de extracci\u00f3n de agua para diversas empresas, entre ellas las que cr\u00edan cerdos, sin percatarse que est\u00e1n autorizando la contaminaci\u00f3n permanente de las aguas de Yucat\u00e1n.<\/p>\n<p>Dijo que en una escala de uno a 10, el agua menos contaminada se ubica en los municipios del Centro de Yucat\u00e1n, que tienen una calidad de ocho y en su alrededor va disminuyendo a seis, hasta llegar a cuatro en el Sur y en la zona costera por contener m\u00e1s salinidad y contaminaci\u00f3n.<\/p>\n<p>    \u201cEs una falsa idea decir que en Yucat\u00e1n hay mucha agua y de buena calidad como atractivo para atraer a empresas\u201d, dijo. <\/p>\n<p>El investigador precis\u00f3 que las dos \u00fanicas reservas acu\u00edferas importantes que tiene Yucat\u00e1n es Cuxtal en M\u00e9rida, y los m\u00e1s de 3 mil cenotes, pero con la proliferaci\u00f3n de granjas porcinas se da\u00f1a la reserva hidrol\u00f3gica. \u201cC\u00f3mo podemos ser tan ciegos y no darnos cuenta de eso\u201d, afirm\u00f3.<\/p>\n<p>Tambi\u00e9n es una falacia decir que las mega granjas est\u00e1n generando empleo, pues, la verdad, a los empleados se les paga 170 pesos diarios, que no alcanzan para comer. Adem\u00e1s, se est\u00e1 abriendo todo el Estado con posibilidad de establecer granjas porcinas, seg\u00fan se ha detectado en el Plan de Ordenamiento Ecol\u00f3gico de Yucat\u00e1n (POETY), lo que no deber\u00eda de suceder.<\/p>\n<p>Propuso crear un Consejo Cient\u00edfico Asesor para los porcicultores, integrado por expertos que puedan trabajar para mitigar los da\u00f1os y orientar hacia d\u00f3nde se deben reubicar las plantas porcinas para reducir los da\u00f1os al medio ambiente y a la salud de la poblaci\u00f3n. Lo ideal, dijo, es que se establezcan en el Sur de Yucat\u00e1n, donde el agua es m\u00e1s salina, pues las empresas no requieren agua de calidad.<\/p>\n<p>Algunas granjas de Estados Unidos utilizan jaladores de agua que aplican en pisos bien nivelados, de modo que es poca la cantidad del l\u00edquido que se requiere y adem\u00e1s aplican procesos de separaci\u00f3n de contaminantes, lo que en Yucat\u00e1n no sucede.<\/p>\n<p>Aqu\u00ed, por ejemplo,  no hay procedimientos para separar los antibi\u00f3ticos y las hormonas antes de echarlas a las fosas de agua, pues se sabe que los microbi\u00f3ticos matan a los microorganismos que deber\u00edan procesar los qu\u00edmicos.<\/p>\n<p>\u201cQuiero pensar que las cosas pueden cambiar en Yucat\u00e1n\u201d, dijo. <\/p>\n<p><a href=\"https:\/\/www.poresto.net\/yucatan\/2022\/3\/13\/contaminacion-por-excremento-de-cerdos-igual-la-que-generan-habitantes-de-ciudad-caucel-324359.html\" rel=\"noopener\" target=\"_blank\">https:\/\/www.poresto.net\/yucatan\/2022\/3\/13\/contaminacion-por-excremento-de-cerdos-igual-la-que-generan-habitantes-de-ciudad-caucel-324359.html<\/a><\/p>\n","protected":false},"excerpt":{"rendered":"<p>Rub\u00e9n Dar\u00edo Hau \/Fotos Mart\u00edn Zetina \/ PorEsto! &#8220;Es una falsa idea decir que en Yucat\u00e1n hay mucha agua y de buena calidad como atractivo para atraer empresas&#8221;, expuso el &hellip; <a href=\"https:\/\/www.grieta.org.mx\/index.php\/2022\/03\/13\/contaminacion-por-excremento-de-cerdos-igual-a-la-que-generan-habitantes-de-ciudad-caucel-yucatan\/\" class=\"more-link\">Leer m\u00e1s<\/a><\/p>\n","protected":false},"author":2,"featured_media":63860,"comment_status":"closed","ping_status":"closed","sticky":false,"template":"","format":"standard","meta":{"ngg_post_thumbnail":0,"_jetpack_newsletter_access":"","_jetpack_dont_email_post_to_subs":false,"_jetpack_newsletter_tier_id":0,"_jetpack_memberships_contains_paywalled_content":false,"_jetpack_memberships_contains_paid_content":false,"footnotes":""},"categories":[60,42,80,3538,2943,984,1,954,1020,1023,3,922,952,2,36],"tags":[425,91,2177,1022,3785],"class_list":["post-63859","post","type-post","status-publish","format-standard","has-post-thumbnail","hentry","category-16-pueblo-maya","category-agroindustria","category-cintillo","category-crisis-del-agua-en-yucatan","category-destruccion-y-contaminacion-ambiental-en-yucatan","category-esp-yucatan","category-espejos-de-la-resistencia","category-espejos-estados","category-granja-porcicola","category-lucha-contra-granja-porcicola","category-megaproyectos","category-megaproyectos-estados","category-mp-yucatan","category-noticias-nacionales","category-yucatan","tag-contaminacion-agua","tag-contaminacion-ambiental","tag-contaminacion-de-acuiferos","tag-granja-porcicola","tag-megagranja","entry"],"jetpack_featured_media_url":"https:\/\/www.grieta.org.mx\/wp-content\/uploads\/2022\/03\/Cerdos-e1648493629766.png","jetpack_sharing_enabled":true,"jetpack_shortlink":"https:\/\/wp.me\/p7ZJR4-gBZ","jetpack_likes_enabled":false,"jetpack-related-posts":[{"id":64282,"url":"https:\/\/www.grieta.org.mx\/index.php\/2022\/05\/17\/habitantes-de-sitilpech-exigen-cerrar-granjas-porcicolas-en-yucatan-afuera-del-poder-judicial\/","url_meta":{"origin":63859,"position":0},"title":"Habitantes de Sitilpech exigen cerrar granjas porc\u00edcolas en Yucat\u00e1n afuera del Poder Judicial","author":"grieta","date":"17 mayo, 2022","format":false,"excerpt":"Ruben Dar\u00edo Hau \/ Por Esto! Habitantes de Sitilpech, comisar\u00eda de Izamal, se manifiestan frente a la sede del Poder Judicial de la Federal, en M\u00e9rida, para insistir en que el Juez Primero de Distrito conceda la suspensi\u00f3n definitiva de la granja porc\u00edcola, Kancabch\u00e9n II, aparcera de Kek\u00e9n. El pasado\u2026","rel":"","context":"En &quot;16. Pueblo Maya&quot;","block_context":{"text":"16. Pueblo Maya","link":"https:\/\/www.grieta.org.mx\/index.php\/category\/espejos-de-la-resistencia\/16-pueblo-maya\/"},"img":{"alt_text":"","src":"https:\/\/i0.wp.com\/www.grieta.org.mx\/wp-content\/uploads\/2022\/05\/Sitilpech-e1653577169242.png?resize=350%2C200&ssl=1","width":350,"height":200,"srcset":"https:\/\/i0.wp.com\/www.grieta.org.mx\/wp-content\/uploads\/2022\/05\/Sitilpech-e1653577169242.png?resize=350%2C200&ssl=1 1x, https:\/\/i0.wp.com\/www.grieta.org.mx\/wp-content\/uploads\/2022\/05\/Sitilpech-e1653577169242.png?resize=525%2C300&ssl=1 1.5x, https:\/\/i0.wp.com\/www.grieta.org.mx\/wp-content\/uploads\/2022\/05\/Sitilpech-e1653577169242.png?resize=700%2C400&ssl=1 2x"},"classes":[]},{"id":65920,"url":"https:\/\/www.grieta.org.mx\/index.php\/2022\/12\/08\/con-excremento-frente-al-poder-judicial-de-la-federacion-yucatecos-piden-suspension-definitiva-de-las-granjas-porcicolas-yucatan\/","url_meta":{"origin":63859,"position":1},"title":"Con excremento frente al Poder Judicial de la Federaci\u00f3n, yucatecos piden suspensi\u00f3n definitiva de las granjas porc\u00edcolas (Yucat\u00e1n)","author":"grieta","date":"8 diciembre, 2022","format":false,"excerpt":"Itzel Chan \/ Noticaribe M\u00c9RIDA, MX.- Habitantes de Sitilpech no han quitado el dedo del rengl\u00f3n y una vez m\u00e1s volvieron a manifestarse a las afueras del Poder Judicial de la Federaci\u00f3n, pero esta vez lo hicieron con excremento de cerdo dentro de un recipiente, para exigir as\u00ed que sea\u2026","rel":"","context":"En &quot;Agroindustria&quot;","block_context":{"text":"Agroindustria","link":"https:\/\/www.grieta.org.mx\/index.php\/category\/megaproyectos\/agroindustria\/"},"img":{"alt_text":"","src":"https:\/\/i0.wp.com\/www.grieta.org.mx\/wp-content\/uploads\/2022\/12\/Sitilpech10-e1671047518116.jpg?resize=350%2C200&ssl=1","width":350,"height":200,"srcset":"https:\/\/i0.wp.com\/www.grieta.org.mx\/wp-content\/uploads\/2022\/12\/Sitilpech10-e1671047518116.jpg?resize=350%2C200&ssl=1 1x, https:\/\/i0.wp.com\/www.grieta.org.mx\/wp-content\/uploads\/2022\/12\/Sitilpech10-e1671047518116.jpg?resize=525%2C300&ssl=1 1.5x, https:\/\/i0.wp.com\/www.grieta.org.mx\/wp-content\/uploads\/2022\/12\/Sitilpech10-e1671047518116.jpg?resize=700%2C400&ssl=1 2x"},"classes":[]},{"id":69432,"url":"https:\/\/www.grieta.org.mx\/index.php\/2024\/08\/10\/granjas-de-keken-generan-plagas-de-gusanos-y-moscas-en-cultivos-de-yucatan\/","url_meta":{"origin":63859,"position":2},"title":"Granjas de Kek\u00e9n generan plagas de gusanos y moscas en cultivos de Yucat\u00e1n","author":"grieta","date":"10 agosto, 2024","format":false,"excerpt":"William Casanova \/ Por Esto! Los desechos que generan las granjas de K\u00e9ken entre Kinchil y Celest\u00fan, provocaron que surgieran plagas en los cultivos A casi dos semanas de la contaminaci\u00f3n de una vasta zona entre Kinchil y Celest\u00fan por los lixiviados de las granjas industriales de cerdos que rebosan\u2026","rel":"","context":"En &quot;Agroindustria&quot;","block_context":{"text":"Agroindustria","link":"https:\/\/www.grieta.org.mx\/index.php\/category\/megaproyectos\/agroindustria\/"},"img":{"alt_text":"","src":"https:\/\/i0.wp.com\/www.grieta.org.mx\/wp-content\/uploads\/2024\/08\/Granjas-e1724115739423.jpg?resize=350%2C200&ssl=1","width":350,"height":200,"srcset":"https:\/\/i0.wp.com\/www.grieta.org.mx\/wp-content\/uploads\/2024\/08\/Granjas-e1724115739423.jpg?resize=350%2C200&ssl=1 1x, https:\/\/i0.wp.com\/www.grieta.org.mx\/wp-content\/uploads\/2024\/08\/Granjas-e1724115739423.jpg?resize=525%2C300&ssl=1 1.5x, https:\/\/i0.wp.com\/www.grieta.org.mx\/wp-content\/uploads\/2024\/08\/Granjas-e1724115739423.jpg?resize=700%2C400&ssl=1 2x"},"classes":[]},{"id":67967,"url":"https:\/\/www.grieta.org.mx\/index.php\/2023\/10\/21\/contaminacion-de-megagranjas-mucho-peor-de-lo-que-pensabamos-yucatan\/","url_meta":{"origin":63859,"position":3},"title":"\u00abContaminaci\u00f3n de megagranjas, mucho peor de lo que pens\u00e1bamos\u00bb (Yucat\u00e1n)","author":"grieta","date":"21 octubre, 2023","format":false,"excerpt":"Haz Ruido El pueblo maya de Hom\u00fan celebr\u00f3 seis a\u00f1os de lucha contra f\u00e1brica de cerdos y exigi\u00f3 al Gobierno federal que informe a las comunidades sobre la situaci\u00f3n de contaminaci\u00f3n que provocan estos megaproyectos en Yucat\u00e1n Hom\u00fan, Yucat\u00e1n, 21 de octubre de 2023.- La contaminaci\u00f3n \u201ces mucho peor de\u2026","rel":"","context":"En &quot;16. Pueblo Maya&quot;","block_context":{"text":"16. Pueblo Maya","link":"https:\/\/www.grieta.org.mx\/index.php\/category\/espejos-de-la-resistencia\/16-pueblo-maya\/"},"img":{"alt_text":"","src":"https:\/\/i0.wp.com\/www.grieta.org.mx\/wp-content\/uploads\/2023\/10\/Homun-1-e1698240521601.jpg?resize=350%2C200&ssl=1","width":350,"height":200,"srcset":"https:\/\/i0.wp.com\/www.grieta.org.mx\/wp-content\/uploads\/2023\/10\/Homun-1-e1698240521601.jpg?resize=350%2C200&ssl=1 1x, https:\/\/i0.wp.com\/www.grieta.org.mx\/wp-content\/uploads\/2023\/10\/Homun-1-e1698240521601.jpg?resize=525%2C300&ssl=1 1.5x, https:\/\/i0.wp.com\/www.grieta.org.mx\/wp-content\/uploads\/2023\/10\/Homun-1-e1698240521601.jpg?resize=700%2C400&ssl=1 2x"},"classes":[]},{"id":59602,"url":"https:\/\/www.grieta.org.mx\/index.php\/2021\/05\/27\/sigue-la-lucha-ambiental-en-yucatan-profepa-clausura-cuatro-granjas-porcicolas-tras-denuncias-colectivas\/","url_meta":{"origin":63859,"position":4},"title":"Sigue la lucha ambiental en Yucat\u00e1n: Profepa clausura cuatro granjas porc\u00edcolas, tras denuncias colectivas","author":"grieta","date":"27 mayo, 2021","format":false,"excerpt":"Itzel Chan \/ Noticaribe M\u00c9RIDA, MX.- Luego de una denuncia realizada por m\u00e1s de 50 ciudadanos, representantes de 21 comunidades mayas, la Procuradur\u00eda Federal de Protecci\u00f3n al Ambiente (Profepa) suspendi\u00f3 las actividades de cuatro granjas porc\u00edcolas distribuidas en Yucat\u00e1n. A ra\u00edz de una denuncia de tipo regional, realizada el pasado\u2026","rel":"","context":"En &quot;Agroindustria&quot;","block_context":{"text":"Agroindustria","link":"https:\/\/www.grieta.org.mx\/index.php\/category\/megaproyectos\/agroindustria\/"},"img":{"alt_text":"","src":"https:\/\/i0.wp.com\/www.grieta.org.mx\/wp-content\/uploads\/2021\/05\/Clausura.png?resize=350%2C200&ssl=1","width":350,"height":200,"srcset":"https:\/\/i0.wp.com\/www.grieta.org.mx\/wp-content\/uploads\/2021\/05\/Clausura.png?resize=350%2C200&ssl=1 1x, https:\/\/i0.wp.com\/www.grieta.org.mx\/wp-content\/uploads\/2021\/05\/Clausura.png?resize=525%2C300&ssl=1 1.5x, https:\/\/i0.wp.com\/www.grieta.org.mx\/wp-content\/uploads\/2021\/05\/Clausura.png?resize=700%2C400&ssl=1 2x"},"classes":[]},{"id":41261,"url":"https:\/\/www.grieta.org.mx\/index.php\/2019\/11\/17\/descubren-cerros-de-excremento-afuera-de-un-pueblo-maya-al-poniente-de-yucatan\/","url_meta":{"origin":63859,"position":5},"title":"Descubren cerros de excremento afuera de un pueblo maya al poniente de Yucat\u00e1n","author":"grieta","date":"17 noviembre, 2019","format":false,"excerpt":"La Verdad La Uni\u00f3n de de Pobladores y Avecindados de la Comunidad Maya de San Antonio Chel, al poniente de Yucat\u00e1n, descubrieron cerros de excremento almacenados de forma clandestina al poniente de Yucat\u00e1n. Habitantes de San Antonio Chel, perteneciente a Hunucm\u00e1, al poniente de Yucat\u00e1n, dieron a conocer el hallazgo\u2026","rel":"","context":"En &quot;CINTILLO&quot;","block_context":{"text":"CINTILLO","link":"https:\/\/www.grieta.org.mx\/index.php\/category\/cintillo\/"},"img":{"alt_text":"","src":"https:\/\/i0.wp.com\/www.grieta.org.mx\/wp-content\/uploads\/2019\/11\/excremento.jpg?resize=350%2C200&ssl=1","width":350,"height":200,"srcset":"https:\/\/i0.wp.com\/www.grieta.org.mx\/wp-content\/uploads\/2019\/11\/excremento.jpg?resize=350%2C200&ssl=1 1x, https:\/\/i0.wp.com\/www.grieta.org.mx\/wp-content\/uploads\/2019\/11\/excremento.jpg?resize=525%2C300&ssl=1 1.5x, https:\/\/i0.wp.com\/www.grieta.org.mx\/wp-content\/uploads\/2019\/11\/excremento.jpg?resize=700%2C400&ssl=1 2x"},"classes":[]}],"_links":{"self":[{"href":"https:\/\/www.grieta.org.mx\/index.php\/wp-json\/wp\/v2\/posts\/63859","targetHints":{"allow":["GET"]}}],"collection":[{"href":"https:\/\/www.grieta.org.mx\/index.php\/wp-json\/wp\/v2\/posts"}],"about":[{"href":"https:\/\/www.grieta.org.mx\/index.php\/wp-json\/wp\/v2\/types\/post"}],"author":[{"embeddable":true,"href":"https:\/\/www.grieta.org.mx\/index.php\/wp-json\/wp\/v2\/users\/2"}],"replies":[{"embeddable":true,"href":"https:\/\/www.grieta.org.mx\/index.php\/wp-json\/wp\/v2\/comments?post=63859"}],"version-history":[{"count":1,"href":"https:\/\/www.grieta.org.mx\/index.php\/wp-json\/wp\/v2\/posts\/63859\/revisions"}],"predecessor-version":[{"id":63863,"href":"https:\/\/www.grieta.org.mx\/index.php\/wp-json\/wp\/v2\/posts\/63859\/revisions\/63863"}],"wp:featuredmedia":[{"embeddable":true,"href":"https:\/\/www.grieta.org.mx\/index.php\/wp-json\/wp\/v2\/media\/63860"}],"wp:attachment":[{"href":"https:\/\/www.grieta.org.mx\/index.php\/wp-json\/wp\/v2\/media?parent=63859"}],"wp:term":[{"taxonomy":"category","embeddable":true,"href":"https:\/\/www.grieta.org.mx\/index.php\/wp-json\/wp\/v2\/categories?post=63859"},{"taxonomy":"post_tag","embeddable":true,"href":"https:\/\/www.grieta.org.mx\/index.php\/wp-json\/wp\/v2\/tags?post=63859"}],"curies":[{"name":"wp","href":"https:\/\/api.w.org\/{rel}","templated":true}]}}