{"id":63839,"date":"2022-03-22T12:48:12","date_gmt":"2022-03-22T18:48:12","guid":{"rendered":"https:\/\/www.grieta.org.mx\/?p=63839"},"modified":"2022-03-26T13:04:11","modified_gmt":"2022-03-26T19:04:11","slug":"piden-renuncia-de-la-secretaria-de-salud-colima-por-desabasto-de-medicamentos-e-insumos","status":"publish","type":"post","link":"https:\/\/www.grieta.org.mx\/index.php\/2022\/03\/22\/piden-renuncia-de-la-secretaria-de-salud-colima-por-desabasto-de-medicamentos-e-insumos\/","title":{"rendered":"Piden renuncia de la secretaria de Salud Colima, por desabasto de medicamentos e insumos"},"content":{"rendered":"<p>Foto: Edgardo Zamora<\/p>\n<p>Edgardo Zamora\u00a0 \/ El Occidental<\/p>\n<p>Una nueva manifestaci\u00f3n se dio por parte de\u00a0<b>trabajadores contra la secretaria de Salud de Colima<\/b>,\u00a0<b>Martha Janeth Espinosa Mej\u00eda<\/b>, esta vez por la falta de medicamentos e insumos.<\/p>\n<p>Fuera del Hospital Regional Universitario y encabezados por la dirigente de la Secci\u00f3n 30 del Sindicato Nacional de Trabajadores de la Secretar\u00eda de Salud (SNTSA), Dolores Gonz\u00e1lez Meza, m\u00e9dicos, enfermeras, personal de apoyo y familiares de los pacientes alzaron la voz en contra de las autoridades, espec\u00edficamente de la secretaria de Salud, Martha Yenet Espinosa Mej\u00eda, y reiteraron \u201csi no puede que se vaya\u201d.<\/p>\n<p>Esto fue por falta de insumos y medicamentos para atender a los pacientes en la que se denunci\u00f3 desde el pasado mes de febrero lleg\u00f3 el presupuesto al estado y no se han comprado medicinas, material de curaci\u00f3n, ni el equipo necesario para prestar el servicio a la poblaci\u00f3n.<\/p>\n<p>Gonz\u00e1lez Meza dijo que el abasto est\u00e1 apenas en un 10% lo cual calific\u00f3 de sumamente grave.<\/p>\n<p>\u201cNo es posible trabajar en las condiciones en las que est\u00e1n, pero adem\u00e1s es una injusticia para los m\u00e1s pobres, pues son quienes acuden a los servicios p\u00fablicos de salud\u201d, dijo la dirigente gremial.<\/p>\n<p>Adem\u00e1s agreg\u00f3 que la falta de medicamentos e insumos, se suma a la exigencia de la falta de seguridad fuera de los hospitales lo que pone en riesgo tanto a los pacientes como al personal que ah\u00ed labora.<\/p>\n<p>\u201cNo es posible trabajar en esas condiciones de falta de medicamentos e insumos, y es una injusticia porque la gente que viene aqu\u00ed a los servicios es la gente m\u00e1s pobres, la gente vulnerable que no tiene para comprar medicamentos y no tienen esa sensibilidad para poder resolver la problem\u00e1tica que a diario se presenta en los hospitales del estado\u201d, manifest\u00f3 Gonz\u00e1lez Meza.<\/p>\n<p>Dijo que si esperan a que el IMSS-Bienestar haga las licitaciones, muchos pacientes morir\u00e1n ya que falta muchos meses para que este proyecto se cumpla.<\/p>\n<p>Solicit\u00f3 la intervenci\u00f3n de la gobernadora Indira Vizca\u00edno Silva, para destrabar el problema.<\/p>\n<p>En el lugar hicieron \u201cClausura\u201d simb\u00f3lica de Hospital Regional Universitario, tras calificar de ineficiente a la titular de Salud en Colima.<\/p>\n<p>La dirigente sindical se\u00f1al\u00f3 que el mandato del presidente de la Rep\u00fablica en el tema de la salud p\u00fablica no se est\u00e1 cumpliendo, pues dijo que los pacientes ni sus familiares ten\u00edan que pagar por los medicamentos.<\/p>\n<p>Finalmente, Dolores Gonz\u00e1lez mencion\u00f3 que en este momento el Hospital Regional Universitario est\u00e1 lleno.<\/p>\n<p>\u201cHay m\u00e1s de 100 pacientes en camas, adem\u00e1s de los ambulatorios, pues no solamente se da el servicio a personas que viven en el estado de Colima, sino a gente de Jalisco, Michoac\u00e1n y hasta de Guerrero\u201d, coment\u00f3.<\/p>\n<p><a href=\"https:\/\/www.eloccidental.com.mx\/local\/piden-renuncia-de-la-secretaria-de-salud-colima-por-desabasto-de-medicamentos-e-insumos-8028642.html\">https:\/\/www.eloccidental.com.mx\/local\/piden-renuncia-de-la-secretaria-de-salud-colima-por-desabasto-de-medicamentos-e-insumos-8028642.html<\/a><\/p>\n","protected":false},"excerpt":{"rendered":"<p>Foto: Edgardo Zamora Edgardo Zamora\u00a0 \/ El Occidental Una nueva manifestaci\u00f3n se dio por parte de\u00a0trabajadores contra la secretaria de Salud de Colima,\u00a0Martha Janeth Espinosa Mej\u00eda, esta vez por la &hellip; <a href=\"https:\/\/www.grieta.org.mx\/index.php\/2022\/03\/22\/piden-renuncia-de-la-secretaria-de-salud-colima-por-desabasto-de-medicamentos-e-insumos\/\" class=\"more-link\">Leer m\u00e1s<\/a><\/p>\n","protected":false},"author":2,"featured_media":63840,"comment_status":"closed","ping_status":"closed","sticky":false,"template":"","format":"standard","meta":{"ngg_post_thumbnail":0,"_jetpack_newsletter_access":"","_jetpack_dont_email_post_to_subs":false,"_jetpack_newsletter_tier_id":0,"_jetpack_memberships_contains_paywalled_content":false,"_jetpack_memberships_contains_paid_content":false,"footnotes":""},"categories":[80,13,918,2365,2,83],"tags":[3133,2367,2366,3134,3284,3735,2372],"class_list":["post-63839","post","type-post","status-publish","format-standard","has-post-thumbnail","hentry","category-cintillo","category-colima","category-privatizacion-del-sector-salud","category-crisis-en-el-sector-salud-en-colima","category-noticias-nacionales","category-temas-nacionales","tag-crisis-del-sector-salud","tag-crisis-en-el-sector-salud","tag-desabasto-de-medicinas","tag-falta-de-atencion-medica","tag-falta-de-insumos-en-hospitales","tag-protestas-por-falta-de-tratamientos-medicos","tag-secretaria-salud","entry"],"jetpack_featured_media_url":"https:\/\/www.grieta.org.mx\/wp-content\/uploads\/2022\/03\/Solicitan-la-renuncia-de-la-secretaria-de-salud-de-Colima.jpg","jetpack_sharing_enabled":true,"jetpack_shortlink":"https:\/\/wp.me\/p7ZJR4-gBF","jetpack_likes_enabled":false,"jetpack-related-posts":[{"id":53148,"url":"https:\/\/www.grieta.org.mx\/index.php\/2020\/09\/05\/dolores-gonzalez-exige-a-diputados-federales-busquen-resolver-servicio-medico-en-clinica-del-issste-colima\/","url_meta":{"origin":63839,"position":0},"title":"Dolores Gonz\u00e1lez exige a diputados federales busquen resolver servicio m\u00e9dico en cl\u00ednica del ISSSTE Colima","author":"grieta","date":"5 septiembre, 2020","format":false,"excerpt":"Foto: Colima Noticias Edgardo Zamora \/ Colima Noticias Colima, Col.- La dirigente de la secci\u00f3n 30 del Sindicato Nacional de Trabajadores de la Secretar\u00eda de Salud, Dolores Gonz\u00e1lez Meza, hizo un llamado en\u00e9rgico a diputados federales para que resuelvan el servicio en la cl\u00ednica del ISSSTE para trabajadores de la\u2026","rel":"","context":"En &quot;CINTILLO&quot;","block_context":{"text":"CINTILLO","link":"https:\/\/www.grieta.org.mx\/index.php\/category\/cintillo\/"},"img":{"alt_text":"","src":"https:\/\/i0.wp.com\/www.grieta.org.mx\/wp-content\/uploads\/2020\/09\/issste-covid-19-colima-696x522-1.jpeg?resize=350%2C200&ssl=1","width":350,"height":200,"srcset":"https:\/\/i0.wp.com\/www.grieta.org.mx\/wp-content\/uploads\/2020\/09\/issste-covid-19-colima-696x522-1.jpeg?resize=350%2C200&ssl=1 1x, https:\/\/i0.wp.com\/www.grieta.org.mx\/wp-content\/uploads\/2020\/09\/issste-covid-19-colima-696x522-1.jpeg?resize=525%2C300&ssl=1 1.5x"},"classes":[]},{"id":53757,"url":"https:\/\/www.grieta.org.mx\/index.php\/2020\/09\/23\/hospital-general-de-tecoman-no-tiene-medicamentos-ventiladores-ni-tomas-de-oxigeno-colima\/","url_meta":{"origin":63839,"position":1},"title":"Hospital General de Tecom\u00e1n no tiene medicamentos, ventiladores, ni tomas de ox\u00edgeno (Colima)","author":"grieta","date":"23 septiembre, 2020","format":false,"excerpt":"Foto: Diario Avanzada Heidi de Le\u00f3n Guti\u00e9rrez \/ Diario Avanzada Colima, M\u00e9xico, Avanzada (23\/09\/2020).- M\u00e9dicos y pacientes del Hospital General de Tecom\u00e1n sufren el desabasto de medicamentos, material quir\u00fargico, ventiladores y condiciones adecuadas para poder ofrecer u recibir una adecuada atenci\u00f3n. La desprotecci\u00f3n en la que se encuentra este centro\u2026","rel":"","context":"En &quot;CINTILLO&quot;","block_context":{"text":"CINTILLO","link":"https:\/\/www.grieta.org.mx\/index.php\/category\/cintillo\/"},"img":{"alt_text":"","src":"https:\/\/i0.wp.com\/www.grieta.org.mx\/wp-content\/uploads\/2020\/09\/Salud-Covid-2.jpeg?resize=350%2C200&ssl=1","width":350,"height":200,"srcset":"https:\/\/i0.wp.com\/www.grieta.org.mx\/wp-content\/uploads\/2020\/09\/Salud-Covid-2.jpeg?resize=350%2C200&ssl=1 1x, https:\/\/i0.wp.com\/www.grieta.org.mx\/wp-content\/uploads\/2020\/09\/Salud-Covid-2.jpeg?resize=525%2C300&ssl=1 1.5x, https:\/\/i0.wp.com\/www.grieta.org.mx\/wp-content\/uploads\/2020\/09\/Salud-Covid-2.jpeg?resize=700%2C400&ssl=1 2x"},"classes":[]},{"id":51685,"url":"https:\/\/www.grieta.org.mx\/index.php\/2020\/07\/06\/issste-colima-con-desabasto-del-55-en-medicamentos-colima\/","url_meta":{"origin":63839,"position":2},"title":"ISSSTE Colima con desabasto del 55 % en medicamentos (Colima)","author":"grieta","date":"6 julio, 2020","format":false,"excerpt":"Foto: Ecos de la Costa Infoecos \/ Ecos de la Costa Derechohabientes del ISSSTE en Colima se quejan del desabasto de medicamentos que persiste en el sistema de salud hasta en un 55% en el cuadro b\u00e1sico, lo cual consideran como una afrenta grave por parte de las autoridades delegacionales\u2026","rel":"","context":"En &quot;CINTILLO&quot;","block_context":{"text":"CINTILLO","link":"https:\/\/www.grieta.org.mx\/index.php\/category\/cintillo\/"},"img":{"alt_text":"","src":"https:\/\/i0.wp.com\/www.grieta.org.mx\/wp-content\/uploads\/2020\/07\/p1f1.jpeg?resize=350%2C200&ssl=1","width":350,"height":200,"srcset":"https:\/\/i0.wp.com\/www.grieta.org.mx\/wp-content\/uploads\/2020\/07\/p1f1.jpeg?resize=350%2C200&ssl=1 1x, https:\/\/i0.wp.com\/www.grieta.org.mx\/wp-content\/uploads\/2020\/07\/p1f1.jpeg?resize=525%2C300&ssl=1 1.5x, https:\/\/i0.wp.com\/www.grieta.org.mx\/wp-content\/uploads\/2020\/07\/p1f1.jpeg?resize=700%2C400&ssl=1 2x"},"classes":[]},{"id":68885,"url":"https:\/\/www.grieta.org.mx\/index.php\/2024\/05\/10\/queremos-soluciones-protestan-por-segundo-dia-el-personal-de-salud-en-el-hospital-regional-colima\/","url_meta":{"origin":63839,"position":3},"title":"\u00a1Queremos soluciones!\u201d; protestan por segundo d\u00eda el personal de Salud en el Hospital Regional (Colima)","author":"grieta","date":"10 mayo, 2024","format":false,"excerpt":"Imagen: Diario Avanzada Redacci\u00f3n \/ Diario Avanzada Colima, M\u00e9xico, Avanzada (10\/05\/2024).- El personal del Hospital Regional Universitario volvi\u00f3 a manifestarse por segundo d\u00eda consecutivo debido a las carencias provocadas por el desabasto de instrumental y medicamentos. Durante media hora esta ma\u00f1ana, m\u00e9dicos, enfermeras y personal administrativo se congregaron a las\u2026","rel":"","context":"En &quot;CINTILLO&quot;","block_context":{"text":"CINTILLO","link":"https:\/\/www.grieta.org.mx\/index.php\/category\/cintillo\/"},"img":{"alt_text":"","src":"https:\/\/i0.wp.com\/www.grieta.org.mx\/wp-content\/uploads\/2024\/05\/img_8926-1.jpg?resize=350%2C200&ssl=1","width":350,"height":200,"srcset":"https:\/\/i0.wp.com\/www.grieta.org.mx\/wp-content\/uploads\/2024\/05\/img_8926-1.jpg?resize=350%2C200&ssl=1 1x, https:\/\/i0.wp.com\/www.grieta.org.mx\/wp-content\/uploads\/2024\/05\/img_8926-1.jpg?resize=525%2C300&ssl=1 1.5x, https:\/\/i0.wp.com\/www.grieta.org.mx\/wp-content\/uploads\/2024\/05\/img_8926-1.jpg?resize=700%2C400&ssl=1 2x, https:\/\/i0.wp.com\/www.grieta.org.mx\/wp-content\/uploads\/2024\/05\/img_8926-1.jpg?resize=1050%2C600&ssl=1 3x, https:\/\/i0.wp.com\/www.grieta.org.mx\/wp-content\/uploads\/2024\/05\/img_8926-1.jpg?resize=1400%2C800&ssl=1 4x"},"classes":[]},{"id":33846,"url":"https:\/\/www.grieta.org.mx\/index.php\/2019\/05\/22\/24-estados-en-crisis-de-doctores-y-medicamentos-en-el-issste-entre-ellos-colima\/","url_meta":{"origin":63839,"position":4},"title":"24 estados en crisis de doctores y medicamentos en el ISSSTE; entre ellos Colima","author":"grieta","date":"22 mayo, 2019","format":false,"excerpt":"CN COLIMANOTICIAS, 22 de mayo de 2019 M\u00e9xico.- Las afectaciones por los recortes al presupuesto del sector salud, que incluyen falta de m\u00e9dicos y enfermeras, escasez de medicamentos, reducci\u00f3n de apoyos a pasantes e incluso la cancelaci\u00f3n de aire acondicionado, se han extendido ya a hospitales de 24 estados, entre\u2026","rel":"","context":"En &quot;Baja California Sur&quot;","block_context":{"text":"Baja California Sur","link":"https:\/\/www.grieta.org.mx\/index.php\/category\/noticias-nacionales\/baja-california-sur\/"},"img":{"alt_text":"","src":"https:\/\/i0.wp.com\/www.grieta.org.mx\/wp-content\/uploads\/2019\/05\/directColimaNoticias.jpg?resize=350%2C200&ssl=1","width":350,"height":200,"srcset":"https:\/\/i0.wp.com\/www.grieta.org.mx\/wp-content\/uploads\/2019\/05\/directColimaNoticias.jpg?resize=350%2C200&ssl=1 1x, https:\/\/i0.wp.com\/www.grieta.org.mx\/wp-content\/uploads\/2019\/05\/directColimaNoticias.jpg?resize=525%2C300&ssl=1 1.5x, https:\/\/i0.wp.com\/www.grieta.org.mx\/wp-content\/uploads\/2019\/05\/directColimaNoticias.jpg?resize=700%2C400&ssl=1 2x"},"classes":[]},{"id":48246,"url":"https:\/\/www.grieta.org.mx\/index.php\/2020\/04\/22\/no-hay-material-para-proteger-a-los-trabajadores-de-salud-denuncia-sindicato-colima\/","url_meta":{"origin":63839,"position":5},"title":"No hay material para proteger a los trabajadores de Salud, denuncia sindicato (Colima)","author":"grieta","date":"22 abril, 2020","format":false,"excerpt":"Foto: Diario Avanzada Heidi de Le\u00f3n Guti\u00e9rrez \/ Diario Avanzada Colima, M\u00e9xico, Avanzada (22\/04\/2020).- La secretaria general del sindicato de Salud, Dolores Gonz\u00e1lez Meza acus\u00f3 a los gobiernos Federal y Estatal de no asumir su responsabilidad y equipar adecuadamente a los trabajadores de la salud ante el incremento de contagios\u2026","rel":"","context":"En &quot;CINTILLO&quot;","block_context":{"text":"CINTILLO","link":"https:\/\/www.grieta.org.mx\/index.php\/category\/cintillo\/"},"img":{"alt_text":"","src":"https:\/\/i0.wp.com\/www.grieta.org.mx\/wp-content\/uploads\/2020\/04\/93579722_2888440181247149_4536397969032740864_o-1.jpg?resize=350%2C200&ssl=1","width":350,"height":200,"srcset":"https:\/\/i0.wp.com\/www.grieta.org.mx\/wp-content\/uploads\/2020\/04\/93579722_2888440181247149_4536397969032740864_o-1.jpg?resize=350%2C200&ssl=1 1x, https:\/\/i0.wp.com\/www.grieta.org.mx\/wp-content\/uploads\/2020\/04\/93579722_2888440181247149_4536397969032740864_o-1.jpg?resize=525%2C300&ssl=1 1.5x, https:\/\/i0.wp.com\/www.grieta.org.mx\/wp-content\/uploads\/2020\/04\/93579722_2888440181247149_4536397969032740864_o-1.jpg?resize=700%2C400&ssl=1 2x, https:\/\/i0.wp.com\/www.grieta.org.mx\/wp-content\/uploads\/2020\/04\/93579722_2888440181247149_4536397969032740864_o-1.jpg?resize=1050%2C600&ssl=1 3x"},"classes":[]}],"_links":{"self":[{"href":"https:\/\/www.grieta.org.mx\/index.php\/wp-json\/wp\/v2\/posts\/63839","targetHints":{"allow":["GET"]}}],"collection":[{"href":"https:\/\/www.grieta.org.mx\/index.php\/wp-json\/wp\/v2\/posts"}],"about":[{"href":"https:\/\/www.grieta.org.mx\/index.php\/wp-json\/wp\/v2\/types\/post"}],"author":[{"embeddable":true,"href":"https:\/\/www.grieta.org.mx\/index.php\/wp-json\/wp\/v2\/users\/2"}],"replies":[{"embeddable":true,"href":"https:\/\/www.grieta.org.mx\/index.php\/wp-json\/wp\/v2\/comments?post=63839"}],"version-history":[{"count":1,"href":"https:\/\/www.grieta.org.mx\/index.php\/wp-json\/wp\/v2\/posts\/63839\/revisions"}],"predecessor-version":[{"id":63841,"href":"https:\/\/www.grieta.org.mx\/index.php\/wp-json\/wp\/v2\/posts\/63839\/revisions\/63841"}],"wp:featuredmedia":[{"embeddable":true,"href":"https:\/\/www.grieta.org.mx\/index.php\/wp-json\/wp\/v2\/media\/63840"}],"wp:attachment":[{"href":"https:\/\/www.grieta.org.mx\/index.php\/wp-json\/wp\/v2\/media?parent=63839"}],"wp:term":[{"taxonomy":"category","embeddable":true,"href":"https:\/\/www.grieta.org.mx\/index.php\/wp-json\/wp\/v2\/categories?post=63839"},{"taxonomy":"post_tag","embeddable":true,"href":"https:\/\/www.grieta.org.mx\/index.php\/wp-json\/wp\/v2\/tags?post=63839"}],"curies":[{"name":"wp","href":"https:\/\/api.w.org\/{rel}","templated":true}]}}