{"id":63820,"date":"2022-03-21T14:03:05","date_gmt":"2022-03-21T20:03:05","guid":{"rendered":"http:\/\/www.grieta.org.mx\/?p=63820"},"modified":"2022-03-22T00:08:51","modified_gmt":"2022-03-22T06:08:51","slug":"temo-por-mi-vida-dice-madre-de-zayra-tras-liberacion-de-sospechosos-oaxaca","status":"publish","type":"post","link":"https:\/\/www.grieta.org.mx\/index.php\/2022\/03\/21\/temo-por-mi-vida-dice-madre-de-zayra-tras-liberacion-de-sospechosos-oaxaca\/","title":{"rendered":"\u201cTemo por mi vida\u201d, dice madre de Zayra tras liberaci\u00f3n de sospechosos (Oaxaca)"},"content":{"rendered":"<p>Noticias \/ Citlalli L\u00f3pez Vel\u00e1zquez.<\/p>\n<p><img loading=\"lazy\" decoding=\"async\" src=\"http:\/\/www.nvinoticias.com\/sites\/default\/files\/styles\/large\/public\/articulos\/2022\/Mar\/zaira-desaparecida.jpg.webp?itok=OLE2wJB3\" width=\"1170\" height=\"550\" class=\"alignnone size-full\" \/><\/p>\n<p>Luego de se\u00f1alar que su vida y la de sus nietos corre peligro tras la liberaci\u00f3n de tres personas indiciadas con la desaparici\u00f3n de Zayra Morales Loyola cometida en Xochixtlalpilco, Huajuapan de Le\u00f3n en 2020, Leticia Loyola, madre de la joven, pidi\u00f3 al Fiscal, Arturo Peimbert Calvo y al gobernador de Oaxaca, Alejandro Murat Hinojosa, ser recibida en audiencia.<\/p>\n<p>\u201cEllos ahora est\u00e1n libres, como inocentes, nosotros ahora en peligro. Temo por mi vida, la vida de mi familia y mis nietos. No tenemos paz\u201d.<\/p>\n<p>El 14 de diciembre de 2020 fue detenido E. S. M., vinculado por la desaparici\u00f3n de Zayra; el segundo implicado, J. C. S. M., fue capturado un d\u00eda despu\u00e9s. El 9 de febrero fue detenido A. S. M. o A. J. S. M. El pasado 18 de marzo todos fueron liberados durante la audiencia de debate debido a que los tres testigos no se presentaron; d\u00edas antes quedaron inlocalizables. \u201cLos escondieron, compraron o amenazaron\u201d.<\/p>\n<p>Por su parte, el juez no acept\u00f3 el testimonio de lectura del testigo presencial, tambi\u00e9n desaparecido. Aunado a ello otorg\u00f3 a los presuntos implicados su derecho a guardar silencio. \u201cVimos que la justicia no es justicia. La justicia no est\u00e1 del lado de una mujer que est\u00e1 desaparecida\u201d.<\/p>\n<p>La madre de Zayra relat\u00f3 que durante la audiencia le suplic\u00f3 a los presuntos implicados que a trav\u00e9s de una llamada an\u00f3nima le indiquen en d\u00f3nde est\u00e1 Zayra, sea con o sin vida.<\/p>\n<p>Leticia Loyola responsabiliz\u00f3 de la derrota jur\u00eddica al exfiscal general, Rub\u00e9n Vasconcelos M\u00e9ndez y al exvivefiscal de Huajuapan de Le\u00f3n, Jorge Flores, por obstaculizar el acceso a la justicia debido a que, pese a la insistencia de los abogados de Zayra, nunca acept\u00f3 realizar la prueba anticipada, elemento que fue clave en la liberaci\u00f3n de los detenidos.<\/p>\n<p>\u201cNunca quiso hacerlo, dijo que no hac\u00eda falta porque los ten\u00eda ubicados a los testigos (\u2026) si el caso se perdi\u00f3 fue por \u00e9l, porque nosotros se lo ped\u00edamos, pero nunca acept\u00f3\u201d.<\/p>\n<p>La determinaci\u00f3n del juez impact\u00f3 en el \u00e1nimo y la salud de Leticia Loyola, quien se\u00f1al\u00f3 que pese a todo no renunciar\u00e1 a la b\u00fasqueda de su hija y de la justicia.<\/p>\n<p>En este sentido se\u00f1al\u00f3 que buscar\u00e1 la reuni\u00f3n con el fiscal y el gobernador para que este caso no quede en la impunidad.<\/p>\n<p>Ya sea por incompetencia o por complicidad, durante todo el proceso -dijo- hubo mucha fuga de informaci\u00f3n que favoreci\u00f3 a los detenidos y propici\u00f3 la desaparici\u00f3n del testigo presencial. Los otros dos testigos desaparecieron antes del 21 de febrero para evitar que se presentara a la audiencia.<\/p>\n<p>\u201cAqu\u00ed hubo corrupci\u00f3n y tal vez ellos tuvieron que ver para que los testigos desaparecieran. Pudo ser corrupci\u00f3n y el mal trabajo de la fiscal\u00eda que no hicieron las cosas que ten\u00eda que hacer \u00bfPor qu\u00e9 lo hicieron?, no lo s\u00e9 \u00bfQu\u00e9 intereses ten\u00edan?, no lo s\u00e9 \u00bfPor qu\u00e9 no hicieron la prueba anticipada cuando lo ped\u00edamos a gritos?, no lo s\u00e9\u201d.<\/p>\n<p><a href=\"http:\/\/www.nvinoticias.com\/oaxaca\/general\/temo-por-mi-vida-dice-madre-de-zayra-tras-liberacion-de-sospechosos\/127950\" rel=\"noopener\" target=\"_blank\">http:\/\/www.nvinoticias.com\/oaxaca\/general\/temo-por-mi-vida-dice-madre-de-zayra-tras-liberacion-de-sospechosos\/127950<\/a><\/p>\n","protected":false},"excerpt":{"rendered":"<p>Noticias \/ Citlalli L\u00f3pez Vel\u00e1zquez. Luego de se\u00f1alar que su vida y la de sus nietos corre peligro tras la liberaci\u00f3n de tres personas indiciadas con la desaparici\u00f3n de Zayra &hellip; <a href=\"https:\/\/www.grieta.org.mx\/index.php\/2022\/03\/21\/temo-por-mi-vida-dice-madre-de-zayra-tras-liberacion-de-sospechosos-oaxaca\/\" class=\"more-link\">Leer m\u00e1s<\/a><\/p>\n","protected":false},"author":2,"featured_media":21928,"comment_status":"closed","ping_status":"closed","sticky":false,"template":"","format":"standard","meta":{"ngg_post_thumbnail":0,"_jetpack_newsletter_access":"","_jetpack_dont_email_post_to_subs":false,"_jetpack_newsletter_tier_id":0,"_jetpack_memberships_contains_paywalled_content":false,"_jetpack_memberships_contains_paid_content":false,"footnotes":""},"categories":[80,2832,1325,3163,2,25,1665],"tags":[],"class_list":["post-63820","post","type-post","status-publish","format-standard","has-post-thumbnail","hentry","category-cintillo","category-desaparecidos-en-oaxaca","category-feminicidios-en-oaxaca-oaxaca","category-la-lucha-de-las-mujeres-en-oaxaca","category-noticias-nacionales","category-oaxaca","category-violencia-contra-las-mujeres-en-oaxaca","entry"],"jetpack_featured_media_url":"https:\/\/www.grieta.org.mx\/wp-content\/uploads\/2018\/03\/14524434_1106112876131411_958039263622046936_o.jpg","jetpack_sharing_enabled":true,"jetpack_shortlink":"https:\/\/wp.me\/p7ZJR4-gBm","jetpack_likes_enabled":false,"jetpack-related-posts":[{"id":63802,"url":"https:\/\/www.grieta.org.mx\/index.php\/2022\/03\/20\/en-oaxaca-fallaron-las-autoridades-los-dejaron-libres-madre-de-zayra-leticia-exige-justicia-por-su-hija-desaparecida\/","url_meta":{"origin":63820,"position":0},"title":"\u201cEn Oaxaca fallaron las autoridades, los dejaron libres\u201d: Madre de Zayra Leticia exige justicia por su hija desaparecida","author":"grieta","date":"20 marzo, 2022","format":false,"excerpt":"P\u00e1gina 3 \/ Tierra Com\u00fan. Oaxaca, Oax.- \u201cUna camioneta negra la llev\u00f3 esa noche del 23 de octubre del 2020 y desde entonces ya no s\u00e9 nada de mi hija Zayra Leticia\u201d dice su madre Luz Mar\u00eda Loyola qui\u00e9n asegura que las l\u00e1grimas ya no alcanzan para calmar la impotencia\u2026","rel":"","context":"En &quot;CINTILLO&quot;","block_context":{"text":"CINTILLO","link":"https:\/\/www.grieta.org.mx\/index.php\/category\/cintillo\/"},"img":{"alt_text":"","src":"https:\/\/i0.wp.com\/www.grieta.org.mx\/wp-content\/uploads\/2018\/03\/14524434_1106112876131411_958039263622046936_o.jpg?resize=350%2C200&ssl=1","width":350,"height":200,"srcset":"https:\/\/i0.wp.com\/www.grieta.org.mx\/wp-content\/uploads\/2018\/03\/14524434_1106112876131411_958039263622046936_o.jpg?resize=350%2C200&ssl=1 1x, https:\/\/i0.wp.com\/www.grieta.org.mx\/wp-content\/uploads\/2018\/03\/14524434_1106112876131411_958039263622046936_o.jpg?resize=525%2C300&ssl=1 1.5x, https:\/\/i0.wp.com\/www.grieta.org.mx\/wp-content\/uploads\/2018\/03\/14524434_1106112876131411_958039263622046936_o.jpg?resize=700%2C400&ssl=1 2x"},"classes":[]},{"id":54613,"url":"https:\/\/www.grieta.org.mx\/index.php\/2020\/10\/28\/me-estoy-muriendo-en-vida-clama-madre-de-zayra-una-de-las-30-desaparecidas-en-oaxaca\/","url_meta":{"origin":63820,"position":1},"title":"&#8220;Me estoy muriendo en vida&#8221;, clama madre de Zayra, una de las 30 desaparecidas en Oaxaca","author":"grieta","date":"28 octubre, 2020","format":false,"excerpt":"P\u00e1gina 3 \/ Pedro Mat\u00edas *Acusan a Fiscal\u00eda de actuar con lentitud ante esta problem\u00e1tica. | *Familiares rompen el confinamiento para protestar frente al Palacio de Gobierno. Estaci\u00f3n Foto. OAXACA, Oax.- \u201cHija de mi vida, te amo, regresa por favor, me estoy muriendo en vida. \u201cMi dolor es muy grande\u2026","rel":"","context":"En &quot;CINTILLO&quot;","block_context":{"text":"CINTILLO","link":"https:\/\/www.grieta.org.mx\/index.php\/category\/cintillo\/"},"img":{"alt_text":"","src":"https:\/\/i0.wp.com\/www.grieta.org.mx\/wp-content\/uploads\/2020\/10\/Zayra-Leticia-Morales-Loyola.jpeg?resize=350%2C200&ssl=1","width":350,"height":200,"srcset":"https:\/\/i0.wp.com\/www.grieta.org.mx\/wp-content\/uploads\/2020\/10\/Zayra-Leticia-Morales-Loyola.jpeg?resize=350%2C200&ssl=1 1x, https:\/\/i0.wp.com\/www.grieta.org.mx\/wp-content\/uploads\/2020\/10\/Zayra-Leticia-Morales-Loyola.jpeg?resize=525%2C300&ssl=1 1.5x, https:\/\/i0.wp.com\/www.grieta.org.mx\/wp-content\/uploads\/2020\/10\/Zayra-Leticia-Morales-Loyola.jpeg?resize=700%2C400&ssl=1 2x"},"classes":[]},{"id":56088,"url":"https:\/\/www.grieta.org.mx\/index.php\/2020\/12\/28\/a-dos-meses-de-desaparecida-familiares-y-activistas-exigen-la-aparicion-con-vida-de-zayra-oaxaca\/","url_meta":{"origin":63820,"position":2},"title":"A dos meses de desaparecida, familiares y activistas exigen la aparici\u00f3n con vida de Zayra  (Oaxaca)","author":"grieta","date":"28 diciembre, 2020","format":false,"excerpt":"Noticias \/ Citlalli Luciana. El 23 de diciembre Zayra Leticia Morales Loyola cumpli\u00f3 dos meses de haber sido desaparecida, su familia, amistades y organizaciones feministas contin\u00faan el rastreo apoyadas en redes sociales bajo el hastag Te Seguimos buscando. \u201cHace dos meses, aproximadamente a estas horas te desaparecieron prima #Zayra, te\u2026","rel":"","context":"En &quot;CINTILLO&quot;","block_context":{"text":"CINTILLO","link":"https:\/\/www.grieta.org.mx\/index.php\/category\/cintillo\/"},"img":{"alt_text":"","src":"https:\/\/i0.wp.com\/www.grieta.org.mx\/wp-content\/uploads\/2021\/01\/Z.jpg?resize=350%2C200&ssl=1","width":350,"height":200,"srcset":"https:\/\/i0.wp.com\/www.grieta.org.mx\/wp-content\/uploads\/2021\/01\/Z.jpg?resize=350%2C200&ssl=1 1x, https:\/\/i0.wp.com\/www.grieta.org.mx\/wp-content\/uploads\/2021\/01\/Z.jpg?resize=525%2C300&ssl=1 1.5x, https:\/\/i0.wp.com\/www.grieta.org.mx\/wp-content\/uploads\/2021\/01\/Z.jpg?resize=700%2C400&ssl=1 2x, https:\/\/i0.wp.com\/www.grieta.org.mx\/wp-content\/uploads\/2021\/01\/Z.jpg?resize=1050%2C600&ssl=1 3x"},"classes":[]},{"id":55671,"url":"https:\/\/www.grieta.org.mx\/index.php\/2020\/11\/23\/se-cumple-un-mes-de-la-desaparicion-de-zayra-morales-en-oaxaca\/","url_meta":{"origin":63820,"position":3},"title":"Se cumple un mes de la desaparici\u00f3n de Zayra Morales en Oaxaca","author":"grieta","date":"23 noviembre, 2020","format":false,"excerpt":"Noticias \/ Citlalli Luciana. Exige Gesmujer claridad en protocolos de b\u00fasqueda La Fiscal\u00eda de Oaxaca contin\u00faa sin tener datos que lleven a la localizaci\u00f3n de Zayra Morales Loyola. Al cumplirse este d\u00eda un mes de la desaparici\u00f3n de Zayra Morales Loyola, el Grupo de Estudios Sobre la Mujer Rosario Castellanos\u2026","rel":"","context":"En &quot;CINTILLO&quot;","block_context":{"text":"CINTILLO","link":"https:\/\/www.grieta.org.mx\/index.php\/category\/cintillo\/"},"img":{"alt_text":"","src":"https:\/\/i0.wp.com\/www.grieta.org.mx\/wp-content\/uploads\/2020\/12\/A-2.jpg?resize=350%2C200&ssl=1","width":350,"height":200,"srcset":"https:\/\/i0.wp.com\/www.grieta.org.mx\/wp-content\/uploads\/2020\/12\/A-2.jpg?resize=350%2C200&ssl=1 1x, https:\/\/i0.wp.com\/www.grieta.org.mx\/wp-content\/uploads\/2020\/12\/A-2.jpg?resize=525%2C300&ssl=1 1.5x, https:\/\/i0.wp.com\/www.grieta.org.mx\/wp-content\/uploads\/2020\/12\/A-2.jpg?resize=700%2C400&ssl=1 2x, https:\/\/i0.wp.com\/www.grieta.org.mx\/wp-content\/uploads\/2020\/12\/A-2.jpg?resize=1050%2C600&ssl=1 3x"},"classes":[]},{"id":56734,"url":"https:\/\/www.grieta.org.mx\/index.php\/2021\/02\/01\/impotencia-dolor-y-tristeza-por-la-desaparicion-de-zayra-en-la-mixteca-de-oaxaca\/","url_meta":{"origin":63820,"position":4},"title":"Impotencia, dolor y tristeza por la desaparici\u00f3n de Zayra en la Mixteca de Oaxaca","author":"grieta","date":"1 febrero, 2021","format":false,"excerpt":"Noticias \/ Citlalli Luciana. El pasado 23 de enero se cumplieron tres meses de que Zayra Morales Loyola fuera desaparecida en Xochilxtlapilco, Huajuapan de Le\u00f3n. Luz Mar\u00eda Leticia Loyola L\u00f3pez, su madre, no oculta la tristeza, el dolor y la impotencia de no tener a su hija en casa. \u201cHan\u2026","rel":"","context":"En &quot;CINTILLO&quot;","block_context":{"text":"CINTILLO","link":"https:\/\/www.grieta.org.mx\/index.php\/category\/cintillo\/"},"img":{"alt_text":"","src":"https:\/\/i0.wp.com\/www.grieta.org.mx\/wp-content\/uploads\/2021\/02\/2.png?resize=350%2C200&ssl=1","width":350,"height":200,"srcset":"https:\/\/i0.wp.com\/www.grieta.org.mx\/wp-content\/uploads\/2021\/02\/2.png?resize=350%2C200&ssl=1 1x, https:\/\/i0.wp.com\/www.grieta.org.mx\/wp-content\/uploads\/2021\/02\/2.png?resize=525%2C300&ssl=1 1.5x, https:\/\/i0.wp.com\/www.grieta.org.mx\/wp-content\/uploads\/2021\/02\/2.png?resize=700%2C400&ssl=1 2x, https:\/\/i0.wp.com\/www.grieta.org.mx\/wp-content\/uploads\/2021\/02\/2.png?resize=1050%2C600&ssl=1 3x"},"classes":[]},{"id":62461,"url":"https:\/\/www.grieta.org.mx\/index.php\/2021\/10\/26\/a-un-ano-de-su-desaparicion-sin-rastro-de-zayra-leticia-oaxaca\/","url_meta":{"origin":63820,"position":5},"title":"A un a\u00f1o de su desaparici\u00f3n, sin rastro de Zayra Leticia (Oaxaca)","author":"grieta","date":"26 octubre, 2021","format":false,"excerpt":"P\u00e1gina 3 \/ Nathalie G\u00f3mez Huajuapan de Le\u00f3n, Oax.(pagina3.mx).-Sali\u00f3 el 23 de octubre de 2020 a cancelar una cena a unos metros de su casa, pero no volvi\u00f3. A un a\u00f1o de su desaparici\u00f3n, de Sayra Leticia Morales Loyola no se tiene ning\u00fan rastro. Luz Mar\u00eda Leticia Loyola L\u00f3pez, madre\u2026","rel":"","context":"En &quot;CINTILLO&quot;","block_context":{"text":"CINTILLO","link":"https:\/\/www.grieta.org.mx\/index.php\/category\/cintillo\/"},"img":{"alt_text":"","src":"https:\/\/i0.wp.com\/www.grieta.org.mx\/wp-content\/uploads\/2021\/10\/1.png?resize=350%2C200&ssl=1","width":350,"height":200,"srcset":"https:\/\/i0.wp.com\/www.grieta.org.mx\/wp-content\/uploads\/2021\/10\/1.png?resize=350%2C200&ssl=1 1x, https:\/\/i0.wp.com\/www.grieta.org.mx\/wp-content\/uploads\/2021\/10\/1.png?resize=525%2C300&ssl=1 1.5x, https:\/\/i0.wp.com\/www.grieta.org.mx\/wp-content\/uploads\/2021\/10\/1.png?resize=700%2C400&ssl=1 2x"},"classes":[]}],"_links":{"self":[{"href":"https:\/\/www.grieta.org.mx\/index.php\/wp-json\/wp\/v2\/posts\/63820","targetHints":{"allow":["GET"]}}],"collection":[{"href":"https:\/\/www.grieta.org.mx\/index.php\/wp-json\/wp\/v2\/posts"}],"about":[{"href":"https:\/\/www.grieta.org.mx\/index.php\/wp-json\/wp\/v2\/types\/post"}],"author":[{"embeddable":true,"href":"https:\/\/www.grieta.org.mx\/index.php\/wp-json\/wp\/v2\/users\/2"}],"replies":[{"embeddable":true,"href":"https:\/\/www.grieta.org.mx\/index.php\/wp-json\/wp\/v2\/comments?post=63820"}],"version-history":[{"count":1,"href":"https:\/\/www.grieta.org.mx\/index.php\/wp-json\/wp\/v2\/posts\/63820\/revisions"}],"predecessor-version":[{"id":63821,"href":"https:\/\/www.grieta.org.mx\/index.php\/wp-json\/wp\/v2\/posts\/63820\/revisions\/63821"}],"wp:featuredmedia":[{"embeddable":true,"href":"https:\/\/www.grieta.org.mx\/index.php\/wp-json\/wp\/v2\/media\/21928"}],"wp:attachment":[{"href":"https:\/\/www.grieta.org.mx\/index.php\/wp-json\/wp\/v2\/media?parent=63820"}],"wp:term":[{"taxonomy":"category","embeddable":true,"href":"https:\/\/www.grieta.org.mx\/index.php\/wp-json\/wp\/v2\/categories?post=63820"},{"taxonomy":"post_tag","embeddable":true,"href":"https:\/\/www.grieta.org.mx\/index.php\/wp-json\/wp\/v2\/tags?post=63820"}],"curies":[{"name":"wp","href":"https:\/\/api.w.org\/{rel}","templated":true}]}}