{"id":63767,"date":"2022-03-08T19:34:04","date_gmt":"2022-03-09T01:34:04","guid":{"rendered":"https:\/\/www.grieta.org.mx\/?p=63767"},"modified":"2022-03-20T19:39:14","modified_gmt":"2022-03-21T01:39:14","slug":"las-kuarhichas-mujeres-guardianas-del-oasis-purepecha-michoacan","status":"publish","type":"post","link":"https:\/\/www.grieta.org.mx\/index.php\/2022\/03\/08\/las-kuarhichas-mujeres-guardianas-del-oasis-purepecha-michoacan\/","title":{"rendered":"Las Kuarhichas, mujeres guardianas del oasis pur\u00e9pecha (Michoac\u00e1n)"},"content":{"rendered":"<p><strong>La comunidad pur\u00e9pecha de La Cantera, en Tangamandapio, Michoac\u00e1n, est\u00e1 resguardada por un cuerpo de vigilancia que es emanado de la propia localidad. Este grupo, integrado por seis hombres y cuatro mujeres, es encabezado por una singular mujer: Guillermina Ascencio.<\/strong><\/p>\n<p><em>La comunidad pur\u00e9pecha de La Cantera, en Tangamandapio, Michoac\u00e1n, est\u00e1 resguardada por un cuerpo de vigilancia que es emanado de la propia localidad. Este grupo, integrado por seis hombres y cuatro mujeres, es encabezado por una singular mujer: Guillermina Ascencio, quien no s\u00f3lo pone orden en materia de seguridad p\u00fablica en una zona que es peleada por c\u00e1rteles de la droga, sino que tambi\u00e9n dirige la escuela local y ha impulsado a sus vecinos a ejercer el autogobierno para no pasar por partidos y pol\u00edticos corruptos.<\/em><\/p>\n<p>Por Neldy San Mart\u00edn y Melissa del Pozo<br \/>\nmartes, 8 de marzo de 2022 \/Proceso<\/p>\n<p>TANGAMANDAPIO, Mich. (proceso).- Cuando Guillermina Ascencio Mateo era una ni\u00f1a, su pap\u00e1 le pregunt\u00f3 para qu\u00e9 estudiaba una carrera si la iba a mantener su marido.<\/p>\n<p>Estudi\u00f3 enfermer\u00eda por sus propios medios, es directora de la escuela Kukumita Tsitsiki en Jacona, Michoac\u00e1n, y est\u00e1 a cargo de la seguridad, justicia y orden del reci\u00e9n formado autogobierno ind\u00edgena en la comunidad pur\u00e9pecha de La Cantera, en Tangamandapio.<\/p>\n<p>El 19 de octubre de 2019 la maestra Guille fue elegida como jefa de los \u201cKuarhichas\u201d (guardianes, en pur\u00e9pecha). Algunos hombres protestaron en contra de que una mujer asumiera ese papel, a cargo de la reci\u00e9n creada polic\u00eda comunitaria que sustituir\u00eda las funciones de la polic\u00eda municipal, cuando el pueblo decidi\u00f3 ejercer su derecho al autogobierno.<\/p>\n<p><iframe loading=\"lazy\" title=\"YouTube video player\" src=\"https:\/\/www.youtube.com\/embed\/w30BYh1gm-o\" width=\"740\" height=\"417\" frameborder=\"0\" allowfullscreen=\"allowfullscreen\"><\/iframe><\/p>\n<blockquote><p><em> \u201cMe hablan los compa\u00f1eros y me dicen: \u2018\u00bfS\u00ed va a poder? \u00bfYa sabe de lo que se trata? Usted tiene que andar por ah\u00ed\u2026 dos, tres de la ma\u00f1ana, levantando muertos. \u00bfUsted cree que va a poder andar haciendo eso?\u2019. O sea, me asustaron. Pero \u00a1adelante!, dije yo. D\u00e9jenme intentarle\u201d, relat\u00f3 la maestra en noviembre \u00faltimo durante un encuentro sobre autogobierno en la comunidad de Anhaguan, en las faldas del volc\u00e1n Paricut\u00edn.<\/em><\/p><\/blockquote>\n<p>Seis polic\u00edas estatales abandonaron el pueblo y se llevaron las armas cuando las autoridades ind\u00edgenas anunciaron que la maestra iba a estar a cargo de la seguridad.<\/p>\n<p>Lo que Guillermina hizo primero fue formar su propio cuerpo de seguridad, con 10 polic\u00edas comunales, seis hombres y cuatro mujeres\u2026 y est\u00e1 reclutando a m\u00e1s. Pidi\u00f3 algunas armas y capacitaci\u00f3n a la Secretar\u00eda de Seguridad P\u00fablica de Michoac\u00e1n. La comunidad cooper\u00f3 para comprar la \u00fanica patrulla que tienen.<\/p>\n<p>\u201cCuando a m\u00ed me dieron el puesto de Honor y Justicia, y me dijeron que iba a estar a cargo de los polic\u00edas, yo les dije: quiero informar que voy a meter mujeres porque es importante que haya mujeres polic\u00edas\u201d, recuerda.<\/p>\n<p><a href=\"https:\/\/www.proceso.com.mx\/reportajes\/2022\/3\/8\/las-kuarhichas-mujeres-guardianas-del-oasis-purepecha-video-282157.html?utm_source=pocket_mylist\">https:\/\/www.proceso.com.mx\/reportajes\/2022\/3\/8\/las-kuarhichas-mujeres-guardianas-del-oasis-purepecha-video-282157.html?utm_source=pocket_mylist<\/a><\/p>\n","protected":false},"excerpt":{"rendered":"<p>La comunidad pur\u00e9pecha de La Cantera, en Tangamandapio, Michoac\u00e1n, est\u00e1 resguardada por un cuerpo de vigilancia que es emanado de la propia localidad. Este grupo, integrado por seis hombres y &hellip; <a href=\"https:\/\/www.grieta.org.mx\/index.php\/2022\/03\/08\/las-kuarhichas-mujeres-guardianas-del-oasis-purepecha-michoacan\/\" class=\"more-link\">Leer m\u00e1s<\/a><\/p>\n","protected":false},"author":2,"featured_media":21928,"comment_status":"closed","ping_status":"closed","sticky":false,"template":"","format":"standard","meta":{"ngg_post_thumbnail":0,"_jetpack_newsletter_access":"","_jetpack_dont_email_post_to_subs":false,"_jetpack_newsletter_tier_id":0,"_jetpack_memberships_contains_paywalled_content":false,"_jetpack_memberships_contains_paid_content":false,"footnotes":""},"categories":[2819,21,995,2934],"tags":[465,2248,2466,1734],"class_list":["post-63767","post","type-post","status-publish","format-standard","has-post-thumbnail","hentry","category-luchas-de-las-mujeres-en-michoacan","category-michoacan","category-resistencia-y-construccion-de-autonomia-de-las-comunidades-rurales-en-michoacan","category-resistencias-en-michoacan","tag-autodefensas","tag-luchas-de-las-mujeres","tag-luchas-y-resistencias-de-pueblos-originarios","tag-organizacion","entry"],"jetpack_featured_media_url":"https:\/\/www.grieta.org.mx\/wp-content\/uploads\/2018\/03\/14524434_1106112876131411_958039263622046936_o.jpg","jetpack_sharing_enabled":true,"jetpack_shortlink":"https:\/\/wp.me\/p7ZJR4-gAv","jetpack_likes_enabled":false,"jetpack-related-posts":[{"id":23275,"url":"https:\/\/www.grieta.org.mx\/index.php\/2018\/05\/23\/denuncia-de-la-comunidad-purepecha-de-nurio-michoacan\/","url_meta":{"origin":63767,"position":0},"title":"Denuncia de la Comunidad Pur\u00e9pecha de Nurio (Michoac\u00e1n)","author":"grieta","date":"23 mayo, 2018","format":false,"excerpt":"A la opini\u00f3n p\u00fablica Al Congreso Nacional Ind\u00edgena Al Ej\u00e9rcito Zapatista de Liberaci\u00f3n Nacional A los medios de comunicaci\u00f3n libres nacionales e internacionales A las comunidades ind\u00edgenas hermanas de M\u00e9xico y del mundo A la sociedad civil nacional e internacional Informamos que el d\u00eda de ayer 22 de mayo del\u2026","rel":"","context":"En &quot;28. Nur\u00edo&quot;","block_context":{"text":"28. Nur\u00edo","link":"https:\/\/www.grieta.org.mx\/index.php\/category\/espejos-de-la-resistencia\/28-nurio\/"},"img":{"alt_text":"","src":"https:\/\/i0.wp.com\/www.grieta.org.mx\/wp-content\/uploads\/2018\/03\/14524434_1106112876131411_958039263622046936_o.jpg?resize=350%2C200&ssl=1","width":350,"height":200,"srcset":"https:\/\/i0.wp.com\/www.grieta.org.mx\/wp-content\/uploads\/2018\/03\/14524434_1106112876131411_958039263622046936_o.jpg?resize=350%2C200&ssl=1 1x, https:\/\/i0.wp.com\/www.grieta.org.mx\/wp-content\/uploads\/2018\/03\/14524434_1106112876131411_958039263622046936_o.jpg?resize=525%2C300&ssl=1 1.5x, https:\/\/i0.wp.com\/www.grieta.org.mx\/wp-content\/uploads\/2018\/03\/14524434_1106112876131411_958039263622046936_o.jpg?resize=700%2C400&ssl=1 2x"},"classes":[]},{"id":64747,"url":"https:\/\/www.grieta.org.mx\/index.php\/2022\/08\/12\/csim-realizara-encuentro-para-analizar-la-conquista-michoacan\/","url_meta":{"origin":63767,"position":1},"title":"CSIM realizar\u00e1 encuentro para analizar la Conquista  (Michoac\u00e1n)","author":"grieta","date":"12 agosto, 2022","format":false,"excerpt":"El evento se realizar\u00e1 en la comunidad ind\u00edgena de Santa Fe de la Laguna Laura \u00c1valos | El Sol de Morelia, 12 de agosto de 2022 Morelia, Michoac\u00e1n (OEM-Infomex).- El pr\u00f3ximo mi\u00e9rcoles 17 de agosto de 2022, se llevar\u00e1 a cabo el primer encuentro de resistencia y lucha ind\u00edgena de\u2026","rel":"","context":"En &quot;CINTILLO&quot;","block_context":{"text":"CINTILLO","link":"https:\/\/www.grieta.org.mx\/index.php\/category\/cintillo\/"},"img":{"alt_text":"","src":"https:\/\/i0.wp.com\/www.grieta.org.mx\/wp-content\/uploads\/2022\/08\/Presos-indi%CC%81genas.jpg?resize=350%2C200&ssl=1","width":350,"height":200,"srcset":"https:\/\/i0.wp.com\/www.grieta.org.mx\/wp-content\/uploads\/2022\/08\/Presos-indi%CC%81genas.jpg?resize=350%2C200&ssl=1 1x, https:\/\/i0.wp.com\/www.grieta.org.mx\/wp-content\/uploads\/2022\/08\/Presos-indi%CC%81genas.jpg?resize=525%2C300&ssl=1 1.5x, https:\/\/i0.wp.com\/www.grieta.org.mx\/wp-content\/uploads\/2022\/08\/Presos-indi%CC%81genas.jpg?resize=700%2C400&ssl=1 2x"},"classes":[]},{"id":35868,"url":"https:\/\/www.grieta.org.mx\/index.php\/2019\/07\/03\/serapaz-denuncia-el-encarcelamiento-de-tres-activistas-de-la-comunidad-indigena-de-nahuatzen-michoacan\/","url_meta":{"origin":63767,"position":2},"title":"Serapaz denuncia el encarcelamiento de tres activistas de la comunidad ind\u00edgena de Nahuatzen (Michoac\u00e1n)","author":"grieta","date":"3 julio, 2019","format":false,"excerpt":"Por Ixtlix\u00f3chitl L\u00f3pez \/ Proceso, 3 de julio de 2019 CIUDAD DE M\u00c9XICO (apro).- La organizaci\u00f3n Servicios y Asesor\u00eda para la Paz (Serapaz) denunci\u00f3 el injusto encarcelamiento de Jos\u00e9 Antonio Arreola, Jos\u00e9 Luis Jim\u00e9nez y Jos\u00e9 Gerardo Talavera, miembros de la comunidad ind\u00edgena pur\u00e9pecha de Nahuatzen, Michoac\u00e1n, privados de la\u2026","rel":"","context":"En &quot;CINTILLO&quot;","block_context":{"text":"CINTILLO","link":"https:\/\/www.grieta.org.mx\/index.php\/category\/cintillo\/"},"img":{"alt_text":"","src":"https:\/\/i0.wp.com\/www.grieta.org.mx\/wp-content\/uploads\/2019\/07\/Nahua-1078x808.jpg?resize=350%2C200&ssl=1","width":350,"height":200,"srcset":"https:\/\/i0.wp.com\/www.grieta.org.mx\/wp-content\/uploads\/2019\/07\/Nahua-1078x808.jpg?resize=350%2C200&ssl=1 1x, https:\/\/i0.wp.com\/www.grieta.org.mx\/wp-content\/uploads\/2019\/07\/Nahua-1078x808.jpg?resize=525%2C300&ssl=1 1.5x, https:\/\/i0.wp.com\/www.grieta.org.mx\/wp-content\/uploads\/2019\/07\/Nahua-1078x808.jpg?resize=700%2C400&ssl=1 2x, https:\/\/i0.wp.com\/www.grieta.org.mx\/wp-content\/uploads\/2019\/07\/Nahua-1078x808.jpg?resize=1050%2C600&ssl=1 3x"},"classes":[]},{"id":45650,"url":"https:\/\/www.grieta.org.mx\/index.php\/2020\/02\/20\/meseta-purepecha-la-violacion-sistematica-a-derechos-de-indigena-michoacan\/","url_meta":{"origin":63767,"position":3},"title":"Meseta pur\u00e9pecha: la violaci\u00f3n sistem\u00e1tica a derechos de ind\u00edgena (Michoac\u00e1n)","author":"grieta","date":"20 febrero, 2020","format":false,"excerpt":"Gloria Leticia D\u00edaz \/ Proceso, 20 de Febrero de 2020 MORELIA, Mich. (apro).- Una misi\u00f3n de observaci\u00f3n a comunidades ind\u00edgenas de la meseta pur\u00e9pecha document\u00f3 violaciones graves a los derechos humanos, derivados de la lucha por la libre determinaci\u00f3n de sus derechos y de sus territorios. Representantes de Servicios y\u2026","rel":"","context":"En &quot;CINTILLO&quot;","block_context":{"text":"CINTILLO","link":"https:\/\/www.grieta.org.mx\/index.php\/category\/cintillo\/"},"img":{"alt_text":"","src":"https:\/\/i0.wp.com\/www.grieta.org.mx\/wp-content\/uploads\/2020\/03\/serapaz-870x522.jpg?resize=350%2C200&ssl=1","width":350,"height":200,"srcset":"https:\/\/i0.wp.com\/www.grieta.org.mx\/wp-content\/uploads\/2020\/03\/serapaz-870x522.jpg?resize=350%2C200&ssl=1 1x, https:\/\/i0.wp.com\/www.grieta.org.mx\/wp-content\/uploads\/2020\/03\/serapaz-870x522.jpg?resize=525%2C300&ssl=1 1.5x, https:\/\/i0.wp.com\/www.grieta.org.mx\/wp-content\/uploads\/2020\/03\/serapaz-870x522.jpg?resize=700%2C400&ssl=1 2x"},"classes":[]},{"id":59220,"url":"https:\/\/www.grieta.org.mx\/index.php\/2021\/04\/06\/exigen-libertad-a-presos-politicos-en-michoacan-afuera-de-scjn\/","url_meta":{"origin":63767,"position":4},"title":"Exigen libertad a presos pol\u00edticos en Michoac\u00e1n afuera de SCJN","author":"grieta","date":"6 abril, 2021","format":false,"excerpt":"Los integrantes del Concejo se dieron cita en el lugar para exigir la liberaci\u00f3n de los concejales Jos\u00e9 Luis Jim\u00e9nez y Jos\u00e9 Antonio Arreola, Nora Bucio, MVS Noticias, 06 de abril de 2021 Integrantes del Concejo Ciudadano Ind\u00edgena de Nahuatzen, se manifestaron afuera de la sede de la Suprema Corte\u2026","rel":"","context":"En &quot;Autonom\u00edas&quot;","block_context":{"text":"Autonom\u00edas","link":"https:\/\/www.grieta.org.mx\/index.php\/category\/resistencias\/autonomias\/"},"img":{"alt_text":"","src":"https:\/\/i0.wp.com\/www.grieta.org.mx\/wp-content\/uploads\/2021\/05\/ccdcd426-whatsapp-image-2021-04-06-at-13.38.21.jpeg?resize=350%2C200&ssl=1","width":350,"height":200,"srcset":"https:\/\/i0.wp.com\/www.grieta.org.mx\/wp-content\/uploads\/2021\/05\/ccdcd426-whatsapp-image-2021-04-06-at-13.38.21.jpeg?resize=350%2C200&ssl=1 1x, https:\/\/i0.wp.com\/www.grieta.org.mx\/wp-content\/uploads\/2021\/05\/ccdcd426-whatsapp-image-2021-04-06-at-13.38.21.jpeg?resize=525%2C300&ssl=1 1.5x, https:\/\/i0.wp.com\/www.grieta.org.mx\/wp-content\/uploads\/2021\/05\/ccdcd426-whatsapp-image-2021-04-06-at-13.38.21.jpeg?resize=700%2C400&ssl=1 2x"},"classes":[]},{"id":57585,"url":"https:\/\/www.grieta.org.mx\/index.php\/2021\/03\/08\/visten-movimientos-feministas-los-monumentos-de-morelia-michoacan\/","url_meta":{"origin":63767,"position":5},"title":"Visten movimientos feministas los monumentos de Morelia  (Michoac\u00e1n)","author":"grieta","date":"8 marzo, 2021","format":false,"excerpt":"F\u00e1tima Alfaro, Agencia Quadrat\u00edn, 08 de marzo de 2021 MORELIA, Mich., 8 de marzo de 2021.- Monumentos en la zona Centro de Morelia fueron intervenidos este lunes 8 de marzo con los colores representativos de los movimientos feministas, en conmemoraci\u00f3n del D\u00eda Internacional de la Mujer. Cubiertos con mantas verdes,\u2026","rel":"","context":"En &quot;CINTILLO&quot;","block_context":{"text":"CINTILLO","link":"https:\/\/www.grieta.org.mx\/index.php\/category\/cintillo\/"},"img":{"alt_text":"","src":"https:\/\/i0.wp.com\/www.grieta.org.mx\/wp-content\/uploads\/2018\/03\/14524434_1106112876131411_958039263622046936_o.jpg?resize=350%2C200&ssl=1","width":350,"height":200,"srcset":"https:\/\/i0.wp.com\/www.grieta.org.mx\/wp-content\/uploads\/2018\/03\/14524434_1106112876131411_958039263622046936_o.jpg?resize=350%2C200&ssl=1 1x, https:\/\/i0.wp.com\/www.grieta.org.mx\/wp-content\/uploads\/2018\/03\/14524434_1106112876131411_958039263622046936_o.jpg?resize=525%2C300&ssl=1 1.5x, https:\/\/i0.wp.com\/www.grieta.org.mx\/wp-content\/uploads\/2018\/03\/14524434_1106112876131411_958039263622046936_o.jpg?resize=700%2C400&ssl=1 2x"},"classes":[]}],"_links":{"self":[{"href":"https:\/\/www.grieta.org.mx\/index.php\/wp-json\/wp\/v2\/posts\/63767","targetHints":{"allow":["GET"]}}],"collection":[{"href":"https:\/\/www.grieta.org.mx\/index.php\/wp-json\/wp\/v2\/posts"}],"about":[{"href":"https:\/\/www.grieta.org.mx\/index.php\/wp-json\/wp\/v2\/types\/post"}],"author":[{"embeddable":true,"href":"https:\/\/www.grieta.org.mx\/index.php\/wp-json\/wp\/v2\/users\/2"}],"replies":[{"embeddable":true,"href":"https:\/\/www.grieta.org.mx\/index.php\/wp-json\/wp\/v2\/comments?post=63767"}],"version-history":[{"count":1,"href":"https:\/\/www.grieta.org.mx\/index.php\/wp-json\/wp\/v2\/posts\/63767\/revisions"}],"predecessor-version":[{"id":63769,"href":"https:\/\/www.grieta.org.mx\/index.php\/wp-json\/wp\/v2\/posts\/63767\/revisions\/63769"}],"wp:featuredmedia":[{"embeddable":true,"href":"https:\/\/www.grieta.org.mx\/index.php\/wp-json\/wp\/v2\/media\/21928"}],"wp:attachment":[{"href":"https:\/\/www.grieta.org.mx\/index.php\/wp-json\/wp\/v2\/media?parent=63767"}],"wp:term":[{"taxonomy":"category","embeddable":true,"href":"https:\/\/www.grieta.org.mx\/index.php\/wp-json\/wp\/v2\/categories?post=63767"},{"taxonomy":"post_tag","embeddable":true,"href":"https:\/\/www.grieta.org.mx\/index.php\/wp-json\/wp\/v2\/tags?post=63767"}],"curies":[{"name":"wp","href":"https:\/\/api.w.org\/{rel}","templated":true}]}}