{"id":63759,"date":"2022-03-20T19:33:59","date_gmt":"2022-03-21T01:33:59","guid":{"rendered":"https:\/\/www.grieta.org.mx\/?p=63759"},"modified":"2022-03-20T19:33:59","modified_gmt":"2022-03-21T01:33:59","slug":"roberto-campesino-de-zacatecas-contra-mina-de-slim-pide-no-ser-encarcelado","status":"publish","type":"post","link":"https:\/\/www.grieta.org.mx\/index.php\/2022\/03\/20\/roberto-campesino-de-zacatecas-contra-mina-de-slim-pide-no-ser-encarcelado\/","title":{"rendered":"Roberto, campesino de Zacatecas contra mina de Slim, pide no ser encarcelado"},"content":{"rendered":"<p><strong>Don Roberto, el \u00fanico habitante de Salaverna, Zacatecas, que se resiste a dejar su hogar y entregar el pueblo a una minera del magnate Carlos Slim, fue vinculado a proceso y este lunes enfrenta su audiencia en la cual podr\u00eda ser encarcelado<\/strong>.<\/p>\n<p>Ciudad de M\u00e9xico, 27 de febrero (SinEmbargo).\u2013 Don Roberto de la Rosa D\u00e1vila, el \u00faltimo habitante de Salaverna, Zacatecas, que se niega a desplazarse de su hogar para que una mina del magnate Carlos Slim Hel\u00fa expanda su operaci\u00f3n a cielo abierto, tendr\u00e1 una audiencia este lunes 28 de febrero a las 11 de la ma\u00f1ana, por lo que exige no ser encarcelado por defender a su pueblo de la extracci\u00f3n de cobre en una zona semides\u00e9rtica con estr\u00e9s h\u00eddrico.<\/p>\n<p>SinEmbargo inform\u00f3 previamente que este chivero fue vinculado a proceso por presunta amenaza a tres trabajadores de la empresa filial Ocampo Mining (Grupo Frisco), por lo que podr\u00eda ser condenado hasta a cinco a\u00f1os de prisi\u00f3n. En abril de 2020, a inicios de la pandemia, don Beto, como se le conoce, tuvo un altercado con empleados de la minera, quienes se encontraban cercando la comunidad y electrificando el per\u00edmetro. El 3 de diciembre, la Jueza Blanca Aguilar le dict\u00f3 como medida cautelar no acercarse a ellos, lo que le imposibilita acceder a su casa ya agrietada por las obras de desplazamiento de las otras familias.<\/p>\n<p>En v\u00edsperas de la audiencia ante el Juzgado de Control y Tribunal de Enjuiciamiento de Concepci\u00f3n del Oro, fue a recargar su celular a un poblado y desde ah\u00ed llam\u00f3 a este medio para mandar un mensaje.<\/p>\n<blockquote><p><em>\u201cEncerr\u00e1ndonos pretenden destrozar la vida de los que a\u00fan resistimos\u201d, dijo. \u201cNo s\u00e9 nada sobre la audiencia, nunca hab\u00eda estado en estos l\u00edos, pero mi abogado pretende sacar una salida alterna\u201d.<\/em><\/p><\/blockquote>\n<figure id=\"attachment_63761\" aria-describedby=\"caption-attachment-63761\" style=\"width: 700px\" class=\"wp-caption alignnone\"><img loading=\"lazy\" decoding=\"async\" data-attachment-id=\"63761\" data-permalink=\"https:\/\/www.grieta.org.mx\/index.php\/2022\/03\/20\/roberto-campesino-de-zacatecas-contra-mina-de-slim-pide-no-ser-encarcelado\/https-_i1-wp-com_www-sinembargo-mx_wp-content_uploads_2021_11_cuartoscuro-843786-digital-1-jpegresize700460quality80stripallssl1\/\" data-orig-file=\"https:\/\/www.grieta.org.mx\/wp-content\/uploads\/2022\/03\/https-_i1.wp.com_www.sinembargo.mx_wp-content_uploads_2021_11_cuartoscuro-843786-digital-1.jpegresize7002C460quality80stripallssl1.jpg\" data-orig-size=\"700,460\" data-comments-opened=\"0\" data-image-meta=\"{&quot;aperture&quot;:&quot;0&quot;,&quot;credit&quot;:&quot;&quot;,&quot;camera&quot;:&quot;&quot;,&quot;caption&quot;:&quot;&quot;,&quot;created_timestamp&quot;:&quot;0&quot;,&quot;copyright&quot;:&quot;&quot;,&quot;focal_length&quot;:&quot;0&quot;,&quot;iso&quot;:&quot;0&quot;,&quot;shutter_speed&quot;:&quot;0&quot;,&quot;title&quot;:&quot;&quot;,&quot;orientation&quot;:&quot;0&quot;}\" data-image-title=\"https _i1.wp.com_www.sinembargo.mx_wp-content_uploads_2021_11_cuartoscuro-843786-digital-1.jpeg?resize=700460&amp;#038;quality=80&amp;#038;strip=all&amp;#038;ssl=1\" data-image-description=\"\" data-image-caption=\"&lt;p&gt;Don Roberto. FOTO: ADOLFO VLADIMIR \/CUARTOSCURO&lt;\/p&gt;\n\" data-medium-file=\"https:\/\/www.grieta.org.mx\/wp-content\/uploads\/2022\/03\/https-_i1.wp.com_www.sinembargo.mx_wp-content_uploads_2021_11_cuartoscuro-843786-digital-1.jpegresize7002C460quality80stripallssl1-300x197.jpg\" data-large-file=\"https:\/\/www.grieta.org.mx\/wp-content\/uploads\/2022\/03\/https-_i1.wp.com_www.sinembargo.mx_wp-content_uploads_2021_11_cuartoscuro-843786-digital-1.jpegresize7002C460quality80stripallssl1.jpg\" class=\"wp-image-63761 size-full\" src=\"http:\/\/www.grieta.org.mx\/wp-content\/uploads\/2022\/03\/https-_i1.wp.com_www.sinembargo.mx_wp-content_uploads_2021_11_cuartoscuro-843786-digital-1.jpegresize7002C460quality80stripallssl1.jpg\" alt=\"\" width=\"700\" height=\"460\" srcset=\"https:\/\/www.grieta.org.mx\/wp-content\/uploads\/2022\/03\/https-_i1.wp.com_www.sinembargo.mx_wp-content_uploads_2021_11_cuartoscuro-843786-digital-1.jpegresize7002C460quality80stripallssl1.jpg 700w, https:\/\/www.grieta.org.mx\/wp-content\/uploads\/2022\/03\/https-_i1.wp.com_www.sinembargo.mx_wp-content_uploads_2021_11_cuartoscuro-843786-digital-1.jpegresize7002C460quality80stripallssl1-300x197.jpg 300w\" sizes=\"auto, (max-width: 700px) 100vw, 700px\" \/><figcaption id=\"caption-attachment-63761\" class=\"wp-caption-text\">Don Roberto. FOTO: ADOLFO VLADIMIR \/CUARTOSCURO<\/figcaption><\/figure>\n<p>La alternativa, seg\u00fan su defensa legal, es ofrecer una indemnizaci\u00f3n a los empleados que supuestamente amenaz\u00f3, pero el campesino no cuenta con el dinero para pagar sus terapias psicol\u00f3gicas.<\/p>\n<blockquote><p><em> \u201cQue las pague el Estado, yo soy insolvente, no tengo dinero. [Grupo Frisco] tiene el mayor capital en Am\u00e9rica Latina y nosotros no tenemos nada, traigo \u2013r\u00ede\u2013 ropa regalada\u201d.<\/em><\/p><\/blockquote>\n<p>Mientras cientos de familias han sido desplazadas por el crimen organizado en Fresnillo y poblados aleda\u00f1os, Roberto resiste a la presi\u00f3n de la minera de la personas m\u00e1s adinerada del pa\u00eds.<\/p>\n<p>Desde agosto, est\u00e1 exiliado en un caba\u00f1a a s\u00f3lo dos kil\u00f3metros abajo de Salaverna porque la entrada est\u00e1 bloqueada con una cerca y dos casetas de vigilancia, y a su hijo \u2013tambi\u00e9n llamado a la audiencia\u2013 las autoridades municipales le advirtieron que \u201calgo le iba a pasar\u201d si intentaba volver al poblado, seg\u00fan denunci\u00f3. Vive con sus chivas y unos perros. Dice que su hijo \u201cah\u00ed anda, ag\u00fcitado\u201d, pero lo anima diciendo que deben defender a su pueblo.<\/p>\n<blockquote><p><em>\u201cSi nos encierran, es una injusticia, pero nosotros hicimos lo debido\u201d, afirm\u00f3.<\/em><\/p><\/blockquote>\n<figure id=\"attachment_63762\" aria-describedby=\"caption-attachment-63762\" style=\"width: 700px\" class=\"wp-caption alignnone\"><img loading=\"lazy\" decoding=\"async\" data-attachment-id=\"63762\" data-permalink=\"https:\/\/www.grieta.org.mx\/index.php\/2022\/03\/20\/roberto-campesino-de-zacatecas-contra-mina-de-slim-pide-no-ser-encarcelado\/https-_i1-wp-com_www-sinembargo-mx_wp-content_uploads_2021_11_cuartoscuro-843790-digital-jpegresize700434quality80stripallssl1\/\" data-orig-file=\"https:\/\/www.grieta.org.mx\/wp-content\/uploads\/2022\/03\/https-_i1.wp.com_www.sinembargo.mx_wp-content_uploads_2021_11_cuartoscuro-843790-digital.jpegresize7002C434quality80stripallssl1.jpg\" data-orig-size=\"700,434\" data-comments-opened=\"0\" data-image-meta=\"{&quot;aperture&quot;:&quot;0&quot;,&quot;credit&quot;:&quot;&quot;,&quot;camera&quot;:&quot;&quot;,&quot;caption&quot;:&quot;&quot;,&quot;created_timestamp&quot;:&quot;0&quot;,&quot;copyright&quot;:&quot;&quot;,&quot;focal_length&quot;:&quot;0&quot;,&quot;iso&quot;:&quot;0&quot;,&quot;shutter_speed&quot;:&quot;0&quot;,&quot;title&quot;:&quot;&quot;,&quot;orientation&quot;:&quot;0&quot;}\" data-image-title=\"https _i1.wp.com_www.sinembargo.mx_wp-content_uploads_2021_11_cuartoscuro-843790-digital.jpeg?resize=700434&amp;#038;quality=80&amp;#038;strip=all&amp;#038;ssl=1\" data-image-description=\"\" data-image-caption=\"&lt;p&gt;Ca\u00f1aba donde se refugia el chivero.&lt;br \/&gt;\nFOTO: ADOLFO VLADIMIR \/CUARTOSCURO.COM&lt;\/p&gt;\n\" data-medium-file=\"https:\/\/www.grieta.org.mx\/wp-content\/uploads\/2022\/03\/https-_i1.wp.com_www.sinembargo.mx_wp-content_uploads_2021_11_cuartoscuro-843790-digital.jpegresize7002C434quality80stripallssl1-300x186.jpg\" data-large-file=\"https:\/\/www.grieta.org.mx\/wp-content\/uploads\/2022\/03\/https-_i1.wp.com_www.sinembargo.mx_wp-content_uploads_2021_11_cuartoscuro-843790-digital.jpegresize7002C434quality80stripallssl1.jpg\" class=\"wp-image-63762 size-full\" src=\"http:\/\/www.grieta.org.mx\/wp-content\/uploads\/2022\/03\/https-_i1.wp.com_www.sinembargo.mx_wp-content_uploads_2021_11_cuartoscuro-843790-digital.jpegresize7002C434quality80stripallssl1.jpg\" alt=\"\" width=\"700\" height=\"434\" srcset=\"https:\/\/www.grieta.org.mx\/wp-content\/uploads\/2022\/03\/https-_i1.wp.com_www.sinembargo.mx_wp-content_uploads_2021_11_cuartoscuro-843790-digital.jpegresize7002C434quality80stripallssl1.jpg 700w, https:\/\/www.grieta.org.mx\/wp-content\/uploads\/2022\/03\/https-_i1.wp.com_www.sinembargo.mx_wp-content_uploads_2021_11_cuartoscuro-843790-digital.jpegresize7002C434quality80stripallssl1-300x186.jpg 300w\" sizes=\"auto, (max-width: 700px) 100vw, 700px\" \/><figcaption id=\"caption-attachment-63762\" class=\"wp-caption-text\">Ca\u00f1aba donde se refugia el chivero.<br \/>FOTO: ADOLFO VLADIMIR \/CUARTOSCURO.COM<\/figcaption><\/figure>\n<p>En Mazapil, el municipio minero donde est\u00e1 Salaverna con 44 por ciento en pobreza (Coneval, 2020), operan desde hace una d\u00e9cada dos grandes proyectos mineros: Pe\u00f1asquito, la mina de oro a cielo abierto m\u00e1s importante de Am\u00e9rica Latina de la compa\u00f1\u00eda canadiense Goldcorp \u2014que ya sec\u00f3 pozos de agricultores y afect\u00f3 el cultivo de miel\u2014 y Tayahua, la mina subterr\u00e1nea de cobre que opera desde 1972 y que adquiri\u00f3 Slim en 1998, cuyos planes de convertirla en una de cielo abierto \u201cimplica la destrucci\u00f3n\u201d de la comunidad de Salaverna, evalu\u00f3 el art\u00edculo acad\u00e9mico \u201cDos conflictos mineros en Mazapil\u201d.<\/p>\n<p>\u201cNo es justo que el invasor a nuestras tierras, que fue a derrumbar nuestro pueblo, ande suelto y ahora nos est\u00e9 acusando de delincuentes a nosotros, cuando los da\u00f1os que nos han causado son m\u00e1s graves\u201d, afirm\u00f3 Don Roberto.<\/p>\n<p><strong>EL DESALOJO CON VIOLACIONES<\/strong><\/p>\n<p>En la v\u00edspera navide\u00f1a de 2016, sin orden judicial la polic\u00eda estatal y ministerial de Zacatecas, gobernado entonces por Alejandro Tello, desaloj\u00f3 a habitantes de Salaverna. Trabajadores con dos maquinarias tipo bulldozer destruyeron la iglesia, escuela y la casa de la se\u00f1ora Teresa y su hija Leticia a\u00fan con muebles dentro, \u201cvulnerando con ello la legalidad y seguridad jur\u00eddica\u201d, expuso la Comisi\u00f3n de Derechos Humanos estatal (CDHEZ\/746\/2016).<\/p>\n<p>La poblaci\u00f3n de Salaverna registraba 303 habitantes en 2010, a\u00f1o en que comenz\u00f3 el conflicto. La mayor\u00eda era campesino o ganadero, y los otros laboraban en la mina. Pero tras el desalojo permanec\u00edan aproximadamente s\u00f3lo 50 habitantes de cinco familias, entre ellas Don Roberto y su hijo Roberto Cuauht\u00e9moc.<\/p>\n<p>El resto fue orillado a abandonar la comunidad y por 15 mil pesos aceptaron ser reubicados en un fraccionamiento vecino a la cabecera municipal denominado \u201cNuevo Salaverna\u201d, sin escuela, iglesia ni \u00e1reas verdes, el cual fue ofrecido en comodato por la minera Tayahua (Grupo Frisco), \u201checho que se constituye como un evidente desplazamiento forzado\u201d, determin\u00f3 la Comisi\u00f3n de Derechos Humanos de Zacatecas.<\/p>\n<p>Pero Don Beto no acept\u00f3 y, aunque su pueblo est\u00e1 en ruinas y con grietas por las detonaciones de la mina, no planea hacerlo. No por \u00e9l, dijo, sino para evitar da\u00f1os ambientales para la generaci\u00f3n futura por la miner\u00eda de cielo abierto que deja profundos tajos en el suelo y absorbe grandes cantidades de agua.<\/p>\n<figure id=\"attachment_63763\" aria-describedby=\"caption-attachment-63763\" style=\"width: 700px\" class=\"wp-caption alignnone\"><img loading=\"lazy\" decoding=\"async\" data-attachment-id=\"63763\" data-permalink=\"https:\/\/www.grieta.org.mx\/index.php\/2022\/03\/20\/roberto-campesino-de-zacatecas-contra-mina-de-slim-pide-no-ser-encarcelado\/https-_i0-wp-com_www-sinembargo-mx_wp-content_uploads_2021_11_cuartoscuro-843791-digital-jpegresize700455quality80stripallssl1\/\" data-orig-file=\"https:\/\/www.grieta.org.mx\/wp-content\/uploads\/2022\/03\/https-_i0.wp.com_www.sinembargo.mx_wp-content_uploads_2021_11_cuartoscuro-843791-digital.jpegresize7002C455quality80stripallssl1.jpg\" data-orig-size=\"700,455\" data-comments-opened=\"0\" data-image-meta=\"{&quot;aperture&quot;:&quot;0&quot;,&quot;credit&quot;:&quot;&quot;,&quot;camera&quot;:&quot;&quot;,&quot;caption&quot;:&quot;&quot;,&quot;created_timestamp&quot;:&quot;0&quot;,&quot;copyright&quot;:&quot;&quot;,&quot;focal_length&quot;:&quot;0&quot;,&quot;iso&quot;:&quot;0&quot;,&quot;shutter_speed&quot;:&quot;0&quot;,&quot;title&quot;:&quot;&quot;,&quot;orientation&quot;:&quot;0&quot;}\" data-image-title=\"https _i0.wp.com_www.sinembargo.mx_wp-content_uploads_2021_11_cuartoscuro-843791-digital.jpeg?resize=700455&amp;#038;quality=80&amp;#038;strip=all&amp;#038;ssl=1\" data-image-description=\"\" data-image-caption=\"&lt;p&gt;Entrada a Salaverna clausurada. FOTO: ADOLFO VLADIMIR \/CUARTOSCURO&lt;\/p&gt;\n\" data-medium-file=\"https:\/\/www.grieta.org.mx\/wp-content\/uploads\/2022\/03\/https-_i0.wp.com_www.sinembargo.mx_wp-content_uploads_2021_11_cuartoscuro-843791-digital.jpegresize7002C455quality80stripallssl1-300x195.jpg\" data-large-file=\"https:\/\/www.grieta.org.mx\/wp-content\/uploads\/2022\/03\/https-_i0.wp.com_www.sinembargo.mx_wp-content_uploads_2021_11_cuartoscuro-843791-digital.jpegresize7002C455quality80stripallssl1.jpg\" class=\"wp-image-63763 size-full\" src=\"http:\/\/www.grieta.org.mx\/wp-content\/uploads\/2022\/03\/https-_i0.wp.com_www.sinembargo.mx_wp-content_uploads_2021_11_cuartoscuro-843791-digital.jpegresize7002C455quality80stripallssl1.jpg\" alt=\"\" width=\"700\" height=\"455\" srcset=\"https:\/\/www.grieta.org.mx\/wp-content\/uploads\/2022\/03\/https-_i0.wp.com_www.sinembargo.mx_wp-content_uploads_2021_11_cuartoscuro-843791-digital.jpegresize7002C455quality80stripallssl1.jpg 700w, https:\/\/www.grieta.org.mx\/wp-content\/uploads\/2022\/03\/https-_i0.wp.com_www.sinembargo.mx_wp-content_uploads_2021_11_cuartoscuro-843791-digital.jpegresize7002C455quality80stripallssl1-300x195.jpg 300w\" sizes=\"auto, (max-width: 700px) 100vw, 700px\" \/><figcaption id=\"caption-attachment-63763\" class=\"wp-caption-text\">Entrada a Salaverna clausurada. FOTO: ADOLFO VLADIMIR \/CUARTOSCURO<\/figcaption><\/figure>\n<p>Desde hace una d\u00e9cada la empresa de Carlos Slim planea convertir la mina en tajo abierto, pero el yacimiento est\u00e1 debajo de las casas de Salaverna. En esas mismas fechas, y en el marco de detonaciones internas, la compa\u00f1\u00eda aleg\u00f3 que el lugar donde est\u00e1 asentado el poblado le pertenece legalmente y advirti\u00f3 que existe un riesgo de hundimiento de suelo debido a \u201cuna falla geol\u00f3gica natural\u201d, por lo cual solicit\u00f3 al gobierno local las medidas de desalojo.<\/p>\n<p>Pero los habitantes de Salaverna argumentaron que son posesionarios desde \u201ctiempos inmemorables\u201d, pues nacieron ah\u00ed y atribuyen los hundimientos, como el de 2012 en el Cerro \u201cEl Farito\u201d, a diversas detonaciones y operaci\u00f3n minera subterr\u00e1nea. As\u00ed consta la recomendaci\u00f3n de la Comisi\u00f3n de Derechos Humanos estatal.<\/p>\n<p>Con apoyo del Observatorio de Conflictos Mineros de Zacatecas (OCMZac) y la Uni\u00f3n Nacional de Trabajadores Agr\u00edcolas (UNTA), los inconformes llevaron el caso a la Secretar\u00eda de Desarrollo Agr\u00edcola Territorial y Urbano (SEDATU) para la regularizaci\u00f3n de 4 mil 650 hect\u00e1reas. Ya en la reuni\u00f3n en las oficinas en la Ciudad de M\u00e9xico, comenz\u00f3 a temblar. Era el 19 de septiembre de 2017.<\/p>\n<p>Entre el terremoto, las elecciones de 2018 y la pandemia, a m\u00e1s de diez a\u00f1os de haber estallado el conflicto, no avanza el cambio de uso de suelo de mina subterr\u00e1nea a cielo abierto, por lo que el proyecto de expansi\u00f3n se mantiene frenado y Don Beto podr\u00eda ser encarcelado.<\/p>\n<p><a href=\"https:\/\/www.sinembargo.mx\/27-02-2022\/4131689?utm_source=pocket_mylist\">https:\/\/www.sinembargo.mx\/27-02-2022\/4131689?utm_source=pocket_mylist<\/a><\/p>\n","protected":false},"excerpt":{"rendered":"<p>Don Roberto, el \u00fanico habitante de Salaverna, Zacatecas, que se resiste a dejar su hogar y entregar el pueblo a una minera del magnate Carlos Slim, fue vinculado a proceso &hellip; <a href=\"https:\/\/www.grieta.org.mx\/index.php\/2022\/03\/20\/roberto-campesino-de-zacatecas-contra-mina-de-slim-pide-no-ser-encarcelado\/\" class=\"more-link\">Leer m\u00e1s<\/a><\/p>\n","protected":false},"author":2,"featured_media":63760,"comment_status":"closed","ping_status":"closed","sticky":false,"template":"","format":"standard","meta":{"ngg_post_thumbnail":0,"_jetpack_newsletter_access":"","_jetpack_dont_email_post_to_subs":false,"_jetpack_newsletter_tier_id":0,"_jetpack_memberships_contains_paywalled_content":false,"_jetpack_memberships_contains_paid_content":false,"footnotes":""},"categories":[80],"tags":[2967,2216,394,3918,628,1178,3149,2528],"class_list":["post-63759","post","type-post","status-publish","format-standard","has-post-thumbnail","hentry","category-cintillo","tag-afectaciones-por-mineria","tag-conflictos-por-mineria","tag-contaminacion-por-mineria","tag-defensa-de-la-naturaleza","tag-defensa-del-territorio","tag-destruccion-de-la-naturaleza","tag-lucha-contra-mineras","tag-resistencia-contra-megaproyectos","entry"],"jetpack_featured_media_url":"https:\/\/www.grieta.org.mx\/wp-content\/uploads\/2022\/03\/Captura-de-pantalla-2022-03-20-a-las-18.43.27.png","jetpack_sharing_enabled":true,"jetpack_shortlink":"https:\/\/wp.me\/p7ZJR4-gAn","jetpack_likes_enabled":false,"jetpack-related-posts":[{"id":63200,"url":"https:\/\/www.grieta.org.mx\/index.php\/2021\/12\/09\/don-roberto-10-anos-de-resistencia-en-salaverna-en-su-pelea-contra-slim-zacatecas\/","url_meta":{"origin":63759,"position":0},"title":"Don Roberto; 10 a\u00f1os de resistencia en Salaverna en su pelea contra Slim (Zacatecas)","author":"grieta","date":"9 diciembre, 2021","format":false,"excerpt":"Redacci\u00f3n La Vanguadia, Coahuila \/ 9 diciembre 2021 Narra c\u00f3mo un pueblo fue desaparecido por empresa minera Los habitantes del pueblo Salaverna, en el norte de Zacatecas, fueron desalojados por una empresa minera operada por Grupo Frisco, propiedad de Carlos Slim Hel\u00fa, en colaboraci\u00f3n con autoridades locales y estatales; la\u2026","rel":"","context":"En &quot;CINTILLO&quot;","block_context":{"text":"CINTILLO","link":"https:\/\/www.grieta.org.mx\/index.php\/category\/cintillo\/"},"img":{"alt_text":"","src":"https:\/\/i0.wp.com\/www.grieta.org.mx\/wp-content\/uploads\/2018\/03\/14524434_1106112876131411_958039263622046936_o.jpg?resize=350%2C200&ssl=1","width":350,"height":200,"srcset":"https:\/\/i0.wp.com\/www.grieta.org.mx\/wp-content\/uploads\/2018\/03\/14524434_1106112876131411_958039263622046936_o.jpg?resize=350%2C200&ssl=1 1x, https:\/\/i0.wp.com\/www.grieta.org.mx\/wp-content\/uploads\/2018\/03\/14524434_1106112876131411_958039263622046936_o.jpg?resize=525%2C300&ssl=1 1.5x, https:\/\/i0.wp.com\/www.grieta.org.mx\/wp-content\/uploads\/2018\/03\/14524434_1106112876131411_958039263622046936_o.jpg?resize=700%2C400&ssl=1 2x"},"classes":[]},{"id":63190,"url":"https:\/\/www.grieta.org.mx\/index.php\/2022\/01\/08\/don-roberto-campesino-de-zacatecas-lucha-contra-una-mina-del-magnate-mexicano\/","url_meta":{"origin":63759,"position":1},"title":"Don Roberto, campesino de Zacatecas, lucha contra una mina del magnate mexicano","author":"grieta","date":"8 enero, 2022","format":false,"excerpt":"La minera Ocampo (Grupo Frisco), propiedad del magnate Carlos Slim, se apoder\u00f3 del pueblo de Salaverna, al noroeste de Zacatecas. Desde hace una d\u00e9cada busca extender su explotaci\u00f3n de cobre a tajo abierto por lo que las autoridades locales desplazaron familias y destruyeron casas, escuela e iglesia. Don Roberto, el\u2026","rel":"","context":"En &quot;CINTILLO&quot;","block_context":{"text":"CINTILLO","link":"https:\/\/www.grieta.org.mx\/index.php\/category\/cintillo\/"},"img":{"alt_text":"","src":"https:\/\/i0.wp.com\/www.grieta.org.mx\/wp-content\/uploads\/2022\/01\/Captura-de-pantalla-2022-01-29-a-las-17.44.49.png?resize=350%2C200&ssl=1","width":350,"height":200,"srcset":"https:\/\/i0.wp.com\/www.grieta.org.mx\/wp-content\/uploads\/2022\/01\/Captura-de-pantalla-2022-01-29-a-las-17.44.49.png?resize=350%2C200&ssl=1 1x, https:\/\/i0.wp.com\/www.grieta.org.mx\/wp-content\/uploads\/2022\/01\/Captura-de-pantalla-2022-01-29-a-las-17.44.49.png?resize=525%2C300&ssl=1 1.5x, https:\/\/i0.wp.com\/www.grieta.org.mx\/wp-content\/uploads\/2022\/01\/Captura-de-pantalla-2022-01-29-a-las-17.44.49.png?resize=700%2C400&ssl=1 2x, https:\/\/i0.wp.com\/www.grieta.org.mx\/wp-content\/uploads\/2022\/01\/Captura-de-pantalla-2022-01-29-a-las-17.44.49.png?resize=1050%2C600&ssl=1 3x, https:\/\/i0.wp.com\/www.grieta.org.mx\/wp-content\/uploads\/2022\/01\/Captura-de-pantalla-2022-01-29-a-las-17.44.49.png?resize=1400%2C800&ssl=1 4x"},"classes":[]},{"id":51837,"url":"https:\/\/www.grieta.org.mx\/index.php\/2020\/05\/19\/habitantes-de-salaverna-denuncian-penalmente-a-carlos-slim\/","url_meta":{"origin":63759,"position":2},"title":"Habitantes de Salaverna denuncian penalmente a Carlos Slim (Zacatecas)","author":"grieta","date":"19 mayo, 2020","format":false,"excerpt":"Juan Castro \/ El Sol de Zacatecas, 19 de mayo de 2020 Roberto de la Rosa D\u00e1vila, delegado municipal de Salaverna, inform\u00f3 que han interpuesto una denuncia penal en contra de la empresa minera Ocampo Minning Tayahua, y de su propietario, Carlos Slim Hel\u00fa, por los da\u00f1os ocasionados a las\u2026","rel":"","context":"En &quot;CINTILLO&quot;","block_context":{"text":"CINTILLO","link":"https:\/\/www.grieta.org.mx\/index.php\/category\/cintillo\/"},"img":{"alt_text":"","src":"https:\/\/i0.wp.com\/www.grieta.org.mx\/wp-content\/uploads\/2020\/07\/2020190506.jpg?resize=350%2C200&ssl=1","width":350,"height":200,"srcset":"https:\/\/i0.wp.com\/www.grieta.org.mx\/wp-content\/uploads\/2020\/07\/2020190506.jpg?resize=350%2C200&ssl=1 1x, https:\/\/i0.wp.com\/www.grieta.org.mx\/wp-content\/uploads\/2020\/07\/2020190506.jpg?resize=525%2C300&ssl=1 1.5x, https:\/\/i0.wp.com\/www.grieta.org.mx\/wp-content\/uploads\/2020\/07\/2020190506.jpg?resize=700%2C400&ssl=1 2x"},"classes":[]},{"id":63198,"url":"https:\/\/www.grieta.org.mx\/index.php\/2022\/01\/02\/defiende-ocmal-a-lideres-de-salaverna-zacatecas\/","url_meta":{"origin":63759,"position":3},"title":"Defiende OCMAL a l\u00edderes de Salaverna (Zacatecas)","author":"grieta","date":"2 enero, 2022","format":false,"excerpt":"domingo, 2 de enero de 2022 KAREN CALDER\u00d3N | NTRZACATECAS.COM La Red del Observatorio de Conflictos Mineros de Am\u00e9rica Latina (OCMAL), a trav\u00e9s de un comunicado, solicit\u00f3 al presidente de la Rep\u00fablica Mexicana, Andr\u00e9s Manuel L\u00f3pez Obrador, y al gobernador del estado, David Monreal \u00c1vila, poner un alto a la\u2026","rel":"","context":"En &quot;CINTILLO&quot;","block_context":{"text":"CINTILLO","link":"https:\/\/www.grieta.org.mx\/index.php\/category\/cintillo\/"},"img":{"alt_text":"","src":"https:\/\/i0.wp.com\/www.grieta.org.mx\/wp-content\/uploads\/2018\/03\/14524434_1106112876131411_958039263622046936_o.jpg?resize=350%2C200&ssl=1","width":350,"height":200,"srcset":"https:\/\/i0.wp.com\/www.grieta.org.mx\/wp-content\/uploads\/2018\/03\/14524434_1106112876131411_958039263622046936_o.jpg?resize=350%2C200&ssl=1 1x, https:\/\/i0.wp.com\/www.grieta.org.mx\/wp-content\/uploads\/2018\/03\/14524434_1106112876131411_958039263622046936_o.jpg?resize=525%2C300&ssl=1 1.5x, https:\/\/i0.wp.com\/www.grieta.org.mx\/wp-content\/uploads\/2018\/03\/14524434_1106112876131411_958039263622046936_o.jpg?resize=700%2C400&ssl=1 2x"},"classes":[]},{"id":56371,"url":"https:\/\/www.grieta.org.mx\/index.php\/2020\/11\/24\/rema-celebra-12-anos-de-resistencia-del-pueblo-de-salaverna-contra-la-mineria-zacatecas\/","url_meta":{"origin":63759,"position":4},"title":"Rema celebra 12 a\u00f1os de resistencia del pueblo de Salaverna contra la miner\u00eda (Zacatecas)","author":"grieta","date":"24 noviembre, 2020","format":false,"excerpt":"Autor: Jordana Gonzalez \/Contralinea, 24 de noviembre de 2020 La Red Mexicana de Afectados por la Miner\u00eda (Rema) celebr\u00f3 los 12 a\u00f1os de resistencia del pueblo de Salaverna \u2013en Mazapil, Zacatecas\u2013 contra el proyecto minero de Frisco, propiedad del empresario Carlos Slim. La comunidad contin\u00faa luchando para que la empresa\u2026","rel":"","context":"En &quot;CINTILLO&quot;","block_context":{"text":"CINTILLO","link":"https:\/\/www.grieta.org.mx\/index.php\/category\/cintillo\/"},"img":{"alt_text":"","src":"https:\/\/i0.wp.com\/www.grieta.org.mx\/wp-content\/uploads\/2021\/01\/adolfo-vladimir.jpg?resize=350%2C200&ssl=1","width":350,"height":200,"srcset":"https:\/\/i0.wp.com\/www.grieta.org.mx\/wp-content\/uploads\/2021\/01\/adolfo-vladimir.jpg?resize=350%2C200&ssl=1 1x, https:\/\/i0.wp.com\/www.grieta.org.mx\/wp-content\/uploads\/2021\/01\/adolfo-vladimir.jpg?resize=525%2C300&ssl=1 1.5x"},"classes":[]},{"id":32987,"url":"https:\/\/www.grieta.org.mx\/index.php\/2019\/04\/16\/denuncian-aumento-de-detonaciones-en-salaverna-mazapil-zacatecas\/","url_meta":{"origin":63759,"position":5},"title":"Denuncian aumento de detonaciones en Salaverna, Mazapil (Zacatecas)","author":"grieta","date":"16 abril, 2019","format":false,"excerpt":"Juan Castro\/El Sol de Zacatecas Zacatecas, Zac.- Habitantes de la comunidad de Salaverna, del municipio de Mazapil, denunciaron que la intensidad de las detonaciones por parte de la minera Frisco han aumentado, con lo que se pone en riesgo inminente la integridad f\u00edsica y la vida de los habitantes de\u2026","rel":"","context":"En &quot;CINTILLO&quot;","block_context":{"text":"CINTILLO","link":"https:\/\/www.grieta.org.mx\/index.php\/category\/cintillo\/"},"img":{"alt_text":"","src":"https:\/\/i0.wp.com\/www.grieta.org.mx\/wp-content\/uploads\/2019\/05\/201904166.jpg?resize=350%2C200&ssl=1","width":350,"height":200,"srcset":"https:\/\/i0.wp.com\/www.grieta.org.mx\/wp-content\/uploads\/2019\/05\/201904166.jpg?resize=350%2C200&ssl=1 1x, https:\/\/i0.wp.com\/www.grieta.org.mx\/wp-content\/uploads\/2019\/05\/201904166.jpg?resize=525%2C300&ssl=1 1.5x, https:\/\/i0.wp.com\/www.grieta.org.mx\/wp-content\/uploads\/2019\/05\/201904166.jpg?resize=700%2C400&ssl=1 2x"},"classes":[]}],"_links":{"self":[{"href":"https:\/\/www.grieta.org.mx\/index.php\/wp-json\/wp\/v2\/posts\/63759","targetHints":{"allow":["GET"]}}],"collection":[{"href":"https:\/\/www.grieta.org.mx\/index.php\/wp-json\/wp\/v2\/posts"}],"about":[{"href":"https:\/\/www.grieta.org.mx\/index.php\/wp-json\/wp\/v2\/types\/post"}],"author":[{"embeddable":true,"href":"https:\/\/www.grieta.org.mx\/index.php\/wp-json\/wp\/v2\/users\/2"}],"replies":[{"embeddable":true,"href":"https:\/\/www.grieta.org.mx\/index.php\/wp-json\/wp\/v2\/comments?post=63759"}],"version-history":[{"count":1,"href":"https:\/\/www.grieta.org.mx\/index.php\/wp-json\/wp\/v2\/posts\/63759\/revisions"}],"predecessor-version":[{"id":63766,"href":"https:\/\/www.grieta.org.mx\/index.php\/wp-json\/wp\/v2\/posts\/63759\/revisions\/63766"}],"wp:featuredmedia":[{"embeddable":true,"href":"https:\/\/www.grieta.org.mx\/index.php\/wp-json\/wp\/v2\/media\/63760"}],"wp:attachment":[{"href":"https:\/\/www.grieta.org.mx\/index.php\/wp-json\/wp\/v2\/media?parent=63759"}],"wp:term":[{"taxonomy":"category","embeddable":true,"href":"https:\/\/www.grieta.org.mx\/index.php\/wp-json\/wp\/v2\/categories?post=63759"},{"taxonomy":"post_tag","embeddable":true,"href":"https:\/\/www.grieta.org.mx\/index.php\/wp-json\/wp\/v2\/tags?post=63759"}],"curies":[{"name":"wp","href":"https:\/\/api.w.org\/{rel}","templated":true}]}}