{"id":63747,"date":"2022-03-19T15:07:39","date_gmt":"2022-03-19T21:07:39","guid":{"rendered":"https:\/\/www.grieta.org.mx\/?p=63747"},"modified":"2022-03-19T15:07:39","modified_gmt":"2022-03-19T21:07:39","slug":"tianguis-cultural-san-pancho-el-barrio-que-resiste-y-no-se-vende-queretaro","status":"publish","type":"post","link":"https:\/\/www.grieta.org.mx\/index.php\/2022\/03\/19\/tianguis-cultural-san-pancho-el-barrio-que-resiste-y-no-se-vende-queretaro\/","title":{"rendered":"Tianguis Cultural San Pancho: el barrio que resiste y no se vende (Quer\u00e9taro)"},"content":{"rendered":"<p><strong>Fotograf\u00eda: Laura Santos<\/strong><\/p>\n<p>David \u00c1lvarez \/ Saltapatr\u00e1s<\/p>\n<p class=\"has-drop-cap\">En el barrio de San Francisquito se realiz\u00f3 otra edici\u00f3n m\u00e1s del Tianguis Cultural San Pancho, donde decenas de personas se hicieron presentes ante la serie de eventos que dieron inicio a partir de la 1 de la tarde; esto como una propuesta para fomentar la comunidad entre los habitantes y una manera de dignificar los espacios de cara a los procesos de gentrificaci\u00f3n.<\/p>\n<div class=\"wp-block-spacer\" aria-hidden=\"true\"><\/div>\n<figure class=\"wp-block-image size-large\"><img loading=\"lazy\" decoding=\"async\" class=\"wp-image-3308 jetpack-lazy-image jetpack-lazy-image--handled\" src=\"https:\/\/www.saltapatras.online\/wp-content\/uploads\/2022\/03\/274688484_373664611278853_7094483302289097973_n-1024x682.jpg\" sizes=\"auto, (max-width: 1024px) 100vw, 1024px\" srcset=\"https:\/\/www.saltapatras.online\/wp-content\/uploads\/2022\/03\/274688484_373664611278853_7094483302289097973_n-1024x682.jpg 1024w, https:\/\/www.saltapatras.online\/wp-content\/uploads\/2022\/03\/274688484_373664611278853_7094483302289097973_n-300x200.jpg 300w, https:\/\/www.saltapatras.online\/wp-content\/uploads\/2022\/03\/274688484_373664611278853_7094483302289097973_n-768x512.jpg 768w, https:\/\/www.saltapatras.online\/wp-content\/uploads\/2022\/03\/274688484_373664611278853_7094483302289097973_n.jpg 1280w\" alt=\"\" width=\"1024\" height=\"682\" data-lazy-loaded=\"1\" \/><\/figure>\n<div class=\"wp-block-spacer\" aria-hidden=\"true\"><\/div>\n<p>A un costado de la Parroquia de la Divina Pastora fue que se congreg\u00f3 este ejercicio cultural de tipo art\u00edstico, que cont\u00f3 con la presencia de comerciantes y artesanos, as\u00ed como la realizaci\u00f3n de grafiti y muralismo a cargo de varios artistas locales, adem\u00e1s de un di\u00e1logo sobre la Teolog\u00eda de la liberaci\u00f3n y la iglesia en los movimientos sociales donde se cont\u00f3 con la presencia de Sa\u00fal Ragoitia Vega, vicario episcopal para la vida consagrada de la Di\u00f3cesis de Quer\u00e9taro.<\/p>\n<div class=\"wp-block-spacer\" aria-hidden=\"true\"><\/div>\n<figure class=\"wp-block-image size-large\"><img loading=\"lazy\" decoding=\"async\" class=\"wp-image-3311 jetpack-lazy-image jetpack-lazy-image--handled\" src=\"https:\/\/www.saltapatras.online\/wp-content\/uploads\/2022\/03\/274717317_489344372777829_8302588482955205118_n-1-1024x682.jpg\" sizes=\"auto, (max-width: 1024px) 100vw, 1024px\" srcset=\"https:\/\/www.saltapatras.online\/wp-content\/uploads\/2022\/03\/274717317_489344372777829_8302588482955205118_n-1-1024x682.jpg 1024w, https:\/\/www.saltapatras.online\/wp-content\/uploads\/2022\/03\/274717317_489344372777829_8302588482955205118_n-1-300x200.jpg 300w, https:\/\/www.saltapatras.online\/wp-content\/uploads\/2022\/03\/274717317_489344372777829_8302588482955205118_n-1-768x512.jpg 768w, https:\/\/www.saltapatras.online\/wp-content\/uploads\/2022\/03\/274717317_489344372777829_8302588482955205118_n-1.jpg 1280w\" alt=\"\" width=\"1024\" height=\"682\" data-lazy-loaded=\"1\" \/><\/figure>\n<div class=\"wp-block-spacer\" aria-hidden=\"true\"><\/div>\n<p>Asimismo, se llev\u00f3 a cabo la presentaci\u00f3n del libro \u201c15 a\u00f1os, 15 textos rojos\u201d de Rojo C\u00f3rdova, poeta-performer, tallerista y gestos cultural, y un show de rap y DJ a cargo de la escena local de hip hop tal como Fragmento Underground, Bak, Woozt, Astarte, Adri\u00e1n Malo, Frogs y Sukre, junto a los DJ\u00b4s Quetz Selector, Comex y Mundo H.<\/p>\n<div class=\"wp-block-spacer\" aria-hidden=\"true\"><\/div>\n<figure class=\"wp-block-image size-large\"><img loading=\"lazy\" decoding=\"async\" class=\"wp-image-3313 jetpack-lazy-image jetpack-lazy-image--handled\" src=\"https:\/\/www.saltapatras.online\/wp-content\/uploads\/2022\/03\/274594759_368499704943178_67523149115396210_n-1-1024x682.jpg\" sizes=\"auto, (max-width: 1024px) 100vw, 1024px\" srcset=\"https:\/\/www.saltapatras.online\/wp-content\/uploads\/2022\/03\/274594759_368499704943178_67523149115396210_n-1-1024x682.jpg 1024w, https:\/\/www.saltapatras.online\/wp-content\/uploads\/2022\/03\/274594759_368499704943178_67523149115396210_n-1-300x200.jpg 300w, https:\/\/www.saltapatras.online\/wp-content\/uploads\/2022\/03\/274594759_368499704943178_67523149115396210_n-1-768x512.jpg 768w, https:\/\/www.saltapatras.online\/wp-content\/uploads\/2022\/03\/274594759_368499704943178_67523149115396210_n-1.jpg 1280w\" alt=\"\" width=\"1024\" height=\"682\" data-lazy-loaded=\"1\" \/><\/figure>\n<div class=\"wp-block-spacer\" aria-hidden=\"true\"><\/div>\n<p>Durante el evento, entre charlas y venta de pulque y comida, habitantes del barrio se hicieron presentes en una de las calles emblem\u00e1ticas de San Francisquito, donde se abordaron distintos temas para hacer hincapi\u00e9 en los procesos de gentrificaci\u00f3n que esta zona denuncia desde hace a\u00f1os, por lo que estos proyectos buscan generar nuevas formas de relaci\u00f3n comunitaria.<\/p>\n<div class=\"wp-block-spacer\" aria-hidden=\"true\"><\/div>\n<figure class=\"wp-block-image size-large\"><img loading=\"lazy\" decoding=\"async\" class=\"wp-image-3314 jetpack-lazy-image jetpack-lazy-image--handled\" src=\"https:\/\/www.saltapatras.online\/wp-content\/uploads\/2022\/03\/275427431_299116515641759_4788969592091183110_n-1024x682.jpg\" sizes=\"auto, (max-width: 1024px) 100vw, 1024px\" srcset=\"https:\/\/www.saltapatras.online\/wp-content\/uploads\/2022\/03\/275427431_299116515641759_4788969592091183110_n-1024x682.jpg 1024w, https:\/\/www.saltapatras.online\/wp-content\/uploads\/2022\/03\/275427431_299116515641759_4788969592091183110_n-300x200.jpg 300w, https:\/\/www.saltapatras.online\/wp-content\/uploads\/2022\/03\/275427431_299116515641759_4788969592091183110_n-768x512.jpg 768w, https:\/\/www.saltapatras.online\/wp-content\/uploads\/2022\/03\/275427431_299116515641759_4788969592091183110_n.jpg 1280w\" alt=\"\" width=\"1024\" height=\"682\" data-lazy-loaded=\"1\" \/><\/figure>\n<div class=\"wp-block-spacer\" aria-hidden=\"true\"><\/div>\n<p>Sobre esto, con anterioridad agrupaciones de concheros y vecinos del sitio se congregaron para exigir a las autoridades el respeto a la autonom\u00eda del barrio, toda vez que buscan incidir legalmente para ser considerado un barrio ind\u00edgena, con lo cual buscan proteger su territorio de las pretenciones econ\u00f3micas y pol\u00edticas del Centro Hist\u00f3rico y sus alrededores.<\/p>\n<div class=\"wp-block-spacer\" aria-hidden=\"true\"><\/div>\n<figure class=\"wp-block-image size-large\"><img loading=\"lazy\" decoding=\"async\" class=\"wp-image-3317 jetpack-lazy-image jetpack-lazy-image--handled\" src=\"https:\/\/www.saltapatras.online\/wp-content\/uploads\/2022\/03\/274819063_370625088255553_8995027601849521362_n-1-1024x682.jpg\" sizes=\"auto, (max-width: 1024px) 100vw, 1024px\" srcset=\"https:\/\/www.saltapatras.online\/wp-content\/uploads\/2022\/03\/274819063_370625088255553_8995027601849521362_n-1-1024x682.jpg 1024w, https:\/\/www.saltapatras.online\/wp-content\/uploads\/2022\/03\/274819063_370625088255553_8995027601849521362_n-1-300x200.jpg 300w, https:\/\/www.saltapatras.online\/wp-content\/uploads\/2022\/03\/274819063_370625088255553_8995027601849521362_n-1-768x512.jpg 768w, https:\/\/www.saltapatras.online\/wp-content\/uploads\/2022\/03\/274819063_370625088255553_8995027601849521362_n-1.jpg 1280w\" alt=\"\" width=\"1024\" height=\"682\" data-lazy-loaded=\"1\" \/><\/figure>\n<p>&nbsp;<\/p>\n<p><a href=\"https:\/\/www.saltapatras.online\/index.php\/2022\/03\/14\/tianguis-cultural-san-pancho-el-barrio-que-resiste-y-no-se-vende\/?fbclid=IwAR37k54PC9q4Yge-jqULZF4VzRpDz9Mft7mbFbi6BaMwnXk9EXhP-7V4Tas\" target=\"_blank\" rel=\"noopener\">https:\/\/www.saltapatras.online\/index.php\/2022\/03\/14\/tianguis-cultural-san-pancho-el-barrio-que-resiste-y-no-se-vende\/?fbclid=IwAR37k54PC9q4Yge-jqULZF4VzRpDz9Mft7mbFbi6BaMwnXk9EXhP-7V4Tas<\/a><\/p>\n","protected":false},"excerpt":{"rendered":"<p>Fotograf\u00eda: Laura Santos David \u00c1lvarez \/ Saltapatr\u00e1s En el barrio de San Francisquito se realiz\u00f3 otra edici\u00f3n m\u00e1s del Tianguis Cultural San Pancho, donde decenas de personas se hicieron presentes &hellip; <a href=\"https:\/\/www.grieta.org.mx\/index.php\/2022\/03\/19\/tianguis-cultural-san-pancho-el-barrio-que-resiste-y-no-se-vende-queretaro\/\" class=\"more-link\">Leer m\u00e1s<\/a><\/p>\n","protected":false},"author":2,"featured_media":21928,"comment_status":"closed","ping_status":"closed","sticky":false,"template":"","format":"standard","meta":{"ngg_post_thumbnail":0,"_jetpack_newsletter_access":"","_jetpack_dont_email_post_to_subs":false,"_jetpack_newsletter_tier_id":0,"_jetpack_memberships_contains_paywalled_content":false,"_jetpack_memberships_contains_paid_content":false,"footnotes":""},"categories":[80,2533,2480,2978,2,27],"tags":[],"class_list":["post-63747","post","type-post","status-publish","format-standard","has-post-thumbnail","hentry","category-cintillo","category-conflictos-por-desarrollos-inmobiliarios-en-queretaro","category-lucha-y-resistencia-del-pueblo-de-queretaro","category-movilizaciones-y-protestas-de-habitantes-en-queretaro","category-noticias-nacionales","category-queretaro","entry"],"jetpack_featured_media_url":"https:\/\/www.grieta.org.mx\/wp-content\/uploads\/2018\/03\/14524434_1106112876131411_958039263622046936_o.jpg","jetpack_sharing_enabled":true,"jetpack_shortlink":"https:\/\/wp.me\/p7ZJR4-gAb","jetpack_likes_enabled":false,"jetpack-related-posts":[{"id":47102,"url":"https:\/\/www.grieta.org.mx\/index.php\/2020\/04\/02\/vecinas-y-vecinos-de-san-francisquito-se-organizan-para-tejer-redes-de-solidaridad-durante-la-cuarentena-queretaro\/","url_meta":{"origin":63747,"position":0},"title":"VECINAS Y VECINOS DE SAN FRANCISQUITO SE ORGANIZAN PARA TEJER REDES DE SOLIDARIDAD DURANTE LA CUARENTENA (Quer\u00e9taro)","author":"grieta","date":"2 abril, 2020","format":false,"excerpt":"Fotograf\u00eda y texto: Tv San Pancho Desde el s\u00e1bado 28 de marzo integrantes de la Asamblea han ido repartiendo la primera tanda de despensas a familias y vecinos del barrio que lo necesitan, sin embargo, las condiciones de pobreza y marginaci\u00f3n que se viven en San Francisquito son grav\u00edsimas, por\u2026","rel":"","context":"En &quot;CINTILLO&quot;","block_context":{"text":"CINTILLO","link":"https:\/\/www.grieta.org.mx\/index.php\/category\/cintillo\/"},"img":{"alt_text":"","src":"https:\/\/i0.wp.com\/www.grieta.org.mx\/wp-content\/uploads\/2020\/04\/VECINAS-Y-VECINOS-DE-SAN-FRANCISQUITO-SE-ORGANIZAN-PARA-TEJER-REDES-DE-SOLIDARIDAD-DURANTE-LA-CUARENTENA-qro-abr.png?resize=350%2C200&ssl=1","width":350,"height":200,"srcset":"https:\/\/i0.wp.com\/www.grieta.org.mx\/wp-content\/uploads\/2020\/04\/VECINAS-Y-VECINOS-DE-SAN-FRANCISQUITO-SE-ORGANIZAN-PARA-TEJER-REDES-DE-SOLIDARIDAD-DURANTE-LA-CUARENTENA-qro-abr.png?resize=350%2C200&ssl=1 1x, https:\/\/i0.wp.com\/www.grieta.org.mx\/wp-content\/uploads\/2020\/04\/VECINAS-Y-VECINOS-DE-SAN-FRANCISQUITO-SE-ORGANIZAN-PARA-TEJER-REDES-DE-SOLIDARIDAD-DURANTE-LA-CUARENTENA-qro-abr.png?resize=525%2C300&ssl=1 1.5x, https:\/\/i0.wp.com\/www.grieta.org.mx\/wp-content\/uploads\/2020\/04\/VECINAS-Y-VECINOS-DE-SAN-FRANCISQUITO-SE-ORGANIZAN-PARA-TEJER-REDES-DE-SOLIDARIDAD-DURANTE-LA-CUARENTENA-qro-abr.png?resize=700%2C400&ssl=1 2x"},"classes":[]},{"id":52099,"url":"https:\/\/www.grieta.org.mx\/index.php\/2020\/07\/24\/el-arte-y-el-territorio-muralismo-en-san-francisquito-queretaro\/","url_meta":{"origin":63747,"position":1},"title":"EL ARTE Y EL TERRITORIO: MURALISMO EN SAN FRANCISQUITO (Quer\u00e9taro)","author":"grieta","date":"24 julio, 2020","format":false,"excerpt":"Fotos tomadas de: sanpanchotv.wordpress.com Alejandro Ruiz \/ San Pancho TV Quer\u00e9taro, Quer\u00e9taro 24 de julio del 2020 En esta \u00e9poca de total incertidumbre, donde la barbarie se ha instaurado como discurso oficial; repensar el arte es una tarea que nos debe de ocupar urgentemente, pues la relaci\u00f3n entre pensamiento-lenguaje, as\u00ed\u2026","rel":"","context":"En &quot;CINTILLO&quot;","block_context":{"text":"CINTILLO","link":"https:\/\/www.grieta.org.mx\/index.php\/category\/cintillo\/"},"img":{"alt_text":"","src":"https:\/\/i0.wp.com\/www.grieta.org.mx\/wp-content\/uploads\/2020\/07\/EL-ARTE-Y-EL-TERRITORIO-MURALISMO-EN-SAN-FRANCISQUITO-qro-jul.jpg?resize=350%2C200&ssl=1","width":350,"height":200,"srcset":"https:\/\/i0.wp.com\/www.grieta.org.mx\/wp-content\/uploads\/2020\/07\/EL-ARTE-Y-EL-TERRITORIO-MURALISMO-EN-SAN-FRANCISQUITO-qro-jul.jpg?resize=350%2C200&ssl=1 1x, https:\/\/i0.wp.com\/www.grieta.org.mx\/wp-content\/uploads\/2020\/07\/EL-ARTE-Y-EL-TERRITORIO-MURALISMO-EN-SAN-FRANCISQUITO-qro-jul.jpg?resize=525%2C300&ssl=1 1.5x, https:\/\/i0.wp.com\/www.grieta.org.mx\/wp-content\/uploads\/2020\/07\/EL-ARTE-Y-EL-TERRITORIO-MURALISMO-EN-SAN-FRANCISQUITO-qro-jul.jpg?resize=700%2C400&ssl=1 2x"},"classes":[]},{"id":47582,"url":"https:\/\/www.grieta.org.mx\/index.php\/2020\/04\/08\/pobladores-de-santiago-mexquititlan-denuncian-acoso-de-autoridades-municipales-y-llaman-a-la-solidariad-de-la-ciudadania-queretaro\/","url_meta":{"origin":63747,"position":2},"title":"POBLADORES DE SANTIAGO MEXQUITITL\u00c1N DENUNCIAN ACOSO DE AUTORIDADES MUNICIPALES Y LLAMAN A LA SOLIDARIAD DE LA CIUDADAN\u00cdA (Quer\u00e9taro)","author":"grieta","date":"8 abril, 2020","format":false,"excerpt":"Imagen tomada de: sanpanchotv.wordpress.com TV San Pancho Pese a la cuarentena declarada para mitigar la expansi\u00f3n del COVID-19, la comunidad de Santiago Mexquititl\u00e1n contin\u00faa organizando su Concejo comunitario, donde adem\u00e1s de construir mecanismos comunitarios para atender la seguridad, la educaci\u00f3n y el comercio, tambi\u00e9n apuestan a la salud comunitaria. En\u2026","rel":"","context":"En &quot;Abuso policiaco y tortura en Quer\u00e9taro&quot;","block_context":{"text":"Abuso policiaco y tortura en Quer\u00e9taro","link":"https:\/\/www.grieta.org.mx\/index.php\/category\/noticias-nacionales\/queretaro\/abuso-policiaco-y-tortura-en-queretaro\/"},"img":{"alt_text":"","src":"https:\/\/i0.wp.com\/www.grieta.org.mx\/wp-content\/uploads\/2020\/04\/POBLADORES-DE-SANTIAGO-MEXQUITITL%C3%81N-DENUNCIAN-ACOSO-DE-AUTORIDADES-MUNICIPALES-Y-LLAMAN-A-LA-SOLIDARIAD-DE-LA-CIUDADAN%C3%8DA-qro-abr.jpg?resize=350%2C200&ssl=1","width":350,"height":200,"srcset":"https:\/\/i0.wp.com\/www.grieta.org.mx\/wp-content\/uploads\/2020\/04\/POBLADORES-DE-SANTIAGO-MEXQUITITL%C3%81N-DENUNCIAN-ACOSO-DE-AUTORIDADES-MUNICIPALES-Y-LLAMAN-A-LA-SOLIDARIAD-DE-LA-CIUDADAN%C3%8DA-qro-abr.jpg?resize=350%2C200&ssl=1 1x, https:\/\/i0.wp.com\/www.grieta.org.mx\/wp-content\/uploads\/2020\/04\/POBLADORES-DE-SANTIAGO-MEXQUITITL%C3%81N-DENUNCIAN-ACOSO-DE-AUTORIDADES-MUNICIPALES-Y-LLAMAN-A-LA-SOLIDARIAD-DE-LA-CIUDADAN%C3%8DA-qro-abr.jpg?resize=525%2C300&ssl=1 1.5x, https:\/\/i0.wp.com\/www.grieta.org.mx\/wp-content\/uploads\/2020\/04\/POBLADORES-DE-SANTIAGO-MEXQUITITL%C3%81N-DENUNCIAN-ACOSO-DE-AUTORIDADES-MUNICIPALES-Y-LLAMAN-A-LA-SOLIDARIAD-DE-LA-CIUDADAN%C3%8DA-qro-abr.jpg?resize=700%2C400&ssl=1 2x"},"classes":[]},{"id":72238,"url":"https:\/\/www.grieta.org.mx\/index.php\/2025\/08\/09\/san-francisquito-frente-a-la-gentrificacion-una-lucha-por-el-territorio-y-la-cultura-queretaro\/","url_meta":{"origin":63747,"position":3},"title":"San Francisquito frente a la gentrificaci\u00f3n: una lucha por el territorio y la cultura (Quer\u00e9taro)","author":"grieta","date":"9 agosto, 2025","format":false,"excerpt":"Publicado en agosto 9, 2025 David \u00c1lvarez \/ Proyecto Saltapatr\u00e1s Fotograf\u00eda: Laura Santos Este 8 de agosto, al caer la tarde, decenas de personas caminaron por las calles de San Francisquito con un mensaje que resume a\u00f1os de inconformidad: \u201cSan Pancho no se vende\u201d. Entre danzas concheras, ciclistas y colectivos,\u2026","rel":"","context":"En &quot;CINTILLO&quot;","block_context":{"text":"CINTILLO","link":"https:\/\/www.grieta.org.mx\/index.php\/category\/cintillo\/"},"img":{"alt_text":"","src":"https:\/\/i0.wp.com\/www.grieta.org.mx\/wp-content\/uploads\/2025\/08\/San-Francisquito-frente-a-la-gentrificacion-una-lucha-por-el-territorio-y-la-cultura.jpeg?resize=350%2C200&ssl=1","width":350,"height":200,"srcset":"https:\/\/i0.wp.com\/www.grieta.org.mx\/wp-content\/uploads\/2025\/08\/San-Francisquito-frente-a-la-gentrificacion-una-lucha-por-el-territorio-y-la-cultura.jpeg?resize=350%2C200&ssl=1 1x, https:\/\/i0.wp.com\/www.grieta.org.mx\/wp-content\/uploads\/2025\/08\/San-Francisquito-frente-a-la-gentrificacion-una-lucha-por-el-territorio-y-la-cultura.jpeg?resize=525%2C300&ssl=1 1.5x, https:\/\/i0.wp.com\/www.grieta.org.mx\/wp-content\/uploads\/2025\/08\/San-Francisquito-frente-a-la-gentrificacion-una-lucha-por-el-territorio-y-la-cultura.jpeg?resize=700%2C400&ssl=1 2x, https:\/\/i0.wp.com\/www.grieta.org.mx\/wp-content\/uploads\/2025\/08\/San-Francisquito-frente-a-la-gentrificacion-una-lucha-por-el-territorio-y-la-cultura.jpeg?resize=1050%2C600&ssl=1 3x, https:\/\/i0.wp.com\/www.grieta.org.mx\/wp-content\/uploads\/2025\/08\/San-Francisquito-frente-a-la-gentrificacion-una-lucha-por-el-territorio-y-la-cultura.jpeg?resize=1400%2C800&ssl=1 4x"},"classes":[]},{"id":46371,"url":"https:\/\/www.grieta.org.mx\/index.php\/2020\/03\/19\/lucha-de-los-vecinos-del-barrio-de-san-francisquito-queretaro-en-defensa-de-su-territorio\/","url_meta":{"origin":63747,"position":4},"title":"Lucha de los vecinos del Barrio de San Francisquito, Quer\u00e9taro, en defensa de su territorio.","author":"grieta","date":"19 marzo, 2020","format":false,"excerpt":"Colectivo Grieta, 18 de marzo de 2020. Ciudad de M\u00e9xico.- Durante las \u201cJornadas en defensa del Territorio y la Madre Tierra: Samir Somos Todas y Todos\u201d, pudimos entrevistar a vecinos del Barrio de San Francisquito, de la Ciudad de Quer\u00e9taro. Estos vecinos y vecinas, que marcharon junto a miles de\u2026","rel":"","context":"En &quot;CINTILLO&quot;","block_context":{"text":"CINTILLO","link":"https:\/\/www.grieta.org.mx\/index.php\/category\/cintillo\/"},"img":{"alt_text":"","src":"https:\/\/i0.wp.com\/www.grieta.org.mx\/wp-content\/uploads\/2020\/03\/SanFrancisquito2.jpg?resize=350%2C200&ssl=1","width":350,"height":200,"srcset":"https:\/\/i0.wp.com\/www.grieta.org.mx\/wp-content\/uploads\/2020\/03\/SanFrancisquito2.jpg?resize=350%2C200&ssl=1 1x, https:\/\/i0.wp.com\/www.grieta.org.mx\/wp-content\/uploads\/2020\/03\/SanFrancisquito2.jpg?resize=525%2C300&ssl=1 1.5x, https:\/\/i0.wp.com\/www.grieta.org.mx\/wp-content\/uploads\/2020\/03\/SanFrancisquito2.jpg?resize=700%2C400&ssl=1 2x, https:\/\/i0.wp.com\/www.grieta.org.mx\/wp-content\/uploads\/2020\/03\/SanFrancisquito2.jpg?resize=1050%2C600&ssl=1 3x, https:\/\/i0.wp.com\/www.grieta.org.mx\/wp-content\/uploads\/2020\/03\/SanFrancisquito2.jpg?resize=1400%2C800&ssl=1 4x"},"classes":[]},{"id":5259,"url":"https:\/\/www.grieta.org.mx\/index.php\/2016\/03\/08\/habitantes-de-san-pablo-exigen-servicios\/","url_meta":{"origin":63747,"position":5},"title":"Habitantes de San Pablo exigen servicios","author":"grieta","date":"8 marzo, 2016","format":false,"excerpt":"08\/03\/15. Se manifiestan vecinos exigiendo servicios b\u00e1sicos y contra cobros excesivos AM Quer\u00e9taro","rel":"","context":"En &quot;NOTICIAS NACIONALES&quot;","block_context":{"text":"NOTICIAS NACIONALES","link":"https:\/\/www.grieta.org.mx\/index.php\/category\/noticias-nacionales\/"},"img":{"alt_text":"","src":"https:\/\/i0.wp.com\/www.grieta.org.mx\/wp-content\/uploads\/2018\/03\/14524434_1106112876131411_958039263622046936_o.jpg?resize=350%2C200&ssl=1","width":350,"height":200,"srcset":"https:\/\/i0.wp.com\/www.grieta.org.mx\/wp-content\/uploads\/2018\/03\/14524434_1106112876131411_958039263622046936_o.jpg?resize=350%2C200&ssl=1 1x, https:\/\/i0.wp.com\/www.grieta.org.mx\/wp-content\/uploads\/2018\/03\/14524434_1106112876131411_958039263622046936_o.jpg?resize=525%2C300&ssl=1 1.5x, https:\/\/i0.wp.com\/www.grieta.org.mx\/wp-content\/uploads\/2018\/03\/14524434_1106112876131411_958039263622046936_o.jpg?resize=700%2C400&ssl=1 2x"},"classes":[]}],"_links":{"self":[{"href":"https:\/\/www.grieta.org.mx\/index.php\/wp-json\/wp\/v2\/posts\/63747","targetHints":{"allow":["GET"]}}],"collection":[{"href":"https:\/\/www.grieta.org.mx\/index.php\/wp-json\/wp\/v2\/posts"}],"about":[{"href":"https:\/\/www.grieta.org.mx\/index.php\/wp-json\/wp\/v2\/types\/post"}],"author":[{"embeddable":true,"href":"https:\/\/www.grieta.org.mx\/index.php\/wp-json\/wp\/v2\/users\/2"}],"replies":[{"embeddable":true,"href":"https:\/\/www.grieta.org.mx\/index.php\/wp-json\/wp\/v2\/comments?post=63747"}],"version-history":[{"count":1,"href":"https:\/\/www.grieta.org.mx\/index.php\/wp-json\/wp\/v2\/posts\/63747\/revisions"}],"predecessor-version":[{"id":63748,"href":"https:\/\/www.grieta.org.mx\/index.php\/wp-json\/wp\/v2\/posts\/63747\/revisions\/63748"}],"wp:featuredmedia":[{"embeddable":true,"href":"https:\/\/www.grieta.org.mx\/index.php\/wp-json\/wp\/v2\/media\/21928"}],"wp:attachment":[{"href":"https:\/\/www.grieta.org.mx\/index.php\/wp-json\/wp\/v2\/media?parent=63747"}],"wp:term":[{"taxonomy":"category","embeddable":true,"href":"https:\/\/www.grieta.org.mx\/index.php\/wp-json\/wp\/v2\/categories?post=63747"},{"taxonomy":"post_tag","embeddable":true,"href":"https:\/\/www.grieta.org.mx\/index.php\/wp-json\/wp\/v2\/tags?post=63747"}],"curies":[{"name":"wp","href":"https:\/\/api.w.org\/{rel}","templated":true}]}}