{"id":63735,"date":"2022-03-19T11:10:39","date_gmt":"2022-03-19T17:10:39","guid":{"rendered":"https:\/\/www.grieta.org.mx\/?p=63735"},"modified":"2022-03-19T11:10:39","modified_gmt":"2022-03-19T17:10:39","slug":"nosontressomostodxs-a-cuatro-anos-de-la-desaparicion-de-marco-daniel-y-salomon-jalisco","status":"publish","type":"post","link":"https:\/\/www.grieta.org.mx\/index.php\/2022\/03\/19\/nosontressomostodxs-a-cuatro-anos-de-la-desaparicion-de-marco-daniel-y-salomon-jalisco\/","title":{"rendered":"#NoSonTresSomosTodxs: A cuatro a\u00f1os de la desaparici\u00f3n de Marco, Daniel y Salom\u00f3n (Jalisco)"},"content":{"rendered":"<p>Foto: Darwin Franco<\/p>\n<p><strong>Este 19 de marzo de 2022 se cumplen cuatro a\u00f1os de la desaparici\u00f3n forzada de J<span class=\"JsGRdQ\">avier Salom\u00f3n Aceves Gast\u00e9lum, Marco Francisco Garc\u00eda \u00c1valos y Jes\u00fas Daniel D\u00edaz Garc\u00eda, estudiantes del CAAV, quienes fueron<\/span><span class=\"JsGRdQ\">\u00a0desaparecidos\u00a0<\/span><span class=\"JsGRdQ\">por presuntos elementos de la Fiscal\u00eda\u00a0<\/span><span class=\"JsGRdQ\">del Estado Jalisco en Tonal\u00e1.<\/span><\/strong><\/p>\n<p><strong><span class=\"JsGRdQ\">A la fecha, las personas se\u00f1aladas por su presunta responsabilidad en la desaparici\u00f3n forzada y aparentemente muerte de los estudiantes siguen sin recibir sentencia.<\/span><\/strong><\/p>\n<p>Darwin Franco \/ Zona Docs<\/p>\n<p>Desde que Daniel, Salom\u00f3n y Marco, estudiantes de la Universidad de Medios Audiovisuales CAAV, fueron desaparecidos de manera forzada<strong><span class=\"JsGRdQ\">\u00a0<\/span><span class=\"JsGRdQ\">5 mil 053 j\u00f3venes\u00a0<\/span><span class=\"JsGRdQ\">(3,466 hombres y 1,587 mujeres), como ellos tambi\u00e9n se convirtieron en v\u00edctimas de este delito.<\/span><\/strong><\/p>\n<p>Muchos de sus rostros pueden verse en la Glorieta de las y los Desaparecidos de Jalisco,<strong>\u00a0la cual se renombr\u00f3 as\u00ed por familiares, amigos y profesores que, en 2018, protestaron por la aparici\u00f3n con vida de los tres estudiantes de cine.<\/strong><\/p>\n<p>Hoy a cuatro a\u00f1os de su desaparici\u00f3n forzada, por lo menos, las familias de\u00a0<strong><span class=\"JsGRdQ\">Marco Francisco Garc\u00eda \u00c1valos y Jes\u00fas Daniel D\u00edaz Garc\u00eda\u00a0<\/span><\/strong><span class=\"JsGRdQ\">siguen exigiendo a las autoridades de Jalisco y a las federales que se les busque, pues consideran que ambos j\u00f3venes contin\u00faan desaparecidos, pues\u00a0<strong>\u201cnunca existieron en la versi\u00f3n oficial del caso pruebas cient\u00edficas, forenses y periciales\u201d<\/strong>\u00a0que sustentaran que en verdad fueron asesinados y disueltos en \u00e1cido como asegur\u00f3 la Fiscal\u00eda del Estado de Jalisco.<\/span><\/p>\n<p>La lucha de estas familias les ha llevado a exigir la atracci\u00f3n del caso a la Fiscal\u00eda General de la Rep\u00fablica, lo cual sucedi\u00f3 el 3 de abril de 2019;\u00a0<strong>sin embargo, poco y nada en realidad ha pasado con la investigaci\u00f3n, pues a decir de las autoridades federales, el Gobierno de Jalisco ha sido omiso en la entrega completa de la investigaci\u00f3n<\/strong>\u00a0que realiz\u00f3 por la desaparici\u00f3n y aparente muerte de los tres j\u00f3venes.<\/p>\n<p>Lo \u00faltimo que se sabe del caso fue que<strong>\u00a0la Suprema Corte de Justicia de la Naci\u00f3n, (SCJN) est\u00e1 revisando la petici\u00f3n de dos de los detenidos por su presunta responsabilidad en los hechos<\/strong>, pues a cuatro a\u00f1os de su detenci\u00f3n y prisi\u00f3n preventiva oficiosa dictada por un a\u00f1o, a\u00fan no reciben sentencia.<\/p>\n<p>Esta solicitud de amparo fue promovida por Cristian Omar \u2018N\u2019, y Gerardo \u2018N\u2019, se\u00f1alados por haber disuelto en \u00e1cido el cad\u00e1ver de uno de los estudiantes; su fundamento legal se centra en violaciones al debido proceso, raz\u00f3n por la cual un tribunal colegiado en materia penal les concedi\u00f3 el amparo y turn\u00f3 la revisi\u00f3n de su petici\u00f3n a la SCJN,<strong>\u00a0la cual no se ha pronunciado ni dictaminado nada al respecto.<\/strong><\/p>\n<p><strong>Cuatro a\u00f1os de b\u00fasqueda e impunidad<\/strong><\/p>\n<p>Javier Salom\u00f3n Aceves Gast\u00e9lum (27 a\u00f1os), Marco Francisco Garc\u00eda \u00c1valos (20 a\u00f1os) y Jes\u00fas Daniel D\u00edaz Garc\u00eda (20 a\u00f1os), todos estudiantes de la Universidad de Medios Audiovisuales (caav)\u00a0<strong>fueron desaparecidos el 19 de marzo de 2018 en el municipio de Tonal\u00e1, Jalisco.<\/strong><\/p>\n<p><strong>Su desaparici\u00f3n gener\u00f3 una serie de in\u00e9ditas manifestaciones en Jalisco (12 marchas en un lapso de 27 d\u00edas),\u00a0<\/strong>lo cual propici\u00f3 que la sociedad civil se apropiara y rebautizara la Glorieta de los Ni\u00f1os H\u00e9roes como la\u00a0<em>Glorieta de las y los Desaparecidos de Jalisco.<\/em><\/p>\n<p>Su desaparici\u00f3n coloc\u00f3, nuevamente en la escena medi\u00e1tica y period\u00edstica nacional, a los j\u00f3venes como la principal v\u00edctima de este delito,<strong>\u00a0lo cual no se hab\u00eda manifestado con tanta fuerza desde la desaparici\u00f3n forzada de los 43 estudiantes de la Escuela Normal Rural \u201cRa\u00fal Isidro Burgos\u201d de Ayotzinapa<\/strong>, ocurrida el 26 de septiembre de 2014 en el municipio de Iguala, Guerrero.<\/p>\n<p>Las manifestaciones generadas tras la desaparici\u00f3n de los tres estudiantes del CAAV generaron una consigna espec\u00edfica #NoSonTresSomosTodos,<strong>\u00a0frase ic\u00f3nica con la que miles de j\u00f3venes se reconocieron quiz\u00e1 por vez primera como posibles v\u00edctimas de una desaparici\u00f3n<\/strong>, y mediante la cual expresaron que los tres j\u00f3venes cineastas representaban apenas una parte de los miles de j\u00f3venes que, como ellos, no han logrado regresar a casa con sus seres queridos.<\/p>\n<p>Cuando los \u00e1nimos de exigencia de justicia y aparici\u00f3n con vida se encontraban en su punto m\u00e1s \u00e1lgido, la Fiscal\u00eda General de Jalisco, el 23 de abril de 2018,\u00a0<strong>ofreci\u00f3 una rueda de prensa que result\u00f3 ser lapidaria para las esperanzas de todos aquellos que salieron a las calles a exigir la localizaci\u00f3n de Javier Salom\u00f3n, Marco Francisco y Jes\u00fas Daniel,<\/strong>\u00a0ya que en esa primer comunicaci\u00f3n oficial tras la desaparici\u00f3n de los estudiantes, se asegur\u00f3, sin pruebas cient\u00edficas concluyentes,\u00a0<strong>que estos hab\u00edan sido asesinados por integrantes del C\u00e1rtel de Jalisco Nueva Generaci\u00f3n (cjng) y que sus cuerpos hab\u00edan sido disueltos en \u00e1cido para borrar la evidencia del crimen.<\/strong><\/p>\n<p>La autoridad asegur\u00f3 que hab\u00eda llegado a tales inferencias a trav\u00e9s de 400 entrevistas, 15 cateos en diversos domicilios y la confesi\u00f3n directa de dos de los ocho responsables de los hechos;\u00a0<strong>la Fiscal\u00eda General de Jalisco asegur\u00f3 que la desaparici\u00f3n de los j\u00f3venes sucedi\u00f3 debido a una confusi\u00f3n, pues el lugar en donde estos realizaban una filmaci\u00f3n escolar, el d\u00eda de su desaparici\u00f3n, hab\u00eda fungido como casa de seguridad del C\u00e1rtel de la Nueva Plaza<\/strong>\u00a0(grupo que se cre\u00f3 tras una escisi\u00f3n del CJNG en la zona), espec\u00edficamente de Diego Gabriel Mej\u00eda Oliden, detenido el 15 de julio de 2015 tras hab\u00e9rsele localizado, en ese domicilio, armas y droga.<\/p>\n<p><strong>A pesar de este hecho, el domicilio no fue incautado o asegurado por la autoridad, pues en 2016 fungi\u00f3 como domicilio del Centro Especializado en Conductas y Adicciones para J\u00f3venes y Adolescentes (CECAAJ<\/strong><strong>)<\/strong>, tal y como puede apreciarse en su p\u00e1gina de Facebook, en la cual aparece poca informaci\u00f3n sobre este centro; sin embargo, su<strong>\u00a0direcci\u00f3n y las fotograf\u00edas colocadas ah\u00ed coinciden con lo presentado en las indagatorias de la Fiscal\u00eda General de Jalisco.<\/strong><\/p>\n<p>Este domicilio, a decir de la autoridad, era propiedad de Mej\u00eda Oliden, sin embargo, este utilizaba prestanombres para acreditar la propiedad; uno de ellos era Edna, t\u00eda de Javier Salom\u00f3n Aceves Gast\u00e9lum, hoy detenida y consignada por lenocinio tras haberse comprobado la existencia de este delito en las est\u00e9ticas masculinas de las que esta era due\u00f1a o administradora.<strong>\u00a0La Fiscal\u00eda asegur\u00f3 que algunas de estas est\u00e9ticas eran propiedad de la pareja sentimental de Mej\u00eda Oliden.<\/strong><\/p>\n<p>Edna fue quien hab\u00eda facilitado a los estudiantes del CAAV el domicilio para grabar su tarea escolar; sin embargo, los estudiantes des- conoc\u00edan que este estaba siendo vigilado por integrantes del CJNG, quienes pensaban que Mej\u00eda Oliden podr\u00eda regresar ah\u00ed; no obstante,\u00a0<strong>la Fiscal\u00eda, espec\u00edficamente, se\u00f1al\u00f3 que era un domicilio vigilado y que los estudiantes tuvieron la mala fortuna de encontrarse en un lugar de \u201calto riesgo\u201d<\/strong>.<\/p>\n<p>Cuando los estudiantes salieron de este sitio, se trasladaron por el nuevo Perif\u00e9rico Oriente, entre el kil\u00f3metro 19 y 20, uno de los veh\u00edculos en los que viajaban tuvo una aver\u00eda, lo que provoc\u00f3 que los estudiantes se detuvieran a un costado del camino;\u00a0<strong>ah\u00ed fueron interceptados por sus captores, quienes luego se someterlos a todos, solo se llevaron a Javier Salom\u00f3n, Marco Francisco y Jes\u00fas Daniel.<\/strong><\/p>\n<p>Los tres j\u00f3venes, seg\u00fan confesaron los detenidos Gerardo N. y Omar N., fueron trasladados a una casa de seguridad ubicada en la calle Le- chuza, en la colonia Pinar de Las Palomas en Tonal\u00e1, donde fueron golpeados y torturados para obtener informaci\u00f3n del por qu\u00e9 estaban en el primer domicilio y qu\u00e9 informaci\u00f3n ten\u00edan de sus rivales.\u00a0<strong>Ninguno de los j\u00f3venes ten\u00eda vinculaci\u00f3n con la delincuencia.<\/strong><\/p>\n<p>En esa casa de seguridad, los estudiantes fueron golpeados, raz\u00f3n por la cual se encontraron all\u00ed rastros hem\u00e1ticos que resultaron po- sitivos con la informaci\u00f3n gen\u00e9tica de Marco Francisco, Jes\u00fas Daniel y Javier Salom\u00f3n.\u00a0<strong>Los hoy procesados por el delito de privaci\u00f3n de la libertad (no por el de desaparici\u00f3n) tambi\u00e9n confesaron que de ese lugar los estudiantes fueron trasladados a una segunda casa de seguridad ubicada en Amapola, colonia Rancho de la Cruz, tambi\u00e9n en Tonal\u00e1<\/strong>, donde, aparentemente, fueron asesinados y sus cuerpos disueltos en \u00e1cido.<\/p>\n<p>En dicho lugar, la Fiscal\u00eda asegur\u00f3 haber localizado 46 tinacos y 56 litros de \u00e1cido sulf\u00farico, com\u00fanmente utilizado por la delincuencia para disolver cad\u00e1veres; sin embargo, esta instancia no present\u00f3 los resultados de los an\u00e1lisis forenses realizados a los restos biol\u00f3gicos localizados en dichos tinacos o en las tuber\u00edas del domicilio;<strong>\u00a0sus \u201cin-ferencias l\u00f3gicas\u201d, basadas en la declaraci\u00f3n de los detenidos y en los hallazgos localizados en el lugar, les hizo concluir que los estudiantes pudieron tener este triste final,<\/strong>\u00a0as\u00ed lo precis\u00f3 Elizabeth Torres, encargada de la investigaci\u00f3n.<\/p>\n<p>Lo cierto es que, hasta la redacci\u00f3n de este texto,5 no se han presenta- do los resultados de las confrontas entre el material gen\u00e9tico localizado en los tinacos donde aseguraron exist\u00edan restos humanos en estado gra- so y las muestras de adn otorgadas por las familias de los estudiantes. La aseveraci\u00f3n de que los cuerpos de los estudiantes fueron disueltos en \u00e1cido sigue siendo algo que la Fiscal\u00eda General de Jalisco no ha logrado sostener cient\u00edficamente, aunque s\u00ed logr\u00f3, de manera efectiva, colocar en el espacio p\u00fablico\u2013medi\u00e1tico una narrativa en donde<strong>\u201clos estudiantes fueron privados de su libertad con la finalidad de quitarles la vida para posteriormente disolver sus cuerpos en \u00e1cido\u201d.<\/strong><\/p>\n<p>Ram\u00f3n Garc\u00eda, padre de Jes\u00fas Daniel, se\u00f1al\u00f3 la falsedad de dicha versi\u00f3n, ya que \u00e9ste por experiencia laboral sabe c\u00f3mo funcionan los materiales qu\u00edmicos. Por ello, insisti\u00f3 con la Fiscal\u00eda y al Instituto Jalisciense de Ciencias Forenses para que le dijeran qu\u00e9 tipo de qu\u00edmicos se utilizaron para supuestamente disolver el cuerpo de los j\u00f3venes; ah\u00ed se enter\u00f3 que fue \u00e1cido sulf\u00farico, el cual no se puede comprar en cualquier lado ni se puede utilizar en cualquier recipiente s\u00f3lo en aquellos de alta resistencia al calor: <strong>\u201clos tambos que mostraron en las fotograf\u00edas no hubieran aguantado el \u00e1cido, se hubieran roto\u201d<\/strong>.<\/p>\n<p>Para \u00e9l todo se trata de una falacia porque sabe que:<\/p>\n<p><strong>\u201cel \u00e1cido transforma la materia, pero no la destruye. Si yo echo una botella, pierde la figura de botella, pero abajo queda residuo molecular\u2026; as\u00ed que no puedo creer eso de que ya no qued\u00f3 nada para cotejar con nuestro ADN, esto para m\u00ed es una gran mentira, y por eso les pedimos pruebas cient\u00edficas que, a la fecha, no han sido otorgadas\u201d.<\/strong><\/p>\n<p>Esta versi\u00f3n del \u00e1cido tambi\u00e9n fue rechazada por el entonces director del Instituto Jalisciense de Ciencias Forenses,<strong>\u00a0Luis Octavio Cotero, quien se\u00f1al\u00f3 que no exist\u00edan en el lugar -donde aparentemente se localizaron los restos de los estudiantes- ning\u00fan elemento biol\u00f3gico<\/strong>\u00a0que permitiese hacer una identificaci\u00f3n y confronta gen\u00e9tica:<\/p>\n<p><strong>\u201cen ese momento, en Fiscal\u00eda que quisieron librar de la presi\u00f3n y se fueron por la f\u00e1cil, pero en lo que a m\u00ed responsabilidad concierne, yo nunca tuve evidencia cient\u00edfica para probar lo que ellos se\u00f1alaron, yo no estuve jam\u00e1s de acuerdo con que dieran esa versi\u00f3n, no hay dict\u00e1menes que sustenten eso, yo al menos nunca los tuve cuando fui director del instituto ni creo que exista\u201d, se\u00f1al\u00f3 el exfuncionario en entrevista exclusiva con\u00a0<em>ZonaDocs<\/em>.<\/strong><\/p>\n<p>Hasta el d\u00eda de hoy, la Fiscal\u00eda del Estado de Jalisco\u00a0<strong>no ha presentado informaci\u00f3n sobre las confrontas gen\u00e9ticas que se realizaron entre la materia org\u00e1nica que se localiz\u00f3 en el lugar donde se les priv\u00f3 de la vida a Marco, Daniel y Salom\u00f3n y el ADN que se tom\u00f3 a los familiares de los tres estudiantes<\/strong>. Informaci\u00f3n base de la \u201cverdad hist\u00f3rica\u201d.<\/p>\n<p>La Fiscal\u00eda General de la Rep\u00fablica, instancia que ahora lleva la investigaci\u00f3n, ha denunciado que la Fiscal\u00eda del Estado de Jalisco,\u00a0<strong>no les ha otorgado de manera completa toda la informaci\u00f3n del expediente que se abri\u00f3 en torno a la desaparici\u00f3n y homicidio de los j\u00f3venes estudiantes<\/strong>, por lo cual no ha avanzado en sus pesquisas.<\/p>\n<p>Lo \u00faltimo que se sabe del caso es sobre la detenci\u00f3n de cinco de los siete presuntos responsables:\u00a0<strong>Eduardo Giovanni \u201cN\u201d, alias \u201cEl Cochi\u201d; Christian Omar \u201cN\u201d, alias \u201cEl Qba\u201d; Jonathan Alejandro \u201cN\u201d, alias \u201cEl Kalimba\u201d; as\u00ed como Miguel \u00c1ngel \u201cN\u201d, alias \u201cEl Tun Tun\u201d.<\/strong>\u00a0Sobre los no detenidos; uno de ellos, \u201cal\u00edas el Canz\u00f3n\u201d, falleci\u00f3; mientras que sobre el \u00faltimo responsable,\u00a0<strong>no se ha informado su nombre para no entorpecer las investigaciones.<\/strong><\/p>\n<p>En el caso de Christian Omar \u201cN\u201d, alias \u201cEl Qba\u201d, a quien se le acus\u00f3 directamente de haber disuelto el cuerpo de los estudiantes en \u00e1cido,\u00a0<strong>sus familiares se\u00f1alaron que su detenci\u00f3n ocurri\u00f3 varios d\u00edas antes de lo dicho por la Fiscal\u00eda.<\/strong>\u00a0Su detenci\u00f3n inicial fue por fumar marihuana en v\u00eda p\u00fablica;\u00a0<strong>aunque despu\u00e9s de lo ocurrido con los estudiantes a \u00e9ste se termin\u00f3 procesando por narcomenudeo y robo de autopartes.<\/strong><\/p>\n<p>A partir de que la Fiscal\u00eda General de la Rep\u00fablica (FGR) atrajo el caso, se anunci\u00f3 que se analizar\u00edan las carpetas de investigaci\u00f3n y las pruebas presentadas por el ministerio p\u00fablico para determinar la culpabilidad de los presuntos implicados, ya que se sospecha de\u00a0<strong>\u201cviolaciones al debido proceso e, incluso, de la comisi\u00f3n de actos de tortura\u201d.<\/strong><\/p>\n<p>Al respecto, el actual Fiscal General, Gerardo Octavio Sol\u00eds, precis\u00f3:<\/p>\n<p><strong>\u201cLa posibilidad de que obtengan la libertad es una de las circunstancias que se pueden dar, lo que nosotros hemos precisado es que hubo una falta de profesionalismo al momento de llevar a cabo algunas de las diligencias de las investigaciones que esperamos no trasciendan\u201d;<\/strong><\/p>\n<p>Sin embargo, ninguno de los detenidos ha salido libre ni sus casos se han reabiertos.<strong>\u00a0Incluso, a ninguno de ellos se les ha dictado sentencia.<\/strong><\/p>\n<p>Una de las \u00faltimas acciones sobre el caso ocurri\u00f3 en diciembre de 2018 cuando el\u00a0<strong>Comit\u00e9 contra la Desaparici\u00f3n Forzada de la ONU realiz\u00f3 al Estado Mexicano una serie de peticiones tras recibir un informe sobre las irregularidades del caso<\/strong>\u00a0que fue elaborado por Sof\u00eda \u00c1valos Ornelas, Ram\u00f3n Garc\u00eda Jasso, Virgilia Garc\u00eda Garc\u00eda y Miguel D\u00edaz Trinidad, padres de Marco Francisco y Jes\u00fas Daniel.<\/p>\n<p>En este documento, dirigido a las autoridades de Jalisco y de la federaci\u00f3n, se se\u00f1al\u00f3 que:<\/p>\n<ul>\n<li><strong>Las pertenencias de los j\u00f3venes no fueron resguardadas inmediatamente<\/strong>\u00a0por la autoridad sino hasta d\u00edas despu\u00e9s de la desaparici\u00f3n.<\/li>\n<li><strong>No se tom\u00f3 en cuenta las pruebas que las mismas familias otorgaron<\/strong>; por ejemplo, una grabaci\u00f3n en la que aseguran \u201cexisten elementos fundamentales\u201d para saber qu\u00e9 pas\u00f3 el d\u00eda de la desaparici\u00f3n de sus hijos.<\/li>\n<li><strong>La conferencia de prensa donde se anunci\u00f3 el supuesto asesinato de los muchachos se realiz\u00f3 sin el consentimiento de las familias<\/strong>.<\/li>\n<li><strong>Las familias rechazaron la versi\u00f3n dada por la Fiscal\u00eda del Estado de Jalisco<\/strong>, instancia que dej\u00f3 de buscar a los tres estudiantes desde abril de 2018.<\/li>\n<\/ul>\n<p>A partir de los se\u00f1alamientos de esta instancia adscrita a la ONU, la investigaci\u00f3n se turn\u00f3 a la Fiscal\u00eda General de la Rep\u00fablica para\u00a0<strong>\u201cgarantizar la plena imparcialidad e independencia de los procesos de b\u00fasqueda e investigaci\u00f3n\u201d<\/strong>; sin embargo, tampoco en esta instancia\u00a0<strong>ha existido un avance que lleve a la localizaci\u00f3n de los estudiantes o a la verdad sobre los hechos<\/strong>.<\/p>\n<p>La desaparici\u00f3n de Javier Salom\u00f3n, Marco Francisco y Jes\u00fas Daniel es, lamentablemente, uno de los tantos casos de desaparici\u00f3n que ocurren en Jalisco. De hecho, durante el mes en que estos fueron desaparecidos, en la Fiscal\u00eda General de Jalisco\u00a0<strong>se presentaron 383 denuncias por desaparici\u00f3n<\/strong>, las cuales no s\u00f3lo siguen impunes sino que se ignora el paradero de los desaparecidos por las pocas o nulas acciones de b\u00fasqueda que la autoridad realiza para encontrarlos.<\/p>\n<p>Por ello, es que las familias de Marco y Daniel, as\u00ed como amigos y compa\u00f1eros del CAAV<strong>\u00a0han mantenido su exigencia de que se les considere a\u00fan como desaparecidos; as\u00ed mismo han solicitado la reapertura del caso porque consideran que las autoridades de Jalisco realizaron un mal trabajo en la b\u00fasqueda y localizaci\u00f3n de los tres j\u00f3venes cineastas,\u00a0<\/strong>quienes en estos d\u00edas debieron de haberse graduado junto a sus compa\u00f1eros.<\/p>\n<p><a href=\"https:\/\/www.zonadocs.mx\/2022\/03\/19\/nosontressomostodxs-a-cuatro-anos-de-la-desaparicion-de-marco-daniel-y-salomon\/\">https:\/\/www.zonadocs.mx\/2022\/03\/19\/nosontressomostodxs-a-cuatro-anos-de-la-desaparicion-de-marco-daniel-y-salomon\/<\/a><\/p>\n<p>&nbsp;<\/p>\n<p>&nbsp;<\/p>\n","protected":false},"excerpt":{"rendered":"<p>Foto: Darwin Franco Este 19 de marzo de 2022 se cumplen cuatro a\u00f1os de la desaparici\u00f3n forzada de Javier Salom\u00f3n Aceves Gast\u00e9lum, Marco Francisco Garc\u00eda \u00c1valos y Jes\u00fas Daniel D\u00edaz &hellip; <a href=\"https:\/\/www.grieta.org.mx\/index.php\/2022\/03\/19\/nosontressomostodxs-a-cuatro-anos-de-la-desaparicion-de-marco-daniel-y-salomon-jalisco\/\" class=\"more-link\">Leer m\u00e1s<\/a><\/p>\n","protected":false},"author":2,"featured_media":63736,"comment_status":"closed","ping_status":"closed","sticky":false,"template":"","format":"standard","meta":{"ngg_post_thumbnail":0,"_jetpack_newsletter_access":"","_jetpack_dont_email_post_to_subs":false,"_jetpack_newsletter_tier_id":0,"_jetpack_memberships_contains_paywalled_content":false,"_jetpack_memberships_contains_paid_content":false,"footnotes":""},"categories":[80,87,1032,20,2,83],"tags":[1828,121,2314,3660],"class_list":["post-63735","post","type-post","status-publish","format-standard","has-post-thumbnail","hentry","category-cintillo","category-desaparecidos","category-desaparecidos-en-jalisco","category-jalisco","category-noticias-nacionales","category-temas-nacionales","tag-busqueda-de-desaparecidos","tag-desaparecidos","tag-estudiantes-desaparecidos","tag-fiscalia","entry"],"jetpack_featured_media_url":"https:\/\/www.grieta.org.mx\/wp-content\/uploads\/2022\/03\/IMG_6741-1068x712-1.jpg","jetpack_sharing_enabled":true,"jetpack_shortlink":"https:\/\/wp.me\/p7ZJR4-gzZ","jetpack_likes_enabled":false,"jetpack-related-posts":[{"id":30704,"url":"https:\/\/www.grieta.org.mx\/index.php\/2019\/03\/14\/habra-protestas-en-el-primer-aniversario-de-la-desaparicion-de-los-tres-estudiantes-de-cine-jalisco\/","url_meta":{"origin":63735,"position":0},"title":"Habr\u00e1 protestas en el primer aniversario de la desaparici\u00f3n de los tres estudiantes de cine (Jalisco)","author":"grieta","date":"14 marzo, 2019","format":false,"excerpt":"Ignacio P\u00e9rez Vega \/ Cr\u00f3nica Jalisco A un a\u00f1o de la desaparici\u00f3n de los tres estudiantes de cine de la Universidad de Medio Audiovisuales (conocida como CAAV), la Federaci\u00f3n de Estudiantes Universitarios (FEU) afirm\u00f3 que no acepta la versi\u00f3n oficial de la Fiscal\u00eda General del Estado (FGE) y anunci\u00f3 la\u2026","rel":"","context":"En &quot;CINTILLO&quot;","block_context":{"text":"CINTILLO","link":"https:\/\/www.grieta.org.mx\/index.php\/category\/cintillo\/"},"img":{"alt_text":"","src":"https:\/\/i0.wp.com\/www.grieta.org.mx\/wp-content\/uploads\/2019\/03\/2019-03-14_12-03-36___8178.jpg?resize=350%2C200&ssl=1","width":350,"height":200,"srcset":"https:\/\/i0.wp.com\/www.grieta.org.mx\/wp-content\/uploads\/2019\/03\/2019-03-14_12-03-36___8178.jpg?resize=350%2C200&ssl=1 1x, https:\/\/i0.wp.com\/www.grieta.org.mx\/wp-content\/uploads\/2019\/03\/2019-03-14_12-03-36___8178.jpg?resize=525%2C300&ssl=1 1.5x"},"classes":[]},{"id":22756,"url":"https:\/\/www.grieta.org.mx\/index.php\/2018\/04\/24\/los-estudiantes-de-jalisco-se-organizan-para-exigir-a-las-autoridades-un-alto-a-la-violencia-la-desaparicion-de-cuatro-jovenes-en-la-ultima-semana-ha-desatado-una-serie-de-movilizaciones-encabezadas-p\/","url_meta":{"origin":63735,"position":1},"title":"Los estudiantes de Jalisco se organizan para exigir a las autoridades un alto a la violencia La desaparici\u00f3n de cuatro j\u00f3venes en la \u00faltima semana ha desatado una serie de movilizaciones encabezadas por los universitarios","author":"grieta","date":"24 abril, 2018","format":false,"excerpt":"Por ZORAYDA GALLEGOS Los estudiantes han arremetido contra las autoridades para exigir un alto a la violencia. La desaparici\u00f3n de cuatro j\u00f3venes en Jalisco en la \u00faltima semana ha desatado una serie de movilizaciones y actos de protesta en contra de la inseguridad en el Estado. La Federaci\u00f3n de Estudiantes\u2026","rel":"","context":"En &quot;CINTILLO&quot;","block_context":{"text":"CINTILLO","link":"https:\/\/www.grieta.org.mx\/index.php\/category\/cintillo\/"},"img":{"alt_text":"","src":"https:\/\/i0.wp.com\/www.grieta.org.mx\/wp-content\/uploads\/2018\/04\/1521834967_960320_1521915709_noticia_fotograma.jpg?resize=350%2C200&ssl=1","width":350,"height":200,"srcset":"https:\/\/i0.wp.com\/www.grieta.org.mx\/wp-content\/uploads\/2018\/04\/1521834967_960320_1521915709_noticia_fotograma.jpg?resize=350%2C200&ssl=1 1x, https:\/\/i0.wp.com\/www.grieta.org.mx\/wp-content\/uploads\/2018\/04\/1521834967_960320_1521915709_noticia_fotograma.jpg?resize=525%2C300&ssl=1 1.5x, https:\/\/i0.wp.com\/www.grieta.org.mx\/wp-content\/uploads\/2018\/04\/1521834967_960320_1521915709_noticia_fotograma.jpg?resize=700%2C400&ssl=1 2x"},"classes":[]},{"id":62106,"url":"https:\/\/www.grieta.org.mx\/index.php\/2021\/09\/26\/la-fiscalia-no-busco-nosotros-la-encontramos-jalisco\/","url_meta":{"origin":63735,"position":2},"title":"\u201cLa Fiscal\u00eda no busc\u00f3, nosotros la encontramos\u201d (Jalisco)","author":"grieta","date":"26 septiembre, 2021","format":false,"excerpt":"Foto: Zona Docs Tras permanecer siete d\u00edas como desaparecida, Wendoline G\u00f3mez Mendoza fue localizada con vida, el 25 de septiembre. Su familia en un acto simb\u00f3lico retir\u00f3 de la Glorieta de las y los Desaparecidos, la lona de b\u00fasqueda que colocaron tras su desaparici\u00f3n ocurrida, el 18 de septiembre. En\u2026","rel":"","context":"En &quot;CINTILLO&quot;","block_context":{"text":"CINTILLO","link":"https:\/\/www.grieta.org.mx\/index.php\/category\/cintillo\/"},"img":{"alt_text":"","src":"https:\/\/i0.wp.com\/www.grieta.org.mx\/wp-content\/uploads\/2021\/10\/wendoline-768x432-1.jpeg?resize=350%2C200&ssl=1","width":350,"height":200,"srcset":"https:\/\/i0.wp.com\/www.grieta.org.mx\/wp-content\/uploads\/2021\/10\/wendoline-768x432-1.jpeg?resize=350%2C200&ssl=1 1x, https:\/\/i0.wp.com\/www.grieta.org.mx\/wp-content\/uploads\/2021\/10\/wendoline-768x432-1.jpeg?resize=525%2C300&ssl=1 1.5x, https:\/\/i0.wp.com\/www.grieta.org.mx\/wp-content\/uploads\/2021\/10\/wendoline-768x432-1.jpeg?resize=700%2C400&ssl=1 2x"},"classes":[]},{"id":22426,"url":"https:\/\/www.grieta.org.mx\/index.php\/2018\/03\/31\/estudiantes-desaparecidos-gobierno-se-equivoca-baja-california\/","url_meta":{"origin":63735,"position":3},"title":"Estudiantes desaparecidos, gobierno se equivoca (Baja California)","author":"grieta","date":"31 marzo, 2018","format":false,"excerpt":"GUADALAJARA, JALISCO, 24MARZO2018.- Miles de personas entre estudiantes, maestros, familiares y amigos de la Universidad de Medios Audiovisuales, de la Universidad de Guadalajara y del ITESO, marcharon de la Glorieta de los Ni\u00f1os H\u00e9roes a la Fiscal\u00eda General del Estado, para exigir que aparezcan con vida Javier Salom\u00f3n, Marcos \u00c1valos\u2026","rel":"","context":"En &quot;Baja California&quot;","block_context":{"text":"Baja California","link":"https:\/\/www.grieta.org.mx\/index.php\/category\/noticias-nacionales\/baja-california\/"},"img":{"alt_text":"","src":"https:\/\/i0.wp.com\/www.grieta.org.mx\/wp-content\/uploads\/2018\/04\/marchalumnosdesaparecidos3.jpg?resize=350%2C200&ssl=1","width":350,"height":200,"srcset":"https:\/\/i0.wp.com\/www.grieta.org.mx\/wp-content\/uploads\/2018\/04\/marchalumnosdesaparecidos3.jpg?resize=350%2C200&ssl=1 1x, https:\/\/i0.wp.com\/www.grieta.org.mx\/wp-content\/uploads\/2018\/04\/marchalumnosdesaparecidos3.jpg?resize=525%2C300&ssl=1 1.5x"},"classes":[]},{"id":30954,"url":"https:\/\/www.grieta.org.mx\/index.php\/2019\/03\/19\/marchan-para-no-olvidar-a-sus-desaparecidos-jalisco\/","url_meta":{"origin":63735,"position":4},"title":"Marchan \u201cpara no olvidar\u201d a sus desaparecidos (Jalisco)","author":"grieta","date":"19 marzo, 2019","format":false,"excerpt":"Estudiantes, integrantes de la sociedad civil y del colectivo FUNDEJ, se manifestaron para recordar a los tres estudiantes de cine desaparecidos hace un a\u00f1o Rub\u00ed Bobadilla \/ El Informador Alrededor de mil 200 personas, seg\u00fan autoridades municipales, marcharon este martes para recordar a los tres j\u00f3venes estudiantes de cine vistos\u2026","rel":"","context":"En &quot;CINTILLO&quot;","block_context":{"text":"CINTILLO","link":"https:\/\/www.grieta.org.mx\/index.php\/category\/cintillo\/"},"img":{"alt_text":"","src":"https:\/\/i0.wp.com\/www.grieta.org.mx\/wp-content\/uploads\/2019\/03\/marcha1.jpg?resize=350%2C200&ssl=1","width":350,"height":200,"srcset":"https:\/\/i0.wp.com\/www.grieta.org.mx\/wp-content\/uploads\/2019\/03\/marcha1.jpg?resize=350%2C200&ssl=1 1x, https:\/\/i0.wp.com\/www.grieta.org.mx\/wp-content\/uploads\/2019\/03\/marcha1.jpg?resize=525%2C300&ssl=1 1.5x, https:\/\/i0.wp.com\/www.grieta.org.mx\/wp-content\/uploads\/2019\/03\/marcha1.jpg?resize=700%2C400&ssl=1 2x"},"classes":[]},{"id":57828,"url":"https:\/\/www.grieta.org.mx\/index.php\/2021\/03\/20\/nos-faltara-glorieta-accion-memorial-y-colocacion-de-losetas-de-busqueda-jalisco\/","url_meta":{"origin":63735,"position":5},"title":"\u00abNos faltar\u00e1 Glorieta\u00bb: acci\u00f3n memorial y colocaci\u00f3n de losetas de b\u00fasqueda (Jalisco)","author":"grieta","date":"20 marzo, 2021","format":false,"excerpt":"Foto: Zona Docs Christian Cantero \/ Zona Docs Decenas de familias se congregaron en la Glorieta de las y los desaparecidos de Jalisco para colocar ah\u00ed las losetas de b\u00fasqueda que, de a poco, ir\u00e1n sustituyendo a las lonas que han sido colocadas por quienes buscan a una de las\u2026","rel":"","context":"En &quot;CINTILLO&quot;","block_context":{"text":"CINTILLO","link":"https:\/\/www.grieta.org.mx\/index.php\/category\/cintillo\/"},"img":{"alt_text":"","src":"https:\/\/i0.wp.com\/www.grieta.org.mx\/wp-content\/uploads\/2021\/03\/Unknown-24-1.jpeg?resize=350%2C200&ssl=1","width":350,"height":200,"srcset":"https:\/\/i0.wp.com\/www.grieta.org.mx\/wp-content\/uploads\/2021\/03\/Unknown-24-1.jpeg?resize=350%2C200&ssl=1 1x, https:\/\/i0.wp.com\/www.grieta.org.mx\/wp-content\/uploads\/2021\/03\/Unknown-24-1.jpeg?resize=525%2C300&ssl=1 1.5x, https:\/\/i0.wp.com\/www.grieta.org.mx\/wp-content\/uploads\/2021\/03\/Unknown-24-1.jpeg?resize=700%2C400&ssl=1 2x"},"classes":[]}],"_links":{"self":[{"href":"https:\/\/www.grieta.org.mx\/index.php\/wp-json\/wp\/v2\/posts\/63735","targetHints":{"allow":["GET"]}}],"collection":[{"href":"https:\/\/www.grieta.org.mx\/index.php\/wp-json\/wp\/v2\/posts"}],"about":[{"href":"https:\/\/www.grieta.org.mx\/index.php\/wp-json\/wp\/v2\/types\/post"}],"author":[{"embeddable":true,"href":"https:\/\/www.grieta.org.mx\/index.php\/wp-json\/wp\/v2\/users\/2"}],"replies":[{"embeddable":true,"href":"https:\/\/www.grieta.org.mx\/index.php\/wp-json\/wp\/v2\/comments?post=63735"}],"version-history":[{"count":1,"href":"https:\/\/www.grieta.org.mx\/index.php\/wp-json\/wp\/v2\/posts\/63735\/revisions"}],"predecessor-version":[{"id":63737,"href":"https:\/\/www.grieta.org.mx\/index.php\/wp-json\/wp\/v2\/posts\/63735\/revisions\/63737"}],"wp:featuredmedia":[{"embeddable":true,"href":"https:\/\/www.grieta.org.mx\/index.php\/wp-json\/wp\/v2\/media\/63736"}],"wp:attachment":[{"href":"https:\/\/www.grieta.org.mx\/index.php\/wp-json\/wp\/v2\/media?parent=63735"}],"wp:term":[{"taxonomy":"category","embeddable":true,"href":"https:\/\/www.grieta.org.mx\/index.php\/wp-json\/wp\/v2\/categories?post=63735"},{"taxonomy":"post_tag","embeddable":true,"href":"https:\/\/www.grieta.org.mx\/index.php\/wp-json\/wp\/v2\/tags?post=63735"}],"curies":[{"name":"wp","href":"https:\/\/api.w.org\/{rel}","templated":true}]}}