{"id":63716,"date":"2022-03-09T17:26:19","date_gmt":"2022-03-09T23:26:19","guid":{"rendered":"https:\/\/www.grieta.org.mx\/?p=63716"},"modified":"2022-03-17T17:36:45","modified_gmt":"2022-03-17T23:36:45","slug":"organizacion-indigena-condena-que-amlo-afirme-que-obras-del-tren-maya-no-se-detendran","status":"publish","type":"post","link":"https:\/\/www.grieta.org.mx\/index.php\/2022\/03\/09\/organizacion-indigena-condena-que-amlo-afirme-que-obras-del-tren-maya-no-se-detendran\/","title":{"rendered":"Organizaci\u00f3n ind\u00edgena condena que AMLO afirme que obras del Tren Maya no se detendr\u00e1n"},"content":{"rendered":"<p>Gloria Leticia D\u00edaz \/ Proceso<\/p>\n<p>CIUDAD DE M\u00c9XICO (apro).- La Asamblea de Defensores del Territorio Maya, M\u00fauch\u2019 X\u00edinbal, conden\u00f3 las declaraciones del presidente Andr\u00e9s Manuel L\u00f3pez Obrador quien sostuvo que las obras del Tren Maya continuar\u00e1n a pesar de resoluciones del Poder Judicial que ordenan parar su construcci\u00f3n en el estado de Yucat\u00e1n.<\/p>\n<p>Representada legalmente por Indignaci\u00f3n, Promoci\u00f3n y Defensa de Derechos Humanos, la Asamblea M\u00fauch\u2019 X\u00edinbal consider\u00f3 que la afirmaci\u00f3n del presidente de que \u201cel Tren Maya no se detendr\u00e1 a pesar de lo resuelto de manera definitiva por un Tribunal Federal\u201d evidencian \u201cuna tendencia autoritaria que viola la separaci\u00f3n de poderes y quebranta el Estado de Derecho\u201d.<\/p>\n<p>La organizaci\u00f3n ind\u00edgena, promotora de un amparo al que el Poder Judicial otorg\u00f3 una suspensi\u00f3n definitiva, apunt\u00f3 que \u201clas descalificaciones permanente que el titular del Ejecutivo Federal ha hecho hacia quienes de manera leg\u00edtima se oponen a este proyecto, representan una violaci\u00f3n a la defensa de los derechos humanos\u201d.<\/p>\n<p>En un pronunciamiento insisti\u00f3 que las expresiones de L\u00f3pez Obrador colocan \u201ca quienes viven en las comunidades ind\u00edgenas afectadas en riesgo, dado el contexto de alta vulnerabilidad en que se encuentran las y los defensores de los derechos territoriales y ambientales en M\u00e9xico\u201d.<\/p>\n<p>En enero del a\u00f1o pasado, la Asamblea M\u00fauch\u2019 X\u00edinbal  inici\u00f3 un litigi\u00f3 por \u201clas violaciones al derecho al medio ambiente sano y a sus derechos como pueblo maya originario, entre ellos, a obtener informaci\u00f3n y participar en las determinaciones que como pueblo pueden afectar su territorio y recursos naturales, tal y como indica el Acuerdo de Escaz\u00fa, ratificado por la actual administraci\u00f3n\u201d.<\/p>\n<p>En el juicio de amparo que promovi\u00f3 la organizaci\u00f3n, consider\u00f3 violatoria la autorizaci\u00f3n de la Manifestaci\u00f3n de Impacto Ambiental en su modalidad regional, para la construcci\u00f3n de los tramos 1, 2 y 3 del Tren Maya, que van de Palenque, en Chiapas a Izamal, en Yucat\u00e1n.<\/p>\n<p>Semanas m\u00e1s tarde, el Juzgado Cuarto de Distrito concedi\u00f3 una suspensi\u00f3n definitiva  al considerar que \u201cexiste una incertidumbre sobre el verdadero impacto en cuesti\u00f3n, por lo que debe entonces inclinarse la balanza de la justicia a favor de la naturaleza, especialmente al considerar que su impacto tiene el potencial de trascender a las postreras generaciones y no s\u00f3lo a quienes habitan en la zona, sino incluso a todo el mundo en atenci\u00f3n a la interdependencia de los sistemas ecol\u00f3gicos mundiales\u201d.<\/p>\n<p><a href=\"https:\/\/www.proceso.com.mx\/nacional\/2022\/3\/9\/organizacion-indigena-condena-que-amlo-afirme-que-obras-del-tren-maya-no-se-detendran-282282.html\" rel=\"noopener\" target=\"_blank\">https:\/\/www.proceso.com.mx\/nacional\/2022\/3\/9\/organizacion-indigena-condena-que-amlo-afirme-que-obras-del-tren-maya-no-se-detendran-282282.html<\/a><\/p>\n","protected":false},"excerpt":{"rendered":"<p>Gloria Leticia D\u00edaz \/ Proceso CIUDAD DE M\u00c9XICO (apro).- La Asamblea de Defensores del Territorio Maya, M\u00fauch\u2019 X\u00edinbal, conden\u00f3 las declaraciones del presidente Andr\u00e9s Manuel L\u00f3pez Obrador quien sostuvo que &hellip; <a href=\"https:\/\/www.grieta.org.mx\/index.php\/2022\/03\/09\/organizacion-indigena-condena-que-amlo-afirme-que-obras-del-tren-maya-no-se-detendran\/\" class=\"more-link\">Leer m\u00e1s<\/a><\/p>\n","protected":false},"author":2,"featured_media":63718,"comment_status":"closed","ping_status":"closed","sticky":false,"template":"","format":"standard","meta":{"ngg_post_thumbnail":0,"_jetpack_newsletter_access":"","_jetpack_dont_email_post_to_subs":false,"_jetpack_newsletter_tier_id":0,"_jetpack_memberships_contains_paywalled_content":false,"_jetpack_memberships_contains_paid_content":false,"footnotes":""},"categories":[11,80,3,922,926,944,952,2,28,1877,1875,1876,2026,36],"tags":[3820,2821,3542,3107,1878],"class_list":["post-63716","post","type-post","status-publish","format-standard","has-post-thumbnail","hentry","category-campeche","category-cintillo","category-megaproyectos","category-megaproyectos-estados","category-mp-campeche","category-mp-quintana-roo","category-mp-yucatan","category-noticias-nacionales","category-quintana-roo","category-resistencia-al-tren-maya-en-la-peninsula-de-yucatan-campeche","category-resistencia-al-tren-maya-en-la-peninsula-de-yucatan","category-resistencia-al-tren-maya-en-la-peninsula-de-yucatan-quintana-roo","category-tren-maya","category-yucatan","tag-amparos","tag-asamblea-de-defensores-del-territorio-maya-muuch-xiinbal","tag-manifestacion-de-impacto-ambiental","tag-suspension-del-tren-maya","tag-tren-maya","entry"],"jetpack_featured_media_url":"https:\/\/www.grieta.org.mx\/wp-content\/uploads\/2022\/03\/TrenOrganizacionIndigenaCondena-e1647560160318.png","jetpack_sharing_enabled":true,"jetpack_shortlink":"https:\/\/wp.me\/p7ZJR4-gzG","jetpack_likes_enabled":false,"jetpack-related-posts":[{"id":47874,"url":"https:\/\/www.grieta.org.mx\/index.php\/2020\/04\/13\/las-vias-torcidas-del-tren-maya-video\/","url_meta":{"origin":63716,"position":0},"title":"Las v\u00edas torcidas del tren maya (Video)","author":"grieta","date":"13 abril, 2020","format":false,"excerpt":"https:\/\/www.youtube.com\/watch?v=k8FRX9eT0YY","rel":"","context":"En &quot;16. Pueblo Maya&quot;","block_context":{"text":"16. Pueblo Maya","link":"https:\/\/www.grieta.org.mx\/index.php\/category\/espejos-de-la-resistencia\/16-pueblo-maya\/"},"img":{"alt_text":"","src":"https:\/\/i0.wp.com\/www.grieta.org.mx\/wp-content\/uploads\/2020\/04\/ViasTorcidasTrenMaya.png?resize=350%2C200&ssl=1","width":350,"height":200,"srcset":"https:\/\/i0.wp.com\/www.grieta.org.mx\/wp-content\/uploads\/2020\/04\/ViasTorcidasTrenMaya.png?resize=350%2C200&ssl=1 1x, https:\/\/i0.wp.com\/www.grieta.org.mx\/wp-content\/uploads\/2020\/04\/ViasTorcidasTrenMaya.png?resize=525%2C300&ssl=1 1.5x, https:\/\/i0.wp.com\/www.grieta.org.mx\/wp-content\/uploads\/2020\/04\/ViasTorcidasTrenMaya.png?resize=700%2C400&ssl=1 2x"},"classes":[]},{"id":62518,"url":"https:\/\/www.grieta.org.mx\/index.php\/2021\/10\/27\/jimenez-pons-suena-siniestro-y-criminal-advierten-opositores-del-tren-maya\/","url_meta":{"origin":63716,"position":1},"title":"Jim\u00e9nez Pons suena siniestro y criminal, advierten opositores del Tren Maya","author":"grieta","date":"27 octubre, 2021","format":false,"excerpt":"Herbeth Escalante \/ Haz Ruido La Asamblea M\u00fauch\u2019 X\u00edinbal recalc\u00f3 que el Gobierno federal diariamente ejerce descalificaci\u00f3n y amedrentamiento en contra de quienes luchan por la defensa de su territorio M\u00e9rida, Yucat\u00e1n, 27 de octubre de 2021.- Luego de que el director del Fondo Nacional de Fomento al Turismo (Fonatur),\u2026","rel":"","context":"En &quot;Campeche&quot;","block_context":{"text":"Campeche","link":"https:\/\/www.grieta.org.mx\/index.php\/category\/noticias-nacionales\/campeche\/"},"img":{"alt_text":"","src":"https:\/\/i0.wp.com\/www.grieta.org.mx\/wp-content\/uploads\/2021\/10\/TrenMayaAmenazas-e1635529330484.png?resize=350%2C200&ssl=1","width":350,"height":200,"srcset":"https:\/\/i0.wp.com\/www.grieta.org.mx\/wp-content\/uploads\/2021\/10\/TrenMayaAmenazas-e1635529330484.png?resize=350%2C200&ssl=1 1x, https:\/\/i0.wp.com\/www.grieta.org.mx\/wp-content\/uploads\/2021\/10\/TrenMayaAmenazas-e1635529330484.png?resize=525%2C300&ssl=1 1.5x, https:\/\/i0.wp.com\/www.grieta.org.mx\/wp-content\/uploads\/2021\/10\/TrenMayaAmenazas-e1635529330484.png?resize=700%2C400&ssl=1 2x"},"classes":[]},{"id":48940,"url":"https:\/\/www.grieta.org.mx\/index.php\/2020\/05\/11\/interponen-queja-ante-la-cndh-contra-obras-del-tren-maya\/","url_meta":{"origin":63716,"position":2},"title":"Interponen queja ante la CNDH contra obras del Tren Maya","author":"grieta","date":"11 mayo, 2020","format":false,"excerpt":"Lilia Balam \/ Informe Fracto Colectivos ind\u00edgenas y organizaciones civiles argumentaron que continuar con la construcci\u00f3n del proyecto durante la pandemia vulnera los derechos de los pobladores de la regi\u00f3n. Colectivos ind\u00edgenas y organizaciones civiles de la Pen\u00ednsula de Yucat\u00e1n interpusieron una queja ante la Comisi\u00f3n Nacional de los Derechos\u2026","rel":"","context":"En &quot;Campeche&quot;","block_context":{"text":"Campeche","link":"https:\/\/www.grieta.org.mx\/index.php\/category\/noticias-nacionales\/campeche\/"},"img":{"alt_text":"","src":"https:\/\/i0.wp.com\/www.grieta.org.mx\/wp-content\/uploads\/2020\/05\/tren_maya.jpg1_-640x360-1-e1589284542406.jpg?resize=350%2C200&ssl=1","width":350,"height":200,"srcset":"https:\/\/i0.wp.com\/www.grieta.org.mx\/wp-content\/uploads\/2020\/05\/tren_maya.jpg1_-640x360-1-e1589284542406.jpg?resize=350%2C200&ssl=1 1x, https:\/\/i0.wp.com\/www.grieta.org.mx\/wp-content\/uploads\/2020\/05\/tren_maya.jpg1_-640x360-1-e1589284542406.jpg?resize=525%2C300&ssl=1 1.5x, https:\/\/i0.wp.com\/www.grieta.org.mx\/wp-content\/uploads\/2020\/05\/tren_maya.jpg1_-640x360-1-e1589284542406.jpg?resize=700%2C400&ssl=1 2x"},"classes":[]},{"id":35945,"url":"https:\/\/www.grieta.org.mx\/index.php\/2019\/07\/05\/expansion-de-megaproyectos-en-la-peninsula-de-yucatan-video\/","url_meta":{"origin":63716,"position":3},"title":"Expansi\u00f3n de Megaproyectos en la Pen\u00ednsula de Yucat\u00e1n (Video)","author":"grieta","date":"5 julio, 2019","format":false,"excerpt":"https:\/\/youtu.be\/qLBARIAaBsI","rel":"","context":"En &quot;Campeche&quot;","block_context":{"text":"Campeche","link":"https:\/\/www.grieta.org.mx\/index.php\/category\/noticias-nacionales\/campeche\/"},"img":{"alt_text":"","src":"https:\/\/i0.wp.com\/img.youtube.com\/vi\/qLBARIAaBsI\/0.jpg?resize=350%2C200","width":350,"height":200},"classes":[]},{"id":58003,"url":"https:\/\/www.grieta.org.mx\/index.php\/2021\/03\/27\/son-proyectos-que-no-estan-siendo-consultados-por-tren-maya-se-harian-10-parques-solares-activistas-de-yucatan-no-quieren-mas-despojo-de-tierras\/","url_meta":{"origin":63716,"position":4},"title":"\u201cSon proyectos que no est\u00e1n siendo consultados\u201d: Por Tren Maya, se har\u00edan 10 parques solares; activistas de Yucat\u00e1n no quieren m\u00e1s despojo de tierras","author":"grieta","date":"27 marzo, 2021","format":false,"excerpt":"Itzel Chan \/ Noticaribe M\u00c9RIDA, MX.- Ante el anuncio relacionado con la construcci\u00f3n de 10 parques de energ\u00eda solar para abastecer los tramos electrificados del Tren Maya, integrantes de la Asamblea de Defensores del Territorio Maya M\u00fauch\u2019 X\u00edinbal, se pronuncian desde ahora que se oponen a m\u00e1s despojo de tierras.\u2026","rel":"","context":"En &quot;Campeche&quot;","block_context":{"text":"Campeche","link":"https:\/\/www.grieta.org.mx\/index.php\/category\/noticias-nacionales\/campeche\/"},"img":{"alt_text":"","src":"https:\/\/i0.wp.com\/www.grieta.org.mx\/wp-content\/uploads\/2021\/03\/ParquesSolaresTrenMalla-e1616978369383.png?resize=350%2C200&ssl=1","width":350,"height":200,"srcset":"https:\/\/i0.wp.com\/www.grieta.org.mx\/wp-content\/uploads\/2021\/03\/ParquesSolaresTrenMalla-e1616978369383.png?resize=350%2C200&ssl=1 1x, https:\/\/i0.wp.com\/www.grieta.org.mx\/wp-content\/uploads\/2021\/03\/ParquesSolaresTrenMalla-e1616978369383.png?resize=525%2C300&ssl=1 1.5x, https:\/\/i0.wp.com\/www.grieta.org.mx\/wp-content\/uploads\/2021\/03\/ParquesSolaresTrenMalla-e1616978369383.png?resize=700%2C400&ssl=1 2x"},"classes":[]},{"id":49176,"url":"https:\/\/www.grieta.org.mx\/index.php\/2020\/05\/14\/cndh-pide-suspender-de-manera-urgente-obras-del-tren-maya\/","url_meta":{"origin":63716,"position":5},"title":"CNDH pide suspender de manera urgente obras del Tren Maya","author":"grieta","date":"14 mayo, 2020","format":false,"excerpt":"Lilia Balam \/ Informe Fracto El organismo emiti\u00f3 medidas cautelares al FONATUR para detener las actividades no esenciales relacionadas con el proyecto ferroviario, pues las obras vulnerar\u00edan los derechos de la poblaci\u00f3n. La Comisi\u00f3n Nacional de los Derechos Humanos (CNDH), solicit\u00f3 al Fondo Nacional de Fomento al Turismo (FONATUR), suspender\u2026","rel":"","context":"En &quot;Campeche&quot;","block_context":{"text":"Campeche","link":"https:\/\/www.grieta.org.mx\/index.php\/category\/noticias-nacionales\/campeche\/"},"img":{"alt_text":"","src":"https:\/\/i0.wp.com\/www.grieta.org.mx\/wp-content\/uploads\/2020\/05\/Tren_Maya_CNDH-1536x1003-e1589496540443.jpg?resize=350%2C200&ssl=1","width":350,"height":200,"srcset":"https:\/\/i0.wp.com\/www.grieta.org.mx\/wp-content\/uploads\/2020\/05\/Tren_Maya_CNDH-1536x1003-e1589496540443.jpg?resize=350%2C200&ssl=1 1x, https:\/\/i0.wp.com\/www.grieta.org.mx\/wp-content\/uploads\/2020\/05\/Tren_Maya_CNDH-1536x1003-e1589496540443.jpg?resize=525%2C300&ssl=1 1.5x, https:\/\/i0.wp.com\/www.grieta.org.mx\/wp-content\/uploads\/2020\/05\/Tren_Maya_CNDH-1536x1003-e1589496540443.jpg?resize=700%2C400&ssl=1 2x"},"classes":[]}],"_links":{"self":[{"href":"https:\/\/www.grieta.org.mx\/index.php\/wp-json\/wp\/v2\/posts\/63716","targetHints":{"allow":["GET"]}}],"collection":[{"href":"https:\/\/www.grieta.org.mx\/index.php\/wp-json\/wp\/v2\/posts"}],"about":[{"href":"https:\/\/www.grieta.org.mx\/index.php\/wp-json\/wp\/v2\/types\/post"}],"author":[{"embeddable":true,"href":"https:\/\/www.grieta.org.mx\/index.php\/wp-json\/wp\/v2\/users\/2"}],"replies":[{"embeddable":true,"href":"https:\/\/www.grieta.org.mx\/index.php\/wp-json\/wp\/v2\/comments?post=63716"}],"version-history":[{"count":1,"href":"https:\/\/www.grieta.org.mx\/index.php\/wp-json\/wp\/v2\/posts\/63716\/revisions"}],"predecessor-version":[{"id":63717,"href":"https:\/\/www.grieta.org.mx\/index.php\/wp-json\/wp\/v2\/posts\/63716\/revisions\/63717"}],"wp:featuredmedia":[{"embeddable":true,"href":"https:\/\/www.grieta.org.mx\/index.php\/wp-json\/wp\/v2\/media\/63718"}],"wp:attachment":[{"href":"https:\/\/www.grieta.org.mx\/index.php\/wp-json\/wp\/v2\/media?parent=63716"}],"wp:term":[{"taxonomy":"category","embeddable":true,"href":"https:\/\/www.grieta.org.mx\/index.php\/wp-json\/wp\/v2\/categories?post=63716"},{"taxonomy":"post_tag","embeddable":true,"href":"https:\/\/www.grieta.org.mx\/index.php\/wp-json\/wp\/v2\/tags?post=63716"}],"curies":[{"name":"wp","href":"https:\/\/api.w.org\/{rel}","templated":true}]}}