{"id":63709,"date":"2022-03-07T11:22:49","date_gmt":"2022-03-07T17:22:49","guid":{"rendered":"https:\/\/www.grieta.org.mx\/?p=63709"},"modified":"2022-03-16T11:30:20","modified_gmt":"2022-03-16T17:30:20","slug":"quien-busca-a-los-desaparecidos-en-el-sur-de-jalisco","status":"publish","type":"post","link":"https:\/\/www.grieta.org.mx\/index.php\/2022\/03\/07\/quien-busca-a-los-desaparecidos-en-el-sur-de-jalisco\/","title":{"rendered":"\u00bfQui\u00e9n busca a los desaparecidos en el sur de Jalisco?"},"content":{"rendered":"<p>Foto: Masao Yanome<\/p>\n<p><strong>Este domingo se cumpli\u00f3 un a\u00f1o de la fundaci\u00f3n del Colectivo Familiares Desaparecidos de Ciudad Guzm\u00e1n; por ello, se realizaron algunas acciones conmemorando el trabajo y acompa\u00f1amiento de la organizaci\u00f3n con padres y madres de personas desaparecidas.<\/strong><\/p>\n<p>Masao Yanome \/ Zona Docs<\/p>\n<p>Don Mart\u00edn y Luz Mar\u00eda\u00a0<strong>son padres de Rub\u00e9n Esteban Sedano de 37 a\u00f1os, joven que tiene tres a\u00f1os y un mes desaparecido.<\/strong>\u00a0En sus rostros se puede ver el cansancio y desesperaci\u00f3n por no encontrar a su hijo.<\/p>\n<p>Don Mart\u00edn reconoce sentirse acompa\u00f1ado por los dem\u00e1s padres con familiares desaparecidos que pertenecen al colectivo; sin embargo, comenta que antes\u00a0<strong>\u201chab\u00eda m\u00e1s familias, pero se fueron alejando porque tuvieron miedo\u201d.<\/strong><\/p>\n<p>Las actividades\u00a0<em>del Colectivo Familiares Desaparecidos de Ciudad Guzm\u00e1n\u00a0<\/em>iniciaron con el rezo del rosario dentro del Santuario de Guadalupe de Ciudad Guzm\u00e1n (Zapotl\u00e1n el Grande, Jalisco), al terminar miembros del Colectivo y padres de familiares desaparecidos se dirigieron al Hemiciclo a Ju\u00e1rez, tambi\u00e9n conocido como \u201cla Antimonumenta\u201d donde colocaron lonas con la ficha de b\u00fasqueda de sus familiares.<\/p>\n<p>Hablar de inseguridad en M\u00e9xico y de desaparecidos\u00a0<strong>es un tema que nadie quiere hablar.<\/strong>\u00a0Cambiar la mentalidad de la gente es una labor muy cansada. Es muy dif\u00edcil emocionalmente ver que d\u00eda con d\u00eda se suman m\u00e1s casos en vez de restarlos, menciona Eliseo Zamudio, Secretario del Colectivo.<\/p>\n<p><strong>\u201cSeg\u00fan datos del INEGI en Ciudad Guzm\u00e1n hay alrededor de 84 hombres desaparecidos y 33 mujeres desaparecidas. Desgraciadamente en Ciudad Guzm\u00e1n no les importa; hemos visto un rechazo, incluso de las familias que forman parte del colecto ha sido v\u00edctimas de discriminaci\u00f3n comentando que sus familiares se lo buscaron y cosas por el estilo\u201d<\/strong><\/p>\n<p>Esto no los ha detenido. Eliseo y \u00c1ngeles miembros fundamentales de la organizaci\u00f3n dedicada a \u00e9sta causa,<strong>\u00a0ha podido trabajar en coordinaci\u00f3n con el apoyo de CEPAD y la Red de Desaparecidos de Colima.<\/strong><\/p>\n<p><strong>\u201cSon casos que por diversas razones terminan encontr\u00e1ndose ac\u00e1 \u2013Jalisco- ya que la situaci\u00f3n de inseguridad en M\u00e9xico se ha convertido un laberinto de fosas comunes y muchas veces hay que ampliar la b\u00fasqueda\u201d agrega Eliseo.<\/strong><\/p>\n<p>A las actividades de este primer aniversario del Colectivo tambi\u00e9n asisti\u00f3 Maricela Guti\u00e9rrez madre de\u00a0<strong>Beatriz Villalvazo Guti\u00e9rrez quien desapareci\u00f3 el 20 de octubre de 2020<\/strong>. Maricela no detiene su ritmo de b\u00fasqueda a\u00fan que tenga m\u00e1s complicaciones. Lo \u00fanico que pide es que no las dejen solas.<\/p>\n<p>Para finalizar las actividades se ofreci\u00f3 una misa por la noche nuevamente en Santuario de Guadalupe donde se les fue reconocido su labor como organizaci\u00f3n que trabaja en encontrar, buscar y acompa\u00f1ar a las familias de los desaparecidos de la regi\u00f3n.<\/p>\n<p>A\u00fan siendo un trabajo extenuante y cansando para ellos,\u00a0<strong>lo \u00fanico que piden es sumarse a la causa compartiendo las fichas de b\u00fasqueda en redes sociales o teniendo m\u00e1s empat\u00eda<\/strong>. \u201cLo \u00fanico que hace falta son personas que quieran trabajar en mejorar la realidad\u201d, expresaron.<\/p>\n<p>De acuerdo al Registro Nacional de Personas Desaparecidas y No Localizadas, hasta el 7 de marzo de 2022,<strong>\u00a0en el sur de Jalisco existen 491 personas desaparecidas.<\/strong><\/p>\n<p>Este es el n\u00famero de personas desaparecidas en cada uno de los municipios que conforman la regi\u00f3n:\u00a0<strong>Zapotiltic (35 personas desaparecidas), Zapotitl\u00e1n de Vadillo (13), Zapotl\u00e1n el Grande (140), T\u00faxpan (27), Tonila (20), Tolim\u00e1n (9), Tecalitl\u00e1n (27), Tamazula de Gordiano (27), San Gabriel (58), Pihuamo (22), Jilotl\u00e1n de los Dolores (15) y G\u00f3mez Far\u00edas (22).<\/strong><\/p>\n<p><a href=\"https:\/\/www.zonadocs.mx\/2022\/03\/07\/quien-busca-a-los-desaparecidos-en-el-sur-de-jalisco\/\">https:\/\/www.zonadocs.mx\/2022\/03\/07\/quien-busca-a-los-desaparecidos-en-el-sur-de-jalisco\/<\/a><\/p>\n","protected":false},"excerpt":{"rendered":"<p>Foto: Masao Yanome Este domingo se cumpli\u00f3 un a\u00f1o de la fundaci\u00f3n del Colectivo Familiares Desaparecidos de Ciudad Guzm\u00e1n; por ello, se realizaron algunas acciones conmemorando el trabajo y acompa\u00f1amiento &hellip; <a href=\"https:\/\/www.grieta.org.mx\/index.php\/2022\/03\/07\/quien-busca-a-los-desaparecidos-en-el-sur-de-jalisco\/\" class=\"more-link\">Leer m\u00e1s<\/a><\/p>\n","protected":false},"author":2,"featured_media":63710,"comment_status":"closed","ping_status":"closed","sticky":false,"template":"","format":"standard","meta":{"ngg_post_thumbnail":0,"_jetpack_newsletter_access":"","_jetpack_dont_email_post_to_subs":false,"_jetpack_newsletter_tier_id":0,"_jetpack_memberships_contains_paywalled_content":false,"_jetpack_memberships_contains_paid_content":false,"footnotes":""},"categories":[80,13,87,1829,1032,20,2,83],"tags":[3791,1828,3018,121,3775,1668],"class_list":["post-63709","post","type-post","status-publish","format-standard","has-post-thumbnail","hentry","category-cintillo","category-colima","category-desaparecidos","category-desaparecidos-en-colima","category-desaparecidos-en-jalisco","category-jalisco","category-noticias-nacionales","category-temas-nacionales","tag-acciones-por-desaparecidos","tag-busqueda-de-desaparecidos","tag-colectivos-de-busqueda-de-desaparecidos","tag-desaparecidos","tag-estadisticas-de-desaparecidos","tag-familiares-de-desaparecidos","entry"],"jetpack_featured_media_url":"https:\/\/www.grieta.org.mx\/wp-content\/uploads\/2022\/03\/lonas-anti.jpg","jetpack_sharing_enabled":true,"jetpack_shortlink":"https:\/\/wp.me\/p7ZJR4-gzz","jetpack_likes_enabled":false,"jetpack-related-posts":[{"id":60398,"url":"https:\/\/www.grieta.org.mx\/index.php\/2021\/07\/06\/familias-de-colima-recorren-jalisco-buscando-a-sus-desaparecidos\/","url_meta":{"origin":63709,"position":0},"title":"Familias de Colima recorren Jalisco buscando a sus desaparecidos","author":"grieta","date":"6 julio, 2021","format":false,"excerpt":"Foto:\u00a0 Diario Avanzada Heidi de Le\u00f3n Guti\u00e9rrez \/ Diario Avanzada Colima, M\u00e9xico, Avanzada (06\/07\/2021).- Integrantes de la Red de Personas Desaparecidas en Colima se encuentran en Jalisco para buscar a sus familiares \u00a0en hospitales, albergues,\u00a0 centros penitenciarios \u00a0y en distintos puntos de esa entidad como parte de la Jornada Nacional\u2026","rel":"","context":"En &quot;CINTILLO&quot;","block_context":{"text":"CINTILLO","link":"https:\/\/www.grieta.org.mx\/index.php\/category\/cintillo\/"},"img":{"alt_text":"","src":"https:\/\/i0.wp.com\/www.grieta.org.mx\/wp-content\/uploads\/2021\/07\/Des.png?resize=350%2C200&ssl=1","width":350,"height":200},"classes":[]},{"id":55371,"url":"https:\/\/www.grieta.org.mx\/index.php\/2020\/11\/18\/continua-busqueda-de-colimenses-en-jalisco\/","url_meta":{"origin":63709,"position":1},"title":"Contin\u00faa b\u00fasqueda de colimenses en Jalisco","author":"grieta","date":"18 noviembre, 2020","format":false,"excerpt":"Foto: Cuartoscuro Lauro Rodr\u00edguez \/ El Diario NTR Al pie del volc\u00e1n de Colima y entre plantaciones de ca\u00f1a,\u00a0en el municipio de\u00a0Tonila, al sur de Jalisco, contin\u00faa la b\u00fasqueda de colimenses desaparecidos. El 24 de septiembre, integrantes del colectivo\u00a0Red de Desaparecidos en Colima, AC,\u00a0se manifestaron en la glorieta\u00a0de los Ni\u00f1os\u2026","rel":"","context":"En &quot;CINTILLO&quot;","block_context":{"text":"CINTILLO","link":"https:\/\/www.grieta.org.mx\/index.php\/category\/cintillo\/"},"img":{"alt_text":"","src":"https:\/\/i0.wp.com\/www.grieta.org.mx\/wp-content\/uploads\/2020\/11\/2020-11-18_12-11-39___8730.jpg?resize=350%2C200&ssl=1","width":350,"height":200,"srcset":"https:\/\/i0.wp.com\/www.grieta.org.mx\/wp-content\/uploads\/2020\/11\/2020-11-18_12-11-39___8730.jpg?resize=350%2C200&ssl=1 1x, https:\/\/i0.wp.com\/www.grieta.org.mx\/wp-content\/uploads\/2020\/11\/2020-11-18_12-11-39___8730.jpg?resize=525%2C300&ssl=1 1.5x, https:\/\/i0.wp.com\/www.grieta.org.mx\/wp-content\/uploads\/2020\/11\/2020-11-18_12-11-39___8730.jpg?resize=700%2C400&ssl=1 2x"},"classes":[]},{"id":39368,"url":"https:\/\/www.grieta.org.mx\/index.php\/2019\/09\/13\/espera-colectivo-desaparecidos-de-colima-localizar-a-sus-familiares-en-jalisco\/","url_meta":{"origin":63709,"position":2},"title":"Espera colectivo Desaparecidos de Colima localizar a sus familiares en Jalisco","author":"grieta","date":"13 septiembre, 2019","format":false,"excerpt":"Foto: El Comentario Juan Ram\u00f3n Jim\u00e9nez Fuentes \/ El Comentario La representante del\u00a0colectivo Desaparecidos de Colima, Carmen Sep\u00falveda, dio a conocer que\u00a0familiares\u00a0de personas desaparecidas\u00a0viajar\u00e1n\u00a0 al estado de Jalisco, luego de que se dio a conocer el\u00a0hallazgo de m\u00e1s de 115 bolsas\u00a0que conten\u00edan\u00a0restos humanos\u00a0en el municipio de\u00a0Zapopan. De acuerdo a lo\u2026","rel":"","context":"En &quot;CINTILLO&quot;","block_context":{"text":"CINTILLO","link":"https:\/\/www.grieta.org.mx\/index.php\/category\/cintillo\/"},"img":{"alt_text":"","src":"https:\/\/i0.wp.com\/www.grieta.org.mx\/wp-content\/uploads\/2019\/09\/11ad6d8c109d4d0d3718085ea877bbc8-6.jpg?resize=350%2C200&ssl=1","width":350,"height":200,"srcset":"https:\/\/i0.wp.com\/www.grieta.org.mx\/wp-content\/uploads\/2019\/09\/11ad6d8c109d4d0d3718085ea877bbc8-6.jpg?resize=350%2C200&ssl=1 1x, https:\/\/i0.wp.com\/www.grieta.org.mx\/wp-content\/uploads\/2019\/09\/11ad6d8c109d4d0d3718085ea877bbc8-6.jpg?resize=525%2C300&ssl=1 1.5x, https:\/\/i0.wp.com\/www.grieta.org.mx\/wp-content\/uploads\/2019\/09\/11ad6d8c109d4d0d3718085ea877bbc8-6.jpg?resize=700%2C400&ssl=1 2x"},"classes":[]},{"id":71951,"url":"https:\/\/www.grieta.org.mx\/index.php\/2025\/07\/03\/sospecha-red-de-desaparecidos-de-colima-que-en-jalisco-se-encuentran-sus-familiares\/","url_meta":{"origin":63709,"position":3},"title":"Sospecha Red de Desaparecidos de Colima que en Jalisco se encuentran sus familiares","author":"grieta","date":"3 julio, 2025","format":false,"excerpt":"Imagen: Tomada de Redes Sociales C\u00e9sar Barrera \/ El Comentario, Colima a\u00a0Red de Desaparecidos del Estado de Colima\u00a0expres\u00f3 su preocupaci\u00f3n por la posibilidad de que\u00a0personas desaparecidas\u00a0en territorio colimense est\u00e9n siendo trasladadas a Jalisco, estado al que apuntan diversos indicios recabados por integrantes del colectivo. Blanca Estela Ram\u00edrez, vocera de la\u2026","rel":"","context":"En &quot;CINTILLO&quot;","block_context":{"text":"CINTILLO","link":"https:\/\/www.grieta.org.mx\/index.php\/category\/cintillo\/"},"img":{"alt_text":"","src":"https:\/\/i0.wp.com\/www.grieta.org.mx\/wp-content\/uploads\/2025\/07\/desaparecidos.webp?resize=350%2C200&ssl=1","width":350,"height":200,"srcset":"https:\/\/i0.wp.com\/www.grieta.org.mx\/wp-content\/uploads\/2025\/07\/desaparecidos.webp?resize=350%2C200&ssl=1 1x, https:\/\/i0.wp.com\/www.grieta.org.mx\/wp-content\/uploads\/2025\/07\/desaparecidos.webp?resize=525%2C300&ssl=1 1.5x, https:\/\/i0.wp.com\/www.grieta.org.mx\/wp-content\/uploads\/2025\/07\/desaparecidos.webp?resize=700%2C400&ssl=1 2x"},"classes":[]},{"id":60186,"url":"https:\/\/www.grieta.org.mx\/index.php\/2021\/06\/21\/familiares-exigen-resultados-en-busqueda-de-desaparecidos-jalisco\/","url_meta":{"origin":63709,"position":4},"title":"Familiares exigen resultados en b\u00fasqueda de desaparecidos (Jalisco)","author":"grieta","date":"21 junio, 2021","format":false,"excerpt":"Foto: Edgar Flores Edgar Flores \/ El Diario NTR Familiares de cinco j\u00f3venes desaparecidos se manifiestan en Palacio de Gobierno luego de haber partido esta ma\u00f1ana desde la Glorieta de los Ni\u00f1os H\u00e9roes. Exigen respuesta por parte de las autoridades, a quienes acusan de ser omisas y de filtrar v\u00eddeos\u2026","rel":"","context":"En &quot;CINTILLO&quot;","block_context":{"text":"CINTILLO","link":"https:\/\/www.grieta.org.mx\/index.php\/category\/cintillo\/"},"img":{"alt_text":"","src":"https:\/\/i0.wp.com\/www.grieta.org.mx\/wp-content\/uploads\/2021\/06\/2021-06-21_01-06-06___8810.jpg?resize=350%2C200&ssl=1","width":350,"height":200,"srcset":"https:\/\/i0.wp.com\/www.grieta.org.mx\/wp-content\/uploads\/2021\/06\/2021-06-21_01-06-06___8810.jpg?resize=350%2C200&ssl=1 1x, https:\/\/i0.wp.com\/www.grieta.org.mx\/wp-content\/uploads\/2021\/06\/2021-06-21_01-06-06___8810.jpg?resize=525%2C300&ssl=1 1.5x, https:\/\/i0.wp.com\/www.grieta.org.mx\/wp-content\/uploads\/2021\/06\/2021-06-21_01-06-06___8810.jpg?resize=700%2C400&ssl=1 2x"},"classes":[]},{"id":55616,"url":"https:\/\/www.grieta.org.mx\/index.php\/2020\/12\/02\/ante-el-desamparo-gubernamental-familiares-de-desaparecidos-buscan-donaciones-colima\/","url_meta":{"origin":63709,"position":5},"title":"Ante el desamparo gubernamental, familiares de desaparecidos buscan donaciones (Colima)","author":"grieta","date":"2 diciembre, 2020","format":false,"excerpt":"Foto: Diario Avanzada Heidi de Le\u00f3n Guti\u00e9rrez \/ Diario Avanzada Colima, M\u00e9xico, Avanzada (2\/12\/2020).- Integrantes de la Red de Desaparecidos en el Estado de Colima solicitaron el apoyo econ\u00f3mico o en especie de la poblaci\u00f3n para poder comprar instrumentos que necesitan para las b\u00fasquedas que realizan en diferentes partes de\u2026","rel":"","context":"En &quot;CINTILLO&quot;","block_context":{"text":"CINTILLO","link":"https:\/\/www.grieta.org.mx\/index.php\/category\/cintillo\/"},"img":{"alt_text":"","src":"https:\/\/i0.wp.com\/www.grieta.org.mx\/wp-content\/uploads\/2020\/12\/image-3.png?resize=350%2C200&ssl=1","width":350,"height":200,"srcset":"https:\/\/i0.wp.com\/www.grieta.org.mx\/wp-content\/uploads\/2020\/12\/image-3.png?resize=350%2C200&ssl=1 1x, https:\/\/i0.wp.com\/www.grieta.org.mx\/wp-content\/uploads\/2020\/12\/image-3.png?resize=525%2C300&ssl=1 1.5x"},"classes":[]}],"_links":{"self":[{"href":"https:\/\/www.grieta.org.mx\/index.php\/wp-json\/wp\/v2\/posts\/63709","targetHints":{"allow":["GET"]}}],"collection":[{"href":"https:\/\/www.grieta.org.mx\/index.php\/wp-json\/wp\/v2\/posts"}],"about":[{"href":"https:\/\/www.grieta.org.mx\/index.php\/wp-json\/wp\/v2\/types\/post"}],"author":[{"embeddable":true,"href":"https:\/\/www.grieta.org.mx\/index.php\/wp-json\/wp\/v2\/users\/2"}],"replies":[{"embeddable":true,"href":"https:\/\/www.grieta.org.mx\/index.php\/wp-json\/wp\/v2\/comments?post=63709"}],"version-history":[{"count":1,"href":"https:\/\/www.grieta.org.mx\/index.php\/wp-json\/wp\/v2\/posts\/63709\/revisions"}],"predecessor-version":[{"id":63711,"href":"https:\/\/www.grieta.org.mx\/index.php\/wp-json\/wp\/v2\/posts\/63709\/revisions\/63711"}],"wp:featuredmedia":[{"embeddable":true,"href":"https:\/\/www.grieta.org.mx\/index.php\/wp-json\/wp\/v2\/media\/63710"}],"wp:attachment":[{"href":"https:\/\/www.grieta.org.mx\/index.php\/wp-json\/wp\/v2\/media?parent=63709"}],"wp:term":[{"taxonomy":"category","embeddable":true,"href":"https:\/\/www.grieta.org.mx\/index.php\/wp-json\/wp\/v2\/categories?post=63709"},{"taxonomy":"post_tag","embeddable":true,"href":"https:\/\/www.grieta.org.mx\/index.php\/wp-json\/wp\/v2\/tags?post=63709"}],"curies":[{"name":"wp","href":"https:\/\/api.w.org\/{rel}","templated":true}]}}