{"id":63698,"date":"2022-03-09T10:37:09","date_gmt":"2022-03-09T16:37:09","guid":{"rendered":"https:\/\/www.grieta.org.mx\/?p=63698"},"modified":"2022-03-16T10:49:01","modified_gmt":"2022-03-16T16:49:01","slug":"los-muros-se-restauran-la-vida-de-mis-hermanas-no-gritaban-mujeres-mientras-transformaban-estas-paredes-en-un-mural-de-reclamos-nayarit","status":"publish","type":"post","link":"https:\/\/www.grieta.org.mx\/index.php\/2022\/03\/09\/los-muros-se-restauran-la-vida-de-mis-hermanas-no-gritaban-mujeres-mientras-transformaban-estas-paredes-en-un-mural-de-reclamos-nayarit\/","title":{"rendered":"\u201cLos muros se restauran, la vida de mis hermanas no\u201d, gritaban mujeres mientras transformaban estas paredes en un mural de reclamos (Nayarit)"},"content":{"rendered":"<p>Foto: Ameyalli D\u00edaz Castro<\/p>\n<p>Diego Mendoza- Pablo Hern\u00e1ndez \/ Meridiano<\/p>\n<p>Fueron gritos llenos de rabia y condena en contra de quienes agreden a ni\u00f1as y mujeres, en contra de quienes las han asesinado, las hostigan, acosan, violentan, pero tambi\u00e9n, el grito y la consigna es en contra de la autoridad, de todas y todos los niveles, cuyo desempe\u00f1o por garantizar seguridad y castigar a los agresores siempre es insuficiente.<\/p>\n<p>Una madre le susurra a su hija \u201cesto es por si ma\u00f1ana no estoy\u201d, en tanto le acomoda el pa\u00f1uelo violeta, \u201caqu\u00ed te dejo mi herencia\u201d, mientras se sumaban a las cientos de mujeres de distintas edades, profesiones y estratos sociales para tomar las calles de Tepic durante la conmemoraci\u00f3n del D\u00eda Internacional de la Mujer, en un momento donde la violencia se mantiene como el tema central de la opini\u00f3n p\u00fablica.<\/p>\n<p>\u201cMujer escucha est\u00e1 es tu lucha\u201d fue la principal consigna utilizada por el gigantesco contingente violeta, que con tambores improvisados hacia retumbar la principal arteria vial de la capital nayarita.<\/p>\n<p>Banderas, pancartas y lonas sobresal\u00edan entre toda esta marea feminista, las cuales hac\u00edan visibles los rostros de aquellas v\u00edctimas que vieron escapar su vida en manos de sus agresores; o bien aquellas consignas que reflejaban la realidad que a diario enfrentan las m\u00e1s de 623 mil 178 mujeres que habitan en la entidad.<\/p>\n<p>Pronto la marcha paso de los c\u00e1nticos a la acci\u00f3n, dejando muestra de la rabia e impotencia que durante todo el a\u00f1o se han guardado las marchantes; y que se refleja en el 91.4% de los casos donde las mujeres sufren alg\u00fan delito y no lo denuncian, ya sea porque consideran que no es una falta grave o bien lo consideran una p\u00e9rdida de tiempo.<\/p>\n<p>Este enojo se tradujo en un avasallante golpe a los Juzgados Familiares y Mercantiles, que representan al Poder Judicial a quien se\u00f1alan de no brindar pronta justicia en los miles de casos de violencia y feminicidios, que a\u00f1o con a\u00f1o se presentan en la entidad<\/p>\n<p>Posteriormente, el avance se dirigi\u00f3 al reci\u00e9n pintado Palacio de Gobierno que se convirti\u00f3 en un lienzo para las denuncias y se\u00f1alamientos que las protestantes hac\u00edan a sus agresores, autoridades y sociedad en general, logrando tumbar las puertas para ingresar al recinto gubernamental; minutos m\u00e1s tarde, el Gobernador Miguel \u00c1ngel Navarro sali\u00f3 a constatar el paso del contingente violeta.<\/p>\n<p>La marcha prosigui\u00f3 marcando como siguiente objetivo el Congreso del Estado, en el cual se escucharon estruendos de cristales cayendo al un\u00edsono del golpeteo de marros sobre la cantera que adorna el edificio legislativo; \u201cLos muros se restauran, la vida de mis hermanas no\u201d, gritaban las manifestantes mientras transformaban estas paredes en un mural de reclamos; hoy no cay\u00f3 la puerta.<\/p>\n<p>\u201cSe\u00f1or, se\u00f1ora no sea indiferente, se mata a las mujeres en la cara de la gente\u201d, era la consigna que imper\u00f3 durante los pr\u00f3ximos metros, mientras las protestantes arribaban a la Catedral de Tepic; el m\u00e1ximo recinto religioso de la entidad, que se hab\u00eda preparado con d\u00e9biles retablos pl\u00e1sticos para evitar da\u00f1os.<\/p>\n<p>\u201cFuimos todas, fuimos todas\u201d, gritaban las manifestantes mientras derribaban estas vallas que pronto se convirtieron en le\u00f1a para el ritual de aquellas que rezaban \u201csaquen sus rosarios de nuestros ovarios; saquen su doctrina de nuestras vaginas\u201d, un tedeum que reprocha la posici\u00f3n de la Iglesia ante la interrupci\u00f3n del embarazo; enfrentando de nueva cuenta los pa\u00f1uelos verdes contra los azules.<\/p>\n<p>Finalmente, el recinto religioso qued\u00f3 cubierto de esta rabia violeta que llam\u00f3 a los periodistas a dejar de transmitir en vivo los hechos pr\u00f3ximos a acontecer, ante la reuni\u00f3n que se preparaba en la p\u00e9rgola de la Plaza Principal, en el coraz\u00f3n de la ciudad; el cual ser\u00eda testigo del final de esta protesta con la hoguera de sus agresores.<\/p>\n<p><a href=\"https:\/\/meridiano.mx\/2022\/03\/09\/lo-hicieron-reivindican-mujeres-su-derecho\/\">https:\/\/meridiano.mx\/2022\/03\/09\/lo-hicieron-reivindican-mujeres-su-derecho\/<\/a><\/p>\n","protected":false},"excerpt":{"rendered":"<p>Foto: Ameyalli D\u00edaz Castro Diego Mendoza- Pablo Hern\u00e1ndez \/ Meridiano Fueron gritos llenos de rabia y condena en contra de quienes agreden a ni\u00f1as y mujeres, en contra de quienes &hellip; <a href=\"https:\/\/www.grieta.org.mx\/index.php\/2022\/03\/09\/los-muros-se-restauran-la-vida-de-mis-hermanas-no-gritaban-mujeres-mientras-transformaban-estas-paredes-en-un-mural-de-reclamos-nayarit\/\" class=\"more-link\">Leer m\u00e1s<\/a><\/p>\n","protected":false},"author":2,"featured_media":63699,"comment_status":"closed","ping_status":"closed","sticky":false,"template":"","format":"standard","meta":{"ngg_post_thumbnail":0,"_jetpack_newsletter_access":"","_jetpack_dont_email_post_to_subs":false,"_jetpack_newsletter_tier_id":0,"_jetpack_memberships_contains_paywalled_content":false,"_jetpack_memberships_contains_paid_content":false,"footnotes":""},"categories":[80,84,2268,23,2,83,2302],"tags":[2999,3209,3148,3208,1630,381],"class_list":["post-63698","post","type-post","status-publish","format-standard","has-post-thumbnail","hentry","category-cintillo","category-feminicidios","category-feminicidios-en-nayarit","category-nayarit","category-noticias-nacionales","category-temas-nacionales","category-violencia-contra-las-mujeres-en-nayarit","tag-feminicidio-violencia-contra-las-mujeres","tag-lucha-contra-la-violencia-contra-las-mujeres","tag-lucha-feminista","tag-marcha-de-mujeres","tag-violencia-contra-las-mujeres","tag-violencia-de-genero","entry"],"jetpack_featured_media_url":"https:\/\/www.grieta.org.mx\/wp-content\/uploads\/2022\/03\/IMG-20220309-WA0055-1024x461-1.jpg","jetpack_sharing_enabled":true,"jetpack_shortlink":"https:\/\/wp.me\/p7ZJR4-gzo","jetpack_likes_enabled":false,"jetpack-related-posts":[{"id":64147,"url":"https:\/\/www.grieta.org.mx\/index.php\/2022\/05\/03\/a-pesar-de-contar-con-multa-millonaria-no-se-aplican-medidas-por-la-alerta-de-violencia-de-genero-contra-las-mujeres-en-bahia-de-banderas-se-agudiza-violencia-denuncian-colectivos-nayarit\/","url_meta":{"origin":63698,"position":0},"title":"A pesar de contar con multa millonaria no se aplican medidas por la Alerta de Violencia de G\u00e9nero contra las Mujeres en Bah\u00eda de Banderas, se agudiza violencia denuncian colectivos (Nayarit)","author":"grieta","date":"3 mayo, 2022","format":false,"excerpt":"Foto: Tribuna de la Bah\u00eda Israel Torres \/ Tribuna de la Bah\u00eda Debido a que no se han puesto en marcha las\u00a0acciones marcadas por la Alerta de Violencia de G\u00e9nero contra las Mujeres\u00a0(AVGM) establecida en agosto del 2017, la cual obliga a crear medidas para que las mujeres y ni\u00f1as\u2026","rel":"","context":"En &quot;CINTILLO&quot;","block_context":{"text":"CINTILLO","link":"https:\/\/www.grieta.org.mx\/index.php\/category\/cintillo\/"},"img":{"alt_text":"","src":"https:\/\/i0.wp.com\/www.grieta.org.mx\/wp-content\/uploads\/2022\/05\/alerta-de-genero-en-bahia-cover.jpg?resize=350%2C200&ssl=1","width":350,"height":200,"srcset":"https:\/\/i0.wp.com\/www.grieta.org.mx\/wp-content\/uploads\/2022\/05\/alerta-de-genero-en-bahia-cover.jpg?resize=350%2C200&ssl=1 1x, https:\/\/i0.wp.com\/www.grieta.org.mx\/wp-content\/uploads\/2022\/05\/alerta-de-genero-en-bahia-cover.jpg?resize=525%2C300&ssl=1 1.5x, https:\/\/i0.wp.com\/www.grieta.org.mx\/wp-content\/uploads\/2022\/05\/alerta-de-genero-en-bahia-cover.jpg?resize=700%2C400&ssl=1 2x"},"classes":[]},{"id":66469,"url":"https:\/\/www.grieta.org.mx\/index.php\/2023\/03\/08\/nayarit-colectivos-feministas-marchan-por-la-violencia-que-se-ejerce-contra-ellas\/","url_meta":{"origin":63698,"position":1},"title":"Nayarit: Colectivos feministas marchan por la violencia que se ejerce contra ellas","author":"grieta","date":"8 marzo, 2023","format":false,"excerpt":"Imagen: Crys Ben\u00edtez Crys Ben\u00edtez El Occidental Tepic, Nayarit (OEM- Informex).- Este 8 de Marzo en el marco del \"D\u00eda Internacional de la Mujer\" diversos colectivos feministas marcharon en la capital nayarita con el objetivo de reflexionar en torno a los avances que se han tenido y la deuda que\u2026","rel":"","context":"En &quot;CINTILLO&quot;","block_context":{"text":"CINTILLO","link":"https:\/\/www.grieta.org.mx\/index.php\/category\/cintillo\/"},"img":{"alt_text":"","src":"https:\/\/i0.wp.com\/www.grieta.org.mx\/wp-content\/uploads\/2023\/03\/Manifestantes-Nayarit.jpeg?resize=350%2C200&ssl=1","width":350,"height":200,"srcset":"https:\/\/i0.wp.com\/www.grieta.org.mx\/wp-content\/uploads\/2023\/03\/Manifestantes-Nayarit.jpeg?resize=350%2C200&ssl=1 1x, https:\/\/i0.wp.com\/www.grieta.org.mx\/wp-content\/uploads\/2023\/03\/Manifestantes-Nayarit.jpeg?resize=525%2C300&ssl=1 1.5x, https:\/\/i0.wp.com\/www.grieta.org.mx\/wp-content\/uploads\/2023\/03\/Manifestantes-Nayarit.jpeg?resize=700%2C400&ssl=1 2x"},"classes":[]},{"id":62695,"url":"https:\/\/www.grieta.org.mx\/index.php\/2021\/11\/17\/feministas-convocan-a-marcha-por-el-dia-internacional-de-la-eliminacion-de-la-violencia-contra-la-mujer-nayarit\/","url_meta":{"origin":63698,"position":2},"title":"Feministas convocan a marcha por el \u201cD\u00eda Internacional de la Eliminaci\u00f3n de la Violencia Contra la Mujer\u201d (Nayarit)","author":"grieta","date":"17 noviembre, 2021","format":false,"excerpt":"Foto: Realidades de Nayarit Mildra Ben\u00edtez Robledo \/ Realidades de Nayarit Tepic, Nayarit.- Mi\u00e9rcoles 17 de noviembre del 2021.- En el marco del \u201cD\u00eda Internacional de la Eliminaci\u00f3n de la Violencia Contra la Mujer\u201d, el 25 de noviembre, se llevar\u00e1 a cabo a las 16:30 horas una marcha en la\u2026","rel":"","context":"En &quot;CINTILLO&quot;","block_context":{"text":"CINTILLO","link":"https:\/\/www.grieta.org.mx\/index.php\/category\/cintillo\/"},"img":{"alt_text":"","src":"https:\/\/i0.wp.com\/www.grieta.org.mx\/wp-content\/uploads\/2021\/11\/violencia.jpg?resize=350%2C200&ssl=1","width":350,"height":200,"srcset":"https:\/\/i0.wp.com\/www.grieta.org.mx\/wp-content\/uploads\/2021\/11\/violencia.jpg?resize=350%2C200&ssl=1 1x, https:\/\/i0.wp.com\/www.grieta.org.mx\/wp-content\/uploads\/2021\/11\/violencia.jpg?resize=525%2C300&ssl=1 1.5x, https:\/\/i0.wp.com\/www.grieta.org.mx\/wp-content\/uploads\/2021\/11\/violencia.jpg?resize=700%2C400&ssl=1 2x"},"classes":[]},{"id":62797,"url":"https:\/\/www.grieta.org.mx\/index.php\/2021\/11\/25\/con-pintas-y-marcha-colectivos-se-manifiestan-en-el-dia-internacional-de-la-eliminacion-contra-la-violencia-nayarit\/","url_meta":{"origin":63698,"position":3},"title":"Con pintas y marcha colectivos se manifiestan en el \u201cD\u00eda Internacional de la Eliminaci\u00f3n Contra la Violencia\u201d (Nayarit)","author":"grieta","date":"25 noviembre, 2021","format":false,"excerpt":"Foto: El Sol de Nayarit marcha\u00a0 (Ilustrativa) Mildra Ben\u00edtez Robledo \/ Realidades de Nayarit Tepic, Nayarit.- En el marco del \u201cD\u00eda Internacional de la Eliminaci\u00f3n de la Violencia Contra la Mujer\u201d, tal y como lo hab\u00edan anunciado, diversos colectivos marcharon esta tarde de jueves en la capital nayarita desde la\u2026","rel":"","context":"En &quot;CINTILLO&quot;","block_context":{"text":"CINTILLO","link":"https:\/\/www.grieta.org.mx\/index.php\/category\/cintillo\/"},"img":{"alt_text":"","src":"https:\/\/i0.wp.com\/www.grieta.org.mx\/wp-content\/uploads\/2021\/12\/temp_nota_01_81372__20211125231900_117260482207_1623047564731640_8305806915757427746_n.jpg?resize=350%2C200&ssl=1","width":350,"height":200,"srcset":"https:\/\/i0.wp.com\/www.grieta.org.mx\/wp-content\/uploads\/2021\/12\/temp_nota_01_81372__20211125231900_117260482207_1623047564731640_8305806915757427746_n.jpg?resize=350%2C200&ssl=1 1x, https:\/\/i0.wp.com\/www.grieta.org.mx\/wp-content\/uploads\/2021\/12\/temp_nota_01_81372__20211125231900_117260482207_1623047564731640_8305806915757427746_n.jpg?resize=525%2C300&ssl=1 1.5x"},"classes":[]},{"id":65817,"url":"https:\/\/www.grieta.org.mx\/index.php\/2022\/11\/24\/marcha-en-bahia-por-el-dia-de-erradicacion-de-violencia-contra-la-mujer-nayarit\/","url_meta":{"origin":63698,"position":4},"title":"Marcha en Bah\u00eda por el d\u00eda de Erradicaci\u00f3n de Violencia contra la Mujer (Nayarit)","author":"grieta","date":"24 noviembre, 2022","format":false,"excerpt":"Imagen: Tribuna de la Bah\u00eda Israel Torres \/ Tribuna de la Bah\u00eda Colectivos feministas y familiares de\u00a0mujeres desaparecidas\u00a0de\u00a0Bah\u00eda de Banderas, realizar\u00e1n este\u00a0viernes 25 de noviembre,\u00a0en punto de las 05:00 p.m, una\u00a0marcha conmemorativa al D\u00eda Internacional de la Eliminaci\u00f3n de la Violencia contra la Mujer, con el \u00e1nimo de visibilizar los\u2026","rel":"","context":"En &quot;CINTILLO&quot;","block_context":{"text":"CINTILLO","link":"https:\/\/www.grieta.org.mx\/index.php\/category\/cintillo\/"},"img":{"alt_text":"","src":"https:\/\/i0.wp.com\/www.grieta.org.mx\/wp-content\/uploads\/2022\/11\/marcha-bahia-violencia-cover.jpg?resize=350%2C200&ssl=1","width":350,"height":200,"srcset":"https:\/\/i0.wp.com\/www.grieta.org.mx\/wp-content\/uploads\/2022\/11\/marcha-bahia-violencia-cover.jpg?resize=350%2C200&ssl=1 1x, https:\/\/i0.wp.com\/www.grieta.org.mx\/wp-content\/uploads\/2022\/11\/marcha-bahia-violencia-cover.jpg?resize=525%2C300&ssl=1 1.5x, https:\/\/i0.wp.com\/www.grieta.org.mx\/wp-content\/uploads\/2022\/11\/marcha-bahia-violencia-cover.jpg?resize=700%2C400&ssl=1 2x"},"classes":[]},{"id":55498,"url":"https:\/\/www.grieta.org.mx\/index.php\/2020\/11\/26\/imparable-la-violencia-contra-las-mujeres-nayarit\/","url_meta":{"origin":63698,"position":5},"title":"Imparable la violencia contra las mujeres (Nayarit)","author":"grieta","date":"26 noviembre, 2020","format":false,"excerpt":"Imagen: Realidades de Nayarit Exigen un alto a este c\u00e1ncer social Por: Ver\u00f3nica Ram\u00edrez Tepic, Nayarit.- Jueves 26 de Noviembre del 2020.- En M\u00e9xico, la violencia feminicida cobra diez v\u00edctimas todos los d\u00edas y los pol\u00edticos est\u00e1n m\u00e1s interesados en otros temas que en el combate a esta pandemia social\u2026","rel":"","context":"En &quot;CINTILLO&quot;","block_context":{"text":"CINTILLO","link":"https:\/\/www.grieta.org.mx\/index.php\/category\/cintillo\/"},"img":{"alt_text":"","src":"https:\/\/i0.wp.com\/www.grieta.org.mx\/wp-content\/uploads\/2020\/11\/violencia-2-630x420-1.jpg?resize=350%2C200&ssl=1","width":350,"height":200,"srcset":"https:\/\/i0.wp.com\/www.grieta.org.mx\/wp-content\/uploads\/2020\/11\/violencia-2-630x420-1.jpg?resize=350%2C200&ssl=1 1x, https:\/\/i0.wp.com\/www.grieta.org.mx\/wp-content\/uploads\/2020\/11\/violencia-2-630x420-1.jpg?resize=525%2C300&ssl=1 1.5x"},"classes":[]}],"_links":{"self":[{"href":"https:\/\/www.grieta.org.mx\/index.php\/wp-json\/wp\/v2\/posts\/63698","targetHints":{"allow":["GET"]}}],"collection":[{"href":"https:\/\/www.grieta.org.mx\/index.php\/wp-json\/wp\/v2\/posts"}],"about":[{"href":"https:\/\/www.grieta.org.mx\/index.php\/wp-json\/wp\/v2\/types\/post"}],"author":[{"embeddable":true,"href":"https:\/\/www.grieta.org.mx\/index.php\/wp-json\/wp\/v2\/users\/2"}],"replies":[{"embeddable":true,"href":"https:\/\/www.grieta.org.mx\/index.php\/wp-json\/wp\/v2\/comments?post=63698"}],"version-history":[{"count":1,"href":"https:\/\/www.grieta.org.mx\/index.php\/wp-json\/wp\/v2\/posts\/63698\/revisions"}],"predecessor-version":[{"id":63700,"href":"https:\/\/www.grieta.org.mx\/index.php\/wp-json\/wp\/v2\/posts\/63698\/revisions\/63700"}],"wp:featuredmedia":[{"embeddable":true,"href":"https:\/\/www.grieta.org.mx\/index.php\/wp-json\/wp\/v2\/media\/63699"}],"wp:attachment":[{"href":"https:\/\/www.grieta.org.mx\/index.php\/wp-json\/wp\/v2\/media?parent=63698"}],"wp:term":[{"taxonomy":"category","embeddable":true,"href":"https:\/\/www.grieta.org.mx\/index.php\/wp-json\/wp\/v2\/categories?post=63698"},{"taxonomy":"post_tag","embeddable":true,"href":"https:\/\/www.grieta.org.mx\/index.php\/wp-json\/wp\/v2\/tags?post=63698"}],"curies":[{"name":"wp","href":"https:\/\/api.w.org\/{rel}","templated":true}]}}