{"id":63695,"date":"2022-03-08T10:17:49","date_gmt":"2022-03-08T16:17:49","guid":{"rendered":"https:\/\/www.grieta.org.mx\/?p=63695"},"modified":"2022-03-16T10:49:59","modified_gmt":"2022-03-16T16:49:59","slug":"marchan-mujeres-de-vallarta-para-exigir-respeto-y-seguridad-jalisco","status":"publish","type":"post","link":"https:\/\/www.grieta.org.mx\/index.php\/2022\/03\/08\/marchan-mujeres-de-vallarta-para-exigir-respeto-y-seguridad-jalisco\/","title":{"rendered":"Marchan mujeres de Vallarta para exigir respeto y seguridad (Jalisco)"},"content":{"rendered":"<p>Foto: Tribuna de la Bah\u00eda<\/p>\n<p>Brenda Beltr\u00e1n \/ Tribuna de la Bah\u00eda<\/p>\n<p>Cientos de mujeres, pertenecientes a colectivos de\u00a0Puerto Vallarta, estudiantes, madres de familias y m\u00e1s, salieron a\u00a0<strong>marchar este 8 de marzo<\/strong>\u00a0de forma pac\u00edfica, exigiendo a las autoridades que sean escuchadas ante la violencia que se vive en la ciudad.<\/p>\n<p><strong>Herova Olmos<\/strong>, del\u00a0<strong>Colectivo Vallarta Fem<\/strong>, mencion\u00f3 que nuevamente est\u00e1 marcha es una llamada de atenci\u00f3n para las autoridades de los tres niveles de gobierno.<\/p>\n<p>&#8220;Necesitamos un gobierno municipal y estatal que escuche a las mujeres de Puerto Vallarta para que realmente aseguren que este puerto es seguro&#8221;.<\/p>\n<p>Indic\u00f3 que han pasado seis meses desde que entr\u00f3 la nueva administraci\u00f3n y el presidente municipal no se ha reunido con las colectivas y no ha habido una mesa de di\u00e1logo.<\/p>\n<p>Por lo que piden que se apliquen las pol\u00edticas p\u00fablicas que ya existen, por ejemplo, la\u00a0<strong>Mesa T\u00e9cnica de Alerta de G\u00e9nero<\/strong>, la cual no ha sesionado en mucho tiempo, siendo que esta ciudad tiene a\u00f1os con ella, una estatal y otra municipal.<\/p>\n<p>Por \u00faltimo, destac\u00f3 que las mujeres lamentablemente no se sienten seguras en este puerto.\u00a0<strong>Cabe mencionar que durante esta marcha la cual lleg\u00f3 a los Arcos del Malec\u00f3n<\/strong>, las mujeres llevaban pancartas, hab\u00eda cantos en alusi\u00f3n a este d\u00eda y habr\u00e1 otra actividades a lo largo de la semana.<\/p>\n<p><a href=\"https:\/\/tribunadelabahia.com.mx\/marchan-mujeres-de-vallarta-53547\">https:\/\/tribunadelabahia.com.mx\/marchan-mujeres-de-vallarta-53547<\/a><\/p>\n","protected":false},"excerpt":{"rendered":"<p>Foto: Tribuna de la Bah\u00eda Brenda Beltr\u00e1n \/ Tribuna de la Bah\u00eda Cientos de mujeres, pertenecientes a colectivos de\u00a0Puerto Vallarta, estudiantes, madres de familias y m\u00e1s, salieron a\u00a0marchar este 8 &hellip; <a href=\"https:\/\/www.grieta.org.mx\/index.php\/2022\/03\/08\/marchan-mujeres-de-vallarta-para-exigir-respeto-y-seguridad-jalisco\/\" class=\"more-link\">Leer m\u00e1s<\/a><\/p>\n","protected":false},"author":2,"featured_media":63696,"comment_status":"closed","ping_status":"closed","sticky":false,"template":"","format":"standard","meta":{"ngg_post_thumbnail":0,"_jetpack_newsletter_access":"","_jetpack_dont_email_post_to_subs":false,"_jetpack_newsletter_tier_id":0,"_jetpack_memberships_contains_paywalled_content":false,"_jetpack_memberships_contains_paid_content":false,"footnotes":""},"categories":[80,84,2107,20,2,83,2504],"tags":[3042,2999,3209,3148,2317,3147,1630],"class_list":["post-63695","post","type-post","status-publish","format-standard","has-post-thumbnail","hentry","category-cintillo","category-feminicidios","category-feminicidios-en-jalisco","category-jalisco","category-noticias-nacionales","category-temas-nacionales","category-violencia-contra-las-mujeres-en-jalisco","tag-colectivos-feministas","tag-feminicidio-violencia-contra-las-mujeres","tag-lucha-contra-la-violencia-contra-las-mujeres","tag-lucha-feminista","tag-manifestaciones-de-mujeres","tag-movilizaciones-de-mujeres","tag-violencia-contra-las-mujeres","entry"],"jetpack_featured_media_url":"https:\/\/www.grieta.org.mx\/wp-content\/uploads\/2022\/03\/marcha-8m-cover.jpg","jetpack_sharing_enabled":true,"jetpack_shortlink":"https:\/\/wp.me\/p7ZJR4-gzl","jetpack_likes_enabled":false,"jetpack-related-posts":[{"id":62790,"url":"https:\/\/www.grieta.org.mx\/index.php\/2021\/11\/25\/marchan-mujeres-para-exigir-alto-a-la-violencia-en-vallarta-jalisco\/","url_meta":{"origin":63695,"position":0},"title":"Marchan mujeres para exigir alto a la violencia en Vallarta (Jalisco)","author":"grieta","date":"25 noviembre, 2021","format":false,"excerpt":"Foto: Tribuna de la Bah\u00eda Brenda Beltr\u00e1n \/ Tribuna de la Bah\u00eda Este jueves, colectivos de mujeres, hombres y ciudadanos en general, marcharon para exigir un alto a la violencia contra las mujeres de\u00a0Puerto Vallarta, saliendo del parque de\u00a0Las Mujeres hasta llegar a Los Arcos del Malec\u00f3n. Como ya se\u2026","rel":"","context":"En &quot;CINTILLO&quot;","block_context":{"text":"CINTILLO","link":"https:\/\/www.grieta.org.mx\/index.php\/category\/cintillo\/"},"img":{"alt_text":"","src":"https:\/\/i0.wp.com\/www.grieta.org.mx\/wp-content\/uploads\/2021\/11\/marcha-contra-violencia-vallarta-2-cover.jpg?resize=350%2C200&ssl=1","width":350,"height":200,"srcset":"https:\/\/i0.wp.com\/www.grieta.org.mx\/wp-content\/uploads\/2021\/11\/marcha-contra-violencia-vallarta-2-cover.jpg?resize=350%2C200&ssl=1 1x, https:\/\/i0.wp.com\/www.grieta.org.mx\/wp-content\/uploads\/2021\/11\/marcha-contra-violencia-vallarta-2-cover.jpg?resize=525%2C300&ssl=1 1.5x, https:\/\/i0.wp.com\/www.grieta.org.mx\/wp-content\/uploads\/2021\/11\/marcha-contra-violencia-vallarta-2-cover.jpg?resize=700%2C400&ssl=1 2x"},"classes":[]},{"id":65804,"url":"https:\/\/www.grieta.org.mx\/index.php\/2022\/11\/26\/estado-feminicida-denuncian-colectivos-feministas-vallarta-entre-los-municipios-con-mas-feminicidios-del-pais-jalisco\/","url_meta":{"origin":63695,"position":1},"title":"\u201cEstado feminicida\u201d denuncian colectivos feministas, Vallarta entre los municipios con mas feminicidios del pa\u00eds (Jalisco)","author":"grieta","date":"26 noviembre, 2022","format":false,"excerpt":"Imagen: Tribuna de la Bah\u00eda Carolina G\u00f3mez Agui\u00f1aga \/ Tribuna de la Bah\u00eda Como \u201cEstado feminicida\u201d calificaron los colectivos feministas de Puerto Vallarta a Jalisco durante la marcha que realizaron del Parque de las Mujeres a Los Arcos del Malec\u00f3n en el D\u00eda Internacional de la Eliminaci\u00f3n de la Violencia\u2026","rel":"","context":"En &quot;CINTILLO&quot;","block_context":{"text":"CINTILLO","link":"https:\/\/www.grieta.org.mx\/index.php\/category\/cintillo\/"},"img":{"alt_text":"","src":"https:\/\/i0.wp.com\/www.grieta.org.mx\/wp-content\/uploads\/2022\/11\/marcha-feminista-25-noviembre-2-cover.jpg?resize=350%2C200&ssl=1","width":350,"height":200,"srcset":"https:\/\/i0.wp.com\/www.grieta.org.mx\/wp-content\/uploads\/2022\/11\/marcha-feminista-25-noviembre-2-cover.jpg?resize=350%2C200&ssl=1 1x, https:\/\/i0.wp.com\/www.grieta.org.mx\/wp-content\/uploads\/2022\/11\/marcha-feminista-25-noviembre-2-cover.jpg?resize=525%2C300&ssl=1 1.5x, https:\/\/i0.wp.com\/www.grieta.org.mx\/wp-content\/uploads\/2022\/11\/marcha-feminista-25-noviembre-2-cover.jpg?resize=700%2C400&ssl=1 2x"},"classes":[]},{"id":57685,"url":"https:\/\/www.grieta.org.mx\/index.php\/2021\/03\/08\/tambien-las-mujeres-de-puerto-vallarta-alzan-la-voz-el-8-de-marzo-jalisco\/","url_meta":{"origin":63695,"position":2},"title":"Tambi\u00e9n las mujeres de Puerto Vallarta alzan la voz el 8 de marzo (Jalisco)","author":"grieta","date":"8 marzo, 2021","format":false,"excerpt":"Foto: Tribuna de la Bah\u00eda Brenda Beltr\u00e1n \/ Tribuna de la Bah\u00eda En Puerto Vallarta tambi\u00e9n alzan la voz las mujeres este 8M para pedir este lunes 8 de Marzo, D\u00eda Internacional de la Mujer, mayor seguridad por parte de los tres niveles de Gobierno, erradicaci\u00f3n de la violencia, justicia\u2026","rel":"","context":"En &quot;CINTILLO&quot;","block_context":{"text":"CINTILLO","link":"https:\/\/www.grieta.org.mx\/index.php\/category\/cintillo\/"},"img":{"alt_text":"","src":"https:\/\/i0.wp.com\/www.grieta.org.mx\/wp-content\/uploads\/2021\/03\/0iaxAK8TywuPiaQnkHVzhlAqwGVq7Pkq24600QBD-portada.jpg?resize=350%2C200&ssl=1","width":350,"height":200,"srcset":"https:\/\/i0.wp.com\/www.grieta.org.mx\/wp-content\/uploads\/2021\/03\/0iaxAK8TywuPiaQnkHVzhlAqwGVq7Pkq24600QBD-portada.jpg?resize=350%2C200&ssl=1 1x, https:\/\/i0.wp.com\/www.grieta.org.mx\/wp-content\/uploads\/2021\/03\/0iaxAK8TywuPiaQnkHVzhlAqwGVq7Pkq24600QBD-portada.jpg?resize=525%2C300&ssl=1 1.5x, https:\/\/i0.wp.com\/www.grieta.org.mx\/wp-content\/uploads\/2021\/03\/0iaxAK8TywuPiaQnkHVzhlAqwGVq7Pkq24600QBD-portada.jpg?resize=700%2C400&ssl=1 2x"},"classes":[]},{"id":71504,"url":"https:\/\/www.grieta.org.mx\/index.php\/2025\/03\/08\/marcha-feminista-en-puerto-vallarta-reune-a-miles-de-mujeres-jalisco\/","url_meta":{"origin":63695,"position":3},"title":"Marcha feminista en Puerto Vallarta re\u00fane a miles de mujeres (Jalisco)","author":"grieta","date":"8 marzo, 2025","format":false,"excerpt":"Imagen: Fernanda Boj\u00f3rquez Fernanda Boj\u00f3rquez \/ Tribuna de la Bah\u00eda Con la participaci\u00f3n de miles de mujeres de todas las edades, la marcha feminista en Puerto Vallarta dio inicio este s\u00e1bado a las 17:20 horas. El contingente comenz\u00f3 su recorrido en el Parque de las Mujeres y avanz\u00f3 hacia el\u2026","rel":"","context":"En &quot;CINTILLO&quot;","block_context":{"text":"CINTILLO","link":"https:\/\/www.grieta.org.mx\/index.php\/category\/cintillo\/"},"img":{"alt_text":"","src":"https:\/\/i0.wp.com\/www.grieta.org.mx\/wp-content\/uploads\/2025\/03\/Marcha-feminista-en-Puerto-Vallarta-reune-a-cientos-de-mujeres-905x613-1.jpeg?resize=350%2C200&ssl=1","width":350,"height":200,"srcset":"https:\/\/i0.wp.com\/www.grieta.org.mx\/wp-content\/uploads\/2025\/03\/Marcha-feminista-en-Puerto-Vallarta-reune-a-cientos-de-mujeres-905x613-1.jpeg?resize=350%2C200&ssl=1 1x, https:\/\/i0.wp.com\/www.grieta.org.mx\/wp-content\/uploads\/2025\/03\/Marcha-feminista-en-Puerto-Vallarta-reune-a-cientos-de-mujeres-905x613-1.jpeg?resize=525%2C300&ssl=1 1.5x, https:\/\/i0.wp.com\/www.grieta.org.mx\/wp-content\/uploads\/2025\/03\/Marcha-feminista-en-Puerto-Vallarta-reune-a-cientos-de-mujeres-905x613-1.jpeg?resize=700%2C400&ssl=1 2x"},"classes":[]},{"id":52647,"url":"https:\/\/www.grieta.org.mx\/index.php\/2020\/08\/12\/https-www-somoselmedio-com-2020-08-12-colectivas-feministas-declaran-en-semaforo-rojo-a-los-municipios-de-puerto-vallarta-y-bahia-de-banderas-por-violencia-sexual-y-feminicida\/","url_meta":{"origin":63695,"position":4},"title":"Colectivas feministas declaran en Sem\u00e1foro Rojo a los municipios de Puerto Vallarta y Bah\u00eda de Banderas por violencia sexual y feminicida (Nayarit, Jalisco)","author":"grieta","date":"12 agosto, 2020","format":false,"excerpt":"Foto: Somos el Medio Redacci\u00f3n \/ @Somoselmeio Esta tarde, el Comit\u00e9 para Am\u00e9rica Latina y el Caribe para la Defensa de los Derechos de las Mujeres (Cladem), el Colectivo Mujeres Puerto Vallarta, el Colectivo MAM y mujeres feministas, declararon en\u00a0Sem\u00e1foro Rojo a los municipios de Puerto Vallarta y Bah\u00eda de\u2026","rel":"","context":"En &quot;CINTILLO&quot;","block_context":{"text":"CINTILLO","link":"https:\/\/www.grieta.org.mx\/index.php\/category\/cintillo\/"},"img":{"alt_text":"","src":"https:\/\/i0.wp.com\/www.grieta.org.mx\/wp-content\/uploads\/2020\/08\/feminicidios-768x1024.jpg?resize=350%2C200&ssl=1","width":350,"height":200,"srcset":"https:\/\/i0.wp.com\/www.grieta.org.mx\/wp-content\/uploads\/2020\/08\/feminicidios-768x1024.jpg?resize=350%2C200&ssl=1 1x, https:\/\/i0.wp.com\/www.grieta.org.mx\/wp-content\/uploads\/2020\/08\/feminicidios-768x1024.jpg?resize=525%2C300&ssl=1 1.5x, https:\/\/i0.wp.com\/www.grieta.org.mx\/wp-content\/uploads\/2020\/08\/feminicidios-768x1024.jpg?resize=700%2C400&ssl=1 2x"},"classes":[]},{"id":63952,"url":"https:\/\/www.grieta.org.mx\/index.php\/2022\/04\/06\/colectivos-reclaman-por-retiro-de-memorial-a-victimas-de-feminicidio-jalisco\/","url_meta":{"origin":63695,"position":5},"title":"Colectivos reclaman por retiro de memorial a v\u00edctimas de feminicidio (Jalisco)","author":"grieta","date":"6 abril, 2022","format":false,"excerpt":"Foto: Tribuna de la Bah\u00eda Berta Beltr\u00e1n \/ Tribuna de la Bah\u00eda Este mi\u00e9rcoles, diferentes colectivos de mujeres de\u00a0Puerto Vallarta, se\u00f1alaron que el Ayuntamiento municipal,\u00a0quit\u00f3 la cruz rosa que estaba colocada en el parque\u00a0de las Mujeres desde el 2018 y que forma parte de un memorial de las v\u00edctimas de\u2026","rel":"","context":"En &quot;CINTILLO&quot;","block_context":{"text":"CINTILLO","link":"https:\/\/www.grieta.org.mx\/index.php\/category\/cintillo\/"},"img":{"alt_text":"","src":"https:\/\/i0.wp.com\/www.grieta.org.mx\/wp-content\/uploads\/2022\/04\/violencia-contra-las-mujeres-2-cover.jpg?resize=350%2C200&ssl=1","width":350,"height":200,"srcset":"https:\/\/i0.wp.com\/www.grieta.org.mx\/wp-content\/uploads\/2022\/04\/violencia-contra-las-mujeres-2-cover.jpg?resize=350%2C200&ssl=1 1x, https:\/\/i0.wp.com\/www.grieta.org.mx\/wp-content\/uploads\/2022\/04\/violencia-contra-las-mujeres-2-cover.jpg?resize=525%2C300&ssl=1 1.5x, https:\/\/i0.wp.com\/www.grieta.org.mx\/wp-content\/uploads\/2022\/04\/violencia-contra-las-mujeres-2-cover.jpg?resize=700%2C400&ssl=1 2x"},"classes":[]}],"_links":{"self":[{"href":"https:\/\/www.grieta.org.mx\/index.php\/wp-json\/wp\/v2\/posts\/63695","targetHints":{"allow":["GET"]}}],"collection":[{"href":"https:\/\/www.grieta.org.mx\/index.php\/wp-json\/wp\/v2\/posts"}],"about":[{"href":"https:\/\/www.grieta.org.mx\/index.php\/wp-json\/wp\/v2\/types\/post"}],"author":[{"embeddable":true,"href":"https:\/\/www.grieta.org.mx\/index.php\/wp-json\/wp\/v2\/users\/2"}],"replies":[{"embeddable":true,"href":"https:\/\/www.grieta.org.mx\/index.php\/wp-json\/wp\/v2\/comments?post=63695"}],"version-history":[{"count":1,"href":"https:\/\/www.grieta.org.mx\/index.php\/wp-json\/wp\/v2\/posts\/63695\/revisions"}],"predecessor-version":[{"id":63697,"href":"https:\/\/www.grieta.org.mx\/index.php\/wp-json\/wp\/v2\/posts\/63695\/revisions\/63697"}],"wp:featuredmedia":[{"embeddable":true,"href":"https:\/\/www.grieta.org.mx\/index.php\/wp-json\/wp\/v2\/media\/63696"}],"wp:attachment":[{"href":"https:\/\/www.grieta.org.mx\/index.php\/wp-json\/wp\/v2\/media?parent=63695"}],"wp:term":[{"taxonomy":"category","embeddable":true,"href":"https:\/\/www.grieta.org.mx\/index.php\/wp-json\/wp\/v2\/categories?post=63695"},{"taxonomy":"post_tag","embeddable":true,"href":"https:\/\/www.grieta.org.mx\/index.php\/wp-json\/wp\/v2\/tags?post=63695"}],"curies":[{"name":"wp","href":"https:\/\/api.w.org\/{rel}","templated":true}]}}