{"id":63675,"date":"2022-03-08T10:41:19","date_gmt":"2022-03-08T16:41:19","guid":{"rendered":"https:\/\/www.grieta.org.mx\/?p=63675"},"modified":"2022-03-15T10:50:47","modified_gmt":"2022-03-15T16:50:47","slug":"8m-se-manifiestan-en-la-universidad-autonoma-de-san-luis-potosi","status":"publish","type":"post","link":"https:\/\/www.grieta.org.mx\/index.php\/2022\/03\/08\/8m-se-manifiestan-en-la-universidad-autonoma-de-san-luis-potosi\/","title":{"rendered":"8M: Se manifiestan en la Universidad Aut\u00f3noma de San Luis Potos\u00ed"},"content":{"rendered":"<p>Redacci\u00f3n\/La Raz\u00f3n Online<br \/>\n8 marzo 2022<\/p>\n<blockquote><p>Las manifestantes exigen justicia por abusos que han sufrido por parte de profesores y compa\u00f1eros de la Universidad Aut\u00f3noma de San Luis Potos\u00ed <\/p><\/blockquote>\n<p>Al grito de &#8220;s\u00ed me representan&#8221;, cientos de mujeres se manifestaron en la Plaza de los Fundadores durante su paso por la la Universidad Aut\u00f3noma San Luis Potos\u00ed (UASLP); adem\u00e1s, realizaron pintas e incluso prendieron fuego al edificio central de dicha instituci\u00f3n, como parte de las protestas contra violencia de g\u00e9nero y los feminicidios en el marco del 8M.<\/p>\n<p>Las mujeres e integrantes de colectivos feministas exigen justicia por abusos que han sufrido por parte de profesores y compa\u00f1eros de la UASLP.<\/p>\n<p>A trav\u00e9s de videos compartidos en redes sociales, se pueden observar pintas en la banqueta y fachada del edificio principal, as\u00ed como la puerta principal prendida en fuego.<\/p>\n<p><a href=\"https:\/\/www.razon.com.mx\/estados\/marcha-8m-2022-incendian-edificio-central-universidad-autonoma-san-luis-potosi-473978?utm_source=pocket_mylist\" rel=\"noopener\" target=\"_blank\">https:\/\/www.razon.com.mx\/estados\/marcha-8m-2022-incendian-edificio-central-universidad-autonoma-san-luis-potosi-473978?utm_source=pocket_mylist<\/a><\/p>\n","protected":false},"excerpt":{"rendered":"<p>Redacci\u00f3n\/La Raz\u00f3n Online 8 marzo 2022 Las manifestantes exigen justicia por abusos que han sufrido por parte de profesores y compa\u00f1eros de la Universidad Aut\u00f3noma de San Luis Potos\u00ed Al &hellip; <a href=\"https:\/\/www.grieta.org.mx\/index.php\/2022\/03\/08\/8m-se-manifiestan-en-la-universidad-autonoma-de-san-luis-potosi\/\" class=\"more-link\">Leer m\u00e1s<\/a><\/p>\n","protected":false},"author":2,"featured_media":63676,"comment_status":"closed","ping_status":"closed","sticky":false,"template":"","format":"standard","meta":{"ngg_post_thumbnail":0,"_jetpack_newsletter_access":"","_jetpack_dont_email_post_to_subs":false,"_jetpack_newsletter_tier_id":0,"_jetpack_memberships_contains_paywalled_content":false,"_jetpack_memberships_contains_paid_content":false,"footnotes":""},"categories":[80,2845,2,29],"tags":[3146,3209,3208,3147],"class_list":["post-63675","post","type-post","status-publish","format-standard","has-post-thumbnail","hentry","category-cintillo","category-movilizacion-en-contra-de-la-violencia-contra-las-mujeres","category-noticias-nacionales","category-san-luis-potosi","tag-8m","tag-lucha-contra-la-violencia-contra-las-mujeres","tag-marcha-de-mujeres","tag-movilizaciones-de-mujeres","entry"],"jetpack_featured_media_url":"https:\/\/www.grieta.org.mx\/wp-content\/uploads\/2022\/03\/8m2022.jpeg","jetpack_sharing_enabled":true,"jetpack_shortlink":"https:\/\/wp.me\/p7ZJR4-gz1","jetpack_likes_enabled":false,"jetpack-related-posts":[{"id":57544,"url":"https:\/\/www.grieta.org.mx\/index.php\/2021\/03\/09\/con-una-marcha-colectivos-exigen-justicia-en-san-luis-potosi\/","url_meta":{"origin":63675,"position":0},"title":"Con una marcha colectivos exigen justicia en San Luis Potos\u00ed","author":"grieta","date":"9 marzo, 2021","format":false,"excerpt":"Recorrieron calles para hacer alto frente a la Fiscal\u00eda y despu\u00e9s a las Plazas del Carmen y de Armas Norma Rivera\/El Sol de San Luis 9 marzo 2021 Alrededor de 200 feministas independientes y de algunos colectivos, marcharon pac\u00edficamente este lunes exigiendo justicia y seguridad para las mujeres v\u00edctimas de\u2026","rel":"","context":"En &quot;CINTILLO&quot;","block_context":{"text":"CINTILLO","link":"https:\/\/www.grieta.org.mx\/index.php\/category\/cintillo\/"},"img":{"alt_text":"","src":"https:\/\/i0.wp.com\/www.grieta.org.mx\/wp-content\/uploads\/2021\/03\/a-todo-pulmon-marcha-feminista-feministas-colectivo-colectivos.jpg?resize=350%2C200&ssl=1","width":350,"height":200,"srcset":"https:\/\/i0.wp.com\/www.grieta.org.mx\/wp-content\/uploads\/2021\/03\/a-todo-pulmon-marcha-feminista-feministas-colectivo-colectivos.jpg?resize=350%2C200&ssl=1 1x, https:\/\/i0.wp.com\/www.grieta.org.mx\/wp-content\/uploads\/2021\/03\/a-todo-pulmon-marcha-feminista-feministas-colectivo-colectivos.jpg?resize=525%2C300&ssl=1 1.5x, https:\/\/i0.wp.com\/www.grieta.org.mx\/wp-content\/uploads\/2021\/03\/a-todo-pulmon-marcha-feminista-feministas-colectivo-colectivos.jpg?resize=700%2C400&ssl=1 2x"},"classes":[]},{"id":46428,"url":"https:\/\/www.grieta.org.mx\/index.php\/2020\/03\/10\/marchan-miles-de-mujeres-por-8m-en-san-luis-potosi\/","url_meta":{"origin":63675,"position":1},"title":"Marchan miles de mujeres por 8M en san luis potos\u00ed","author":"grieta","date":"10 marzo, 2020","format":false,"excerpt":"D\u00e1maris Mor\u00e1n\/Diario Contrar\u00e9plica 10 marzo 2020 Con una pancarta camina la mam\u00e1 de Karla Pontigo, mujer asesinada. Salvador Hern\u00e1ndez Encabezadas por las madres de v\u00edctimas de feminicidio, entre ellas la de Karla Pontigo \u2014madre que busca justicia desde hace 8 a\u00f1os\u2014, integrantes de colectivos feministas, mujeres violentadas, como Teresa Carrizales,\u2026","rel":"","context":"En &quot;CINTILLO&quot;","block_context":{"text":"CINTILLO","link":"https:\/\/www.grieta.org.mx\/index.php\/category\/cintillo\/"},"img":{"alt_text":"","src":"https:\/\/i0.wp.com\/www.grieta.org.mx\/wp-content\/uploads\/2020\/03\/daf9c2f8f4c0a035f7a5e509fc438a61.jpg?resize=350%2C200&ssl=1","width":350,"height":200,"srcset":"https:\/\/i0.wp.com\/www.grieta.org.mx\/wp-content\/uploads\/2020\/03\/daf9c2f8f4c0a035f7a5e509fc438a61.jpg?resize=350%2C200&ssl=1 1x, https:\/\/i0.wp.com\/www.grieta.org.mx\/wp-content\/uploads\/2020\/03\/daf9c2f8f4c0a035f7a5e509fc438a61.jpg?resize=525%2C300&ssl=1 1.5x, https:\/\/i0.wp.com\/www.grieta.org.mx\/wp-content\/uploads\/2020\/03\/daf9c2f8f4c0a035f7a5e509fc438a61.jpg?resize=700%2C400&ssl=1 2x"},"classes":[]},{"id":46420,"url":"https:\/\/www.grieta.org.mx\/index.php\/2020\/03\/08\/realizan-potosinas-marcha-por-el-8m-en-slp\/","url_meta":{"origin":63675,"position":2},"title":"Realizan potosinas marcha por el 8m en SLP","author":"grieta","date":"8 marzo, 2020","format":false,"excerpt":"Lilia Quevedo\/Plano Informativo 8 marzo 2020 Las mujeres que acudieron formaban una fila que iba desde la FGE hasta la calle de Independencia. San Luis Potos\u00ed, SLP.- Inici\u00f3 la marcha en conmemoraci\u00f3n del D\u00eda Internacional de la Mujer en las principales calles del Centro Hist\u00f3rico de San Luis Potos\u00ed. La\u2026","rel":"","context":"En &quot;CINTILLO&quot;","block_context":{"text":"CINTILLO","link":"https:\/\/www.grieta.org.mx\/index.php\/category\/cintillo\/"},"img":{"alt_text":"","src":"https:\/\/i0.wp.com\/www.grieta.org.mx\/wp-content\/uploads\/2020\/03\/8demarz11.jpg?resize=350%2C200&ssl=1","width":350,"height":200,"srcset":"https:\/\/i0.wp.com\/www.grieta.org.mx\/wp-content\/uploads\/2020\/03\/8demarz11.jpg?resize=350%2C200&ssl=1 1x, https:\/\/i0.wp.com\/www.grieta.org.mx\/wp-content\/uploads\/2020\/03\/8demarz11.jpg?resize=525%2C300&ssl=1 1.5x, https:\/\/i0.wp.com\/www.grieta.org.mx\/wp-content\/uploads\/2020\/03\/8demarz11.jpg?resize=700%2C400&ssl=1 2x"},"classes":[]},{"id":30569,"url":"https:\/\/www.grieta.org.mx\/index.php\/2019\/03\/08\/mujeres-lanzan-huevos-al-edificio-central-de-la-uaslp-san-luis-potosi\/","url_meta":{"origin":63675,"position":3},"title":"Mujeres lanzan huevos al Edificio Central de la UASLP (San Luis Potos\u00ed)","author":"grieta","date":"8 marzo, 2019","format":false,"excerpt":"Omar Ni\u00f1o Este viernes un grupo de mujeres lanzaron bombas de humo morado y huevos, al Edificio Central de la UASLP ademas de lanzar consignas contra el rector de la M\u00e1xima Casa de Estudios potosina Todo esto sucedi\u00f3 en la marcha denominada #8M en la cual un grupo de mujeres\u2026","rel":"","context":"En &quot;CINTILLO&quot;","block_context":{"text":"CINTILLO","link":"https:\/\/www.grieta.org.mx\/index.php\/category\/cintillo\/"},"img":{"alt_text":"","src":"https:\/\/i0.wp.com\/www.grieta.org.mx\/wp-content\/uploads\/2019\/03\/Mujeres-lanzan-huevos-al-Edificio-Central-de-la-UASLP-slp-mzo.png?resize=350%2C200&ssl=1","width":350,"height":200,"srcset":"https:\/\/i0.wp.com\/www.grieta.org.mx\/wp-content\/uploads\/2019\/03\/Mujeres-lanzan-huevos-al-Edificio-Central-de-la-UASLP-slp-mzo.png?resize=350%2C200&ssl=1 1x, https:\/\/i0.wp.com\/www.grieta.org.mx\/wp-content\/uploads\/2019\/03\/Mujeres-lanzan-huevos-al-Edificio-Central-de-la-UASLP-slp-mzo.png?resize=525%2C300&ssl=1 1.5x"},"classes":[]},{"id":45553,"url":"https:\/\/www.grieta.org.mx\/index.php\/2020\/02\/27\/colectivas-feministas-convocan-a-la-marcha-8m-en-san-luis-potosi\/","url_meta":{"origin":63675,"position":4},"title":"Colectivas feministas convocan a la Marcha 8M en San Luis Potos\u00ed","author":"grieta","date":"27 febrero, 2020","format":false,"excerpt":"Redacci\u00f3n\/C\u00f3digo San Luis 27 febrero 2020 Se planea una serie de actividades desde el primer d\u00eda de marzo. No se permitir\u00e1 que hombres participen en los eventos, es \u00fanicamente para mujeres. Las colectivas feministas que organizan, no hacen menci\u00f3n del Paro Nacional de Mujeres. Colectivas feministas de la capital potosina,\u2026","rel":"","context":"En &quot;CINTILLO&quot;","block_context":{"text":"CINTILLO","link":"https:\/\/www.grieta.org.mx\/index.php\/category\/cintillo\/"},"img":{"alt_text":"","src":"https:\/\/i0.wp.com\/www.grieta.org.mx\/wp-content\/uploads\/2020\/03\/feministas-23-ago-19-1.jpeg?resize=350%2C200&ssl=1","width":350,"height":200,"srcset":"https:\/\/i0.wp.com\/www.grieta.org.mx\/wp-content\/uploads\/2020\/03\/feministas-23-ago-19-1.jpeg?resize=350%2C200&ssl=1 1x, https:\/\/i0.wp.com\/www.grieta.org.mx\/wp-content\/uploads\/2020\/03\/feministas-23-ago-19-1.jpeg?resize=525%2C300&ssl=1 1.5x, https:\/\/i0.wp.com\/www.grieta.org.mx\/wp-content\/uploads\/2020\/03\/feministas-23-ago-19-1.jpeg?resize=700%2C400&ssl=1 2x"},"classes":[]},{"id":11512,"url":"https:\/\/www.grieta.org.mx\/index.php\/2016\/07\/20\/movilizacion-contra-la-violencia-hacia-las-mujeres-en-san-luis-potosi\/","url_meta":{"origin":63675,"position":5},"title":"Movilizaci\u00f3n contra la violencia hacia las mujeres en San Luis Potosi","author":"grieta","date":"20 julio, 2016","format":false,"excerpt":"07\/07\/16. En SLP, \u201cno se ven\u201d avances contra la violencia contra las mujeres: InmujeresLa Jornada San Luis 25\/05\/16. Mujeres de SL, en marcha contra la violencia machistaLa jornada 25\/05\/16. Realizan marcha contra la violencia machistaEl Sol de San Luis","rel":"","context":"En &quot;San Luis Potos\u00ed&quot;","block_context":{"text":"San Luis Potos\u00ed","link":"https:\/\/www.grieta.org.mx\/index.php\/category\/noticias-nacionales\/san-luis-potosi\/"},"img":{"alt_text":"","src":"https:\/\/i0.wp.com\/www.grieta.org.mx\/wp-content\/uploads\/2018\/03\/14524434_1106112876131411_958039263622046936_o.jpg?resize=350%2C200&ssl=1","width":350,"height":200,"srcset":"https:\/\/i0.wp.com\/www.grieta.org.mx\/wp-content\/uploads\/2018\/03\/14524434_1106112876131411_958039263622046936_o.jpg?resize=350%2C200&ssl=1 1x, https:\/\/i0.wp.com\/www.grieta.org.mx\/wp-content\/uploads\/2018\/03\/14524434_1106112876131411_958039263622046936_o.jpg?resize=525%2C300&ssl=1 1.5x, https:\/\/i0.wp.com\/www.grieta.org.mx\/wp-content\/uploads\/2018\/03\/14524434_1106112876131411_958039263622046936_o.jpg?resize=700%2C400&ssl=1 2x"},"classes":[]}],"_links":{"self":[{"href":"https:\/\/www.grieta.org.mx\/index.php\/wp-json\/wp\/v2\/posts\/63675","targetHints":{"allow":["GET"]}}],"collection":[{"href":"https:\/\/www.grieta.org.mx\/index.php\/wp-json\/wp\/v2\/posts"}],"about":[{"href":"https:\/\/www.grieta.org.mx\/index.php\/wp-json\/wp\/v2\/types\/post"}],"author":[{"embeddable":true,"href":"https:\/\/www.grieta.org.mx\/index.php\/wp-json\/wp\/v2\/users\/2"}],"replies":[{"embeddable":true,"href":"https:\/\/www.grieta.org.mx\/index.php\/wp-json\/wp\/v2\/comments?post=63675"}],"version-history":[{"count":1,"href":"https:\/\/www.grieta.org.mx\/index.php\/wp-json\/wp\/v2\/posts\/63675\/revisions"}],"predecessor-version":[{"id":63677,"href":"https:\/\/www.grieta.org.mx\/index.php\/wp-json\/wp\/v2\/posts\/63675\/revisions\/63677"}],"wp:featuredmedia":[{"embeddable":true,"href":"https:\/\/www.grieta.org.mx\/index.php\/wp-json\/wp\/v2\/media\/63676"}],"wp:attachment":[{"href":"https:\/\/www.grieta.org.mx\/index.php\/wp-json\/wp\/v2\/media?parent=63675"}],"wp:term":[{"taxonomy":"category","embeddable":true,"href":"https:\/\/www.grieta.org.mx\/index.php\/wp-json\/wp\/v2\/categories?post=63675"},{"taxonomy":"post_tag","embeddable":true,"href":"https:\/\/www.grieta.org.mx\/index.php\/wp-json\/wp\/v2\/tags?post=63675"}],"curies":[{"name":"wp","href":"https:\/\/api.w.org\/{rel}","templated":true}]}}