{"id":63672,"date":"2022-03-02T10:31:26","date_gmt":"2022-03-02T16:31:26","guid":{"rendered":"https:\/\/www.grieta.org.mx\/?p=63672"},"modified":"2022-03-15T10:38:20","modified_gmt":"2022-03-15T16:38:20","slug":"paro-laboral-en-maquiladora-de-reynosa-exigen-respeto-a-sus-derechos-tamaulipas","status":"publish","type":"post","link":"https:\/\/www.grieta.org.mx\/index.php\/2022\/03\/02\/paro-laboral-en-maquiladora-de-reynosa-exigen-respeto-a-sus-derechos-tamaulipas\/","title":{"rendered":"Paro laboral en maquiladora de Reynosa; exigen respeto a sus derechos (Tamaulipas)"},"content":{"rendered":"<p>Rosal\u00eda Quint\u00e1\/HOYT.am<br \/>\n2 marzo 2022<\/p>\n<p>Reynosa, Tamaulipas. &#8211; Trabajadores de la empresa maquiladora Kongsberg Auto Motive en Reynosa, realizaron este mi\u00e9rcoles un paro de labores para demandar el respeto a sus derechos, ya que informaron que la empresa fue vendida hace cuatro meses y no se les ha liquidado conforme a la ley.<\/p>\n<p>&#8220;Para informar de todas las irregularidades que se vienen dando en la f\u00e1brica de Konsberg Auto Motive, desde hace cuatro meses se nos inform\u00f3 que la empresa fue vendida, pero la empresa solo se fue sin decir nada, ni nos dio las gracias ni gratificaci\u00f3n por los a\u00f1os que estuvimos trabajando para la empresa Kongsberg&#8221;, argumentan.<\/p>\n<p>Se\u00f1alaron que ayer uno de marzo se presentaron los directivos de la empresa, pero sin que se les haya informado sobre las condiciones con las que trabajar\u00e1n con la nueva empresa y qu\u00e9 pasar\u00e1 con su antig\u00fcedad.<\/p>\n<p>&#8220;Se presenta la empresa Lear, para darnos informes que ya pertenecemos para ellos, pero Kongsberg no da la cara de nuestros derechos como trabajadores, no sabemos qu\u00e9 va a pasar con nuestra antig\u00fcedad, nuestras presentaciones, estamos esperando respuesta de nuestro anterior patr\u00f3n, pero no ha dado la cara\u201d.<\/p>\n<p>Y agregan;<\/p>\n<p>\u201cEstamos en paro laboral desde el d\u00eda de ayer hasta que se nos d\u00e9 respuesta, se nos liquide, pero hasta ahorita nada, el Sindicato de Trabajadores no ha podido darnos una ayuda como trabajadores que somos, no hay ayuda legal por parte de ellos&#8221;.<\/p>\n<p>Los obreros se\u00f1alaron que permanecer\u00e1n en paro laboral hasta que se les informe y garantice sus derechos laborales, prestaciones y antig\u00fcedad.<\/p>\n<p><a href=\"https:\/\/www.hoytamaulipas.net\/notas\/488436\/Paro-laboral-en-maquiladora-de-Reynosa-exigen-respeto-a-sus-derechos.html?utm_source=pocket_mylist\" rel=\"noopener\" target=\"_blank\">https:\/\/www.hoytamaulipas.net\/notas\/488436\/Paro-laboral-en-maquiladora-de-Reynosa-exigen-respeto-a-sus-derechos.html?utm_source=pocket_mylist<\/a><\/p>\n","protected":false},"excerpt":{"rendered":"<p>Rosal\u00eda Quint\u00e1\/HOYT.am 2 marzo 2022 Reynosa, Tamaulipas. &#8211; Trabajadores de la empresa maquiladora Kongsberg Auto Motive en Reynosa, realizaron este mi\u00e9rcoles un paro de labores para demandar el respeto a &hellip; <a href=\"https:\/\/www.grieta.org.mx\/index.php\/2022\/03\/02\/paro-laboral-en-maquiladora-de-reynosa-exigen-respeto-a-sus-derechos-tamaulipas\/\" class=\"more-link\">Leer m\u00e1s<\/a><\/p>\n","protected":false},"author":2,"featured_media":63673,"comment_status":"closed","ping_status":"closed","sticky":false,"template":"","format":"standard","meta":{"ngg_post_thumbnail":0,"_jetpack_newsletter_access":"","_jetpack_dont_email_post_to_subs":false,"_jetpack_newsletter_tier_id":0,"_jetpack_memberships_contains_paywalled_content":false,"_jetpack_memberships_contains_paid_content":false,"footnotes":""},"categories":[80,910,1137,2011,2,33,83],"tags":[2841,2003,3562,3389,3275],"class_list":["post-63672","post","type-post","status-publish","format-standard","has-post-thumbnail","hentry","category-cintillo","category-explotacion-y-precariedad-laboral","category-explotacion-y-precariedad-laboral-en-tamaulipas","category-lucha-de-trabajadores-de-la-industria-maquiladora-en-tamaulipas","category-noticias-nacionales","category-tamaulipas","category-temas-nacionales","tag-explotacion-y-precariedad-laboral","tag-maquiladoras","tag-paros-en-maquiladoras","tag-paros-en-maquilas","tag-protestas-de-trabajadores","entry"],"jetpack_featured_media_url":"https:\/\/www.grieta.org.mx\/wp-content\/uploads\/2022\/03\/Paro-laboral-en-maquiladora-de-Reynosa-exigen-respeto-a-sus-derechos.jpg","jetpack_sharing_enabled":true,"jetpack_shortlink":"https:\/\/wp.me\/p7ZJR4-gyY","jetpack_likes_enabled":false,"jetpack-related-posts":[{"id":51961,"url":"https:\/\/www.grieta.org.mx\/index.php\/2020\/07\/17\/paran-labores-trabajadores-de-la-maquiladora-bd-bard-en-reynosa-tamaulipas\/","url_meta":{"origin":63672,"position":0},"title":"Paran labores trabajadores de la maquiladora BD BARD en Reynosa (Tamaulipas)","author":"grieta","date":"17 julio, 2020","format":false,"excerpt":"Rosal\u00eda Quint\u00e1 Uresti\/Hoy T.am 17 julio 2020 Foto: Rosal\u00eda Quint\u00e1 Uresti Reynosa, Tamaulipas \u2013 Las protestas por parte de obreros de maquiladoras no cesan en Reynosa y ahora fueron los de la empresa BD BARD, quienes se manifestaron por las malas condiciones en las que se encuentran laborando de cara\u2026","rel":"","context":"En &quot;CINTILLO&quot;","block_context":{"text":"CINTILLO","link":"https:\/\/www.grieta.org.mx\/index.php\/category\/cintillo\/"},"img":{"alt_text":"","src":"https:\/\/i0.wp.com\/www.grieta.org.mx\/wp-content\/uploads\/2020\/07\/Tamaulipas-Paran-labores-trabajadores-de-la-maquiladora-BD-BARD-en-Reynosa.jpg?resize=350%2C200&ssl=1","width":350,"height":200,"srcset":"https:\/\/i0.wp.com\/www.grieta.org.mx\/wp-content\/uploads\/2020\/07\/Tamaulipas-Paran-labores-trabajadores-de-la-maquiladora-BD-BARD-en-Reynosa.jpg?resize=350%2C200&ssl=1 1x, https:\/\/i0.wp.com\/www.grieta.org.mx\/wp-content\/uploads\/2020\/07\/Tamaulipas-Paran-labores-trabajadores-de-la-maquiladora-BD-BARD-en-Reynosa.jpg?resize=525%2C300&ssl=1 1.5x, https:\/\/i0.wp.com\/www.grieta.org.mx\/wp-content\/uploads\/2020\/07\/Tamaulipas-Paran-labores-trabajadores-de-la-maquiladora-BD-BARD-en-Reynosa.jpg?resize=700%2C400&ssl=1 2x"},"classes":[]},{"id":51794,"url":"https:\/\/www.grieta.org.mx\/index.php\/2020\/07\/14\/protestan-en-maquiladora-de-reynosa-por-muerte-de-obreros-por-covid-19-tamaulipas\/","url_meta":{"origin":63672,"position":1},"title":"Protestan en maquiladora de Reynosa por muerte de obreros por COVID-19 (Tamaulipas)","author":"grieta","date":"14 julio, 2020","format":false,"excerpt":"Rosal\u00eda Quint\u00e1 Uresti\/Hoy T.am 14 julio 2020 Foto: Rosal\u00eda Quint\u00e1 Reynosa, Tamaulipas. - Un grupo de trabajadores de la empresa Cal-Comp en Reynosa se manifestaron esta ma\u00f1ana denunciando la nula atenci\u00f3n que en materia de salud se mantiene al interior de la empresa, donde laboran alrededor de mil 200 personas.\u2026","rel":"","context":"En &quot;CINTILLO&quot;","block_context":{"text":"CINTILLO","link":"https:\/\/www.grieta.org.mx\/index.php\/category\/cintillo\/"},"img":{"alt_text":"","src":"https:\/\/i0.wp.com\/www.grieta.org.mx\/wp-content\/uploads\/2020\/07\/Tamaulipas-Protestan-en-maquiladora-de-Reynosa-obreros-piden-los-pongan-en-cuarentena.jpg?resize=350%2C200&ssl=1","width":350,"height":200,"srcset":"https:\/\/i0.wp.com\/www.grieta.org.mx\/wp-content\/uploads\/2020\/07\/Tamaulipas-Protestan-en-maquiladora-de-Reynosa-obreros-piden-los-pongan-en-cuarentena.jpg?resize=350%2C200&ssl=1 1x, https:\/\/i0.wp.com\/www.grieta.org.mx\/wp-content\/uploads\/2020\/07\/Tamaulipas-Protestan-en-maquiladora-de-Reynosa-obreros-piden-los-pongan-en-cuarentena.jpg?resize=525%2C300&ssl=1 1.5x, https:\/\/i0.wp.com\/www.grieta.org.mx\/wp-content\/uploads\/2020\/07\/Tamaulipas-Protestan-en-maquiladora-de-Reynosa-obreros-piden-los-pongan-en-cuarentena.jpg?resize=700%2C400&ssl=1 2x"},"classes":[]},{"id":52279,"url":"https:\/\/www.grieta.org.mx\/index.php\/2020\/07\/22\/denuncian-a-maquiladoras-por-incumplir-medidas-sanitarias\/","url_meta":{"origin":63672,"position":2},"title":"Denuncian a maquiladoras por incumplir medidas sanitarias (Tamaulipas)","author":"grieta","date":"22 julio, 2020","format":false,"excerpt":"Carolina Garza\/Milenio 22 julio 2020 En Reynosa m\u00e1s de 400 empresas enfrentan procesos legales. Maquiladoras de Reynosa en tiempos de covid-19 | Cortes\u00eda Los despachos jur\u00eddicos de Reynosa se saturan de demandas por trabajadores del sector industrial en donde se\u00f1alan, incumplen con las medidas de sanidad. El abogado Javier Gerardo\u2026","rel":"","context":"En &quot;CINTILLO&quot;","block_context":{"text":"CINTILLO","link":"https:\/\/www.grieta.org.mx\/index.php\/category\/cintillo\/"},"img":{"alt_text":"","src":"https:\/\/i0.wp.com\/www.grieta.org.mx\/wp-content\/uploads\/2020\/08\/maquiladoras-de-reynosa-en-tiempos.jpg?resize=350%2C200&ssl=1","width":350,"height":200,"srcset":"https:\/\/i0.wp.com\/www.grieta.org.mx\/wp-content\/uploads\/2020\/08\/maquiladoras-de-reynosa-en-tiempos.jpg?resize=350%2C200&ssl=1 1x, https:\/\/i0.wp.com\/www.grieta.org.mx\/wp-content\/uploads\/2020\/08\/maquiladoras-de-reynosa-en-tiempos.jpg?resize=525%2C300&ssl=1 1.5x, https:\/\/i0.wp.com\/www.grieta.org.mx\/wp-content\/uploads\/2020\/08\/maquiladoras-de-reynosa-en-tiempos.jpg?resize=700%2C400&ssl=1 2x"},"classes":[]},{"id":29815,"url":"https:\/\/www.grieta.org.mx\/index.php\/2019\/03\/01\/suman-4-mil-obreros-dados-de-baja-en-maquiladoras-de-matamoros-tamaulipas\/","url_meta":{"origin":63672,"position":3},"title":"Suman 4 mil obreros dados de baja en maquiladoras de Matamoros (Tamaulipas)","author":"grieta","date":"1 marzo, 2019","format":false,"excerpt":"Miguel Jim\u00e9nez \/ El Ma\u00f1ana Tres empresas se mantienen firmes en salir tras los \u00b4paros locos\u00b4 Matamoros, Tam. La Confederaci\u00f3n Patronal de la Rep\u00fablica Mexicana (Coparmex), confirm\u00f3 que ya son cuatro mil los obreros que han sido dados de baja en la industria maquiladora luego de las huelgas y \"paros\u2026","rel":"","context":"En &quot;CINTILLO&quot;","block_context":{"text":"CINTILLO","link":"https:\/\/www.grieta.org.mx\/index.php\/category\/cintillo\/"},"img":{"alt_text":"","src":"https:\/\/i0.wp.com\/www.grieta.org.mx\/wp-content\/uploads\/2019\/03\/Suman-4-mil-obreros-dados-de-baja-en-maquiladoras-de-Matamoros-tama-mzo.jpg?resize=350%2C200","width":350,"height":200},"classes":[]},{"id":49450,"url":"https:\/\/www.grieta.org.mx\/index.php\/2020\/04\/06\/trabajadores-de-maquilas-en-reynosa-paran-labores-por-covid-19\/","url_meta":{"origin":63672,"position":4},"title":"Trabajadores de &#8220;maquilas&#8221; en Reynosa paran labores por Covid-19","author":"grieta","date":"6 abril, 2020","format":false,"excerpt":"Rosal\u00eda Quint\u00e1 Uresti\/Hoy T.am 6 abril 2020 Trabajadores de varias maquiladoras de Reynosa realizaron este d\u00eda un paro de labores, en protesta por las nulas medidas de seguridad e higiene que se tienen en sus centros de trabajo. Reynosa, Tamaulipas. - Trabajadores de varias maquiladoras de Reynosa realizaron este d\u00eda\u2026","rel":"","context":"En &quot;CINTILLO&quot;","block_context":{"text":"CINTILLO","link":"https:\/\/www.grieta.org.mx\/index.php\/category\/cintillo\/"},"img":{"alt_text":"","src":"https:\/\/i0.wp.com\/www.grieta.org.mx\/wp-content\/uploads\/2020\/05\/Trabajadores-de-maquilas-en-Reynosa-paran-labores-por-Covid-19.jpg?resize=350%2C200&ssl=1","width":350,"height":200,"srcset":"https:\/\/i0.wp.com\/www.grieta.org.mx\/wp-content\/uploads\/2020\/05\/Trabajadores-de-maquilas-en-Reynosa-paran-labores-por-Covid-19.jpg?resize=350%2C200&ssl=1 1x, https:\/\/i0.wp.com\/www.grieta.org.mx\/wp-content\/uploads\/2020\/05\/Trabajadores-de-maquilas-en-Reynosa-paran-labores-por-Covid-19.jpg?resize=525%2C300&ssl=1 1.5x, https:\/\/i0.wp.com\/www.grieta.org.mx\/wp-content\/uploads\/2020\/05\/Trabajadores-de-maquilas-en-Reynosa-paran-labores-por-Covid-19.jpg?resize=700%2C400&ssl=1 2x"},"classes":[]},{"id":29220,"url":"https:\/\/www.grieta.org.mx\/index.php\/2019\/02\/19\/policias-desalojan-a-trabajadores-de-maquiladora-en-huelga-en-matamoros-tamaulipas\/","url_meta":{"origin":63672,"position":5},"title":"Polic\u00edas desalojan a trabajadores de maquiladora en huelga en Matamoros (Tamaulipas)","author":"grieta","date":"19 febrero, 2019","format":false,"excerpt":"Redacci\u00f3n \/ El Heraldo de M\u00e9xico Con escudos, polic\u00edas estatales intentaron desplazar a m\u00e1s de 80 trabajadores de la empresa Bright Finishing que estaban en huelga CIUDAD VICTORIA. Polic\u00edas estatales desalojaron a trabajadores de una empresa manufacturera en Matamoros que se encuentran en paro y manten\u00edan bloqueados los accesos a\u2026","rel":"","context":"En &quot;CINTILLO&quot;","block_context":{"text":"CINTILLO","link":"https:\/\/www.grieta.org.mx\/index.php\/category\/cintillo\/"},"img":{"alt_text":"","src":"https:\/\/i0.wp.com\/www.grieta.org.mx\/wp-content\/uploads\/2019\/02\/Polic%C3%ADas-desalojan-a-trabajadores-de-maquiladora-en-huelga-en-Matamoros-tama-feb.jpg?resize=350%2C200&ssl=1","width":350,"height":200,"srcset":"https:\/\/i0.wp.com\/www.grieta.org.mx\/wp-content\/uploads\/2019\/02\/Polic%C3%ADas-desalojan-a-trabajadores-de-maquiladora-en-huelga-en-Matamoros-tama-feb.jpg?resize=350%2C200&ssl=1 1x, https:\/\/i0.wp.com\/www.grieta.org.mx\/wp-content\/uploads\/2019\/02\/Polic%C3%ADas-desalojan-a-trabajadores-de-maquiladora-en-huelga-en-Matamoros-tama-feb.jpg?resize=525%2C300&ssl=1 1.5x"},"classes":[]}],"_links":{"self":[{"href":"https:\/\/www.grieta.org.mx\/index.php\/wp-json\/wp\/v2\/posts\/63672","targetHints":{"allow":["GET"]}}],"collection":[{"href":"https:\/\/www.grieta.org.mx\/index.php\/wp-json\/wp\/v2\/posts"}],"about":[{"href":"https:\/\/www.grieta.org.mx\/index.php\/wp-json\/wp\/v2\/types\/post"}],"author":[{"embeddable":true,"href":"https:\/\/www.grieta.org.mx\/index.php\/wp-json\/wp\/v2\/users\/2"}],"replies":[{"embeddable":true,"href":"https:\/\/www.grieta.org.mx\/index.php\/wp-json\/wp\/v2\/comments?post=63672"}],"version-history":[{"count":1,"href":"https:\/\/www.grieta.org.mx\/index.php\/wp-json\/wp\/v2\/posts\/63672\/revisions"}],"predecessor-version":[{"id":63674,"href":"https:\/\/www.grieta.org.mx\/index.php\/wp-json\/wp\/v2\/posts\/63672\/revisions\/63674"}],"wp:featuredmedia":[{"embeddable":true,"href":"https:\/\/www.grieta.org.mx\/index.php\/wp-json\/wp\/v2\/media\/63673"}],"wp:attachment":[{"href":"https:\/\/www.grieta.org.mx\/index.php\/wp-json\/wp\/v2\/media?parent=63672"}],"wp:term":[{"taxonomy":"category","embeddable":true,"href":"https:\/\/www.grieta.org.mx\/index.php\/wp-json\/wp\/v2\/categories?post=63672"},{"taxonomy":"post_tag","embeddable":true,"href":"https:\/\/www.grieta.org.mx\/index.php\/wp-json\/wp\/v2\/tags?post=63672"}],"curies":[{"name":"wp","href":"https:\/\/api.w.org\/{rel}","templated":true}]}}