{"id":63616,"date":"2022-03-04T09:04:59","date_gmt":"2022-03-04T15:04:59","guid":{"rendered":"https:\/\/www.grieta.org.mx\/?p=63616"},"modified":"2022-03-07T21:14:03","modified_gmt":"2022-03-08T03:14:03","slug":"tribunal-pone-en-riesgo-a-homun-megagranja-de-cerdos-podria-reabrir-yucatan","status":"publish","type":"post","link":"https:\/\/www.grieta.org.mx\/index.php\/2022\/03\/04\/tribunal-pone-en-riesgo-a-homun-megagranja-de-cerdos-podria-reabrir-yucatan\/","title":{"rendered":"Tribunal pone en riesgo a Hom\u00fan; megagranja de cerdos podr\u00eda reabrir (Yucat\u00e1n)"},"content":{"rendered":"<p>Haz Ruido<\/p>\n<blockquote><p>Desestim\u00f3 las tres quejas presentadas por ni\u00f1as y ni\u00f1os de Hom\u00fan contra las violaciones a la suspensi\u00f3n cometidas por PAPO y la Secretar\u00eda de Desarrollo Sustentable. <\/p><\/blockquote>\n<blockquote><p>Ahora, el juez Rogelio Leal Mota podr\u00eda quitar la suspensi\u00f3n y reactivar las operaciones de la f\u00e1brica de cerdos, lo cual pondr\u00eda en riesgo el derecho a la salud, al medio ambiente sano, al agua y a la libre determinaci\u00f3n de la infancia y del pueblo maya.<\/p><\/blockquote>\n<p>M\u00e9rida, Yucat\u00e1n, 4 de marzo de 2022.-A pesar del riesgo de contaminaci\u00f3n, el Tribunal Colegiado en Materias de Trabajo y Administrativa del D\u00e9cimo Cuarto Circuito desestim\u00f3 las quejas presentadas por ni\u00f1as y ni\u00f1os mayas de Hom\u00fan contra las violaciones a la suspensi\u00f3n de operaciones de la megagranja de cerdos, cometidas por la empresa Producci\u00f3n Alimentaria Porc\u00edcola (PAPO), en complicidad con la Secretar\u00eda de Desarrollo Sustentable (SDS), por lo que existe la posibilidad de que dicha f\u00e1brica vuelva a operar. <\/p>\n<p>Las quejas fueron desechadas tras discutirse  la ponencia de la magistrada Julia Ram\u00edrez Alvarado, por lo que ahora el Juez Segundo de Distrito, Rogelio Leal Mota, podr\u00eda permitir la revocaci\u00f3n de la medida cautelar y dicha granja volver\u00eda a abrir.<\/p>\n<p>La primera queja fue interpuesta cuando la SDS permiti\u00f3 que PAPO realice trabajos de mantenimiento en la f\u00e1brica de cerdos, con lo cual incumpli\u00f3 con la medida cautelar de suspensi\u00f3n de actividades de la megagranja. <\/p>\n<p>Otra queja fue presentada cuando la misma dependencia estatal, pese a la orden de no reactivar las operaciones en la granja, permiti\u00f3 la instalaci\u00f3n de la planta de tratamiento de aguas. Esto lo confirm\u00f3 la propia SDS al emitir un documento asegurando que esa infraestructura \u201ccumpl\u00eda con los est\u00e1ndares de descargas contaminantes\u201d. <\/p>\n<p>La tercera queja fue interpuesta cuando el juez le dio tr\u00e1mite a un recurso presentado por PAPO para revocar la suspensi\u00f3n, el cual era totalmente improcedente.<\/p>\n<p>Sin embargo, en la audiencia realizada ayer, el Tribunal declar\u00f3 infundadas las dos primeras quejas, y desech\u00f3 la tercera. Ahora, toca al Juez Rogelio Leal Mota decidir si retira o no la suspensi\u00f3n, la cual fue confirmada y ratificada en su momento por quien era la Jueza Cuarto de Distrito, Miriam C\u00e1mara Patr\u00f3n; por el Tribunal Colegiado e incluso por la Suprema Corte de Justicia de la Naci\u00f3n (SCJN).  <\/p>\n<p>\u201cHasta ahora, no se han publicado los acuerdos de la sesi\u00f3n, sin embargo, la decisi\u00f3n nos alerta: el Juez Leal Mota podr\u00eda quitar la suspensi\u00f3n y reactivar las operaciones de la mega granja, poniendo en riesgo el derecho a la salud, al medio ambiente sano, al agua y a la libre determinaci\u00f3n de la infancia y del pueblo maya de Hom\u00fan\u201d, informaron las agrupaciones Kanan Ts\u2019ono\u2019ot e Indignaci\u00f3n.<\/p>\n<p>Indicaron que resulta especialmente preocupante que el Juez Leal Mota ya se ha pronunciado a favor de la empresa PAPO, pues en el 2018 se neg\u00f3 a otorgar una suspensi\u00f3n contra la f\u00e1brica de cerdos, d\u00e1ndole prioridad al discurso del empleo y el mal llamado desarrollo, por encima de la salud humana y ambiental, y de la libre autodeterminaci\u00f3n del pueblo maya. <\/p>\n<p>Cabe recordar que apenas la semana pasada, especialistas en salud y materia ambiental pertenecientes a universidades y organizaciones internacionales, presentaron un amicus curiae , en el que se\u00f1alaron que la mega granja de Hom\u00fan amenaza con ocasionar da\u00f1os graves e irreversibles. Tambi\u00e9n describieron los graves impactos a la salud, al agua y al ambiente ocasionados por la industria porc\u00edcola en Estados Unidos, y manifestaron la expectativa de que Leal Mota resuelva a favor de la ni\u00f1ez y el medio ambiente sano de Hom\u00fan.<\/p>\n<p>\u201cExigimos que se garantice el derecho a un ambiente sano, a la salud, al agua, a la libre determinaci\u00f3n del pueblo maya y que prime el inter\u00e9s superior de la infancia por encima de intereses empresariales y pol\u00edticos. No permitiremos m\u00e1s complicidad entre el Poder Judicial, el Gobierno de Yucat\u00e1n y la mega granja de PAPO\u201d, declararon. <\/p>\n<p><a href=\"https:\/\/www.hazruido.mx\/reportes\/tribunal-pone-en-riesgo-a-homun-megagranja-de-cerdos-podria-reabrir\/\" rel=\"noopener\" target=\"_blank\">https:\/\/www.hazruido.mx\/reportes\/tribunal-pone-en-riesgo-a-homun-megagranja-de-cerdos-podria-reabrir\/<\/a><\/p>\n","protected":false},"excerpt":{"rendered":"<p>Haz Ruido Desestim\u00f3 las tres quejas presentadas por ni\u00f1as y ni\u00f1os de Hom\u00fan contra las violaciones a la suspensi\u00f3n cometidas por PAPO y la Secretar\u00eda de Desarrollo Sustentable. Ahora, el &hellip; <a href=\"https:\/\/www.grieta.org.mx\/index.php\/2022\/03\/04\/tribunal-pone-en-riesgo-a-homun-megagranja-de-cerdos-podria-reabrir-yucatan\/\" class=\"more-link\">Leer m\u00e1s<\/a><\/p>\n","protected":false},"author":2,"featured_media":63617,"comment_status":"closed","ping_status":"closed","sticky":false,"template":"","format":"standard","meta":{"ngg_post_thumbnail":0,"_jetpack_newsletter_access":"","_jetpack_dont_email_post_to_subs":false,"_jetpack_newsletter_tier_id":0,"_jetpack_memberships_contains_paywalled_content":false,"_jetpack_memberships_contains_paid_content":false,"footnotes":""},"categories":[60,42,80,2943,984,1,954,1020,1023,3,922,952,2,36],"tags":[3820,91,2177,1021,3785],"class_list":["post-63616","post","type-post","status-publish","format-standard","has-post-thumbnail","hentry","category-16-pueblo-maya","category-agroindustria","category-cintillo","category-destruccion-y-contaminacion-ambiental-en-yucatan","category-esp-yucatan","category-espejos-de-la-resistencia","category-espejos-estados","category-granja-porcicola","category-lucha-contra-granja-porcicola","category-megaproyectos","category-megaproyectos-estados","category-mp-yucatan","category-noticias-nacionales","category-yucatan","tag-amparos","tag-contaminacion-ambiental","tag-contaminacion-de-acuiferos","tag-homun","tag-megagranja","entry"],"jetpack_featured_media_url":"https:\/\/www.grieta.org.mx\/wp-content\/uploads\/2022\/03\/HomunTribunal-e1646708932427.png","jetpack_sharing_enabled":true,"jetpack_shortlink":"https:\/\/wp.me\/p7ZJR4-gy4","jetpack_likes_enabled":false,"jetpack-related-posts":[{"id":63923,"url":"https:\/\/www.grieta.org.mx\/index.php\/2022\/04\/07\/amenazan-a-infancia-que-defiende-los-cenotes-en-homun-yucatan\/","url_meta":{"origin":63616,"position":0},"title":"Amenazan a infancia que defiende los cenotes en Hom\u00fan (Yucat\u00e1n)","author":"grieta","date":"7 abril, 2022","format":false,"excerpt":"Sare Frabes \/ Avispa Midia Este mi\u00e9rcoles (6) fue amenazada una de las representantes de las ni\u00f1as y ni\u00f1os de Hom\u00fan, quienes presentaron un amparo contra la mega granja porc\u00edcola de la empresa Producci\u00f3n Alimentaria y Porc\u00edcola (PAPO), aparcera de Kek\u00e9n. As\u00ed lo denuncio el Equipo Indignaci\u00f3n, quien destac\u00f3 que\u2026","rel":"","context":"En &quot;16. Pueblo Maya&quot;","block_context":{"text":"16. Pueblo Maya","link":"https:\/\/www.grieta.org.mx\/index.php\/category\/espejos-de-la-resistencia\/16-pueblo-maya\/"},"img":{"alt_text":"","src":"https:\/\/i0.wp.com\/www.grieta.org.mx\/wp-content\/uploads\/2022\/04\/AmenazanInfanciaHomun-e1649351378993.png?resize=350%2C200&ssl=1","width":350,"height":200,"srcset":"https:\/\/i0.wp.com\/www.grieta.org.mx\/wp-content\/uploads\/2022\/04\/AmenazanInfanciaHomun-e1649351378993.png?resize=350%2C200&ssl=1 1x, https:\/\/i0.wp.com\/www.grieta.org.mx\/wp-content\/uploads\/2022\/04\/AmenazanInfanciaHomun-e1649351378993.png?resize=525%2C300&ssl=1 1.5x, https:\/\/i0.wp.com\/www.grieta.org.mx\/wp-content\/uploads\/2022\/04\/AmenazanInfanciaHomun-e1649351378993.png?resize=700%2C400&ssl=1 2x"},"classes":[]},{"id":67967,"url":"https:\/\/www.grieta.org.mx\/index.php\/2023\/10\/21\/contaminacion-de-megagranjas-mucho-peor-de-lo-que-pensabamos-yucatan\/","url_meta":{"origin":63616,"position":1},"title":"\u00abContaminaci\u00f3n de megagranjas, mucho peor de lo que pens\u00e1bamos\u00bb (Yucat\u00e1n)","author":"grieta","date":"21 octubre, 2023","format":false,"excerpt":"Haz Ruido El pueblo maya de Hom\u00fan celebr\u00f3 seis a\u00f1os de lucha contra f\u00e1brica de cerdos y exigi\u00f3 al Gobierno federal que informe a las comunidades sobre la situaci\u00f3n de contaminaci\u00f3n que provocan estos megaproyectos en Yucat\u00e1n Hom\u00fan, Yucat\u00e1n, 21 de octubre de 2023.- La contaminaci\u00f3n \u201ces mucho peor de\u2026","rel":"","context":"En &quot;16. Pueblo Maya&quot;","block_context":{"text":"16. Pueblo Maya","link":"https:\/\/www.grieta.org.mx\/index.php\/category\/espejos-de-la-resistencia\/16-pueblo-maya\/"},"img":{"alt_text":"","src":"https:\/\/i0.wp.com\/www.grieta.org.mx\/wp-content\/uploads\/2023\/10\/Homun-1-e1698240521601.jpg?resize=350%2C200&ssl=1","width":350,"height":200,"srcset":"https:\/\/i0.wp.com\/www.grieta.org.mx\/wp-content\/uploads\/2023\/10\/Homun-1-e1698240521601.jpg?resize=350%2C200&ssl=1 1x, https:\/\/i0.wp.com\/www.grieta.org.mx\/wp-content\/uploads\/2023\/10\/Homun-1-e1698240521601.jpg?resize=525%2C300&ssl=1 1.5x, https:\/\/i0.wp.com\/www.grieta.org.mx\/wp-content\/uploads\/2023\/10\/Homun-1-e1698240521601.jpg?resize=700%2C400&ssl=1 2x"},"classes":[]},{"id":64007,"url":"https:\/\/www.grieta.org.mx\/index.php\/2022\/04\/15\/homun-llama-a-juez-a-no-abrir-megagranja-de-cerdos-yucatan\/","url_meta":{"origin":63616,"position":2},"title":"Hom\u00fan llama a Juez a no abrir megagranja de cerdos (Yucat\u00e1n)","author":"grieta","date":"15 abril, 2022","format":false,"excerpt":"Haz Ruido Los Guardianes de los Cenotes y representantes de la ni\u00f1ez, reiteraron que al reanudar las operaciones de la f\u00e1brica se pondr\u00eda en riesgo el derecho a la salud y la libre determinaci\u00f3n del pueblo maya. M\u00e9rida, Yucat\u00e1n, 15 de abril de 2022.- Este lunes 18 de abril se\u2026","rel":"","context":"En &quot;16. Pueblo Maya&quot;","block_context":{"text":"16. Pueblo Maya","link":"https:\/\/www.grieta.org.mx\/index.php\/category\/espejos-de-la-resistencia\/16-pueblo-maya\/"},"img":{"alt_text":"","src":"https:\/\/i0.wp.com\/www.grieta.org.mx\/wp-content\/uploads\/2022\/04\/HomunLlama-e1650292962815.png?resize=350%2C200&ssl=1","width":350,"height":200,"srcset":"https:\/\/i0.wp.com\/www.grieta.org.mx\/wp-content\/uploads\/2022\/04\/HomunLlama-e1650292962815.png?resize=350%2C200&ssl=1 1x, https:\/\/i0.wp.com\/www.grieta.org.mx\/wp-content\/uploads\/2022\/04\/HomunLlama-e1650292962815.png?resize=525%2C300&ssl=1 1.5x, https:\/\/i0.wp.com\/www.grieta.org.mx\/wp-content\/uploads\/2022\/04\/HomunLlama-e1650292962815.png?resize=700%2C400&ssl=1 2x"},"classes":[]},{"id":51240,"url":"https:\/\/www.grieta.org.mx\/index.php\/2020\/06\/24\/la-scjn-atrae-juicio-promovido-por-ninos-de-homun-contra-empresa-porcicola-yucatan\/","url_meta":{"origin":63616,"position":3},"title":"La SCJN atrae juicio promovido por ni\u00f1os de Hom\u00fan contra empresa porc\u00edcola (Yucat\u00e1n)","author":"grieta","date":"24 junio, 2020","format":false,"excerpt":"Rosa Santana \/ Proceso M\u00c9RIDA, Yuc. (apro).- Por la trascendencia que tendr\u00e1 el fallo para futuras sentencias en asuntos similares, la Suprema Corte de Justicia de la Naci\u00f3n (SCJN) determin\u00f3 atraer el juicio promovido por ni\u00f1os de la comunidad maya de Hom\u00fan contra la empresa Producci\u00f3n Alimentaria Porc\u00edcola (Papo), por\u2026","rel":"","context":"En &quot;16. Pueblo Maya&quot;","block_context":{"text":"16. Pueblo Maya","link":"https:\/\/www.grieta.org.mx\/index.php\/category\/espejos-de-la-resistencia\/16-pueblo-maya\/"},"img":{"alt_text":"","src":"https:\/\/i0.wp.com\/www.grieta.org.mx\/wp-content\/uploads\/2020\/06\/granjas-870x521-e1593209117400.png?resize=350%2C200&ssl=1","width":350,"height":200,"srcset":"https:\/\/i0.wp.com\/www.grieta.org.mx\/wp-content\/uploads\/2020\/06\/granjas-870x521-e1593209117400.png?resize=350%2C200&ssl=1 1x, https:\/\/i0.wp.com\/www.grieta.org.mx\/wp-content\/uploads\/2020\/06\/granjas-870x521-e1593209117400.png?resize=525%2C300&ssl=1 1.5x, https:\/\/i0.wp.com\/www.grieta.org.mx\/wp-content\/uploads\/2020\/06\/granjas-870x521-e1593209117400.png?resize=700%2C400&ssl=1 2x"},"classes":[]},{"id":59580,"url":"https:\/\/www.grieta.org.mx\/index.php\/2021\/05\/25\/gobierno-echa-reversa-y-quita-sellos-de-clausura-en-homun-yucatan\/","url_meta":{"origin":63616,"position":4},"title":"Gobierno echa reversa y quita sellos de clausura en Hom\u00fan (Yucat\u00e1n)","author":"grieta","date":"25 mayo, 2021","format":false,"excerpt":"Herbeth Escalante \/ Haz Ruido Los Guardianes de los Cenotes hab\u00edan advertido el cierre de todos los paradores del pueblo como muestra de solidaridad y protesta, pero se solucion\u00f3 el conflicto. Hom\u00fan, Yucat\u00e1n, 25 de mayo de 2021.-Anoche, de manera inesperada, la Secretar\u00eda de Salud del Estado de Yucat\u00e1n (SSY)\u2026","rel":"","context":"En &quot;Agresiones y amenazas a defensor@s de derechos humanos y activistas en Yucat\u00e1n&quot;","block_context":{"text":"Agresiones y amenazas a defensor@s de derechos humanos y activistas en Yucat\u00e1n","link":"https:\/\/www.grieta.org.mx\/index.php\/category\/noticias-nacionales\/yucatan\/ataques-a-defensors-de-derechos-humanos-en-yucatan\/"},"img":{"alt_text":"","src":"https:\/\/i0.wp.com\/www.grieta.org.mx\/wp-content\/uploads\/2021\/05\/HomunCenotes-e1622068345798.png?resize=350%2C200&ssl=1","width":350,"height":200,"srcset":"https:\/\/i0.wp.com\/www.grieta.org.mx\/wp-content\/uploads\/2021\/05\/HomunCenotes-e1622068345798.png?resize=350%2C200&ssl=1 1x, https:\/\/i0.wp.com\/www.grieta.org.mx\/wp-content\/uploads\/2021\/05\/HomunCenotes-e1622068345798.png?resize=525%2C300&ssl=1 1.5x, https:\/\/i0.wp.com\/www.grieta.org.mx\/wp-content\/uploads\/2021\/05\/HomunCenotes-e1622068345798.png?resize=700%2C400&ssl=1 2x"},"classes":[]},{"id":63832,"url":"https:\/\/www.grieta.org.mx\/index.php\/2022\/03\/24\/reunen-181-mil-firmas-para-frenar-las-granjas-de-cerdos-yucatan\/","url_meta":{"origin":63616,"position":5},"title":"Re\u00fanen 181 mil firmas para frenar las granjas de cerdos (Yucat\u00e1n)","author":"grieta","date":"24 marzo, 2022","format":false,"excerpt":"Herbeth Escalante \/ Haz Ruido Pobladores de Hom\u00fan, Greenpeace e Indignaci\u00f3n exigieron al juez Rogelio Leal Mota que no retire la suspensi\u00f3n de la f\u00e1brica de cochinos de Hom\u00fan. Se\u00f1alaron que ser\u00eda una irresponsabilidad may\u00fascula permitir que la megagranja vuelva a operar y el pueblo advirti\u00f3 que no permitir\u00e1n el\u2026","rel":"","context":"En &quot;16. Pueblo Maya&quot;","block_context":{"text":"16. Pueblo Maya","link":"https:\/\/www.grieta.org.mx\/index.php\/category\/espejos-de-la-resistencia\/16-pueblo-maya\/"},"img":{"alt_text":"","src":"https:\/\/i0.wp.com\/www.grieta.org.mx\/wp-content\/uploads\/2022\/03\/GirmasGranjas-e1648229410825.png?resize=350%2C200&ssl=1","width":350,"height":200,"srcset":"https:\/\/i0.wp.com\/www.grieta.org.mx\/wp-content\/uploads\/2022\/03\/GirmasGranjas-e1648229410825.png?resize=350%2C200&ssl=1 1x, https:\/\/i0.wp.com\/www.grieta.org.mx\/wp-content\/uploads\/2022\/03\/GirmasGranjas-e1648229410825.png?resize=525%2C300&ssl=1 1.5x, https:\/\/i0.wp.com\/www.grieta.org.mx\/wp-content\/uploads\/2022\/03\/GirmasGranjas-e1648229410825.png?resize=700%2C400&ssl=1 2x"},"classes":[]}],"_links":{"self":[{"href":"https:\/\/www.grieta.org.mx\/index.php\/wp-json\/wp\/v2\/posts\/63616","targetHints":{"allow":["GET"]}}],"collection":[{"href":"https:\/\/www.grieta.org.mx\/index.php\/wp-json\/wp\/v2\/posts"}],"about":[{"href":"https:\/\/www.grieta.org.mx\/index.php\/wp-json\/wp\/v2\/types\/post"}],"author":[{"embeddable":true,"href":"https:\/\/www.grieta.org.mx\/index.php\/wp-json\/wp\/v2\/users\/2"}],"replies":[{"embeddable":true,"href":"https:\/\/www.grieta.org.mx\/index.php\/wp-json\/wp\/v2\/comments?post=63616"}],"version-history":[{"count":1,"href":"https:\/\/www.grieta.org.mx\/index.php\/wp-json\/wp\/v2\/posts\/63616\/revisions"}],"predecessor-version":[{"id":63618,"href":"https:\/\/www.grieta.org.mx\/index.php\/wp-json\/wp\/v2\/posts\/63616\/revisions\/63618"}],"wp:featuredmedia":[{"embeddable":true,"href":"https:\/\/www.grieta.org.mx\/index.php\/wp-json\/wp\/v2\/media\/63617"}],"wp:attachment":[{"href":"https:\/\/www.grieta.org.mx\/index.php\/wp-json\/wp\/v2\/media?parent=63616"}],"wp:term":[{"taxonomy":"category","embeddable":true,"href":"https:\/\/www.grieta.org.mx\/index.php\/wp-json\/wp\/v2\/categories?post=63616"},{"taxonomy":"post_tag","embeddable":true,"href":"https:\/\/www.grieta.org.mx\/index.php\/wp-json\/wp\/v2\/tags?post=63616"}],"curies":[{"name":"wp","href":"https:\/\/api.w.org\/{rel}","templated":true}]}}