{"id":63587,"date":"2022-03-01T13:15:30","date_gmt":"2022-03-01T19:15:30","guid":{"rendered":"https:\/\/www.grieta.org.mx\/?p=63587"},"modified":"2022-03-02T13:26:39","modified_gmt":"2022-03-02T19:26:39","slug":"tamaulipas-es-tierra-de-desapariciones-y-centros-de-exterminio","status":"publish","type":"post","link":"https:\/\/www.grieta.org.mx\/index.php\/2022\/03\/01\/tamaulipas-es-tierra-de-desapariciones-y-centros-de-exterminio\/","title":{"rendered":"Tamaulipas es tierra de desapariciones y \u2018centros de exterminio\u2019"},"content":{"rendered":"<p>Redacci\u00f3n\/Publimetro<br \/>\n1 marzo 2022<\/p>\n<p>Graciela P\u00e9rez se sienta con las nuevas familias de desaparecidos y la angustia se apodera de ella al escuchar sus historias todas diferentes, todas iguales a las de cientos, a la suya.<\/p>\n<p>Los desaparecidos en M\u00e9xico podr\u00edan sumar la poblaci\u00f3n de una peque\u00f1a ciudad. Cuando llegaron los primeros datos oficiales, en 2013, las autoridades hablaban de 26 mil. Seis a\u00f1os despu\u00e9s ya eran 40 mil y ahora la cifra del gobierno se acerca vertiginosamente a los 100 mil.<\/p>\n<p>Tan s\u00f3lo en Tamaulipas se tiene el registro de 11 mil 902 personas desaparecidas o no localizadas, la segunda cifra m\u00e1s alta a nivel nacional s\u00f3lo detr\u00e1s de Jalisco (15 mil 917).<\/p>\n<p>Detr\u00e1s de cada uno hay una familia que sufre y cada semana se suman nuevos nombres.<\/p>\n<p>La inacci\u00f3n de las autoridades hizo que los afectados se unieran para ayudarse mutuamente y as\u00ed fueron surgiendo colectivos de b\u00fasqueda por todo el pa\u00eds.<\/p>\n<p>En Ciudad Mante, Tamaulipas, P\u00e9rez fund\u00f3 Milynali Red cuando en 2012 desapareci\u00f3 su hija Milynali al volver en autom\u00f3vil desde Houston con cuatro familiares.<\/p>\n<p><img decoding=\"async\" data-attachment-id=\"63589\" data-permalink=\"https:\/\/www.grieta.org.mx\/index.php\/2022\/03\/01\/tamaulipas-es-tierra-de-desapariciones-y-centros-de-exterminio\/x3frpn6rizat7ffknluoinox7y\/\" data-orig-file=\"https:\/\/www.grieta.org.mx\/wp-content\/uploads\/2022\/03\/X3FRPN6RIZAT7FFKNLUOINOX7Y.jpeg\" data-orig-size=\"1440,1080\" data-comments-opened=\"0\" data-image-meta=\"{&quot;aperture&quot;:&quot;0&quot;,&quot;credit&quot;:&quot;&quot;,&quot;camera&quot;:&quot;&quot;,&quot;caption&quot;:&quot;&quot;,&quot;created_timestamp&quot;:&quot;0&quot;,&quot;copyright&quot;:&quot;&quot;,&quot;focal_length&quot;:&quot;0&quot;,&quot;iso&quot;:&quot;0&quot;,&quot;shutter_speed&quot;:&quot;0&quot;,&quot;title&quot;:&quot;&quot;,&quot;orientation&quot;:&quot;0&quot;}\" data-image-title=\"X3FRPN6RIZAT7FFKNLUOINOX7Y\" data-image-description=\"\" data-image-caption=\"\" data-medium-file=\"https:\/\/www.grieta.org.mx\/wp-content\/uploads\/2022\/03\/X3FRPN6RIZAT7FFKNLUOINOX7Y-300x225.jpeg\" data-large-file=\"https:\/\/www.grieta.org.mx\/wp-content\/uploads\/2022\/03\/X3FRPN6RIZAT7FFKNLUOINOX7Y-1024x768.jpeg\" src=\"http:\/\/www.grieta.org.mx\/wp-content\/uploads\/2022\/03\/X3FRPN6RIZAT7FFKNLUOINOX7Y.jpeg\" alt=\"\" width=\"100%\" class=\"alignnone size-full wp-image-63589\" srcset=\"https:\/\/www.grieta.org.mx\/wp-content\/uploads\/2022\/03\/X3FRPN6RIZAT7FFKNLUOINOX7Y.jpeg 1440w, https:\/\/www.grieta.org.mx\/wp-content\/uploads\/2022\/03\/X3FRPN6RIZAT7FFKNLUOINOX7Y-300x225.jpeg 300w, https:\/\/www.grieta.org.mx\/wp-content\/uploads\/2022\/03\/X3FRPN6RIZAT7FFKNLUOINOX7Y-1024x768.jpeg 1024w, https:\/\/www.grieta.org.mx\/wp-content\/uploads\/2022\/03\/X3FRPN6RIZAT7FFKNLUOINOX7Y-768x576.jpeg 768w\" sizes=\"(max-width: 1440px) 100vw, 1440px\" \/><\/p>\n<p>Desde entonces su grupo tiene registrados 320 desaparecidos y ha logrado que se identifiquen los restos de 16 personas. Ninguno de los familiares de P\u00e9rez ha aparecido todav\u00eda, ni vivo, ni muerto.<\/p>\n<p>Adem\u00e1s, se han encontrado por lo menos 17 \u00e1reas a las que las autoridades llaman \u2018centros de extermino\u2019 en diversas ciudades de Tamaulipas, que es en donde los grupos criminales asesinan a personas, incineraron sus cuerpos, destruyeron y ocultaron fragmentos \u00f3seos. Sitios en donde, adem\u00e1s, enterraron cad\u00e1veres en fosas clandestinas.<\/p>\n<p>Elizabeth Mel\u00e9ndez reconoci\u00f3 que hasta que no desapareci\u00f3 en diciembre su hijo Javier Alexis, un profesor de 26 a\u00f1os, no se hab\u00eda dado cuenta de que \u201chay otro mundo que no quieres ver pero est\u00e1 ah\u00ed enfrente\u201d. Individuos armados lo sacaron de su casa ante los ojos del abuelo inmovilizado con un arma en su cabeza.<\/p>\n<p>La mujer logr\u00f3 comunicarse por tel\u00e9fono con su hijo que le rog\u00f3 que retirara la denuncia -que todav\u00eda no hab\u00eda interpuesto- y que as\u00ed lo dejar\u00edan ir.<\/p>\n<p>En un sof\u00e1 contiguo de la sede de la organizaci\u00f3n, junto a un tendedero de retratos de desaparecidos, Salvador Indalecio Morales relat\u00f3 c\u00f3mo su hijo Alan regresaba de cortar naranjas con su ni\u00f1o de 7 a\u00f1os cuando desapareci\u00f3 con otras cuatro personas en octubre. En mitad de su discurso se\u00f1al\u00f3 una de las fotograf\u00edas. \u201cYo conviv\u00ed con \u00e9l\u201d, dijo sobre uno de los desaparecidos. En otra pancarta reconoci\u00f3 a un vecino.<\/p>\n<p>A uno de los j\u00f3venes que se llevaron con su hijo lo soltaron unos d\u00edas despu\u00e9s, pero Morales no ha podido cruzar una palabra con \u00e9l, a pesar de que es su sobrino, porque le advirtieron que si lo hac\u00eda sufrir\u00eda graves consecuencias&#8230; en tierra de c\u00e1rteles, no hacen falta m\u00e1s palabras.<\/p>\n<p>Pese a que existe un protocolo oficial de b\u00fasqueda no se aplic\u00f3 ni con Morales ni con Mel\u00e9ndez. Ninguna autoridad busc\u00f3 a los j\u00f3venes de forma inmediata tras su desaparici\u00f3n y a Morales ni siquiera quisieron darle una copia de la denuncia.<\/p>\n<p>Pr\u00e1cticas como \u00e9stas no son extra\u00f1as aunque van contra la ley. A dos horas de Ciudad Mante, en la capital de Tamaulipas, ocurri\u00f3 algo parecido en enero cuando funcionarios le pidieron a una mujer volver cuando hubieran pasado 72 horas sin contacto con su familiar ya que estaban muy ocupados con otras tres desapariciones.<\/p>\n<p>En Milynali Red tambi\u00e9n aparecen casos antiguos como el de Mar\u00eda Rosario Nava, que lleva una d\u00e9cada buscando un cad\u00e1ver. Su hermana, Norma Elizabeth, desapareci\u00f3 cuando sali\u00f3 a comprar pa\u00f1ales. A los 15 d\u00edas las autoridades le mostraron las fotograf\u00edas de un cuerpo con unos tatuajes inconfundibles: era ella. Sin embargo, no le entregaron el cad\u00e1ver. El Ministerio P\u00fablico le dijo que estaba incompleto y que ten\u00eda que hacer pruebas de ADN.<\/p>\n<p>\u201cYo le dije (al oficial) \u2018a m\u00ed p\u00f3ngame lo que usted tenga y yo se la armo\u2019\u201d, suplic\u00f3 la mujer. Las pruebas gen\u00e9ticas nunca llegaron. El cuerpo tampoco.<\/p>\n<p><img decoding=\"async\" data-attachment-id=\"63590\" data-permalink=\"https:\/\/www.grieta.org.mx\/index.php\/2022\/03\/01\/tamaulipas-es-tierra-de-desapariciones-y-centros-de-exterminio\/hae6vlcd2jggpftwkck52cj5x4\/\" data-orig-file=\"https:\/\/www.grieta.org.mx\/wp-content\/uploads\/2022\/03\/HAE6VLCD2JGGPFTWKCK52CJ5X4.jpeg\" data-orig-size=\"1440,1080\" data-comments-opened=\"0\" data-image-meta=\"{&quot;aperture&quot;:&quot;0&quot;,&quot;credit&quot;:&quot;&quot;,&quot;camera&quot;:&quot;&quot;,&quot;caption&quot;:&quot;&quot;,&quot;created_timestamp&quot;:&quot;0&quot;,&quot;copyright&quot;:&quot;&quot;,&quot;focal_length&quot;:&quot;0&quot;,&quot;iso&quot;:&quot;0&quot;,&quot;shutter_speed&quot;:&quot;0&quot;,&quot;title&quot;:&quot;&quot;,&quot;orientation&quot;:&quot;0&quot;}\" data-image-title=\"HAE6VLCD2JGGPFTWKCK52CJ5X4\" data-image-description=\"\" data-image-caption=\"\" data-medium-file=\"https:\/\/www.grieta.org.mx\/wp-content\/uploads\/2022\/03\/HAE6VLCD2JGGPFTWKCK52CJ5X4-300x225.jpeg\" data-large-file=\"https:\/\/www.grieta.org.mx\/wp-content\/uploads\/2022\/03\/HAE6VLCD2JGGPFTWKCK52CJ5X4-1024x768.jpeg\" src=\"http:\/\/www.grieta.org.mx\/wp-content\/uploads\/2022\/03\/HAE6VLCD2JGGPFTWKCK52CJ5X4.jpeg\" alt=\"\" width=\"100%\" class=\"alignnone size-full wp-image-63590\" srcset=\"https:\/\/www.grieta.org.mx\/wp-content\/uploads\/2022\/03\/HAE6VLCD2JGGPFTWKCK52CJ5X4.jpeg 1440w, https:\/\/www.grieta.org.mx\/wp-content\/uploads\/2022\/03\/HAE6VLCD2JGGPFTWKCK52CJ5X4-300x225.jpeg 300w, https:\/\/www.grieta.org.mx\/wp-content\/uploads\/2022\/03\/HAE6VLCD2JGGPFTWKCK52CJ5X4-1024x768.jpeg 1024w, https:\/\/www.grieta.org.mx\/wp-content\/uploads\/2022\/03\/HAE6VLCD2JGGPFTWKCK52CJ5X4-768x576.jpeg 768w\" sizes=\"(max-width: 1440px) 100vw, 1440px\" \/><\/p>\n<p>Este mes se enter\u00f3 de que Tamaulipas est\u00e1 tratando de \u2018ordenar\u2019 las fosas comunes para trasladar los restos no identificados pero ya procesados a nuevos y modernos panteones donde podr\u00e1n ser f\u00e1cilmente ubicados si aparece un familiar y hay una coincidencia de ADN. Fue entonces cuando acudi\u00f3 al colectivo de P\u00e9rez a pedir consejo.<\/p>\n<p>Las autoridades mexicanas finalmente han reconocido la magnitud del problema de los desaparecidos, pero persisten los vicios del pasado cuando llegan nuevos casos.<\/p>\n<p>Por eso, con paciencia abrumadora, las familias siguen saliendo a buscar, a sacar huesos de entre las piedras. Es una especie de terapia con la que sienten que est\u00e1n haciendo lo que deben aunque corran riesgo. En julio dos buscadores fueron asesinados: una mujer en Sonora -en el norte- y un hombre en Zacatecas, en el centro del pa\u00eds.<\/p>\n<p>P\u00e9rez asegur\u00f3 que gracias al esfuerzo de las familias ha habido avances, pero el problema est\u00e1 lejos de resolverse.<\/p>\n<p><a href=\"https:\/\/www.publimetro.com.mx\/noticias\/2022\/03\/01\/tamaulipas-es-tierra-de-desapariciones-y-centros-de-exterminio\/?utm_source=pocket_mylist\" target=\"_blank\" rel=\"noopener\">https:\/\/www.publimetro.com.mx\/noticias\/2022\/03\/01\/tamaulipas-es-tierra-de-desapariciones-y-centros-de-exterminio\/?utm_source=pocket_mylist<\/a><\/p>\n","protected":false},"excerpt":{"rendered":"<p>Redacci\u00f3n\/Publimetro 1 marzo 2022 Graciela P\u00e9rez se sienta con las nuevas familias de desaparecidos y la angustia se apodera de ella al escuchar sus historias todas diferentes, todas iguales a &hellip; <a href=\"https:\/\/www.grieta.org.mx\/index.php\/2022\/03\/01\/tamaulipas-es-tierra-de-desapariciones-y-centros-de-exterminio\/\" class=\"more-link\">Leer m\u00e1s<\/a><\/p>\n","protected":false},"author":2,"featured_media":63588,"comment_status":"closed","ping_status":"closed","sticky":false,"template":"","format":"standard","meta":{"ngg_post_thumbnail":0,"_jetpack_newsletter_access":"","_jetpack_dont_email_post_to_subs":false,"_jetpack_newsletter_tier_id":0,"_jetpack_memberships_contains_paywalled_content":false,"_jetpack_memberships_contains_paid_content":false,"footnotes":""},"categories":[80,87,1197,2,33,83],"tags":[3732,3983,3018,121],"class_list":["post-63587","post","type-post","status-publish","format-standard","has-post-thumbnail","hentry","category-cintillo","category-desaparecidos","category-desaparecidos-en-tamaulipas","category-noticias-nacionales","category-tamaulipas","category-temas-nacionales","tag-campos-de-exterminio","tag-centros-de-exterminio","tag-colectivos-de-busqueda-de-desaparecidos","tag-desaparecidos","entry"],"jetpack_featured_media_url":"https:\/\/www.grieta.org.mx\/wp-content\/uploads\/2022\/03\/EMHPHE45A5BLRCA657UHTUQ76Q.jpeg","jetpack_sharing_enabled":true,"jetpack_shortlink":"https:\/\/wp.me\/p7ZJR4-gxB","jetpack_likes_enabled":false,"jetpack-related-posts":[{"id":61639,"url":"https:\/\/www.grieta.org.mx\/index.php\/2021\/09\/12\/localizan-en-tamaulipas-mas-campos-de-exterminio\/","url_meta":{"origin":63587,"position":0},"title":"Localizan en Tamaulipas m\u00e1s campos de exterminio","author":"grieta","date":"12 septiembre, 2021","format":false,"excerpt":"Agencia Reforma\/El Heraldo 12 septiembre 2021 CIUDAD VICTORIA, Tamaulipas.-Adem\u00e1s del campo de exterminio localizado en un predio del ejido La Bartolina, en Matamoros, Tamaulipas, de donde se han extra\u00eddo m\u00e1s de media tonelada de restos \u00f3seos de desaparecidos, colectivos de b\u00fasqueda afirman que han hallado m\u00e1s. Los hallazgos han sido\u2026","rel":"","context":"En &quot;CINTILLO&quot;","block_context":{"text":"CINTILLO","link":"https:\/\/www.grieta.org.mx\/index.php\/category\/cintillo\/"},"img":{"alt_text":"","src":"https:\/\/i0.wp.com\/www.grieta.org.mx\/wp-content\/uploads\/2021\/09\/Localizan-en-Tamaulipas-mas-ca_1432604-696x464-1.jpg?resize=350%2C200&ssl=1","width":350,"height":200,"srcset":"https:\/\/i0.wp.com\/www.grieta.org.mx\/wp-content\/uploads\/2021\/09\/Localizan-en-Tamaulipas-mas-ca_1432604-696x464-1.jpg?resize=350%2C200&ssl=1 1x, https:\/\/i0.wp.com\/www.grieta.org.mx\/wp-content\/uploads\/2021\/09\/Localizan-en-Tamaulipas-mas-ca_1432604-696x464-1.jpg?resize=525%2C300&ssl=1 1.5x"},"classes":[]},{"id":22958,"url":"https:\/\/www.grieta.org.mx\/index.php\/2017\/04\/23\/80-mil-desaparecidos-en-tamaulipas\/","url_meta":{"origin":63587,"position":1},"title":"\u00bf80 mil desaparecidos en Tamaulipas?","author":"grieta","date":"23 abril, 2017","format":false,"excerpt":"Redacci\u00f3n\/Posta TAMAULIPAS.- El vocero e integrante del Colectivo de Amigos y Familiares de Personas Desaparecidas de Tamaulipas , Guillermo Guti\u00e9rrez Riestra, consider\u00f3 que a pesar de que las cifras oficiales reconocen a 5 mil 567 personas \"no localizadas\" en la entidad, en la realidad la cifra pudiera ascender hasta los\u2026","rel":"","context":"En &quot;CINTILLO&quot;","block_context":{"text":"CINTILLO","link":"https:\/\/www.grieta.org.mx\/index.php\/category\/cintillo\/"},"img":{"alt_text":"","src":"https:\/\/i0.wp.com\/www.grieta.org.mx\/wp-content\/uploads\/2018\/05\/d4.jpg?resize=350%2C200&ssl=1","width":350,"height":200,"srcset":"https:\/\/i0.wp.com\/www.grieta.org.mx\/wp-content\/uploads\/2018\/05\/d4.jpg?resize=350%2C200&ssl=1 1x, https:\/\/i0.wp.com\/www.grieta.org.mx\/wp-content\/uploads\/2018\/05\/d4.jpg?resize=525%2C300&ssl=1 1.5x"},"classes":[]},{"id":17386,"url":"https:\/\/www.grieta.org.mx\/index.php\/2016\/07\/22\/registra-tamaulipas-6-mil-desaparecidos\/","url_meta":{"origin":63587,"position":2},"title":"Registra Tamaulipas 6 mil desaparecidos","author":"grieta","date":"22 julio, 2016","format":false,"excerpt":"Josu\u00e9 Escamilla Cd. Victoria Tamps.-La presidenta de la Asociaci\u00f3n de Personas Desaparecidas, Josefina de Le\u00f3n, revel\u00f3 que en Tamaulipas, aun cuando la cifra de desaparecidos no es exacta, se tiene un aproximado de seis mil personas, sin embargo la estad\u00edstica es mucho mayor ya que hay casos que no se\u2026","rel":"","context":"En &quot;CINTILLO&quot;","block_context":{"text":"CINTILLO","link":"https:\/\/www.grieta.org.mx\/index.php\/category\/cintillo\/"},"img":{"alt_text":"","src":"https:\/\/i0.wp.com\/www.grieta.org.mx\/wp-content\/uploads\/2018\/03\/14524434_1106112876131411_958039263622046936_o.jpg?resize=350%2C200&ssl=1","width":350,"height":200,"srcset":"https:\/\/i0.wp.com\/www.grieta.org.mx\/wp-content\/uploads\/2018\/03\/14524434_1106112876131411_958039263622046936_o.jpg?resize=350%2C200&ssl=1 1x, https:\/\/i0.wp.com\/www.grieta.org.mx\/wp-content\/uploads\/2018\/03\/14524434_1106112876131411_958039263622046936_o.jpg?resize=525%2C300&ssl=1 1.5x, https:\/\/i0.wp.com\/www.grieta.org.mx\/wp-content\/uploads\/2018\/03\/14524434_1106112876131411_958039263622046936_o.jpg?resize=700%2C400&ssl=1 2x"},"classes":[]},{"id":2410,"url":"https:\/\/www.grieta.org.mx\/index.php\/2016\/09\/10\/desaparecidos-en-tamaulipas\/","url_meta":{"origin":63587,"position":3},"title":"Desaparecidos en Tamaulipas","author":"grieta","date":"10 septiembre, 2016","format":false,"excerpt":"06\/09\/16. Abrir\u00e1n fosas en Reynosa; buscan a desaparecidosEl Debate 02\/08\/16. Desaparecen en Tamaulipas 6 mil personasMilenio Tamaulipas 22\/07\/16. Registra Tamaulipas 6 mil desaparecidosCentro Noticias Tamaulipas 09\/06\/16. Carta abierta al gobernador de Tamaulipas: En busca de Luis Alberto Cer\u00f3n Hern\u00e1ndezM\u00e1s de 131 31\/05\/16. En Tamaulipas, la mayor cifra de desaparecidos Milenio\u2026","rel":"","context":"En &quot;Desaparecidos&quot;","block_context":{"text":"Desaparecidos","link":"https:\/\/www.grieta.org.mx\/index.php\/category\/temas-nacionales\/desaparecidos\/"},"img":{"alt_text":"","src":"https:\/\/i0.wp.com\/www.grieta.org.mx\/wp-content\/uploads\/2018\/03\/14524434_1106112876131411_958039263622046936_o.jpg?resize=350%2C200&ssl=1","width":350,"height":200,"srcset":"https:\/\/i0.wp.com\/www.grieta.org.mx\/wp-content\/uploads\/2018\/03\/14524434_1106112876131411_958039263622046936_o.jpg?resize=350%2C200&ssl=1 1x, https:\/\/i0.wp.com\/www.grieta.org.mx\/wp-content\/uploads\/2018\/03\/14524434_1106112876131411_958039263622046936_o.jpg?resize=525%2C300&ssl=1 1.5x, https:\/\/i0.wp.com\/www.grieta.org.mx\/wp-content\/uploads\/2018\/03\/14524434_1106112876131411_958039263622046936_o.jpg?resize=700%2C400&ssl=1 2x"},"classes":[]},{"id":71272,"url":"https:\/\/www.grieta.org.mx\/index.php\/2025\/03\/12\/localizan-otro-campo-de-exterminio-en-reynosa-autoridades-tardan-en-intervenir-tamaulipas\/","url_meta":{"origin":63587,"position":4},"title":"Localizan otro campo de exterminio en Reynosa; autoridades tardan en intervenir (Tamaulipas)","author":"grieta","date":"12 marzo, 2025","format":false,"excerpt":"Redacci\u00f3n\/Proceso 10 marzo 2025 Este nuevo hallazgo se suma a los 19 puntos de exterminio localizados por el colectivo Amor por los Desaparecidos en lo que va del a\u00f1o. REYNOSA, Tams. (apro). - Madres buscadoras del colectivo Amor por los Desaparecidos localizaron un nuevo campo de exterminio en Reynosa, donde\u2026","rel":"","context":"En &quot;CINTILLO&quot;","block_context":{"text":"CINTILLO","link":"https:\/\/www.grieta.org.mx\/index.php\/category\/cintillo\/"},"img":{"alt_text":"","src":"https:\/\/i0.wp.com\/www.grieta.org.mx\/wp-content\/uploads\/2025\/03\/f685x385-218691_256384_5050.jpg?resize=350%2C200&ssl=1","width":350,"height":200,"srcset":"https:\/\/i0.wp.com\/www.grieta.org.mx\/wp-content\/uploads\/2025\/03\/f685x385-218691_256384_5050.jpg?resize=350%2C200&ssl=1 1x, https:\/\/i0.wp.com\/www.grieta.org.mx\/wp-content\/uploads\/2025\/03\/f685x385-218691_256384_5050.jpg?resize=525%2C300&ssl=1 1.5x"},"classes":[]},{"id":22952,"url":"https:\/\/www.grieta.org.mx\/index.php\/2017\/04\/20\/estiman-80-mil-desaparecidos-en-tamaulipas\/","url_meta":{"origin":63587,"position":5},"title":"Estiman 80 mil desaparecidos en Tamaulipas","author":"grieta","date":"20 abril, 2017","format":false,"excerpt":"Lupita Dom\u00ednguez\/El Mercurio En Tamaulipas al menos son 80 mil las personas desaparecidas estim\u00f3 Guillermo Guti\u00e9rrez Riestra, Representante del Colectivo \u201cSemillas\u201d de Tamaulipas. Refiri\u00f3 que la cifra es incalculable, ya que hay organizaciones que hablan de 300 mil personas desaparecidas en el pa\u00eds, cuando las cifras oficiales solo llegan a\u2026","rel":"","context":"En &quot;CINTILLO&quot;","block_context":{"text":"CINTILLO","link":"https:\/\/www.grieta.org.mx\/index.php\/category\/cintillo\/"},"img":{"alt_text":"","src":"https:\/\/i0.wp.com\/www.grieta.org.mx\/wp-content\/uploads\/2018\/05\/d2.jpg?resize=350%2C200&ssl=1","width":350,"height":200},"classes":[]}],"_links":{"self":[{"href":"https:\/\/www.grieta.org.mx\/index.php\/wp-json\/wp\/v2\/posts\/63587","targetHints":{"allow":["GET"]}}],"collection":[{"href":"https:\/\/www.grieta.org.mx\/index.php\/wp-json\/wp\/v2\/posts"}],"about":[{"href":"https:\/\/www.grieta.org.mx\/index.php\/wp-json\/wp\/v2\/types\/post"}],"author":[{"embeddable":true,"href":"https:\/\/www.grieta.org.mx\/index.php\/wp-json\/wp\/v2\/users\/2"}],"replies":[{"embeddable":true,"href":"https:\/\/www.grieta.org.mx\/index.php\/wp-json\/wp\/v2\/comments?post=63587"}],"version-history":[{"count":1,"href":"https:\/\/www.grieta.org.mx\/index.php\/wp-json\/wp\/v2\/posts\/63587\/revisions"}],"predecessor-version":[{"id":63591,"href":"https:\/\/www.grieta.org.mx\/index.php\/wp-json\/wp\/v2\/posts\/63587\/revisions\/63591"}],"wp:featuredmedia":[{"embeddable":true,"href":"https:\/\/www.grieta.org.mx\/index.php\/wp-json\/wp\/v2\/media\/63588"}],"wp:attachment":[{"href":"https:\/\/www.grieta.org.mx\/index.php\/wp-json\/wp\/v2\/media?parent=63587"}],"wp:term":[{"taxonomy":"category","embeddable":true,"href":"https:\/\/www.grieta.org.mx\/index.php\/wp-json\/wp\/v2\/categories?post=63587"},{"taxonomy":"post_tag","embeddable":true,"href":"https:\/\/www.grieta.org.mx\/index.php\/wp-json\/wp\/v2\/tags?post=63587"}],"curies":[{"name":"wp","href":"https:\/\/api.w.org\/{rel}","templated":true}]}}