{"id":63573,"date":"2022-03-02T12:49:16","date_gmt":"2022-03-02T18:49:16","guid":{"rendered":"http:\/\/www.grieta.org.mx\/?p=63573"},"modified":"2022-03-02T12:49:16","modified_gmt":"2022-03-02T18:49:16","slug":"ambientalistas-denuncian-que-la-tala-de-arboles-por-el-nuevo-trazo-del-tren-maya-ya-comenzo-en-playa-del-carmen-quintana-roo","status":"publish","type":"post","link":"https:\/\/www.grieta.org.mx\/index.php\/2022\/03\/02\/ambientalistas-denuncian-que-la-tala-de-arboles-por-el-nuevo-trazo-del-tren-maya-ya-comenzo-en-playa-del-carmen-quintana-roo\/","title":{"rendered":"Ambientalistas denuncian que la tala de \u00e1rboles por el nuevo trazo del Tren Maya ya comenz\u00f3 en Playa del Carmen (Quintana Roo)"},"content":{"rendered":"<p>Manu Ureste \/ Animal Pol\u00ectico<\/p>\n<blockquote><p>La organizaci\u00f3n Moce Yax Cuxtal denunci\u00f3 que trabajadores ya desmontan la selva por donde pasar\u00e1 el proyecto de infraestructura, sin que se hayan dado a conocer los estudios de impacto ambiental y otros aspectos de las obras.<\/p><\/blockquote>\n<p>Moce Yax Cuxtal, organizaci\u00f3n civil ambientalista de Quintana Roo, denunci\u00f3 que las obras de desmonte y deforestaci\u00f3n de \u00e1rboles en la selva virgen de Playa del Carmen ya arrancaron para abrir paso al nuevo trazado del Tramo 5 del Tren Maya. <\/p>\n<p>Hasta el momento, el Fondo Nacional de Fomento al Turismo (Fonatur) no ha dado a conocer oficialmente cu\u00e1l ser\u00e1 el nuevo trazado de la obra, ni tampoco las conclusiones de la Manifestaci\u00f3n de Impacto Ambiental (MIA) para el nuevo proyecto, luego de que en enero pasado anunci\u00f3 que el Tren Maya ya no ir\u00e1 por un paso elevado en la carretera federal 307 \u2014que va de Playa del Carmen a Tulum\u2014, sino por el interior de la zona selv\u00e1tica. <\/p>\n<p>Sin embargo, Moce Yax Cuxtal registr\u00f3 ayer en fotograf\u00edas y videos que la tala de \u00e1rboles ya comenz\u00f3 en un \u00e1rea aproximada de 12 kil\u00f3metros al norte del municipio, a unos pocos kil\u00f3metros del relleno sanitario y del fraccionamiento Marsella, y tambi\u00e9n al poniente de la localidad. <\/p>\n<p>Laura Pati\u00f1o Esquivel, presidenta de Moce Yax Cuxtal, explic\u00f3 en entrevista que en la organizaci\u00f3n recibieron reportes ciudadanos de que se estaban produciendo labores de tala en la selva, y se trasladaron personalmente a dos puntos. <\/p>\n<p>En uno de ellos, dijo la activista, vieron veh\u00edculos de Grupo M\u00e9xico, una de las empresas contratadas por Fonatur para la construcci\u00f3n del tren en el Tramo 5, y operarios les comentaron que, en efecto, la tala y el desmonte eran parte de las obras del nuevo trazado que correr\u00e1 por la selva de Playa del Carmen hasta Tulum.<\/p>\n<p>Hasta el cierre de edici\u00f3n la noche de este martes, Fonatur no hab\u00eda respondido a los mensajes de este medio preguntando si las im\u00e1genes de tala registradas por la organizaci\u00f3n civil ambientalista corresponden al nuevo trazo de la obra. <\/p>\n<p><img loading=\"lazy\" decoding=\"async\" data-attachment-id=\"63575\" data-permalink=\"https:\/\/www.grieta.org.mx\/index.php\/2022\/03\/02\/ambientalistas-denuncian-que-la-tala-de-arboles-por-el-nuevo-trazo-del-tren-maya-ya-comenzo-en-playa-del-carmen-quintana-roo\/photo-2022-03-01-19-47-00-3\/\" data-orig-file=\"https:\/\/www.grieta.org.mx\/wp-content\/uploads\/2022\/03\/PHOTO-2022-03-01-19-47-00-3.jpg\" data-orig-size=\"576,1280\" data-comments-opened=\"0\" data-image-meta=\"{&quot;aperture&quot;:&quot;0&quot;,&quot;credit&quot;:&quot;&quot;,&quot;camera&quot;:&quot;&quot;,&quot;caption&quot;:&quot;&quot;,&quot;created_timestamp&quot;:&quot;0&quot;,&quot;copyright&quot;:&quot;&quot;,&quot;focal_length&quot;:&quot;0&quot;,&quot;iso&quot;:&quot;0&quot;,&quot;shutter_speed&quot;:&quot;0&quot;,&quot;title&quot;:&quot;&quot;,&quot;orientation&quot;:&quot;0&quot;}\" data-image-title=\"PHOTO-2022-03-01-19-47-00-3\" data-image-description=\"\" data-image-caption=\"\" data-medium-file=\"https:\/\/www.grieta.org.mx\/wp-content\/uploads\/2022\/03\/PHOTO-2022-03-01-19-47-00-3-135x300.jpg\" data-large-file=\"https:\/\/www.grieta.org.mx\/wp-content\/uploads\/2022\/03\/PHOTO-2022-03-01-19-47-00-3-461x1024.jpg\" src=\"http:\/\/www.grieta.org.mx\/wp-content\/uploads\/2022\/03\/PHOTO-2022-03-01-19-47-00-3.jpg\" alt=\"\" width=\"576\" height=\"1280\" class=\"alignnone size-full wp-image-63575\" srcset=\"https:\/\/www.grieta.org.mx\/wp-content\/uploads\/2022\/03\/PHOTO-2022-03-01-19-47-00-3.jpg 576w, https:\/\/www.grieta.org.mx\/wp-content\/uploads\/2022\/03\/PHOTO-2022-03-01-19-47-00-3-135x300.jpg 135w, https:\/\/www.grieta.org.mx\/wp-content\/uploads\/2022\/03\/PHOTO-2022-03-01-19-47-00-3-461x1024.jpg 461w\" sizes=\"auto, (max-width: 576px) 100vw, 576px\" \/><br \/>\nCortes\u00eda de Moce Yax Cuxtal<\/p>\n<p>\u201cEn ninguno de los dos lugares que visitamos vimos alg\u00fan letrero que dijera qu\u00e9 es lo que se est\u00e1 construyendo en ese lugar, ni cu\u00e1les eran los permisos de construcci\u00f3n, nada. Por eso denunciamos ante la Direcci\u00f3n de Medio Ambiente del municipio\u201d, se\u00f1al\u00f3 Pati\u00f1o Esquivel.<\/p>\n<p>La activista tambi\u00e9n denunci\u00f3 que la tala haya comenzado sin contar con estudios de ning\u00fan tipo, ni de impacto ambiental, ni geol\u00f3gicos, ni hidrol\u00f3gicos, ni tampoco socioecon\u00f3micos.<\/p>\n<p>\u201cEs algo sumamente grave. Es un ecocidio total\u201d, insisti\u00f3 Pati\u00f1o Esquivel, quien record\u00f3 que al interior de la zona selv\u00e1tica por donde se pretende pasar el nuevo trazo del Tren Maya hay m\u00faltiples sistemas de r\u00edos subterr\u00e1neos, cavernas y cenotes, que estar\u00edan en riesgo ante este megaproyecto en el que se invertir\u00e1n al menos 180 mil millones de pesos. <\/p>\n<p>\u201cEs muy preocupante que no conozcamos los estudios de impacto ambiental, porque no sabemos cu\u00e1l es la viabilidad del proyecto en un ecosistema que es tremendamente fr\u00e1gil, en el que abajo, en el subsuelo, tenemos cavernas, r\u00edos subterr\u00e1neos y cenotes, y arriba hay una selva con infinidad de flora y fauna como jaguares\u201d, expuso la presidenta de Moce Yax Cuxtal. A\u00f1adi\u00f3 que en la organizaci\u00f3n est\u00e1n preparando un escrito en el que activistas y ciudadanos demandar\u00e1n al presidente Andr\u00e9s Manuel L\u00f3pez Obrador detener las obras del nuevo trazo del Tren Maya en Playa del Carmen.<br \/>\nUn tren en la mira de la ASF<\/p>\n<p>El pasado 22 de febrero, la Auditor\u00eda Superior de la Federaci\u00f3n (ASF), tras una revisi\u00f3n de la Cuenta P\u00fablica 2020, se\u00f1al\u00f3 en un informe que el proyecto del Tren Maya no tiene identificados cu\u00e1les ser\u00e1n los impactos ambientales que generar\u00e1 la construcci\u00f3n de m\u00e1s de 600 kil\u00f3metros de v\u00edas en los tres primeros tramos, que van de Palenque, Chiapas, hasta Izamal, Yucat\u00e1n, ni cu\u00e1les ser\u00e1n las medidas de prevenci\u00f3n, mitigaci\u00f3n y recuperaci\u00f3n ecol\u00f3gica, ni cu\u00e1nto invertir\u00e1 para restablecer las zonas afectadas. <\/p>\n<p>Adem\u00e1s, la ASF observ\u00f3 que en los tramos 2 y 3 del proyecto las obras del tren arrancaron sin contar antes con la MIA que detallara tanto los da\u00f1os ecol\u00f3gicos previstos con la construcci\u00f3n como las medidas de mitigaci\u00f3n y restauraci\u00f3n. <\/p>\n<p>La Auditor\u00eda tambi\u00e9n advirti\u00f3 que ante la premura de las obras del Tren Maya \u2014el proyecto debe estar listo para finales de 2023, la fecha fijada p\u00fablicamente por el presidente L\u00f3pez Obrador\u2014 existe el riesgo de que las labores de salvamento arqueol\u00f3gico de todas las piezas que se van encontrando durante las obras no se lleven a cabo con el tiempo que requieren. <\/p>\n<p>En su informe, la ASF expuso que Fonatur inform\u00f3 que, en 2020, se identificaron 3 mil 728 monumentos en \u00e1reas de afectaci\u00f3n en los tramos 1 al 4, de los cuales 292, el 9%, requieren de excavaci\u00f3n, conservaci\u00f3n, restauraci\u00f3n, an\u00e1lisis y, en su caso, reubicaci\u00f3n de la obra. A estos 292 monumentos arqueol\u00f3gicos se les clasific\u00f3 con el c\u00f3digo n\u00famero 4. <\/p>\n<p>Mientras, otros 136 monumentos, el 4%, requieren de medidas t\u00e9cnicas para la conservaci\u00f3n y protecci\u00f3n en el derecho de v\u00eda del tren. <\/p>\n<p>En cuanto a los tramos 5, 6 y 7, se identificaron hasta 957 monumentos arqueol\u00f3gicos, de los cuales 58 se ubicaron dentro del trazo. <\/p>\n<p>\u201cEl grupo auditor de la ASF identific\u00f3 que existe un riesgo relacionado con el tiempo necesario para desarrollar los procedimientos asociados al cumplimiento del salvamento arqueol\u00f3gico\u201d, recalc\u00f3 la Auditor\u00eda en su informe, en el que agreg\u00f3 que el Fonatur no cont\u00f3 con un protocolo que detalle las etapas a seguir para orientar las acciones de excavaci\u00f3n, conservaci\u00f3n y restauraci\u00f3n, as\u00ed como el an\u00e1lisis de los materiales arqueol\u00f3gicos que se encuentren. <\/p>\n<p><a href=\"https:\/\/www.animalpolitico.com\/2022\/03\/ambientalistas-denuncian-que-la-tala-de-arboles-por-el-nuevo-trazo-del-tren-maya-ya-comenzo-en-playa-del-carmen\/\" rel=\"noopener\" target=\"_blank\">https:\/\/www.animalpolitico.com\/2022\/03\/ambientalistas-denuncian-que-la-tala-de-arboles-por-el-nuevo-trazo-del-tren-maya-ya-comenzo-en-playa-del-carmen\/<\/a><\/p>\n","protected":false},"excerpt":{"rendered":"<p>Manu Ureste \/ Animal Pol\u00ectico La organizaci\u00f3n Moce Yax Cuxtal denunci\u00f3 que trabajadores ya desmontan la selva por donde pasar\u00e1 el proyecto de infraestructura, sin que se hayan dado a &hellip; <a href=\"https:\/\/www.grieta.org.mx\/index.php\/2022\/03\/02\/ambientalistas-denuncian-que-la-tala-de-arboles-por-el-nuevo-trazo-del-tren-maya-ya-comenzo-en-playa-del-carmen-quintana-roo\/\" class=\"more-link\">Leer m\u00e1s<\/a><\/p>\n","protected":false},"author":2,"featured_media":63574,"comment_status":"closed","ping_status":"closed","sticky":false,"template":"","format":"standard","meta":{"ngg_post_thumbnail":0,"_jetpack_newsletter_access":"","_jetpack_dont_email_post_to_subs":false,"_jetpack_newsletter_tier_id":0,"_jetpack_memberships_contains_paywalled_content":false,"_jetpack_memberships_contains_paid_content":false,"footnotes":""},"categories":[80,2749,3,922,926,944,952,2,28,1876,2026],"tags":[2988,2987,3646,1878],"class_list":["post-63573","post","type-post","status-publish","format-standard","has-post-thumbnail","hentry","category-cintillo","category-destruccion-y-contaminacion-ambiental-en-quintana-roo","category-megaproyectos","category-megaproyectos-estados","category-mp-campeche","category-mp-quintana-roo","category-mp-yucatan","category-noticias-nacionales","category-quintana-roo","category-resistencia-al-tren-maya-en-la-peninsula-de-yucatan-quintana-roo","category-tren-maya","tag-deforestacion-por-el-tren-maya","tag-impacto-ecologico-por-tren-maya","tag-resistencia-contra-el-tren-maya","tag-tren-maya","entry"],"jetpack_featured_media_url":"https:\/\/www.grieta.org.mx\/wp-content\/uploads\/2022\/03\/Tala-e1646246597814.jpeg","jetpack_sharing_enabled":true,"jetpack_shortlink":"https:\/\/wp.me\/p7ZJR4-gxn","jetpack_likes_enabled":false,"jetpack-related-posts":[{"id":67075,"url":"https:\/\/www.grieta.org.mx\/index.php\/2023\/06\/04\/enrejan-obras-del-tramo-5-del-tren-maya\/","url_meta":{"origin":63573,"position":0},"title":"Enrejan obras del Tramo 5 del Tren Maya","author":"grieta","date":"4 junio, 2023","format":false,"excerpt":"Arturo Miranda\/Quadrat\u00edn Quintana Roo CANC\u00daN, QRoo, 4 de junio de 2023.- Se prohibi\u00f3 en definitiva el acceso al Tramo Cinco sur del Tren Maya mediante la colocaci\u00f3n de una reja met\u00e1lica, la cual impide transitar hacia los puntos en los que se ha denunciado el relleno de cuevas como la\u2026","rel":"","context":"En &quot;CINTILLO&quot;","block_context":{"text":"CINTILLO","link":"https:\/\/www.grieta.org.mx\/index.php\/category\/cintillo\/"},"img":{"alt_text":"","src":"https:\/\/i0.wp.com\/www.grieta.org.mx\/wp-content\/uploads\/2023\/06\/tramo5-e1687546162147.jpg?resize=350%2C200&ssl=1","width":350,"height":200,"srcset":"https:\/\/i0.wp.com\/www.grieta.org.mx\/wp-content\/uploads\/2023\/06\/tramo5-e1687546162147.jpg?resize=350%2C200&ssl=1 1x, https:\/\/i0.wp.com\/www.grieta.org.mx\/wp-content\/uploads\/2023\/06\/tramo5-e1687546162147.jpg?resize=525%2C300&ssl=1 1.5x, https:\/\/i0.wp.com\/www.grieta.org.mx\/wp-content\/uploads\/2023\/06\/tramo5-e1687546162147.jpg?resize=700%2C400&ssl=1 2x"},"classes":[]},{"id":68844,"url":"https:\/\/www.grieta.org.mx\/index.php\/2024\/04\/29\/ambientalistas-clausuran-las-oficinas-de-semarnat-tras-calificarla-de-ecocida-quintana-roo\/","url_meta":{"origin":63573,"position":1},"title":"Ambientalistas &#8220;clausuran&#8221; las oficinas de Semarnat tras calificarla de ecocida (Quintana Roo)","author":"grieta","date":"29 abril, 2024","format":false,"excerpt":"Leslie Gordillo \/ NOTICARIBE PENINSULAR CANC\u00daN.- Un grupo de ambientalistas, representante de diferentes organismos y asociaciones civiles, se manifestaron en la zona hotelera de Canc\u00fan y clausuraron de manera simb\u00f3lica las oficinas de la Secretar\u00eda de Medio Ambiente y Recursos Naturales (Semarnat). La denuncia es que la Semarnat ha sido\u2026","rel":"","context":"En &quot;Campeche&quot;","block_context":{"text":"Campeche","link":"https:\/\/www.grieta.org.mx\/index.php\/category\/noticias-nacionales\/campeche\/"},"img":{"alt_text":"","src":"https:\/\/i0.wp.com\/www.grieta.org.mx\/wp-content\/uploads\/2024\/04\/ambientalitas-e1715552774254.jpg?resize=350%2C200&ssl=1","width":350,"height":200,"srcset":"https:\/\/i0.wp.com\/www.grieta.org.mx\/wp-content\/uploads\/2024\/04\/ambientalitas-e1715552774254.jpg?resize=350%2C200&ssl=1 1x, https:\/\/i0.wp.com\/www.grieta.org.mx\/wp-content\/uploads\/2024\/04\/ambientalitas-e1715552774254.jpg?resize=525%2C300&ssl=1 1.5x, https:\/\/i0.wp.com\/www.grieta.org.mx\/wp-content\/uploads\/2024\/04\/ambientalitas-e1715552774254.jpg?resize=700%2C400&ssl=1 2x"},"classes":[]},{"id":68649,"url":"https:\/\/www.grieta.org.mx\/index.php\/2024\/03\/22\/con-bloqueo-a-playa-del-carmen-ambientalistas-exigen-freno-a-obras-del-tren-maya-tramo-5-sur-quintana-roo\/","url_meta":{"origin":63573,"position":2},"title":"Con bloqueo a Playa del Carmen, ambientalistas exigen freno a obras del Tren Maya tramo 5 sur (Quintana Roo)","author":"grieta","date":"22 marzo, 2024","format":false,"excerpt":"Octavio Mart\u00ednez \/ Revista Proceso PLAYA DEL CARMEN, Q. Roo (apro).- Ambientalistas y simpatizantes del colectivo S\u00e9lvame del Tren realizaron bloqueos a la carretera federal 307, que sirve de acceso a Playa del Carmen, para exigir que el gobierno federal acate la suspensi\u00f3n judicial de los trabajos del Tren Maya\u2026","rel":"","context":"En &quot;CINTILLO&quot;","block_context":{"text":"CINTILLO","link":"https:\/\/www.grieta.org.mx\/index.php\/category\/cintillo\/"},"img":{"alt_text":"","src":"https:\/\/i0.wp.com\/www.grieta.org.mx\/wp-content\/uploads\/2024\/03\/BloqueoPlaya-e1711311550223.jpg?resize=350%2C200&ssl=1","width":350,"height":200,"srcset":"https:\/\/i0.wp.com\/www.grieta.org.mx\/wp-content\/uploads\/2024\/03\/BloqueoPlaya-e1711311550223.jpg?resize=350%2C200&ssl=1 1x, https:\/\/i0.wp.com\/www.grieta.org.mx\/wp-content\/uploads\/2024\/03\/BloqueoPlaya-e1711311550223.jpg?resize=525%2C300&ssl=1 1.5x, https:\/\/i0.wp.com\/www.grieta.org.mx\/wp-content\/uploads\/2024\/03\/BloqueoPlaya-e1711311550223.jpg?resize=700%2C400&ssl=1 2x"},"classes":[]},{"id":64684,"url":"https:\/\/www.grieta.org.mx\/index.php\/2022\/08\/05\/ambientalistas-detienen-maquinaria-en-obras-del-tren-maya-quintana-roo\/","url_meta":{"origin":63573,"position":3},"title":"Ambientalistas detienen maquinaria en obras del Tren Maya (Quintana Roo)","author":"grieta","date":"5 agosto, 2022","format":false,"excerpt":"Octavio Mart\u00ednez \/ Novedades Quintana Roo Las obras del Tren Maya Tramo 5 Sur fueron detenidas temporalmente la ma\u00f1ana de ayer por ambientalistas en Akumal, tras la revocaci\u00f3n de las suspensiones definitivas otorgadas dentro de juicios de amparo. Los inconformes llegaron al desmonte de dicho poblado donde realizaron una protesta\u2026","rel":"","context":"En &quot;CINTILLO&quot;","block_context":{"text":"CINTILLO","link":"https:\/\/www.grieta.org.mx\/index.php\/category\/cintillo\/"},"img":{"alt_text":"","src":"https:\/\/i0.wp.com\/www.grieta.org.mx\/wp-content\/uploads\/2022\/08\/TrenAmbientalistas-e1659805095576.png?resize=350%2C200&ssl=1","width":350,"height":200,"srcset":"https:\/\/i0.wp.com\/www.grieta.org.mx\/wp-content\/uploads\/2022\/08\/TrenAmbientalistas-e1659805095576.png?resize=350%2C200&ssl=1 1x, https:\/\/i0.wp.com\/www.grieta.org.mx\/wp-content\/uploads\/2022\/08\/TrenAmbientalistas-e1659805095576.png?resize=525%2C300&ssl=1 1.5x, https:\/\/i0.wp.com\/www.grieta.org.mx\/wp-content\/uploads\/2022\/08\/TrenAmbientalistas-e1659805095576.png?resize=700%2C400&ssl=1 2x"},"classes":[]},{"id":47874,"url":"https:\/\/www.grieta.org.mx\/index.php\/2020\/04\/13\/las-vias-torcidas-del-tren-maya-video\/","url_meta":{"origin":63573,"position":4},"title":"Las v\u00edas torcidas del tren maya (Video)","author":"grieta","date":"13 abril, 2020","format":false,"excerpt":"https:\/\/www.youtube.com\/watch?v=k8FRX9eT0YY","rel":"","context":"En &quot;16. Pueblo Maya&quot;","block_context":{"text":"16. Pueblo Maya","link":"https:\/\/www.grieta.org.mx\/index.php\/category\/espejos-de-la-resistencia\/16-pueblo-maya\/"},"img":{"alt_text":"","src":"https:\/\/i0.wp.com\/www.grieta.org.mx\/wp-content\/uploads\/2020\/04\/ViasTorcidasTrenMaya.png?resize=350%2C200&ssl=1","width":350,"height":200,"srcset":"https:\/\/i0.wp.com\/www.grieta.org.mx\/wp-content\/uploads\/2020\/04\/ViasTorcidasTrenMaya.png?resize=350%2C200&ssl=1 1x, https:\/\/i0.wp.com\/www.grieta.org.mx\/wp-content\/uploads\/2020\/04\/ViasTorcidasTrenMaya.png?resize=525%2C300&ssl=1 1.5x, https:\/\/i0.wp.com\/www.grieta.org.mx\/wp-content\/uploads\/2020\/04\/ViasTorcidasTrenMaya.png?resize=700%2C400&ssl=1 2x"},"classes":[]},{"id":67351,"url":"https:\/\/www.grieta.org.mx\/index.php\/2023\/08\/05\/paraliza-obras-de-tren-maya-quema-de-maquinaria-en-tramo-6-quintana-roo\/","url_meta":{"origin":63573,"position":5},"title":"Paraliza obras de Tren Maya quema de maquinaria en tramo 6 (Quintana Roo)","author":"grieta","date":"5 agosto, 2023","format":false,"excerpt":"antonio.hernandez.press \/ Quadrat\u00edn Quintana Roo OTH\u00d3N P. BLANCO, QRoo, 5 de agosto de 2023.- Cinco maquinarias pesadas fueron incendiadas en las obras del Tren Maya, en el frente seis del Tramo 6, muy cerca de la comunidad de Buenavista, supuestamente por parte de trabajadores inconformes por falta de pago. De\u2026","rel":"","context":"En &quot;CINTILLO&quot;","block_context":{"text":"CINTILLO","link":"https:\/\/www.grieta.org.mx\/index.php\/category\/cintillo\/"},"img":{"alt_text":"","src":"https:\/\/i0.wp.com\/www.grieta.org.mx\/wp-content\/uploads\/2023\/08\/Quema-e1691331646543.jpg?resize=350%2C200&ssl=1","width":350,"height":200,"srcset":"https:\/\/i0.wp.com\/www.grieta.org.mx\/wp-content\/uploads\/2023\/08\/Quema-e1691331646543.jpg?resize=350%2C200&ssl=1 1x, https:\/\/i0.wp.com\/www.grieta.org.mx\/wp-content\/uploads\/2023\/08\/Quema-e1691331646543.jpg?resize=525%2C300&ssl=1 1.5x, https:\/\/i0.wp.com\/www.grieta.org.mx\/wp-content\/uploads\/2023\/08\/Quema-e1691331646543.jpg?resize=700%2C400&ssl=1 2x"},"classes":[]}],"_links":{"self":[{"href":"https:\/\/www.grieta.org.mx\/index.php\/wp-json\/wp\/v2\/posts\/63573","targetHints":{"allow":["GET"]}}],"collection":[{"href":"https:\/\/www.grieta.org.mx\/index.php\/wp-json\/wp\/v2\/posts"}],"about":[{"href":"https:\/\/www.grieta.org.mx\/index.php\/wp-json\/wp\/v2\/types\/post"}],"author":[{"embeddable":true,"href":"https:\/\/www.grieta.org.mx\/index.php\/wp-json\/wp\/v2\/users\/2"}],"replies":[{"embeddable":true,"href":"https:\/\/www.grieta.org.mx\/index.php\/wp-json\/wp\/v2\/comments?post=63573"}],"version-history":[{"count":1,"href":"https:\/\/www.grieta.org.mx\/index.php\/wp-json\/wp\/v2\/posts\/63573\/revisions"}],"predecessor-version":[{"id":63578,"href":"https:\/\/www.grieta.org.mx\/index.php\/wp-json\/wp\/v2\/posts\/63573\/revisions\/63578"}],"wp:featuredmedia":[{"embeddable":true,"href":"https:\/\/www.grieta.org.mx\/index.php\/wp-json\/wp\/v2\/media\/63574"}],"wp:attachment":[{"href":"https:\/\/www.grieta.org.mx\/index.php\/wp-json\/wp\/v2\/media?parent=63573"}],"wp:term":[{"taxonomy":"category","embeddable":true,"href":"https:\/\/www.grieta.org.mx\/index.php\/wp-json\/wp\/v2\/categories?post=63573"},{"taxonomy":"post_tag","embeddable":true,"href":"https:\/\/www.grieta.org.mx\/index.php\/wp-json\/wp\/v2\/tags?post=63573"}],"curies":[{"name":"wp","href":"https:\/\/api.w.org\/{rel}","templated":true}]}}