{"id":63556,"date":"2022-02-27T12:58:25","date_gmt":"2022-02-27T18:58:25","guid":{"rendered":"https:\/\/www.grieta.org.mx\/?p=63556"},"modified":"2022-03-01T13:10:19","modified_gmt":"2022-03-01T19:10:19","slug":"hicimos-muy-buena-mancuerna-en-busqueda-pero-los-trabajos-en-campo-deben-continuar-ultimo-dia-de-la-brigada-de-busqueda-en-jalisco","status":"publish","type":"post","link":"https:\/\/www.grieta.org.mx\/index.php\/2022\/02\/27\/hicimos-muy-buena-mancuerna-en-busqueda-pero-los-trabajos-en-campo-deben-continuar-ultimo-dia-de-la-brigada-de-busqueda-en-jalisco\/","title":{"rendered":"\u201cHicimos muy buena mancuerna en b\u00fasqueda, pero los trabajos en campo deben continuar\u201d: \u00daltimo d\u00eda de la Brigada de B\u00fasqueda en Jalisco"},"content":{"rendered":"<p>Foto: Mariana Recamier<\/p>\n<p><b>Las madres buscadoras encontraron restos humanos en cinco casas abandonadas y en un bald\u00edo en el sexto y \u00faltimo d\u00eda en campo de la Primera Brigada de B\u00fasqueda en Jalisco.<\/b><\/p>\n<p><b>Algunas familias quieren continuar con las b\u00fasquedas en terreno despu\u00e9s de esta primera brigada, pues son muchos los aprendizajes que obtuvieron de las Madres Buscadoras de Sonora.<\/b><\/p>\n<p><b>Los resultados de la brigada fueron tan buenos que ahora regresar\u00e1n a su estado convencidas de que tambi\u00e9n deben de buscar a los suyos en casas abandonadas, como encontraron a muchos de los tesoros desaparecidos en Jalisco.<\/b><\/p>\n<p>Mariana Recamier \/ Zona Docs<\/p>\n<p>El cansancio ya cala y algunas de las madres buscadoras se alejan de la tierra para robarle sombra a un \u00e1rbol o a una casa abandonada. Las otras siguen con palas, picos o varillas en mano.\u00a0<b>Hacen hoyos en un bald\u00edo del fraccionamiento Chulavista, en el municipio de Tlajomulco de Z\u00fa\u00f1iga.<\/b>\u00a0Quitan basura con sus manos y luego cavan en la tierra que sienten flojita.<\/p>\n<p><b>\u00a1Un positivo! \u2014grita una de ellas\u2014. Es un tesoro.<\/b>\u00a0Los aplausos atraen a las dispersas. Las veinte mujeres y algunos hombres se toman de las manos para rezar alrededor del pozo que hicieron hace unos momentos. Luego se alejan de la zona para que el personal del Instituto Jalisciense de Ciencias Forenses coloque cintas amarillas y haga su trabajo.\u00a0<b>Horas despu\u00e9s, los forenses extraen de ese punto tres bolsas de pl\u00e1stico con restos humanos.<\/b><\/p>\n<p>Las labores no se detienen con ese hallazgo en el sexto y \u00faltimo d\u00eda de trabajo en campo de la Primera Brigada de B\u00fasqueda en Jalisco,\u00a0<b>labores donde participan colectivos de Jalisco, Sonora, Quer\u00e9taro, Michoac\u00e1n, Guanajuato y Estado de M\u00e9xico\u00a0<\/b>para encontrar personas desaparecidas.<\/p>\n<p>Madres, hijas y hermanas levantan tierra en la unidad deportiva donde encontraron seis bolsas con restos humanos dos d\u00edas antes. Una de ellas, quien prefiere no dar su nombre,<b>\u00a0clava una varilla donde otros ya hicieron un hoyo y luego la acerca a su nariz para detectar alg\u00fan olor que le sirva de gu\u00eda.<\/b><\/p>\n<p><strong>No ha faltado a ninguna de las seis jornadas porque quiere apoyar a las familias y busca a dos de sus hermanos y su esposo<\/strong>, quienes desaparecieron en el municipio de San Ignacio Cerro Gordo, en la regi\u00f3n Altos Sur de Jalisco. Ella es testigo de todos los hallazgos de la semana,\u00a0<b>tan s\u00f3lo en la sexta jornada se localizaron un total de seis puntos con restos humanos.<\/b><\/p>\n<p><strong>\u201cYo les dir\u00eda a todas esas familias que tienen a sus hijos desaparecidos que no por el miedo se queden sentados en su casa, llorando y refugi\u00e1ndose en el dolor, que salgan a buscarlos y que no se detengan\u201d.<\/strong><\/p>\n<p>Algunas madres que participaron en la primera brigada coinciden con la joven que busca a sus hermanos y su esposo. Rosa Quezada, integrante del colectivo Por amor a ellxs, asegura que\u00a0<b>estas primeras jornadas la motivan para continuar con la b\u00fasqueda en campo de su hija, Tania Berenice Quezada Rosas, quien desapareci\u00f3 el 20 de octubre de 2018,<\/b>\u00a0y de otras personas que a\u00fan no son localizadas.<\/p>\n<p><strong>\u201cYo quisiera seguir buscando a nuestros tesoros, si el gobierno nos da oportunidad\u201d, comparte Rosa.<\/strong><\/p>\n<p>Adriana M\u00e9ndez, integrante del colectivo M\u00e1s uno igual a todos Tlajomulco, considera que el trabajo en campo es una de las mejores estrategias de b\u00fasqueda.\u00a0<b>Su agrupaci\u00f3n quiere realizar mesas de trabajo con el presidente de Tlajomulco, Salvador Zamora, para continuar con este tipo de actividades<\/b><\/p>\n<p><b>Buscar en las casas abandonadas<\/b><\/p>\n<p><b>El resto de b\u00fasquedas de la sexta jornada se hacen en casas deshabitadas sin puertas ni ventanas.<\/b>\u00a0Casas con sillones rotos, monta\u00f1as de basura, escombro y pasto crecido. Peque\u00f1as edificaciones que se encuentran<b>\u00a0al lado de otras donde viven familias con ni\u00f1as y ni\u00f1os o cerca de tiendas donde adolescentes juegan con las m\u00e1quinas tragamonedas.<\/b><\/p>\n<p>Despu\u00e9s de quitar telas y basura con sus manos en una de esas casas,\u00a0<b>las madres solicitan maquinaria al presidente de Tlajomulco de Z\u00fa\u00f1iga para acelerar el proceso<\/b>. Un par de horas despu\u00e9s, env\u00edan una retroexcavadora y un cami\u00f3n de volteo desde la presidencia.\u00a0<b>La m\u00e1quina hace hoyos y luego las mujeres verifican si se ven bolsas de pl\u00e1stico o cualquier indicio de restos humanos.<\/b><\/p>\n<p>Las buscadoras contin\u00faan con picos y palas en otras casas m\u00e1s peque\u00f1as hasta que despu\u00e9s de cavar un poco\u00a0<b>en una de ellas detectan, por segunda vez en el d\u00eda, ese olor ya tan reconocible despu\u00e9s de una semana de trabajo<\/b>. Rosaura Maga\u00f1a, integrante del colectivo Entre Cielo y Tierra,\u00a0<b>menciona que durante toda la jornada localizaron restos humanos en cinco casas.<\/b><\/p>\n<p><b>Hasta ahora, se desconoce la cantidad de cuerpos recuperados en la Primera Brigada de B\u00fasqueda en Jalisco.<\/b>\u00a0Son la Fiscal\u00eda Especializada en Personas Desaparecidas y el Instituto Jalisciense de Ciencias Forenses\u00a0<b>quienes deben realizar las pruebas para confirmar esta informaci\u00f3n<\/b><\/p>\n<p>Cecilia Flores, presidenta del colectivo Madres Buscadoras de Sonora, quien fue una de las coordinadoras de la Brigad<b>a, comenta que una de las caracter\u00edsticas que detect\u00f3 en las b\u00fasquedas en Tlajomulco es que esconden los cuerpos o restos humanos dentro de casas vac\u00edas<\/b><\/p>\n<p><strong>\u201cAhora que vaya a Sonora me voy a concentrar en las colonias donde hay casas vac\u00edas porque a lo mejor ah\u00ed est\u00e1n los cuerpos que buscamos\u201d.<\/strong><\/p>\n<p>Mientras las madres realizan los hallazgos,<b>\u00a0las personas que viven en Chulavista ofrecen sus casas por si alguien necesita usar el ba\u00f1o; quieren ayudar de alguna forma.<\/b>\u00a0Una vecina dice que cuando se mud\u00f3 al fraccionamiento nunca imagin\u00f3 que pasaban esas cosas ah\u00ed,\u00a0<b>que escond\u00edan cuerpos en las unidades deportivas, los bald\u00edos, los lugares sin habitar.<\/b><\/p>\n<p>Antes de regresar a su estado,<b>\u00a0las buscadoras de Sonora recomiendan a las familias de Jalisco continuar con el trabajo en campo<\/b>\u00a0y mantenerse unidas. La presidenta de Madres Buscadoras de Sonora<b>\u00a0opina que se tuvieron buenos resultados en la primera brigada.<\/b><\/p>\n<p><strong>\u201cA pesar de no conocernos, nos tratamos como familia, hicimos muy buena mancuerna en la b\u00fasqueda. Ellas encantadas de aprender un poquito de lo que nosotros sabemos y nosotras encantadas de apoyarlas en la b\u00fasqueda y de haberlas ayudado a traer tanta paz a tanta familia. No sabemos cu\u00e1ntos cuerpos son todav\u00eda, pero parecen muchos. Es la primera brigada que hay aqu\u00ed en Jalisco y tuvo muy buenos resultados\u201d<\/strong><\/p>\n<p><a href=\"https:\/\/www.zonadocs.mx\/2022\/02\/27\/hicimos-muy-buena-mancuerna-en-busqueda-pero-los-trabajos-en-campo-deben-continuar-ultimo-dia-de-la-brigada-de-busqueda-en-jalisco\/\">https:\/\/www.zonadocs.mx\/2022\/02\/27\/hicimos-muy-buena-mancuerna-en-busqueda-pero-los-trabajos-en-campo-deben-continuar-ultimo-dia-de-la-brigada-de-busqueda-en-jalisco\/<\/a><\/p>\n","protected":false},"excerpt":{"rendered":"<p>Foto: Mariana Recamier Las madres buscadoras encontraron restos humanos en cinco casas abandonadas y en un bald\u00edo en el sexto y \u00faltimo d\u00eda en campo de la Primera Brigada de &hellip; <a href=\"https:\/\/www.grieta.org.mx\/index.php\/2022\/02\/27\/hicimos-muy-buena-mancuerna-en-busqueda-pero-los-trabajos-en-campo-deben-continuar-ultimo-dia-de-la-brigada-de-busqueda-en-jalisco\/\" class=\"more-link\">Leer m\u00e1s<\/a><\/p>\n","protected":false},"author":2,"featured_media":63557,"comment_status":"closed","ping_status":"closed","sticky":false,"template":"","format":"standard","meta":{"ngg_post_thumbnail":0,"_jetpack_newsletter_access":"","_jetpack_dont_email_post_to_subs":false,"_jetpack_newsletter_tier_id":0,"_jetpack_memberships_contains_paywalled_content":false,"_jetpack_memberships_contains_paid_content":false,"footnotes":""},"categories":[80,1032,1463,20,2,31],"tags":[3791,1828,3018,121,1668],"class_list":["post-63556","post","type-post","status-publish","format-standard","has-post-thumbnail","hentry","category-cintillo","category-desaparecidos-en-jalisco","category-desaparecidos-en-sonora","category-jalisco","category-noticias-nacionales","category-sonora","tag-acciones-por-desaparecidos","tag-busqueda-de-desaparecidos","tag-colectivos-de-busqueda-de-desaparecidos","tag-desaparecidos","tag-familiares-de-desaparecidos","entry"],"jetpack_featured_media_url":"https:\/\/www.grieta.org.mx\/wp-content\/uploads\/2022\/03\/familias-paleando.jpg","jetpack_sharing_enabled":true,"jetpack_shortlink":"https:\/\/wp.me\/p7ZJR4-gx6","jetpack_likes_enabled":false,"jetpack-related-posts":[{"id":64105,"url":"https:\/\/www.grieta.org.mx\/index.php\/2022\/04\/25\/madres-buscadoras-de-sonora-y-jalisco-retomaron-por-tercera-ocasion-la-busqueda-de-desaparecidos-en-chulavista-jalisco\/","url_meta":{"origin":63556,"position":0},"title":"Madres buscadoras de Sonora y Jalisco retomaron por tercera ocasi\u00f3n la b\u00fasqueda de desaparecidos en Chulavista  (Jalisco)","author":"grieta","date":"25 abril, 2022","format":false,"excerpt":"Foto: Rom\u00e1n Ortega Rom\u00e1n Ortega \/ El Occidental En esta ocasi\u00f3n lo hicieron en cuatro fincas abandonadas de la etapa 3 del mencionado desarrollo habitacional. En una de las fincas, ubicada en la calle Silao al cruce con Tula, localizaron restos humanos. El hallazgo se dio en el patio trasero\u2026","rel":"","context":"En &quot;CINTILLO&quot;","block_context":{"text":"CINTILLO","link":"https:\/\/www.grieta.org.mx\/index.php\/category\/cintillo\/"},"img":{"alt_text":"","src":"https:\/\/i0.wp.com\/www.grieta.org.mx\/wp-content\/uploads\/2022\/05\/Madres-buscadoras-encuentran-cuerpos-en-Chulavista.jpg?resize=350%2C200&ssl=1","width":350,"height":200,"srcset":"https:\/\/i0.wp.com\/www.grieta.org.mx\/wp-content\/uploads\/2022\/05\/Madres-buscadoras-encuentran-cuerpos-en-Chulavista.jpg?resize=350%2C200&ssl=1 1x, https:\/\/i0.wp.com\/www.grieta.org.mx\/wp-content\/uploads\/2022\/05\/Madres-buscadoras-encuentran-cuerpos-en-Chulavista.jpg?resize=525%2C300&ssl=1 1.5x, https:\/\/i0.wp.com\/www.grieta.org.mx\/wp-content\/uploads\/2022\/05\/Madres-buscadoras-encuentran-cuerpos-en-Chulavista.jpg?resize=700%2C400&ssl=1 2x"},"classes":[]},{"id":63599,"url":"https:\/\/www.grieta.org.mx\/index.php\/2022\/03\/03\/buscadoras-de-sonora-dejaron-datos-de-50-posibles-fosas-clandestinas-jalisco\/","url_meta":{"origin":63556,"position":1},"title":"Buscadoras de Sonora dejaron datos de 50 posibles fosas clandestinas (Jalisco)","author":"grieta","date":"3 marzo, 2022","format":false,"excerpt":"Foto: Lauro Rodr\u00edguez Lauro Rodr\u00edguez \/ El Diario NTR Durante su visita a Jalisco la semana pasada, las Madres Buscadoras de Sonora reunieron una base de datos de al menos 50 puntos donde pudieran existir fosas clandestinas en el estado, la mayor\u00eda en Tlajomulco de Z\u00fa\u00f1iga. Martha Morales, integrante del\u2026","rel":"","context":"En &quot;CINTILLO&quot;","block_context":{"text":"CINTILLO","link":"https:\/\/www.grieta.org.mx\/index.php\/category\/cintillo\/"},"img":{"alt_text":"","src":"https:\/\/i0.wp.com\/www.grieta.org.mx\/wp-content\/uploads\/2022\/03\/2022-03-03_06-03-23___335.jpg?resize=350%2C200&ssl=1","width":350,"height":200,"srcset":"https:\/\/i0.wp.com\/www.grieta.org.mx\/wp-content\/uploads\/2022\/03\/2022-03-03_06-03-23___335.jpg?resize=350%2C200&ssl=1 1x, https:\/\/i0.wp.com\/www.grieta.org.mx\/wp-content\/uploads\/2022\/03\/2022-03-03_06-03-23___335.jpg?resize=525%2C300&ssl=1 1.5x, https:\/\/i0.wp.com\/www.grieta.org.mx\/wp-content\/uploads\/2022\/03\/2022-03-03_06-03-23___335.jpg?resize=700%2C400&ssl=1 2x"},"classes":[]},{"id":64706,"url":"https:\/\/www.grieta.org.mx\/index.php\/2022\/08\/05\/jovenes-buscadores-acusan-a-autoridades-de-no-concluir-extraccion-de-cuerpos-en-fosas-jalisco\/","url_meta":{"origin":63556,"position":2},"title":"J\u00f3venes Buscadores acusan a autoridades de no concluir extracci\u00f3n de cuerpos en fosas (Jalisco)","author":"grieta","date":"5 agosto, 2022","format":false,"excerpt":"busFoto: Cortes\u00eda Madres Buscadoras de Sonora Lauro Rodr\u00edguez \/ El Diario NTR Los J\u00f3venes Buscadores de Jalisco acusaron que las autoridades del gobierno de Jalisco dejan inconclusa la extracci\u00f3n de cuerpos en las fosas clandestinas que son localizadas durante los trabajos de las brigadas de los colectivos. Precisaron que muestra\u2026","rel":"","context":"En &quot;CINTILLO&quot;","block_context":{"text":"CINTILLO","link":"https:\/\/www.grieta.org.mx\/index.php\/category\/cintillo\/"},"img":{"alt_text":"","src":"https:\/\/i0.wp.com\/www.grieta.org.mx\/wp-content\/uploads\/2022\/08\/2022-08-05_11-08-14___4667.jpg?resize=350%2C200&ssl=1","width":350,"height":200,"srcset":"https:\/\/i0.wp.com\/www.grieta.org.mx\/wp-content\/uploads\/2022\/08\/2022-08-05_11-08-14___4667.jpg?resize=350%2C200&ssl=1 1x, https:\/\/i0.wp.com\/www.grieta.org.mx\/wp-content\/uploads\/2022\/08\/2022-08-05_11-08-14___4667.jpg?resize=525%2C300&ssl=1 1.5x, https:\/\/i0.wp.com\/www.grieta.org.mx\/wp-content\/uploads\/2022\/08\/2022-08-05_11-08-14___4667.jpg?resize=700%2C400&ssl=1 2x"},"classes":[]},{"id":65220,"url":"https:\/\/www.grieta.org.mx\/index.php\/2022\/09\/14\/madres-buscadoras-comparten-su-labor-con-estudiantes-jalisco\/","url_meta":{"origin":63556,"position":3},"title":"Madres Buscadoras comparten su labor con estudiantes (Jalisco)","author":"grieta","date":"14 septiembre, 2022","format":false,"excerpt":"Imagen: Especial Lauro Rodr\u00edguez \/ El Diario NTR Las Madres Buscadoras, previo a continuar con sus actividades de b\u00fasqueda en campo en el municipio de Tlajomulco de Z\u00fa\u00f1iga, acudieron a la Universidad CLEU para compartir con los estudiantes la labor que realizan. En distintas ocasiones, estudiantes de licenciaturas enfocadas al\u2026","rel":"","context":"En &quot;CINTILLO&quot;","block_context":{"text":"CINTILLO","link":"https:\/\/www.grieta.org.mx\/index.php\/category\/cintillo\/"},"img":{"alt_text":"","src":"https:\/\/i0.wp.com\/www.grieta.org.mx\/wp-content\/uploads\/2022\/09\/2022-09-14_12-09-15___5557.jpg?resize=350%2C200&ssl=1","width":350,"height":200,"srcset":"https:\/\/i0.wp.com\/www.grieta.org.mx\/wp-content\/uploads\/2022\/09\/2022-09-14_12-09-15___5557.jpg?resize=350%2C200&ssl=1 1x, https:\/\/i0.wp.com\/www.grieta.org.mx\/wp-content\/uploads\/2022\/09\/2022-09-14_12-09-15___5557.jpg?resize=525%2C300&ssl=1 1.5x, https:\/\/i0.wp.com\/www.grieta.org.mx\/wp-content\/uploads\/2022\/09\/2022-09-14_12-09-15___5557.jpg?resize=700%2C400&ssl=1 2x"},"classes":[]},{"id":64600,"url":"https:\/\/www.grieta.org.mx\/index.php\/2022\/07\/20\/condiciona-fiscalia-busqueda-de-desaparecidos-no-quieren-la-participacion-de-colectivos-denuncian-madres-buscadoras-jalisco\/","url_meta":{"origin":63556,"position":4},"title":"Condiciona Fiscal\u00eda b\u00fasqueda de desaparecidos; no quieren la participaci\u00f3n de colectivos denuncian madres buscadoras (Jalisco, Sonora)","author":"grieta","date":"20 julio, 2022","format":false,"excerpt":"Imagen: Especial Lauro Rodr\u00edguez \/ El Diario NTR Las Madres Buscadoras de Sonora acusaron que la Fiscal\u00eda del Estado condicion\u00f3 la b\u00fasqueda en campo. Mencion\u00f3 que se niegan a acompa\u00f1ar acciones colectivas. Ceci Patricia Flores Armenta, lideresa del colectivo Madres Buscadoras de Sonora, mencion\u00f3 que extendieron su estancia en Jalisco\u2026","rel":"","context":"En &quot;CINTILLO&quot;","block_context":{"text":"CINTILLO","link":"https:\/\/www.grieta.org.mx\/index.php\/category\/cintillo\/"},"img":{"alt_text":"","src":"https:\/\/i0.wp.com\/www.grieta.org.mx\/wp-content\/uploads\/2022\/07\/2022-07-20_10-07-27___612.png?resize=350%2C200&ssl=1","width":350,"height":200,"srcset":"https:\/\/i0.wp.com\/www.grieta.org.mx\/wp-content\/uploads\/2022\/07\/2022-07-20_10-07-27___612.png?resize=350%2C200&ssl=1 1x, https:\/\/i0.wp.com\/www.grieta.org.mx\/wp-content\/uploads\/2022\/07\/2022-07-20_10-07-27___612.png?resize=525%2C300&ssl=1 1.5x, https:\/\/i0.wp.com\/www.grieta.org.mx\/wp-content\/uploads\/2022\/07\/2022-07-20_10-07-27___612.png?resize=700%2C400&ssl=1 2x"},"classes":[]},{"id":64252,"url":"https:\/\/www.grieta.org.mx\/index.php\/2022\/05\/15\/venimos-a-buscar-lo-que-no-han-querido-encontrar-brigada-nacional-busqueda-jalisco\/","url_meta":{"origin":63556,"position":5},"title":"\u201cVenimos a buscar, lo que no han querido encontrar\u201d: Brigada Nacional B\u00fasqueda (Jalisco)","author":"grieta","date":"15 mayo, 2022","format":false,"excerpt":"Foto: Darwin Franco Familias buscadoras de diversas partes del pa\u00eds han llegado nuevamente a Jalisco para ser parte de la Brigada Nacional de B\u00fasqueda que inici\u00f3 el 12 de mayo y culminar\u00e1 el 18 del mismo mes; esta acci\u00f3n impulsada por el\u00a0Colectivo Corazones Unidos en B\u00fasqueda de Nuestros Tesoros\u00a0estar\u00e1 realizando\u2026","rel":"","context":"En &quot;CINTILLO&quot;","block_context":{"text":"CINTILLO","link":"https:\/\/www.grieta.org.mx\/index.php\/category\/cintillo\/"},"img":{"alt_text":"","src":"https:\/\/i0.wp.com\/www.grieta.org.mx\/wp-content\/uploads\/2022\/05\/photo5479035933958449109-1068x803-1.jpg?resize=350%2C200&ssl=1","width":350,"height":200,"srcset":"https:\/\/i0.wp.com\/www.grieta.org.mx\/wp-content\/uploads\/2022\/05\/photo5479035933958449109-1068x803-1.jpg?resize=350%2C200&ssl=1 1x, https:\/\/i0.wp.com\/www.grieta.org.mx\/wp-content\/uploads\/2022\/05\/photo5479035933958449109-1068x803-1.jpg?resize=525%2C300&ssl=1 1.5x, https:\/\/i0.wp.com\/www.grieta.org.mx\/wp-content\/uploads\/2022\/05\/photo5479035933958449109-1068x803-1.jpg?resize=700%2C400&ssl=1 2x, https:\/\/i0.wp.com\/www.grieta.org.mx\/wp-content\/uploads\/2022\/05\/photo5479035933958449109-1068x803-1.jpg?resize=1050%2C600&ssl=1 3x"},"classes":[]}],"_links":{"self":[{"href":"https:\/\/www.grieta.org.mx\/index.php\/wp-json\/wp\/v2\/posts\/63556","targetHints":{"allow":["GET"]}}],"collection":[{"href":"https:\/\/www.grieta.org.mx\/index.php\/wp-json\/wp\/v2\/posts"}],"about":[{"href":"https:\/\/www.grieta.org.mx\/index.php\/wp-json\/wp\/v2\/types\/post"}],"author":[{"embeddable":true,"href":"https:\/\/www.grieta.org.mx\/index.php\/wp-json\/wp\/v2\/users\/2"}],"replies":[{"embeddable":true,"href":"https:\/\/www.grieta.org.mx\/index.php\/wp-json\/wp\/v2\/comments?post=63556"}],"version-history":[{"count":1,"href":"https:\/\/www.grieta.org.mx\/index.php\/wp-json\/wp\/v2\/posts\/63556\/revisions"}],"predecessor-version":[{"id":63558,"href":"https:\/\/www.grieta.org.mx\/index.php\/wp-json\/wp\/v2\/posts\/63556\/revisions\/63558"}],"wp:featuredmedia":[{"embeddable":true,"href":"https:\/\/www.grieta.org.mx\/index.php\/wp-json\/wp\/v2\/media\/63557"}],"wp:attachment":[{"href":"https:\/\/www.grieta.org.mx\/index.php\/wp-json\/wp\/v2\/media?parent=63556"}],"wp:term":[{"taxonomy":"category","embeddable":true,"href":"https:\/\/www.grieta.org.mx\/index.php\/wp-json\/wp\/v2\/categories?post=63556"},{"taxonomy":"post_tag","embeddable":true,"href":"https:\/\/www.grieta.org.mx\/index.php\/wp-json\/wp\/v2\/tags?post=63556"}],"curies":[{"name":"wp","href":"https:\/\/api.w.org\/{rel}","templated":true}]}}