{"id":63545,"date":"2022-02-24T19:13:57","date_gmt":"2022-02-25T01:13:57","guid":{"rendered":"https:\/\/www.grieta.org.mx\/?p=63545"},"modified":"2022-02-27T19:29:31","modified_gmt":"2022-02-28T01:29:31","slug":"la-convulsion-toca-a-mazda-obreros-se-organizan-contra-cacicazgo-de-ctm-guanajuato","status":"publish","type":"post","link":"https:\/\/www.grieta.org.mx\/index.php\/2022\/02\/24\/la-convulsion-toca-a-mazda-obreros-se-organizan-contra-cacicazgo-de-ctm-guanajuato\/","title":{"rendered":"La convulsi\u00f3n toca a Mazda: obreros se organizan contra cacicazgo de CTM (Guanajuato)"},"content":{"rendered":"<p><strong>Victoria del sindicato independiente en General Motors despierta a trabajadores que quieren negociar contratos de forma democr\u00e1tica; en la armadora japonesa de Salamanca el l\u00edder sindical es hermano del jerarca cetemista Carlos Aceves<\/strong><\/p>\n<p>Yajaira Gasca Mendoza, 24 de febrero de 2022<\/p>\n<p>El presunto despido de m\u00e1s de 200 trabajadores de la planta Mazda, aceler\u00f3 el surgimiento de una organizaci\u00f3n sindical independiente, esto en el momento clave para la renovaci\u00f3n del contrato colectivo y el anuncio de la empresa de un incremento en su producci\u00f3n.<\/p>\n<p>Sin embargo, Mazda M\u00e9xico neg\u00f3 esta cantidad de despidos, aunque casi desde su instalaci\u00f3n en Guanajuato surgieron denuncias de trabajadores por acoso laboral e incluso de una mujer por violencia sexual.<\/p>\n<p>Con asesor\u00eda de la Casa Obrera del Baj\u00edo, trabajadores despedidos de Mazda buscan impulsar la creaci\u00f3n del Movimiento Industrial Automotriz Independiente, para quitar el control sindical que mantiene desde hace ocho a\u00f1os la Confederaci\u00f3n de Trabajadores de M\u00e9xico, con Alfonso Aceves del Olmo, hermano del l\u00edder nacional de la CTM, Carlos Aceves del Olmo.<\/p>\n<p>Pero Mazda, no es la \u00fanica empresa en la que est\u00e1n surgiendo estos movimientos. Tambi\u00e9n en Hirotec, proveedora de piezas para la industria automotriz ubicada en Silao, se est\u00e1 generando una movilizaci\u00f3n, ya que la renovaci\u00f3n del contrato colectivo se intenta realizar sin la consulta a los trabajadores.<\/p>\n<p>En Guanajuato, en la planta de General Motors el Sindicato Independiente de Trabajadores y Trabajadoras de la Industria Automotriz (SINTTIA) ya tuvo su primera reuni\u00f3n con directivos de la empresa y ven buena disposici\u00f3n a la negociaci\u00f3n. Al mismo tiempo tomaron posesi\u00f3n de las oficinas dentro de la planta.<\/p>\n<p>En la planta de GM de San Luis Potos\u00ed, trabajadores pararon las l\u00edneas de producci\u00f3n para demandar el pago de horas extra por parte de la empresa y desde Guanajuato recibieron el respaldo del sindicato independiente.<\/p>\n<p>Y en Quer\u00e9taro, la representaci\u00f3n de la CTM en General Motors reconoci\u00f3 su preocupaci\u00f3n porque la movilizaci\u00f3n que ha surgido en el Baj\u00edo se replique en este estado.<\/p>\n<p><em>Despiden en Mazda a m\u00e1s de 200, empresa asegura fueron solo 60 personas<\/em><\/p>\n<p>Abel Hern\u00e1ndez ten\u00eda ocho a\u00f1os trabajando en Mazda. El viernes de la semana pasada, lleg\u00f3 a la planta como lo hac\u00eda de rutina para comenzar su turno nocturno en el \u00e1rea de ensamble-motores, pero antes de comenzar le mandaron llamar del \u00e1rea de recursos humanos para informarle que estaba despedido.<\/p>\n<p>Ah\u00ed se dio cuenta que no era la \u00fanica persona que hab\u00eda perdido el trabajo, pues se encontr\u00f3 m\u00e1s compa\u00f1eros que estaban siendo notificados sobre la misma situaci\u00f3n. A \u00e9l, la empresa le ofreci\u00f3 la liquidaci\u00f3n correspondiente.<\/p>\n<figure id=\"attachment_63548\" aria-describedby=\"caption-attachment-63548\" style=\"width: 750px\" class=\"wp-caption alignnone\"><img loading=\"lazy\" decoding=\"async\" data-attachment-id=\"63548\" data-permalink=\"https:\/\/www.grieta.org.mx\/index.php\/2022\/02\/24\/la-convulsion-toca-a-mazda-obreros-se-organizan-contra-cacicazgo-de-ctm-guanajuato\/gmtrabajadores_5\/\" data-orig-file=\"https:\/\/www.grieta.org.mx\/wp-content\/uploads\/2022\/02\/GMTRABAJADORES_5.jpg\" data-orig-size=\"1920,1080\" data-comments-opened=\"0\" data-image-meta=\"{&quot;aperture&quot;:&quot;0&quot;,&quot;credit&quot;:&quot;&quot;,&quot;camera&quot;:&quot;&quot;,&quot;caption&quot;:&quot;&quot;,&quot;created_timestamp&quot;:&quot;0&quot;,&quot;copyright&quot;:&quot;&quot;,&quot;focal_length&quot;:&quot;0&quot;,&quot;iso&quot;:&quot;0&quot;,&quot;shutter_speed&quot;:&quot;0&quot;,&quot;title&quot;:&quot;&quot;,&quot;orientation&quot;:&quot;0&quot;}\" data-image-title=\"GMTRABAJADORES_5\" data-image-description=\"\" data-image-caption=\"&lt;p&gt;Foto: Yajaira Gasca&lt;\/p&gt;\n\" data-medium-file=\"https:\/\/www.grieta.org.mx\/wp-content\/uploads\/2022\/02\/GMTRABAJADORES_5-300x169.jpg\" data-large-file=\"https:\/\/www.grieta.org.mx\/wp-content\/uploads\/2022\/02\/GMTRABAJADORES_5-1024x576.jpg\" class=\"wp-image-63548\" src=\"http:\/\/www.grieta.org.mx\/wp-content\/uploads\/2022\/02\/GMTRABAJADORES_5.jpg\" alt=\"\" width=\"750\" height=\"422\" srcset=\"https:\/\/www.grieta.org.mx\/wp-content\/uploads\/2022\/02\/GMTRABAJADORES_5.jpg 1920w, https:\/\/www.grieta.org.mx\/wp-content\/uploads\/2022\/02\/GMTRABAJADORES_5-300x169.jpg 300w, https:\/\/www.grieta.org.mx\/wp-content\/uploads\/2022\/02\/GMTRABAJADORES_5-1024x576.jpg 1024w, https:\/\/www.grieta.org.mx\/wp-content\/uploads\/2022\/02\/GMTRABAJADORES_5-768x432.jpg 768w, https:\/\/www.grieta.org.mx\/wp-content\/uploads\/2022\/02\/GMTRABAJADORES_5-1536x864.jpg 1536w\" sizes=\"auto, (max-width: 750px) 100vw, 750px\" \/><figcaption id=\"caption-attachment-63548\" class=\"wp-caption-text\">Foto: Yajaira Gasca<\/figcaption><\/figure>\n<p>Abel se neg\u00f3 a recibir el ofrecimiento de la empresa porque no le dieron una justificaci\u00f3n sobre su salida. Ahora \u00e9l encabeza el movimiento que busca crear un sindicato independiente en Mazda, para buscar mejores condiciones salariales para los obreros que siguen laborando en este lugar.<\/p>\n<p>\u201cArgumentan que la empresa est\u00e1 en una crisis, ya no tiene para mantenerse y es por eso que se ven en la necesidad de recortar el personal\u2026me daban m\u00e1s de lo que correspond\u00eda porque su empresa est\u00e1 en crisis, entonces \u00bfc\u00f3mo van a darme m\u00e1s de lo que no me toca?\u201d, explic\u00f3 el obrero en una rueda de prensa realizada en la Casa Obrera del Baj\u00edo y acompa\u00f1ado por Israel Cervantes, l\u00edder de esta organizaci\u00f3n.<\/p>\n<p>En Mazda, los trabajadores tienen salarios de entre 400 y 500 pesos-d\u00eda, la mayor\u00eda de los que fueron contratados en un principio eran obreros de otras plantas que ya ten\u00edan experiencia y que sirvieron a la automotriz para instruir a nuevos empleados.<\/p>\n<p>De acuerdo con el testimonio de Abel, podr\u00edan ser los trabajadores m\u00e1s experimentados a quienes se les est\u00e1 dando de baja, pues son los m\u00e1s costosos para la empresa. \u201cHablando del d\u00eda que me despidieron ya hab\u00eda mucha gente ah\u00ed, ya eran j\u00f3venes, se\u00f1oras y dem\u00e1s. La persona que me pas\u00f3 a mi a la sala me argument\u00f3 que eran 80 personas, en ese d\u00eda nada m\u00e1s\u201d.<\/p>\n<p>En la planta de Salamanca, hay alrededor de 5 mil trabajadores activos. Las bajas se dan casi al mismo tiempo, que a trav\u00e9s de un tuit, el presidente de Mazda en M\u00e9xico, Miguel Barbeyto, anunci\u00f3 la producci\u00f3n de la camioneta CX-3 en la planta de Salamanca.<\/p>\n<p><em>Impulsan despidos nacimiento de sindicato independientes para expulsar a cetemista<\/em><\/p>\n<p>En Mazda, al despido injustificado de trabajadores se acumula el acoso y malos tratos y de hecho, ya existen antecedentes sobre este asunto. La empresa se instal\u00f3 en Guanajuato en 2014 y en 2015 ya hab\u00eda acumuladas al menos 20 denuncias por despido injustificado, adem\u00e1s una mujer present\u00f3 una denuncia por acoso sexual.<\/p>\n<figure id=\"attachment_63547\" aria-describedby=\"caption-attachment-63547\" style=\"width: 750px\" class=\"wp-caption alignnone\"><img loading=\"lazy\" decoding=\"async\" data-attachment-id=\"63547\" data-permalink=\"https:\/\/www.grieta.org.mx\/index.php\/2022\/02\/24\/la-convulsion-toca-a-mazda-obreros-se-organizan-contra-cacicazgo-de-ctm-guanajuato\/gmstrabajadores_3\/\" data-orig-file=\"https:\/\/www.grieta.org.mx\/wp-content\/uploads\/2022\/02\/GMSTRABAJADORES_3.jpg\" data-orig-size=\"1920,1080\" data-comments-opened=\"0\" data-image-meta=\"{&quot;aperture&quot;:&quot;0&quot;,&quot;credit&quot;:&quot;&quot;,&quot;camera&quot;:&quot;&quot;,&quot;caption&quot;:&quot;&quot;,&quot;created_timestamp&quot;:&quot;0&quot;,&quot;copyright&quot;:&quot;&quot;,&quot;focal_length&quot;:&quot;0&quot;,&quot;iso&quot;:&quot;0&quot;,&quot;shutter_speed&quot;:&quot;0&quot;,&quot;title&quot;:&quot;&quot;,&quot;orientation&quot;:&quot;0&quot;}\" data-image-title=\"GMSTRABAJADORES_3\" data-image-description=\"\" data-image-caption=\"&lt;p&gt;Foto: Yajaira Gasca&lt;\/p&gt;\n\" data-medium-file=\"https:\/\/www.grieta.org.mx\/wp-content\/uploads\/2022\/02\/GMSTRABAJADORES_3-300x169.jpg\" data-large-file=\"https:\/\/www.grieta.org.mx\/wp-content\/uploads\/2022\/02\/GMSTRABAJADORES_3-1024x576.jpg\" class=\"wp-image-63547\" src=\"http:\/\/www.grieta.org.mx\/wp-content\/uploads\/2022\/02\/GMSTRABAJADORES_3.jpg\" alt=\"\" width=\"750\" height=\"422\" srcset=\"https:\/\/www.grieta.org.mx\/wp-content\/uploads\/2022\/02\/GMSTRABAJADORES_3.jpg 1920w, https:\/\/www.grieta.org.mx\/wp-content\/uploads\/2022\/02\/GMSTRABAJADORES_3-300x169.jpg 300w, https:\/\/www.grieta.org.mx\/wp-content\/uploads\/2022\/02\/GMSTRABAJADORES_3-1024x576.jpg 1024w, https:\/\/www.grieta.org.mx\/wp-content\/uploads\/2022\/02\/GMSTRABAJADORES_3-768x432.jpg 768w, https:\/\/www.grieta.org.mx\/wp-content\/uploads\/2022\/02\/GMSTRABAJADORES_3-1536x864.jpg 1536w\" sizes=\"auto, (max-width: 750px) 100vw, 750px\" \/><figcaption id=\"caption-attachment-63547\" class=\"wp-caption-text\">Foto: Yajaira Gasca<\/figcaption><\/figure>\n<p>Con la idea de combatir esta violencia, se gest\u00f3 el Movimiento Industrial Automotriz Independiente y hay trabajadores al interior de la empresa que lo apoyan y lo ven como una posibilidad para conseguir mejores condiciones laborales.<\/p>\n<p>\u201cNosotros queremos lograr ser un cambio con el cual mejorar nuestras condiciones laborales en la empresa en general. La relaci\u00f3n del sindicato de CTM que est\u00e1n ahorita los trabajadores es muy mala relaci\u00f3n, la gente ya exige un cambio, pero nos agobia lo que a todos, tenemos miedo de pasar por una situaci\u00f3n como la m\u00eda\u201d, refiri\u00f3.<\/p>\n<p>Israel Cervantes, l\u00edder de la Casa Obrera del Baj\u00edo y quien acompa\u00f1\u00f3 a SINTTIA en la renovaci\u00f3n de la representaci\u00f3n sindical en General Motors, explic\u00f3 que en Mazda se tiene la intenci\u00f3n de votar una planilla para que la empresa pueda evitar la consulta del contrato colectivo.<\/p>\n<p>\u201cNo hay una votaci\u00f3n actual, ya que lo que ellos est\u00e1n haciendo actualmente es intentar votar por una planilla y con ello evitan la legitimaci\u00f3n, algo parecido a lo que est\u00e1 pasando en Hirotec, que es lo mismo van a hacer una votaci\u00f3n, pero no dejaron que trabajadores que se est\u00e1n organizando hagan su planilla, entonces con esta votaci\u00f3n lo que ellos hacen es legitimar el contrato\u201d, detall\u00f3.<\/p>\n<p>En la planta japonesa, la representaci\u00f3n sindical la tiene la CTM con Alfonso Aceves del Olmo, hermano del l\u00edder nacional, Carlos Aceves. A nivel local, es cercano a ellos el ex diputado priista y l\u00edder de la misma organizaci\u00f3n en Guanajuato, Hugo Varela Flores.<\/p>\n<p>\u201cSe tiene que hacer la legitimaci\u00f3n porque es algo que ya est\u00e1 en la ley. Ellos lo que quieren hacer es evitar ese paso porque no quieren enfrentar el mismo descontento que hay por parte de los trabajadores, as\u00ed como el que hubo en General Motors\u201d, asegur\u00f3 Israel Cervantes.<\/p>\n<p>A trav\u00e9s de un comunicado de prensa, Mazda neg\u00f3 que sea verdad que hayan sido despedidos de la empresa 280 colaboradores, aunque reconocieron que el pasado viernes desaparecieron 60 puestos de trabajo.<\/p>\n<p>La automotriz justific\u00f3 que estas bajas est\u00e1n relacionadas con una reestructura organizacional, ante una compleja situaci\u00f3n actual y a la disminuci\u00f3n en la producci\u00f3n debido a la escasez global de semiconductores.<\/p>\n<p>\u201cTampoco es verdad que se termin\u00f3 la relaci\u00f3n laboral por cuestiones sindicales. Nunca hemos considerado y nunca consideraremos tales cuestiones en nuestra relaci\u00f3n con nuestros colaboradores. Los trabajadores a los que se les rescindi\u00f3 el contrato fueron seleccionados diligentemente, tomando en cuenta su actitud en el trabajo y otros aspectos relacionados con su desempe\u00f1o\u201d, informaron.<\/p>\n<p>Adem\u00e1s sostuvieron que a los trabajadores despedidos se les ofreci\u00f3 una indemnizaci\u00f3n apegada a la ley y refirieron que la empresa respeta y promueve los derechos humanos y laborales de sus trabajadores.<\/p>\n<p><em>Comienza obreros a movilizarse por mejores condiciones laborales<\/em><\/p>\n<p>El l\u00edder de la Casa Obrera del Baj\u00edo, Israel Cervantes asegur\u00f3 que el cambio surgido en General Motors ha generado una movilizaci\u00f3n a nivel local y nacional, pues en diversas empresas se quieren evitar las consultas de contratos con los trabajadores.<\/p>\n<p>Explic\u00f3 que recientemente hubo un acercamiento con movimiento de la empresa Hirotec, en donde se quiere replicar la votaci\u00f3n de una planilla para negociar el contrato colectivo y evitar la consulta a todos los empleados. Existe inter\u00e9s de los obreros en crear un sindicato y negociar mejores condiciones salariales, as\u00ed como otras prestaciones.<\/p>\n<blockquote><p><em><br \/>\n\u201cEs importante solidarizarnos entre trabajadores para que estos movimientos realmente tengan \u00e9xito o tengan el \u00e9xito que nosotros tuvimos en General Motors\u201d, refiri\u00f3. En Guanajuato un nuevo empleado en la industria comienza ganando entre 180 y 220 pesos diarios, cuando en otros estados como Coahuila o Nuevo Le\u00f3n reciben mucho m\u00e1s. La diferencia es a\u00fan m\u00e1s amplia si se consideran los salarios que perciben por hora los trabajadores de la misma industria en Estados Unidos.<\/em><\/p><\/blockquote>\n<blockquote><p><em>\u201cNormalmente aqu\u00ed est\u00e1s ganando dos d\u00f3lares por hora, cuando all\u00e1 est\u00e9s ganando 30 o 35 d\u00f3lares, entonces s\u00ed es bastante la diferencia en cuanto a producci\u00f3n porque aqu\u00ed al operador lo tienen corriendo, tiene que sacar 70 \u00f3 73 unidades por hora, cuando all\u00e1 no manejan esos ritmos de trabajo\u201d, lament\u00f3.<\/em><\/p><\/blockquote>\n<p>Insisti\u00f3 el l\u00edder sindical que lo que buscan los movimientos independientes son condiciones m\u00e1s dignas para los obreros, principalmente salarios m\u00e1s competitivos y acordes con el costo de vida en el pa\u00eds.<\/p>\n<p><em>Comienzan negociaciones en GM; hay crisis en otras plantas<\/em><\/p>\n<p>En General Motors Silao, el sindicato independiente recibi\u00f3 esta semana sus oficinas dentro de la planta y sus representantes tuvieron una primera reuni\u00f3n con los directivos de la empresa. Hasta ahora, pronostican buenas posibilidades para negociar y evitar el paro, aunque tambi\u00e9n reconocieron que no hay nada concreto.<\/p>\n<p>SINTTIA pretende lograr un incremento salarial de por lo menos 7%, que es el porcentaje de la inflaci\u00f3n con el que cerr\u00f3 el 2021 y que tambi\u00e9n es similar al incremento del costo de la canasta b\u00e1sica que se mantiene en M\u00e9xico.<\/p>\n<p>Podr\u00edan pasar 10 d\u00edas para que el sindicato logre un acuerdo con la empresa y si \u00e9ste no se da, deber\u00e1n hacer el emplazamiento a huelga ante autoridades laborales.<\/p>\n<figure id=\"attachment_63546\" aria-describedby=\"caption-attachment-63546\" style=\"width: 750px\" class=\"wp-caption alignnone\"><img loading=\"lazy\" decoding=\"async\" data-attachment-id=\"63546\" data-permalink=\"https:\/\/www.grieta.org.mx\/index.php\/2022\/02\/24\/la-convulsion-toca-a-mazda-obreros-se-organizan-contra-cacicazgo-de-ctm-guanajuato\/gmstrabajadores_2\/\" data-orig-file=\"https:\/\/www.grieta.org.mx\/wp-content\/uploads\/2022\/02\/GMSTRABAJADORES_2.jpg\" data-orig-size=\"1920,1080\" data-comments-opened=\"0\" data-image-meta=\"{&quot;aperture&quot;:&quot;0&quot;,&quot;credit&quot;:&quot;&quot;,&quot;camera&quot;:&quot;&quot;,&quot;caption&quot;:&quot;&quot;,&quot;created_timestamp&quot;:&quot;0&quot;,&quot;copyright&quot;:&quot;&quot;,&quot;focal_length&quot;:&quot;0&quot;,&quot;iso&quot;:&quot;0&quot;,&quot;shutter_speed&quot;:&quot;0&quot;,&quot;title&quot;:&quot;&quot;,&quot;orientation&quot;:&quot;0&quot;}\" data-image-title=\"GMSTRABAJADORES_2\" data-image-description=\"\" data-image-caption=\"&lt;p&gt;Foto: Especial&lt;\/p&gt;\n\" data-medium-file=\"https:\/\/www.grieta.org.mx\/wp-content\/uploads\/2022\/02\/GMSTRABAJADORES_2-300x169.jpg\" data-large-file=\"https:\/\/www.grieta.org.mx\/wp-content\/uploads\/2022\/02\/GMSTRABAJADORES_2-1024x576.jpg\" class=\"wp-image-63546\" src=\"http:\/\/www.grieta.org.mx\/wp-content\/uploads\/2022\/02\/GMSTRABAJADORES_2.jpg\" alt=\"\" width=\"750\" height=\"422\" srcset=\"https:\/\/www.grieta.org.mx\/wp-content\/uploads\/2022\/02\/GMSTRABAJADORES_2.jpg 1920w, https:\/\/www.grieta.org.mx\/wp-content\/uploads\/2022\/02\/GMSTRABAJADORES_2-300x169.jpg 300w, https:\/\/www.grieta.org.mx\/wp-content\/uploads\/2022\/02\/GMSTRABAJADORES_2-1024x576.jpg 1024w, https:\/\/www.grieta.org.mx\/wp-content\/uploads\/2022\/02\/GMSTRABAJADORES_2-768x432.jpg 768w, https:\/\/www.grieta.org.mx\/wp-content\/uploads\/2022\/02\/GMSTRABAJADORES_2-1536x864.jpg 1536w\" sizes=\"auto, (max-width: 750px) 100vw, 750px\" \/><figcaption id=\"caption-attachment-63546\" class=\"wp-caption-text\">Foto: Especial<\/figcaption><\/figure>\n<p>En San Luis Potos\u00ed, recientemente trabajadores comenzaron un paro en las l\u00edneas de producci\u00f3n porque la empresa no les ha pagado los tiempos extra. La Casa Obrera del Baj\u00edo ofreci\u00f3 su respaldo a los empleados y pidieron evitar despidos por estas protestas.<\/p>\n<p>En Quer\u00e9taro, la representaci\u00f3n de la CTM considera que existe el riesgo de que los trabajadores quieran buscar una crear agrupaciones independiente, aunque dijeron confiar en que las condiciones de trabajo son distintas.<\/p>\n<p>El secretario del Trabajo de la Confederaci\u00f3n de Trabajadores de M\u00e9xico en este estado, Miguel Rodr\u00edguez, acus\u00f3 que hay injerencia de sindicatos estadounidenses en los procesos de legitimaci\u00f3n de contratos de forma regional y no descart\u00f3 esta posibilidad en Quer\u00e9taro.<\/p>\n<p>\u201cEste tema preocupa a CTM a nivel nacional, m\u00e1s por la injerencia que hubo de sindicatos extranjeros, esperamos que eso no nos vaya a salpicar por la cercan\u00eda que tenemos con Guanajuato; puede haber por ah\u00ed sesgos, infiltraciones, personas que tengan inquietud reventadores que quieran venir a tratar de desestabilizar el buen clima laboral que tenemos en Quer\u00e9taro\u201d, declar\u00f3 a medios.<\/p>\n<p>No obstante, consider\u00f3 que las condiciones de trabajo en esta ciudad son muy diferentes que en Guanajuato. Incluso sostuvo que el nivel salarial es superior entre un 30 y un 50%.<\/p>\n<p>Recientemente, el l\u00edder del Sindicato de Trabajadores de la Industria Metalmec\u00e1nica, Alejandro Rangel Segovia, sostuvo que ha habido falta de voluntad del Gobierno de Guanajuato para pedir al sector empresarial mejores condiciones para los trabajadores y en cambio han brindado grandes facilidades para la instalaci\u00f3n de nuevas empresas.<\/p>\n<p>En el reciente proceso de consulta por la representaci\u00f3n sindical en la planta de General Motors en Silao, SINTTIA obtuvo 4 mil 192 votos y con ello rompieron la inercia de 25 a\u00f1os de negociaciones de la empresa con la CTM.<\/p>\n<p>Para llegar a ese momento, los trabajadores debieron recurrir a denuncias por fraude, con lo que lograron la reposici\u00f3n del proceso, que concluy\u00f3 en agosto con la definici\u00f3n del voto por la no legitimaci\u00f3n del contrato.<\/p>\n<p>La victoria fue incluso celebrada por el embajador de Estados Unidos en M\u00e9xico, Ken Salazar, quien dijo que este cambio representa un ejemplo de que el Tratado entre M\u00e9xico, Estados Unidos y Canad\u00e1 (T-MEC).<\/p>\n<p><a href=\"https:\/\/poplab.mx\/article\/LaconvulsiontocaaMazdaobrerosseorganizancontracacicazgodeCTM\">https:\/\/poplab.mx\/article\/LaconvulsiontocaaMazdaobrerosseorganizancontracacicazgodeCTM<\/a><\/p>\n","protected":false},"excerpt":{"rendered":"<p>Victoria del sindicato independiente en General Motors despierta a trabajadores que quieren negociar contratos de forma democr\u00e1tica; en la armadora japonesa de Salamanca el l\u00edder sindical es hermano del jerarca &hellip; <a href=\"https:\/\/www.grieta.org.mx\/index.php\/2022\/02\/24\/la-convulsion-toca-a-mazda-obreros-se-organizan-contra-cacicazgo-de-ctm-guanajuato\/\" class=\"more-link\">Leer m\u00e1s<\/a><\/p>\n","protected":false},"author":2,"featured_media":63549,"comment_status":"closed","ping_status":"closed","sticky":false,"template":"","format":"standard","meta":{"ngg_post_thumbnail":0,"_jetpack_newsletter_access":"","_jetpack_dont_email_post_to_subs":false,"_jetpack_newsletter_tier_id":0,"_jetpack_memberships_contains_paywalled_content":false,"_jetpack_memberships_contains_paid_content":false,"footnotes":""},"categories":[80,4010,910,911,1258,17,2,3948,2910,83],"tags":[2463,105,3549,2841,3543,3275,378],"class_list":["post-63545","post","type-post","status-publish","format-standard","has-post-thumbnail","hentry","category-cintillo","category-conflictos-laborales-en-guanajuato","category-explotacion-y-precariedad-laboral","category-explotacion-y-precariedad-laboral-analisis","category-explotacion-y-precariedad-laboral-en-guanajuato","category-guanajuato","category-noticias-nacionales","category-protestas-de-trabajadores-en-guanajuato","category-resistencias-en-guanajuato","category-temas-nacionales","tag-demandas-laborales","tag-derechos-laborales","tag-despidos-injustificados","tag-explotacion-y-precariedad-laboral","tag-movilizaciones-trabajadores","tag-protestas-de-trabajadores","tag-sindicatos","entry"],"jetpack_featured_media_url":"https:\/\/www.grieta.org.mx\/wp-content\/uploads\/2022\/02\/PMAZDAS_2.jpg","jetpack_sharing_enabled":true,"jetpack_shortlink":"https:\/\/wp.me\/p7ZJR4-gwV","jetpack_likes_enabled":false,"jetpack-related-posts":[{"id":63510,"url":"https:\/\/www.grieta.org.mx\/index.php\/2022\/02\/24\/acusan-represalias-en-mazda-salamanca-tras-despido-de-280-trabajadores-guanajuato\/","url_meta":{"origin":63545,"position":0},"title":"Acusan represalias en Mazda Salamanca tras despido de 280 trabajadores (Guanajuato","author":"grieta","date":"24 febrero, 2022","format":false,"excerpt":"Por: Redacci\u00f3n\/El Pulso Laboral, 24 de febrero de 2022 Otro conflicto laboral de grandes proporciones toca la puerta en el Baj\u00edo mexicano, ahora protagonizado por trabajadores de la empresa Mazda planta Salamanca, quienes acusan 280 despidos injustificados. El Movimiento Industrial Automotriz Independiente (MIAI) aglutina a un grupo de trabajadores de\u2026","rel":"","context":"En &quot;CINTILLO&quot;","block_context":{"text":"CINTILLO","link":"https:\/\/www.grieta.org.mx\/index.php\/category\/cintillo\/"},"img":{"alt_text":"","src":"https:\/\/i0.wp.com\/www.grieta.org.mx\/wp-content\/uploads\/2022\/02\/284UO_MAZDA.jpg?resize=350%2C200&ssl=1","width":350,"height":200,"srcset":"https:\/\/i0.wp.com\/www.grieta.org.mx\/wp-content\/uploads\/2022\/02\/284UO_MAZDA.jpg?resize=350%2C200&ssl=1 1x, https:\/\/i0.wp.com\/www.grieta.org.mx\/wp-content\/uploads\/2022\/02\/284UO_MAZDA.jpg?resize=525%2C300&ssl=1 1.5x, https:\/\/i0.wp.com\/www.grieta.org.mx\/wp-content\/uploads\/2022\/02\/284UO_MAZDA.jpg?resize=700%2C400&ssl=1 2x, https:\/\/i0.wp.com\/www.grieta.org.mx\/wp-content\/uploads\/2022\/02\/284UO_MAZDA.jpg?resize=1050%2C600&ssl=1 3x"},"classes":[]},{"id":63507,"url":"https:\/\/www.grieta.org.mx\/index.php\/2022\/02\/24\/despidos-masivos-en-mazda-salamanca-organizan-sindicato-independiente-igual-a-gm-guanajuato\/","url_meta":{"origin":63545,"position":1},"title":"Despidos masivos en Mazda Salamanca; organizan sindicato independiente igual a GM (Guanajuato)","author":"grieta","date":"24 febrero, 2022","format":false,"excerpt":"Los trabajadores dijeron que Mazda Salamanca ha realizado despidos de hasta 80 personas en un solo d\u00eda. Por Luciano V\u00e1zquez febrero 24, 2022 | El Financiero Guanajuato, Gto.- Trabajadores de la planta Mazda de Salamanca Guanajuato denunciaron que la empresa est\u00e1 realizando despidos masivos, por lo cual han iniciado el\u2026","rel":"","context":"En &quot;CINTILLO&quot;","block_context":{"text":"CINTILLO","link":"https:\/\/www.grieta.org.mx\/index.php\/category\/cintillo\/"},"img":{"alt_text":"","src":"https:\/\/i0.wp.com\/www.grieta.org.mx\/wp-content\/uploads\/2022\/02\/KDZA4HOJSVGOBJ2L3PXVLFV55Y.jpg?resize=350%2C200&ssl=1","width":350,"height":200,"srcset":"https:\/\/i0.wp.com\/www.grieta.org.mx\/wp-content\/uploads\/2022\/02\/KDZA4HOJSVGOBJ2L3PXVLFV55Y.jpg?resize=350%2C200&ssl=1 1x, https:\/\/i0.wp.com\/www.grieta.org.mx\/wp-content\/uploads\/2022\/02\/KDZA4HOJSVGOBJ2L3PXVLFV55Y.jpg?resize=525%2C300&ssl=1 1.5x, https:\/\/i0.wp.com\/www.grieta.org.mx\/wp-content\/uploads\/2022\/02\/KDZA4HOJSVGOBJ2L3PXVLFV55Y.jpg?resize=700%2C400&ssl=1 2x"},"classes":[]},{"id":63876,"url":"https:\/\/www.grieta.org.mx\/index.php\/2022\/03\/02\/irapuato-salamanca-estado-municipios-nacional-e-internacional-a-donde-ir-punto-y-aparte-radio-punto-y-aparte-radio-irapuato-salamanca-estado-municipios-nacion\/","url_meta":{"origin":63545,"position":2},"title":"Llama Sindicalismo Independiente a empleados de Mazda Salamanca a no validar Contrato Colectivo (Guanajuato)","author":"grieta","date":"2 marzo, 2022","format":false,"excerpt":"Punto y aparte. Radio, 02 de marzo de 2022 Silao, Gto.(02\/03\/2022).-Por considerar que el proceso est\u00e1 plagado de irregularidades y enga\u00f1os, la Casa Obrera del Baj\u00edo, que impuls\u00f3 la salida de la CTM de la General Motors, Silao, rechaz\u00f3 la jornada de elecci\u00f3n para la renovaci\u00f3n de la dirigencia sindical\u2026","rel":"","context":"En &quot;Conflictos laborales en Guanajuato&quot;","block_context":{"text":"Conflictos laborales en Guanajuato","link":"https:\/\/www.grieta.org.mx\/index.php\/category\/noticias-nacionales\/guanajuato\/conflictos-laborales-en-guanajuato\/"},"img":{"alt_text":"","src":"https:\/\/i0.wp.com\/www.grieta.org.mx\/wp-content\/uploads\/2022\/04\/Captura-de-Pantalla-2022-03-02-a-las-20.50.31.png?resize=350%2C200&ssl=1","width":350,"height":200,"srcset":"https:\/\/i0.wp.com\/www.grieta.org.mx\/wp-content\/uploads\/2022\/04\/Captura-de-Pantalla-2022-03-02-a-las-20.50.31.png?resize=350%2C200&ssl=1 1x, https:\/\/i0.wp.com\/www.grieta.org.mx\/wp-content\/uploads\/2022\/04\/Captura-de-Pantalla-2022-03-02-a-las-20.50.31.png?resize=525%2C300&ssl=1 1.5x, https:\/\/i0.wp.com\/www.grieta.org.mx\/wp-content\/uploads\/2022\/04\/Captura-de-Pantalla-2022-03-02-a-las-20.50.31.png?resize=700%2C400&ssl=1 2x"},"classes":[]},{"id":29641,"url":"https:\/\/www.grieta.org.mx\/index.php\/2019\/02\/11\/se-une-semarnat-guanajuato-a-protesta-nacional-exigen-pagos-atrasados\/","url_meta":{"origin":63545,"position":3},"title":"Se une Semarnat Guanajuato a protesta nacional, exigen pagos atrasados","author":"grieta","date":"11 febrero, 2019","format":false,"excerpt":"Redaccion AM, Le\u00f3n Guanajuato, 11 de Febrero Como parte de una protesta nacional por la suspensi\u00f3n de algunos derechos laborales de trabajadores de la Secretar\u00eda de Medio Ambiente y Recursos Naturales (Semarnat), esta ma\u00f1ana se comenz\u00f3 un paro de labores de la delegaci\u00f3n en Guanajuato de dicha dependencia. Entre las\u2026","rel":"","context":"En &quot;CINTILLO&quot;","block_context":{"text":"CINTILLO","link":"https:\/\/www.grieta.org.mx\/index.php\/category\/cintillo\/"},"img":{"alt_text":"","src":"https:\/\/i0.wp.com\/www.grieta.org.mx\/wp-content\/uploads\/2019\/02\/se-une-semarnat-guanajuato-a-protesta-nacional-exigen-pagos-atrasados-c3ef255e57fde08f69b497dfb76d8a6c.jpg_851672003.jpg?resize=350%2C200&ssl=1","width":350,"height":200,"srcset":"https:\/\/i0.wp.com\/www.grieta.org.mx\/wp-content\/uploads\/2019\/02\/se-une-semarnat-guanajuato-a-protesta-nacional-exigen-pagos-atrasados-c3ef255e57fde08f69b497dfb76d8a6c.jpg_851672003.jpg?resize=350%2C200&ssl=1 1x, https:\/\/i0.wp.com\/www.grieta.org.mx\/wp-content\/uploads\/2019\/02\/se-une-semarnat-guanajuato-a-protesta-nacional-exigen-pagos-atrasados-c3ef255e57fde08f69b497dfb76d8a6c.jpg_851672003.jpg?resize=525%2C300&ssl=1 1.5x, https:\/\/i0.wp.com\/www.grieta.org.mx\/wp-content\/uploads\/2019\/02\/se-une-semarnat-guanajuato-a-protesta-nacional-exigen-pagos-atrasados-c3ef255e57fde08f69b497dfb76d8a6c.jpg_851672003.jpg?resize=700%2C400&ssl=1 2x"},"classes":[]},{"id":7254,"url":"https:\/\/www.grieta.org.mx\/index.php\/2016\/08\/17\/conflictos-laborales-en-guanajuato\/","url_meta":{"origin":63545,"position":4},"title":"Conflictos laborales en Guanajuato","author":"grieta","date":"17 agosto, 2016","format":false,"excerpt":"17\/08\/16. Crece n\u00famero de muertes por accidentes laborales en Guanajuato El Financiero 24\/04\/2016. Empresas concesionarias explotan a barrenderos en Le\u00f3n AM 30\/03\/2016. Estalla huelga en Cecyteg en Guanajuato, maestros exigen mejores salarios y condiciones dignas de trabajo Zona Franca 03\/08\/2015. Explotan a ni\u00f1os ind\u00edgenas en campos agr\u00edcolas de Guanajuato La\u2026","rel":"","context":"En &quot;Guanajuato&quot;","block_context":{"text":"Guanajuato","link":"https:\/\/www.grieta.org.mx\/index.php\/category\/noticias-nacionales\/guanajuato\/"},"img":{"alt_text":"","src":"https:\/\/i0.wp.com\/www.grieta.org.mx\/wp-content\/uploads\/2018\/03\/14524434_1106112876131411_958039263622046936_o.jpg?resize=350%2C200&ssl=1","width":350,"height":200,"srcset":"https:\/\/i0.wp.com\/www.grieta.org.mx\/wp-content\/uploads\/2018\/03\/14524434_1106112876131411_958039263622046936_o.jpg?resize=350%2C200&ssl=1 1x, https:\/\/i0.wp.com\/www.grieta.org.mx\/wp-content\/uploads\/2018\/03\/14524434_1106112876131411_958039263622046936_o.jpg?resize=525%2C300&ssl=1 1.5x, https:\/\/i0.wp.com\/www.grieta.org.mx\/wp-content\/uploads\/2018\/03\/14524434_1106112876131411_958039263622046936_o.jpg?resize=700%2C400&ssl=1 2x"},"classes":[]},{"id":64092,"url":"https:\/\/www.grieta.org.mx\/index.php\/2022\/04\/26\/el-nuevo-sindicato-independiente-de-gm-en-mexico-busca-un-aumento-salarial-del-19-2-la-automotriz-respondio-con-una-contraoferta-del-3-5-guanajuato\/","url_meta":{"origin":63545,"position":5},"title":"El nuevo sindicato independiente de GM en M\u00e9xico busca un aumento salarial del 19.2%; la automotriz respondi\u00f3 con una contraoferta del 3.5% (Guanajuato)","author":"grieta","date":"26 abril, 2022","format":false,"excerpt":"Aleyda \u00c1ngel, Xataka M\u00e9xico, 26 Abril 2022 En febrero pasado, los trabajadores de la planta de General Motors en Silao, Guanajuato, votaron por un nuevo sindicato. Con un 76% de los votos, el Sindicato Independiente Nacional de Trabajadores y Trabajadoras de la Industria Automotriz (SINTTIA) gan\u00f3 esas elecciones, derrotando a\u2026","rel":"","context":"En &quot;CINTILLO&quot;","block_context":{"text":"CINTILLO","link":"https:\/\/www.grieta.org.mx\/index.php\/category\/cintillo\/"},"img":{"alt_text":"","src":"https:\/\/i0.wp.com\/www.grieta.org.mx\/wp-content\/uploads\/2022\/04\/1366_2000.jpeg?resize=350%2C200&ssl=1","width":350,"height":200,"srcset":"https:\/\/i0.wp.com\/www.grieta.org.mx\/wp-content\/uploads\/2022\/04\/1366_2000.jpeg?resize=350%2C200&ssl=1 1x, https:\/\/i0.wp.com\/www.grieta.org.mx\/wp-content\/uploads\/2022\/04\/1366_2000.jpeg?resize=525%2C300&ssl=1 1.5x, https:\/\/i0.wp.com\/www.grieta.org.mx\/wp-content\/uploads\/2022\/04\/1366_2000.jpeg?resize=700%2C400&ssl=1 2x, https:\/\/i0.wp.com\/www.grieta.org.mx\/wp-content\/uploads\/2022\/04\/1366_2000.jpeg?resize=1050%2C600&ssl=1 3x"},"classes":[]}],"_links":{"self":[{"href":"https:\/\/www.grieta.org.mx\/index.php\/wp-json\/wp\/v2\/posts\/63545","targetHints":{"allow":["GET"]}}],"collection":[{"href":"https:\/\/www.grieta.org.mx\/index.php\/wp-json\/wp\/v2\/posts"}],"about":[{"href":"https:\/\/www.grieta.org.mx\/index.php\/wp-json\/wp\/v2\/types\/post"}],"author":[{"embeddable":true,"href":"https:\/\/www.grieta.org.mx\/index.php\/wp-json\/wp\/v2\/users\/2"}],"replies":[{"embeddable":true,"href":"https:\/\/www.grieta.org.mx\/index.php\/wp-json\/wp\/v2\/comments?post=63545"}],"version-history":[{"count":1,"href":"https:\/\/www.grieta.org.mx\/index.php\/wp-json\/wp\/v2\/posts\/63545\/revisions"}],"predecessor-version":[{"id":63550,"href":"https:\/\/www.grieta.org.mx\/index.php\/wp-json\/wp\/v2\/posts\/63545\/revisions\/63550"}],"wp:featuredmedia":[{"embeddable":true,"href":"https:\/\/www.grieta.org.mx\/index.php\/wp-json\/wp\/v2\/media\/63549"}],"wp:attachment":[{"href":"https:\/\/www.grieta.org.mx\/index.php\/wp-json\/wp\/v2\/media?parent=63545"}],"wp:term":[{"taxonomy":"category","embeddable":true,"href":"https:\/\/www.grieta.org.mx\/index.php\/wp-json\/wp\/v2\/categories?post=63545"},{"taxonomy":"post_tag","embeddable":true,"href":"https:\/\/www.grieta.org.mx\/index.php\/wp-json\/wp\/v2\/tags?post=63545"}],"curies":[{"name":"wp","href":"https:\/\/api.w.org\/{rel}","templated":true}]}}