{"id":63473,"date":"2022-02-17T13:26:07","date_gmt":"2022-02-17T19:26:07","guid":{"rendered":"https:\/\/www.grieta.org.mx\/?p=63473"},"modified":"2022-02-23T13:34:22","modified_gmt":"2022-02-23T19:34:22","slug":"denuncian-contaminacion-provocada-por-empresas-del-puerto-de-veracruz","status":"publish","type":"post","link":"https:\/\/www.grieta.org.mx\/index.php\/2022\/02\/17\/denuncian-contaminacion-provocada-por-empresas-del-puerto-de-veracruz\/","title":{"rendered":"Denuncian contaminaci\u00f3n provocada por empresas del puerto de Veracruz"},"content":{"rendered":"<p>Jos\u00e9 Juan Garc\u00eda \/ AVC Noticias<\/p>\n<p>El presidente de la Cooperativa Escollera Norte de la ciudad de Veracruz, \u00c1ngel Contreras V\u00e1zquez, denunci\u00f3 que empresas establecidas en el recinto portuario contaminan la bah\u00eda posiblemente con qu\u00edmicos desde hace varios a\u00f1os, lo cual provoc\u00f3 una ca\u00edda en la producci\u00f3n pesquera en la zona.<br \/>\nEn entrevista celebrada al finalizar un recorrido, Contreras V\u00e1zquez asegur\u00f3 que la supuesta contaminaci\u00f3n en la bah\u00eda se hizo del conocimiento de quienes estuvieron al frente de la Administraci\u00f3n Portuaria Integral de Veracruz (Apiver), hoy Administraci\u00f3n del Sistema Portuario Nacional de Veracruz (ASIPONAVER), sin que tomaran cartas en el asunto.<br \/>\nEl l\u00edder pesquero presumi\u00f3 que se vierten qu\u00edmicos a la bah\u00eda, cuya pestilencia provoca picaz\u00f3n en la nariz.<br \/>\n\u201cDesde el 2004 el tubo y los drenajes que yo les mostr\u00e9, todo el tiempo han botado contaminaci\u00f3n, se le ha dicho a las administraciones anteriores, incluso cuando estuvo el arquitecto Lia\u00f1o y \u2018don cocacolo\u2019 yo les mand\u00e9 videos donde est\u00e1 botando la contaminaci\u00f3n, pica las narices, es una contaminaci\u00f3n que trae qu\u00edmicos, les mand\u00e9 videos donde salen los pescados muertos\u201d, expres\u00f3.<br \/>\nEl presidente de la Cooperativa Escollera Norte de la ciudad de Veracruz refiri\u00f3 que la producci\u00f3n de pulpo, almeja y caracol se pierde en el arrecife ubicado en los bajos de la Fortaleza de San Juan de Ul\u00faa como consecuencia de la contaminaci\u00f3n.<br \/>\n\u00c1ngel Contreras V\u00e1zquez coment\u00f3 que la pesca se realizaba en \u00e1reas cercanas al litoral antes de la ampliaci\u00f3n portuaria, pero los trabajos provocaron la ausencia de especies marinas, por lo que tienen que trasladarse a \u00e1reas m\u00e1s lejanas a la costa para la captura.<br \/>\nAdem\u00e1s, Contreras V\u00e1zquez manifest\u00f3 que la ampliaci\u00f3n portuaria provoc\u00f3 cambios en el comportamiento del mar y consider\u00f3 que un ejemplo es la salida del mar sobre el bulevar Manuel \u00c1vila Camacho durante la temporada de nortes.<br \/>\nEl l\u00edder pesquero se pronunci\u00f3 a favor de la resoluci\u00f3n que emiti\u00f3 la Suprema Corte de Justicia de la Naci\u00f3n sobre las obras de ampliaci\u00f3n del puerto de Veracruz en materia ambiental, ya que insisti\u00f3 en que hay un ecocidio en la bah\u00eda.<br \/>\n\u201cEllos est\u00e1n acabando con todo el arrecife de toda la zona costera\u201d, finaliz\u00f3.<\/p>\n<p><img loading=\"lazy\" decoding=\"async\" data-attachment-id=\"63474\" data-permalink=\"https:\/\/www.grieta.org.mx\/index.php\/2022\/02\/17\/denuncian-contaminacion-provocada-por-empresas-del-puerto-de-veracruz\/indice3\/\" data-orig-file=\"https:\/\/www.grieta.org.mx\/wp-content\/uploads\/2022\/02\/indice3.jpg\" data-orig-size=\"275,183\" data-comments-opened=\"0\" data-image-meta=\"{&quot;aperture&quot;:&quot;0&quot;,&quot;credit&quot;:&quot;&quot;,&quot;camera&quot;:&quot;&quot;,&quot;caption&quot;:&quot;&quot;,&quot;created_timestamp&quot;:&quot;0&quot;,&quot;copyright&quot;:&quot;&quot;,&quot;focal_length&quot;:&quot;0&quot;,&quot;iso&quot;:&quot;0&quot;,&quot;shutter_speed&quot;:&quot;0&quot;,&quot;title&quot;:&quot;&quot;,&quot;orientation&quot;:&quot;0&quot;}\" data-image-title=\"\u00edndice3\" data-image-description=\"\" data-image-caption=\"\" data-medium-file=\"https:\/\/www.grieta.org.mx\/wp-content\/uploads\/2022\/02\/indice3.jpg\" data-large-file=\"https:\/\/www.grieta.org.mx\/wp-content\/uploads\/2022\/02\/indice3.jpg\" class=\"alignnone wp-image-63474\" src=\"http:\/\/www.grieta.org.mx\/wp-content\/uploads\/2022\/02\/indice3.jpg\" alt=\"\" width=\"720\" height=\"479\" \/><\/p>\n<p><img loading=\"lazy\" decoding=\"async\" data-attachment-id=\"63475\" data-permalink=\"https:\/\/www.grieta.org.mx\/index.php\/2022\/02\/17\/denuncian-contaminacion-provocada-por-empresas-del-puerto-de-veracruz\/indice2\/\" data-orig-file=\"https:\/\/www.grieta.org.mx\/wp-content\/uploads\/2022\/02\/indice2.jpg\" data-orig-size=\"275,183\" data-comments-opened=\"0\" data-image-meta=\"{&quot;aperture&quot;:&quot;0&quot;,&quot;credit&quot;:&quot;&quot;,&quot;camera&quot;:&quot;&quot;,&quot;caption&quot;:&quot;&quot;,&quot;created_timestamp&quot;:&quot;0&quot;,&quot;copyright&quot;:&quot;&quot;,&quot;focal_length&quot;:&quot;0&quot;,&quot;iso&quot;:&quot;0&quot;,&quot;shutter_speed&quot;:&quot;0&quot;,&quot;title&quot;:&quot;&quot;,&quot;orientation&quot;:&quot;0&quot;}\" data-image-title=\"\u00edndice2\" data-image-description=\"\" data-image-caption=\"\" data-medium-file=\"https:\/\/www.grieta.org.mx\/wp-content\/uploads\/2022\/02\/indice2.jpg\" data-large-file=\"https:\/\/www.grieta.org.mx\/wp-content\/uploads\/2022\/02\/indice2.jpg\" class=\"alignnone wp-image-63475\" src=\"http:\/\/www.grieta.org.mx\/wp-content\/uploads\/2022\/02\/indice2.jpg\" alt=\"\" width=\"720\" height=\"479\" \/><\/p>\n<p><img loading=\"lazy\" decoding=\"async\" data-attachment-id=\"63476\" data-permalink=\"https:\/\/www.grieta.org.mx\/index.php\/2022\/02\/17\/denuncian-contaminacion-provocada-por-empresas-del-puerto-de-veracruz\/indice1-2\/\" data-orig-file=\"https:\/\/www.grieta.org.mx\/wp-content\/uploads\/2022\/02\/indice1.jpg\" data-orig-size=\"275,183\" data-comments-opened=\"0\" data-image-meta=\"{&quot;aperture&quot;:&quot;0&quot;,&quot;credit&quot;:&quot;&quot;,&quot;camera&quot;:&quot;&quot;,&quot;caption&quot;:&quot;&quot;,&quot;created_timestamp&quot;:&quot;0&quot;,&quot;copyright&quot;:&quot;&quot;,&quot;focal_length&quot;:&quot;0&quot;,&quot;iso&quot;:&quot;0&quot;,&quot;shutter_speed&quot;:&quot;0&quot;,&quot;title&quot;:&quot;&quot;,&quot;orientation&quot;:&quot;0&quot;}\" data-image-title=\"\u00edndice1\" data-image-description=\"\" data-image-caption=\"\" data-medium-file=\"https:\/\/www.grieta.org.mx\/wp-content\/uploads\/2022\/02\/indice1.jpg\" data-large-file=\"https:\/\/www.grieta.org.mx\/wp-content\/uploads\/2022\/02\/indice1.jpg\" class=\"alignnone wp-image-63476\" src=\"http:\/\/www.grieta.org.mx\/wp-content\/uploads\/2022\/02\/indice1.jpg\" alt=\"\" width=\"720\" height=\"479\" \/><\/p>\n<p><img loading=\"lazy\" decoding=\"async\" data-attachment-id=\"63477\" data-permalink=\"https:\/\/www.grieta.org.mx\/index.php\/2022\/02\/17\/denuncian-contaminacion-provocada-por-empresas-del-puerto-de-veracruz\/indice-10\/\" data-orig-file=\"https:\/\/www.grieta.org.mx\/wp-content\/uploads\/2022\/02\/indice.jpg\" data-orig-size=\"275,183\" data-comments-opened=\"0\" data-image-meta=\"{&quot;aperture&quot;:&quot;0&quot;,&quot;credit&quot;:&quot;&quot;,&quot;camera&quot;:&quot;&quot;,&quot;caption&quot;:&quot;&quot;,&quot;created_timestamp&quot;:&quot;0&quot;,&quot;copyright&quot;:&quot;&quot;,&quot;focal_length&quot;:&quot;0&quot;,&quot;iso&quot;:&quot;0&quot;,&quot;shutter_speed&quot;:&quot;0&quot;,&quot;title&quot;:&quot;&quot;,&quot;orientation&quot;:&quot;0&quot;}\" data-image-title=\"\u00edndice\" data-image-description=\"\" data-image-caption=\"\" data-medium-file=\"https:\/\/www.grieta.org.mx\/wp-content\/uploads\/2022\/02\/indice.jpg\" data-large-file=\"https:\/\/www.grieta.org.mx\/wp-content\/uploads\/2022\/02\/indice.jpg\" class=\"alignnone wp-image-63477\" src=\"http:\/\/www.grieta.org.mx\/wp-content\/uploads\/2022\/02\/indice.jpg\" alt=\"\" width=\"720\" height=\"479\" \/><\/p>\n<p>&nbsp;<\/p>\n<p><a href=\"https:\/\/www.avcnoticias.com.mx\/noticias-veracruz\/veracruz\/326013\/denuncian-supuesta-contaminacion-provocada-por-empresas-del-puerto-de-veracruz.html\" rel=\"noopener\" target=\"_blank\">https:\/\/www.avcnoticias.com.mx\/noticias-veracruz\/veracruz\/326013\/denuncian-supuesta-contaminacion-provocada-por-empresas-del-puerto-de-veracruz.html<\/a><\/p>\n","protected":false},"excerpt":{"rendered":"<p>Jos\u00e9 Juan Garc\u00eda \/ AVC Noticias El presidente de la Cooperativa Escollera Norte de la ciudad de Veracruz, \u00c1ngel Contreras V\u00e1zquez, denunci\u00f3 que empresas establecidas en el recinto portuario contaminan &hellip; <a href=\"https:\/\/www.grieta.org.mx\/index.php\/2022\/02\/17\/denuncian-contaminacion-provocada-por-empresas-del-puerto-de-veracruz\/\" class=\"more-link\">Leer m\u00e1s<\/a><\/p>\n","protected":false},"author":2,"featured_media":63475,"comment_status":"closed","ping_status":"closed","sticky":false,"template":"","format":"standard","meta":{"ngg_post_thumbnail":0,"_jetpack_newsletter_access":"","_jetpack_dont_email_post_to_subs":false,"_jetpack_newsletter_tier_id":0,"_jetpack_memberships_contains_paywalled_content":false,"_jetpack_memberships_contains_paid_content":false,"footnotes":""},"categories":[80,3057,2500,2,35],"tags":[425,1546,2931,1689],"class_list":["post-63473","post","type-post","status-publish","format-standard","has-post-thumbnail","hentry","category-cintillo","category-contaminacion-y-salud-publica-en-veracruz","category-danos-ambientales-por-desarrollo-industrial","category-noticias-nacionales","category-veracruz","tag-contaminacion-agua","tag-contaminacion-aguas-marinas","tag-contaminacion-industrial","tag-danos-ambientales","entry"],"jetpack_featured_media_url":"https:\/\/www.grieta.org.mx\/wp-content\/uploads\/2022\/02\/indice2.jpg","jetpack_sharing_enabled":true,"jetpack_shortlink":"https:\/\/wp.me\/p7ZJR4-gvL","jetpack_likes_enabled":false,"jetpack-related-posts":[{"id":43716,"url":"https:\/\/www.grieta.org.mx\/index.php\/2020\/01\/03\/alza-en-casos-de-cancer-en-veracruz-por-contaminacion-de-fabricas\/","url_meta":{"origin":63473,"position":0},"title":"Alza en casos de c\u00e1ncer en Veracruz por contaminaci\u00f3n de f\u00e1bricas","author":"grieta","date":"3 enero, 2020","format":false,"excerpt":"Laura Morales \/ Imagen del Golfo A trav\u00e9s de la Secretar\u00eda de Salud, el Gobierno del Estado debe regular a las empresas por la contaminaci\u00f3n que generan pues los casos de c\u00e1ncer van en aumento, se\u00f1al\u00f3 Roxana Gu\u00edzar, directora de Casa MAM. Afirm\u00f3 que la alimentaci\u00f3n, junto con la contaminaci\u00f3n\u2026","rel":"","context":"En &quot;CINTILLO&quot;","block_context":{"text":"CINTILLO","link":"https:\/\/www.grieta.org.mx\/index.php\/category\/cintillo\/"},"img":{"alt_text":"","src":"https:\/\/i0.wp.com\/www.grieta.org.mx\/wp-content\/uploads\/2020\/01\/570464_d.jgp_.jpg?resize=350%2C200&ssl=1","width":350,"height":200,"srcset":"https:\/\/i0.wp.com\/www.grieta.org.mx\/wp-content\/uploads\/2020\/01\/570464_d.jgp_.jpg?resize=350%2C200&ssl=1 1x, https:\/\/i0.wp.com\/www.grieta.org.mx\/wp-content\/uploads\/2020\/01\/570464_d.jgp_.jpg?resize=525%2C300&ssl=1 1.5x"},"classes":[]},{"id":43958,"url":"https:\/\/www.grieta.org.mx\/index.php\/2020\/01\/31\/no-para-la-contaminacion-de-pemex-en-escolin-de-papantla-veracruz\/","url_meta":{"origin":63473,"position":1},"title":"No para la contaminaci\u00f3n de Pemex en Escol\u00edn de Papantla  (Veracruz)","author":"grieta","date":"31 enero, 2020","format":false,"excerpt":"Juan Olmedo \/ Vanguardia Papantla, Ver.- Una vez m\u00e1s Petr\u00f3leos Mexicanos (Pemex) es orquestador de un caso de contaminaci\u00f3n en la localidad Reforma Escol\u00edn, denunci\u00f3 la agente municipal de esa localidad, Pastora Garc\u00eda Jim\u00e9nez, quien dijo que por su localidad atraviesa una enorme red de ductos y pozos que no\u2026","rel":"","context":"En &quot;CINTILLO&quot;","block_context":{"text":"CINTILLO","link":"https:\/\/www.grieta.org.mx\/index.php\/category\/cintillo\/"},"img":{"alt_text":"","src":"https:\/\/i0.wp.com\/www.grieta.org.mx\/wp-content\/uploads\/2020\/02\/https-_www.vanguardiaveracruz.mx_wp-content_uploads_2020_01_EEEE-2.jpg?resize=350%2C200&ssl=1","width":350,"height":200,"srcset":"https:\/\/i0.wp.com\/www.grieta.org.mx\/wp-content\/uploads\/2020\/02\/https-_www.vanguardiaveracruz.mx_wp-content_uploads_2020_01_EEEE-2.jpg?resize=350%2C200&ssl=1 1x, https:\/\/i0.wp.com\/www.grieta.org.mx\/wp-content\/uploads\/2020\/02\/https-_www.vanguardiaveracruz.mx_wp-content_uploads_2020_01_EEEE-2.jpg?resize=525%2C300&ssl=1 1.5x, https:\/\/i0.wp.com\/www.grieta.org.mx\/wp-content\/uploads\/2020\/02\/https-_www.vanguardiaveracruz.mx_wp-content_uploads_2020_01_EEEE-2.jpg?resize=700%2C400&ssl=1 2x, https:\/\/i0.wp.com\/www.grieta.org.mx\/wp-content\/uploads\/2020\/02\/https-_www.vanguardiaveracruz.mx_wp-content_uploads_2020_01_EEEE-2.jpg?resize=1050%2C600&ssl=1 3x"},"classes":[]},{"id":43713,"url":"https:\/\/www.grieta.org.mx\/index.php\/2020\/01\/09\/grave-contaminacion-por-el-abandono-de-plantas-tratadoras-veracruz\/","url_meta":{"origin":63473,"position":2},"title":"Grave contaminaci\u00f3n por el abandono de plantas tratadoras (Veracruz)","author":"grieta","date":"9 enero, 2020","format":false,"excerpt":"Isa\u00edas Garc\u00eda Perez \/ Vanguardia Coatzintla, Ver.- Compa\u00f1\u00edas desarrolladoras de vivienda son solapadas por autoridades, pues no se les exige la edificaci\u00f3n de plantas de tratamiento de aguas residuales, mismas que van a parar directamente al r\u00edo y sus afluentes. Vecinos de las colonias Ruiz Cortines, Sector Coatzintla y Barrio\u2026","rel":"","context":"En &quot;CINTILLO&quot;","block_context":{"text":"CINTILLO","link":"https:\/\/www.grieta.org.mx\/index.php\/category\/cintillo\/"},"img":{"alt_text":"","src":"https:\/\/i0.wp.com\/www.grieta.org.mx\/wp-content\/uploads\/2020\/01\/https-_www.vanguardiaveracruz.mx_wp-content_uploads_2020_01_1.-.-plantas.jpg?resize=350%2C200&ssl=1","width":350,"height":200,"srcset":"https:\/\/i0.wp.com\/www.grieta.org.mx\/wp-content\/uploads\/2020\/01\/https-_www.vanguardiaveracruz.mx_wp-content_uploads_2020_01_1.-.-plantas.jpg?resize=350%2C200&ssl=1 1x, https:\/\/i0.wp.com\/www.grieta.org.mx\/wp-content\/uploads\/2020\/01\/https-_www.vanguardiaveracruz.mx_wp-content_uploads_2020_01_1.-.-plantas.jpg?resize=525%2C300&ssl=1 1.5x, https:\/\/i0.wp.com\/www.grieta.org.mx\/wp-content\/uploads\/2020\/01\/https-_www.vanguardiaveracruz.mx_wp-content_uploads_2020_01_1.-.-plantas.jpg?resize=700%2C400&ssl=1 2x, https:\/\/i0.wp.com\/www.grieta.org.mx\/wp-content\/uploads\/2020\/01\/https-_www.vanguardiaveracruz.mx_wp-content_uploads_2020_01_1.-.-plantas.jpg?resize=1050%2C600&ssl=1 3x"},"classes":[]},{"id":43708,"url":"https:\/\/www.grieta.org.mx\/index.php\/2020\/01\/17\/mortandad-de-especies-acuaticas-por-fugas-de-hidrocarburos-en-papantla-veracruz\/","url_meta":{"origin":63473,"position":3},"title":"Mortandad de especies acu\u00e1ticas por fugas de hidrocarburos en Papantla (Veracruz)","author":"grieta","date":"17 enero, 2020","format":false,"excerpt":"Juan Olmedo \/ Vanguardia Esta situaci\u00f3n ha causado contaminaci\u00f3n de mantos acu\u00edferos, mortandad de especies y malestar entre la poblaci\u00f3n Papantla, Ver.\u2013 Luego de realizar un recorrido por diversos puntos del municipio donde se han registrado fugas de hidrocarburos, el coordinador regional de la Secretar\u00eda de Protecci\u00f3n Civil, Oth\u00f3n Guti\u00e9rrez\u2026","rel":"","context":"En &quot;CINTILLO&quot;","block_context":{"text":"CINTILLO","link":"https:\/\/www.grieta.org.mx\/index.php\/category\/cintillo\/"},"img":{"alt_text":"","src":"https:\/\/i0.wp.com\/www.grieta.org.mx\/wp-content\/uploads\/2020\/01\/https-_www.vanguardiaveracruz.mx_wp-content_uploads_2020_01_1.-fuga-programada-2.jpg?resize=350%2C200&ssl=1","width":350,"height":200,"srcset":"https:\/\/i0.wp.com\/www.grieta.org.mx\/wp-content\/uploads\/2020\/01\/https-_www.vanguardiaveracruz.mx_wp-content_uploads_2020_01_1.-fuga-programada-2.jpg?resize=350%2C200&ssl=1 1x, https:\/\/i0.wp.com\/www.grieta.org.mx\/wp-content\/uploads\/2020\/01\/https-_www.vanguardiaveracruz.mx_wp-content_uploads_2020_01_1.-fuga-programada-2.jpg?resize=525%2C300&ssl=1 1.5x, https:\/\/i0.wp.com\/www.grieta.org.mx\/wp-content\/uploads\/2020\/01\/https-_www.vanguardiaveracruz.mx_wp-content_uploads_2020_01_1.-fuga-programada-2.jpg?resize=700%2C400&ssl=1 2x, https:\/\/i0.wp.com\/www.grieta.org.mx\/wp-content\/uploads\/2020\/01\/https-_www.vanguardiaveracruz.mx_wp-content_uploads_2020_01_1.-fuga-programada-2.jpg?resize=1050%2C600&ssl=1 3x"},"classes":[]},{"id":44189,"url":"https:\/\/www.grieta.org.mx\/index.php\/2020\/01\/02\/contaminacion-ha-afectado-pesca-en-veracruz-puerto\/","url_meta":{"origin":63473,"position":4},"title":"Contaminaci\u00f3n ha afectado pesca en Veracruz Puerto","author":"grieta","date":"2 enero, 2020","format":false,"excerpt":"Heladio Castro \/ Imagen del Golfo La baja pesca se debe a contaminantes vertidos desde la ciudad de Veracruz, adem\u00e1s de la mortandad \u201cque todos callan\u201d, acus\u00f3 el presidente de la Coalici\u00f3n de Pescadores, Marineros y Transportistas de Veracruz, Nicol\u00e1s Rivera Dom\u00ednguez. Factores como la poca operaci\u00f3n de las plantas\u2026","rel":"","context":"En &quot;CINTILLO&quot;","block_context":{"text":"CINTILLO","link":"https:\/\/www.grieta.org.mx\/index.php\/category\/cintillo\/"},"img":{"alt_text":"","src":"https:\/\/i0.wp.com\/www.grieta.org.mx\/wp-content\/uploads\/2020\/02\/577186_d.jgp_.jpg?resize=350%2C200&ssl=1","width":350,"height":200,"srcset":"https:\/\/i0.wp.com\/www.grieta.org.mx\/wp-content\/uploads\/2020\/02\/577186_d.jgp_.jpg?resize=350%2C200&ssl=1 1x, https:\/\/i0.wp.com\/www.grieta.org.mx\/wp-content\/uploads\/2020\/02\/577186_d.jgp_.jpg?resize=525%2C300&ssl=1 1.5x"},"classes":[]},{"id":39496,"url":"https:\/\/www.grieta.org.mx\/index.php\/2019\/09\/12\/frenar-contaminacion-de-cuenca-de-150-kms-demandan-ecologistas-en-tuxpan-veracruz\/","url_meta":{"origin":63473,"position":5},"title":"Frenar contaminaci\u00f3n de cuenca de 150 Kms., demandan ecologistas en Tuxpan (Veracruz)","author":"grieta","date":"12 septiembre, 2019","format":false,"excerpt":"Redacci\u00f3n \/ La opini\u00f3n de Poza Rica Tuxpan, Ver.- De 150 kil\u00f3metros de longitud, la cuenca del r\u00edo Tuxpan debe ser atendida con prioridad para detener la contaminaci\u00f3n, lo que afecta colateralmente a los ecosistemas cercanos como los manglares, la laguna de Tampamachoco y los arrecifes, advirti\u00f3 la bi\u00f3loga marina\u2026","rel":"","context":"En &quot;CINTILLO&quot;","block_context":{"text":"CINTILLO","link":"https:\/\/www.grieta.org.mx\/index.php\/category\/cintillo\/"},"img":{"alt_text":"","src":"https:\/\/i0.wp.com\/www.grieta.org.mx\/wp-content\/uploads\/2019\/09\/Screenshot_2019-09-25-Frenar-contaminaci%C3%B3n-de-cuenca-de-150-Kms-demandan-ecologistas-en-Tuxpan-%E2%80%93-La-Opini%C3%B3n-de-Poza-Rica.png?resize=350%2C200&ssl=1","width":350,"height":200,"srcset":"https:\/\/i0.wp.com\/www.grieta.org.mx\/wp-content\/uploads\/2019\/09\/Screenshot_2019-09-25-Frenar-contaminaci%C3%B3n-de-cuenca-de-150-Kms-demandan-ecologistas-en-Tuxpan-%E2%80%93-La-Opini%C3%B3n-de-Poza-Rica.png?resize=350%2C200&ssl=1 1x, https:\/\/i0.wp.com\/www.grieta.org.mx\/wp-content\/uploads\/2019\/09\/Screenshot_2019-09-25-Frenar-contaminaci%C3%B3n-de-cuenca-de-150-Kms-demandan-ecologistas-en-Tuxpan-%E2%80%93-La-Opini%C3%B3n-de-Poza-Rica.png?resize=525%2C300&ssl=1 1.5x, https:\/\/i0.wp.com\/www.grieta.org.mx\/wp-content\/uploads\/2019\/09\/Screenshot_2019-09-25-Frenar-contaminaci%C3%B3n-de-cuenca-de-150-Kms-demandan-ecologistas-en-Tuxpan-%E2%80%93-La-Opini%C3%B3n-de-Poza-Rica.png?resize=700%2C400&ssl=1 2x"},"classes":[]}],"_links":{"self":[{"href":"https:\/\/www.grieta.org.mx\/index.php\/wp-json\/wp\/v2\/posts\/63473","targetHints":{"allow":["GET"]}}],"collection":[{"href":"https:\/\/www.grieta.org.mx\/index.php\/wp-json\/wp\/v2\/posts"}],"about":[{"href":"https:\/\/www.grieta.org.mx\/index.php\/wp-json\/wp\/v2\/types\/post"}],"author":[{"embeddable":true,"href":"https:\/\/www.grieta.org.mx\/index.php\/wp-json\/wp\/v2\/users\/2"}],"replies":[{"embeddable":true,"href":"https:\/\/www.grieta.org.mx\/index.php\/wp-json\/wp\/v2\/comments?post=63473"}],"version-history":[{"count":1,"href":"https:\/\/www.grieta.org.mx\/index.php\/wp-json\/wp\/v2\/posts\/63473\/revisions"}],"predecessor-version":[{"id":63478,"href":"https:\/\/www.grieta.org.mx\/index.php\/wp-json\/wp\/v2\/posts\/63473\/revisions\/63478"}],"wp:featuredmedia":[{"embeddable":true,"href":"https:\/\/www.grieta.org.mx\/index.php\/wp-json\/wp\/v2\/media\/63475"}],"wp:attachment":[{"href":"https:\/\/www.grieta.org.mx\/index.php\/wp-json\/wp\/v2\/media?parent=63473"}],"wp:term":[{"taxonomy":"category","embeddable":true,"href":"https:\/\/www.grieta.org.mx\/index.php\/wp-json\/wp\/v2\/categories?post=63473"},{"taxonomy":"post_tag","embeddable":true,"href":"https:\/\/www.grieta.org.mx\/index.php\/wp-json\/wp\/v2\/tags?post=63473"}],"curies":[{"name":"wp","href":"https:\/\/api.w.org\/{rel}","templated":true}]}}