{"id":63435,"date":"2022-02-09T12:44:06","date_gmt":"2022-02-09T18:44:06","guid":{"rendered":"https:\/\/www.grieta.org.mx\/?p=63435"},"modified":"2022-02-20T12:53:17","modified_gmt":"2022-02-20T18:53:17","slug":"activistas-de-jalisco-denuncian-amenazas","status":"publish","type":"post","link":"https:\/\/www.grieta.org.mx\/index.php\/2022\/02\/09\/activistas-de-jalisco-denuncian-amenazas\/","title":{"rendered":"Activistas de Jalisco denuncian amenazas"},"content":{"rendered":"<p>Foto: Especial<\/p>\n<p>Juan Levario \/ El Diario NTR<\/p>\n<p>El asesinato de la abogada y activista Ver\u00f3nica Guerrero, ocurrido el 3 de febrero en Tonal\u00e1, provoc\u00f3 temor entre miembros de la sociedad civil organizada, pues al igual que ella han recibido amenazas. Adem\u00e1s, ven indolencia y complicidad del gobierno de Jalisco.<\/p>\n<p>En rueda de prensa, representantes de organizaciones civiles y activistas aseguraron que han sido amenazados y responsabilizaron al gobierno de Jalisco y a los gobiernos municipales de lo que les pueda pasar. A la par, pidieron protecci\u00f3n de la Federaci\u00f3n y que la Fiscal\u00eda General de la Rep\u00fablica (FGR) atraiga el caso de Ver\u00f3nica, quien antes de ser asesinada se opon\u00eda al uso del tiradero de Matatl\u00e1n por parte de Caabsa, empresa concesionaria del servicio de recolecci\u00f3n de basura en diversos municipios metropolitanos.<\/p>\n<p>A pesar de que la Comisi\u00f3n Estatal de Derechos Humanos Jalisco (CEDHJ) ha emitido medidas cautelares para protegerlos, aseguraron que hay al menos 80 activistas y defensores de derechos humanos en situaci\u00f3n de riesgo.<\/p>\n<p>Pese a este panorama, dieron a conocer que conformar\u00e1n un frente por la defensa de derechos humanos, el cual tambi\u00e9n se motiva en la colusi\u00f3n que perciben entre el gobierno de Jalisco y los del \u00c1rea Metropolitana de Guadalajara (AMG) con intereses inmobiliarios y grupos de poder.<\/p>\n<p>\u201cYa debe de haber una intervenci\u00f3n directa del gobierno federal para poner un alto, porque este gobierno estatal no hace nada, no vemos ninguna preocupaci\u00f3n por parar esta crisis humanitaria que vivimos aqu\u00ed en el estado\u201d, pidi\u00f3 Ra\u00fal Cuauht\u00e9moc Argaez Olivera, representante de la Asamblea de la Defensa del Agua del AMG.<\/p>\n<p>Por su parte, Sergio Morales, del colectivo Defendamos el Cerro de la Reina, narr\u00f3 que a los miembros de esta agrupaci\u00f3n los amenazaron con descuartizarlos junto con sus familias. A \u00e9l lo estuvieron siguiendo durante un mes por sostener una lucha contra distintas urbanizaciones que atentan contra el medio ambiente del cerro.<\/p>\n<p>Arturo Mendoza, del colectivo \u00danete Huentit\u00e1n, expuso que el gobierno de Jalisco apoy\u00f3 a un grupo paramilitar para desalojar a personas que defend\u00edan el Parque Resistencia Huentit\u00e1n en contra del proyecto inmobiliario Iconia, el cual perjudicar\u00eda el medio ambiente y la calidad de vida de los habitantes de la zona.<\/p>\n<p>Finalmente, Jos\u00e9 de Jes\u00fas Carolo L\u00f3pez, representante del Consejo Ind\u00edgena Campesino de Occidente, recalc\u00f3 que la familia del gobernador Enrique Alfaro Ram\u00edrez tiene negocios inmobiliarios. A la vez, narr\u00f3 que hace tres semanas polic\u00edas de Guadalajara violaron un amparo federal que proteg\u00eda unos terrenos en Arboledas del Sur.<\/p>\n<p><a href=\"https:\/\/www.ntrguadalajara.com\/post.php?id_nota=178028\">https:\/\/www.ntrguadalajara.com\/post.php?id_nota=178028<\/a><\/p>\n","protected":false},"excerpt":{"rendered":"<p>Foto: Especial Juan Levario \/ El Diario NTR El asesinato de la abogada y activista Ver\u00f3nica Guerrero, ocurrido el 3 de febrero en Tonal\u00e1, provoc\u00f3 temor entre miembros de la &hellip; <a href=\"https:\/\/www.grieta.org.mx\/index.php\/2022\/02\/09\/activistas-de-jalisco-denuncian-amenazas\/\" class=\"more-link\">Leer m\u00e1s<\/a><\/p>\n","protected":false},"author":2,"featured_media":63436,"comment_status":"closed","ping_status":"closed","sticky":false,"template":"","format":"standard","meta":{"ngg_post_thumbnail":0,"_jetpack_newsletter_access":"","_jetpack_dont_email_post_to_subs":false,"_jetpack_newsletter_tier_id":0,"_jetpack_memberships_contains_paywalled_content":false,"_jetpack_memberships_contains_paid_content":false,"footnotes":""},"categories":[2859,80,1736,1278,2561,20,2,83],"tags":[4005,2860,2140,1046,2793,2942,3699],"class_list":["post-63435","post","type-post","status-publish","format-standard","has-post-thumbnail","hentry","category-amenazas-contra-activistas-en-jalisco","category-cintillo","category-despojo-de-territorio-en-jalisco","category-despojo-de-tierras-y-territorios","category-destruccion-ambiental-en-jalisco","category-jalisco","category-noticias-nacionales","category-temas-nacionales","tag-agresiones-a-defensores-y-activistas","tag-amenazas-contra-activistas","tag-asesinato-de-activistas","tag-cartel-inmobiliario","tag-defensores-territorio","tag-despojo-de-tierras-por-inmobiliarias","tag-destruccion-ambiental-por-proyectos-inmobiliarios","entry"],"jetpack_featured_media_url":"https:\/\/www.grieta.org.mx\/wp-content\/uploads\/2022\/02\/2022-02-08_11-02-18___5909.jpg","jetpack_sharing_enabled":true,"jetpack_shortlink":"https:\/\/wp.me\/p7ZJR4-gv9","jetpack_likes_enabled":false,"jetpack-related-posts":[{"id":65942,"url":"https:\/\/www.grieta.org.mx\/index.php\/2022\/12\/07\/organizaciones-exigen-frenar-el-hostigamiento-judicial-hacia-defensores-del-nixticuil-jalisco\/","url_meta":{"origin":63435,"position":0},"title":"Organizaciones exigen frenar el hostigamiento judicial hacia defensores del Nixticuil (Jalisco)","author":"grieta","date":"7 diciembre, 2022","format":false,"excerpt":"Imagen: Cortes\u00eda Lauro Rodr\u00edguez \/ El Diario NTR De nueva cuenta, defensores del bosque El Nixticuil son blanco de hostigamiento judicial, acusaron organizaciones civiles que respaldan a los activistas. De acuerdo con un comunicado firmado por la Red TDT, el Centro de Justicia para la Paz y el Desarrollo (Cepad),\u2026","rel":"","context":"En &quot;CINTILLO&quot;","block_context":{"text":"CINTILLO","link":"https:\/\/www.grieta.org.mx\/index.php\/category\/cintillo\/"},"img":{"alt_text":"","src":"https:\/\/i0.wp.com\/www.grieta.org.mx\/wp-content\/uploads\/2022\/12\/2022-12-07_05-12-14___8829.jpg?resize=350%2C200&ssl=1","width":350,"height":200,"srcset":"https:\/\/i0.wp.com\/www.grieta.org.mx\/wp-content\/uploads\/2022\/12\/2022-12-07_05-12-14___8829.jpg?resize=350%2C200&ssl=1 1x, https:\/\/i0.wp.com\/www.grieta.org.mx\/wp-content\/uploads\/2022\/12\/2022-12-07_05-12-14___8829.jpg?resize=525%2C300&ssl=1 1.5x, https:\/\/i0.wp.com\/www.grieta.org.mx\/wp-content\/uploads\/2022\/12\/2022-12-07_05-12-14___8829.jpg?resize=700%2C400&ssl=1 2x"},"classes":[]},{"id":65596,"url":"https:\/\/www.grieta.org.mx\/index.php\/2022\/10\/18\/exigen-pobladores-y-organizaciones-inocencia-para-10-comuneros-de-mezcala-jalisco\/","url_meta":{"origin":63435,"position":1},"title":"Exigen pobladores y organizaciones inocencia para 10 comuneros de Mezcala (Jalisco)","author":"grieta","date":"18 octubre, 2022","format":false,"excerpt":"Imagen: Jorge Alberto Mendoza Jos\u00e9 Toral \/\u00a0 El Diario NTR Diez comuneros de Mezcala de la Asunci\u00f3n, en Poncitl\u00e1n, enfrentan procesos penales tras luchar por la defensa de un territorio que le pertenec\u00eda a la comunidad y que ya le fue entregado tras m\u00e1s de 20 a\u00f1os de litigios. Al\u2026","rel":"","context":"En &quot;8. Mezcala&quot;","block_context":{"text":"8. Mezcala","link":"https:\/\/www.grieta.org.mx\/index.php\/category\/espejos-de-la-resistencia\/8-mezcala\/"},"img":{"alt_text":"","src":"https:\/\/i0.wp.com\/www.grieta.org.mx\/wp-content\/uploads\/2022\/10\/2022-10-17_11-10-48___9568.jpg?resize=350%2C200&ssl=1","width":350,"height":200,"srcset":"https:\/\/i0.wp.com\/www.grieta.org.mx\/wp-content\/uploads\/2022\/10\/2022-10-17_11-10-48___9568.jpg?resize=350%2C200&ssl=1 1x, https:\/\/i0.wp.com\/www.grieta.org.mx\/wp-content\/uploads\/2022\/10\/2022-10-17_11-10-48___9568.jpg?resize=525%2C300&ssl=1 1.5x, https:\/\/i0.wp.com\/www.grieta.org.mx\/wp-content\/uploads\/2022\/10\/2022-10-17_11-10-48___9568.jpg?resize=700%2C400&ssl=1 2x"},"classes":[]},{"id":62899,"url":"https:\/\/www.grieta.org.mx\/index.php\/2021\/12\/10\/cladem-denuncia-agresion-y-amenazas-contra-una-de-sus-integrantes\/","url_meta":{"origin":63435,"position":2},"title":"Cladem denuncia agresi\u00f3n y amenazas contra una de sus integrantes","author":"grieta","date":"10 diciembre, 2021","format":false,"excerpt":"Foto: Especial Redacci\u00f3n \/ El Diario NTR El Comit\u00e9 de Am\u00e9rica Latina y el Caribe para la Defensa de los Derechos de las Mujeres (Cladem) denunci\u00f3 que una de sus integrantes fue amenazada y agredida en la calle por desconocidos que intentaron subirla a un veh\u00edculo a la fuerza. Sin\u2026","rel":"","context":"En &quot;Amenazas contra activistas en Jalisco&quot;","block_context":{"text":"Amenazas contra activistas en Jalisco","link":"https:\/\/www.grieta.org.mx\/index.php\/category\/noticias-nacionales\/jalisco\/amenazas-contra-activistas-en-jalisco\/"},"img":{"alt_text":"","src":"https:\/\/i0.wp.com\/www.grieta.org.mx\/wp-content\/uploads\/2021\/12\/2021-12-10_03-12-28___8684.png?resize=350%2C200&ssl=1","width":350,"height":200,"srcset":"https:\/\/i0.wp.com\/www.grieta.org.mx\/wp-content\/uploads\/2021\/12\/2021-12-10_03-12-28___8684.png?resize=350%2C200&ssl=1 1x, https:\/\/i0.wp.com\/www.grieta.org.mx\/wp-content\/uploads\/2021\/12\/2021-12-10_03-12-28___8684.png?resize=525%2C300&ssl=1 1.5x, https:\/\/i0.wp.com\/www.grieta.org.mx\/wp-content\/uploads\/2021\/12\/2021-12-10_03-12-28___8684.png?resize=700%2C400&ssl=1 2x"},"classes":[]},{"id":64512,"url":"https:\/\/www.grieta.org.mx\/index.php\/2022\/07\/07\/el-comite-en-defensa-del-bosque-nixticuil-denuncia-amenazas-en-contra-de-sus-integrantes-jalisco\/","url_meta":{"origin":63435,"position":3},"title":"El Comit\u00e9 en Defensa del Bosque Nixticuil denuncia amenazas en contra de sus integrantes (Jalisco)","author":"grieta","date":"7 julio, 2022","format":false,"excerpt":"Imagen: Somos El Medio Hay dos carpetas de investigaci\u00f3n abiertas en contra de integrantes del Comit\u00e9 en Defensa del Bosque Nixticuil Adriana G\u00f3mez \/ Somos El Medio Los integrantes del\u00a0Comit\u00e9 en Defensa del Bosque Nixticuil del municipio de Zapopan,\u00a0Jalisco, a trav\u00e9s de un comunicado, dieron a conocer las carpetas de\u2026","rel":"","context":"En &quot;Amenazas contra activistas en Jalisco&quot;","block_context":{"text":"Amenazas contra activistas en Jalisco","link":"https:\/\/www.grieta.org.mx\/index.php\/category\/noticias-nacionales\/jalisco\/amenazas-contra-activistas-en-jalisco\/"},"img":{"alt_text":"","src":"https:\/\/i0.wp.com\/www.grieta.org.mx\/wp-content\/uploads\/2022\/07\/asdfghj.jpg?resize=350%2C200&ssl=1","width":350,"height":200,"srcset":"https:\/\/i0.wp.com\/www.grieta.org.mx\/wp-content\/uploads\/2022\/07\/asdfghj.jpg?resize=350%2C200&ssl=1 1x, https:\/\/i0.wp.com\/www.grieta.org.mx\/wp-content\/uploads\/2022\/07\/asdfghj.jpg?resize=525%2C300&ssl=1 1.5x, https:\/\/i0.wp.com\/www.grieta.org.mx\/wp-content\/uploads\/2022\/07\/asdfghj.jpg?resize=700%2C400&ssl=1 2x"},"classes":[]},{"id":64604,"url":"https:\/\/www.grieta.org.mx\/index.php\/2022\/07\/22\/luz-raquel-padilla-la-madre-y-activista-mexicana-quemada-tras-denunciar-amenazas-jalisco\/","url_meta":{"origin":63435,"position":4},"title":"Luz Raquel Padilla: la madre y activista mexicana quemada tras denunciar amenazas (Jalisco)","author":"grieta","date":"22 julio, 2022","format":false,"excerpt":"Imagen: Nensweek Kenia Hern\u00e1ndez Rivera \/ Newsweek en espa\u00f1ol Luz Raquel Padilla, de 35 a\u00f1os, fue atacada el 16 de julio en Zapopan, Jalisco, M\u00e9xico, por cinco personas que le rociaron alcohol para despu\u00e9s prenderle fuego. Cuando los polic\u00edas atendieron el reporte la encontraron con quemaduras en 90 por ciento\u2026","rel":"","context":"En &quot;Amenazas contra activistas en Jalisco&quot;","block_context":{"text":"Amenazas contra activistas en Jalisco","link":"https:\/\/www.grieta.org.mx\/index.php\/category\/noticias-nacionales\/jalisco\/amenazas-contra-activistas-en-jalisco\/"},"img":{"alt_text":"","src":"https:\/\/i0.wp.com\/www.grieta.org.mx\/wp-content\/uploads\/2022\/07\/FTBIZYzXwAA84y7.jpg?resize=350%2C200&ssl=1","width":350,"height":200,"srcset":"https:\/\/i0.wp.com\/www.grieta.org.mx\/wp-content\/uploads\/2022\/07\/FTBIZYzXwAA84y7.jpg?resize=350%2C200&ssl=1 1x, https:\/\/i0.wp.com\/www.grieta.org.mx\/wp-content\/uploads\/2022\/07\/FTBIZYzXwAA84y7.jpg?resize=525%2C300&ssl=1 1.5x"},"classes":[]},{"id":63362,"url":"https:\/\/www.grieta.org.mx\/index.php\/2022\/02\/10\/colectivos-revisaran-depredacion-ambiental-jalisco\/","url_meta":{"origin":63435,"position":5},"title":"Colectivos revisar\u00e1n depredaci\u00f3n ambiental (Jalisco)","author":"grieta","date":"10 febrero, 2022","format":false,"excerpt":"Foto Jorge Alberto Mendoza Redacci\u00f3n \/ El Diario NTR A trav\u00e9s de los foros Defensores Ambientales del Territorio y el Agua (DATA): El lenguaje del dinero contra la vida, los colectivos que integran la Red de Resistencia revisar\u00e1n y documentar\u00e1n los casos de depredaci\u00f3n ambiental que ocurren en la ciudad.\u2026","rel":"","context":"En &quot;CINTILLO&quot;","block_context":{"text":"CINTILLO","link":"https:\/\/www.grieta.org.mx\/index.php\/category\/cintillo\/"},"img":{"alt_text":"","src":"https:\/\/i0.wp.com\/www.grieta.org.mx\/wp-content\/uploads\/2022\/02\/2022-02-09_11-02-49___6278.jpg?resize=350%2C200&ssl=1","width":350,"height":200,"srcset":"https:\/\/i0.wp.com\/www.grieta.org.mx\/wp-content\/uploads\/2022\/02\/2022-02-09_11-02-49___6278.jpg?resize=350%2C200&ssl=1 1x, https:\/\/i0.wp.com\/www.grieta.org.mx\/wp-content\/uploads\/2022\/02\/2022-02-09_11-02-49___6278.jpg?resize=525%2C300&ssl=1 1.5x, https:\/\/i0.wp.com\/www.grieta.org.mx\/wp-content\/uploads\/2022\/02\/2022-02-09_11-02-49___6278.jpg?resize=700%2C400&ssl=1 2x"},"classes":[]}],"_links":{"self":[{"href":"https:\/\/www.grieta.org.mx\/index.php\/wp-json\/wp\/v2\/posts\/63435","targetHints":{"allow":["GET"]}}],"collection":[{"href":"https:\/\/www.grieta.org.mx\/index.php\/wp-json\/wp\/v2\/posts"}],"about":[{"href":"https:\/\/www.grieta.org.mx\/index.php\/wp-json\/wp\/v2\/types\/post"}],"author":[{"embeddable":true,"href":"https:\/\/www.grieta.org.mx\/index.php\/wp-json\/wp\/v2\/users\/2"}],"replies":[{"embeddable":true,"href":"https:\/\/www.grieta.org.mx\/index.php\/wp-json\/wp\/v2\/comments?post=63435"}],"version-history":[{"count":1,"href":"https:\/\/www.grieta.org.mx\/index.php\/wp-json\/wp\/v2\/posts\/63435\/revisions"}],"predecessor-version":[{"id":63437,"href":"https:\/\/www.grieta.org.mx\/index.php\/wp-json\/wp\/v2\/posts\/63435\/revisions\/63437"}],"wp:featuredmedia":[{"embeddable":true,"href":"https:\/\/www.grieta.org.mx\/index.php\/wp-json\/wp\/v2\/media\/63436"}],"wp:attachment":[{"href":"https:\/\/www.grieta.org.mx\/index.php\/wp-json\/wp\/v2\/media?parent=63435"}],"wp:term":[{"taxonomy":"category","embeddable":true,"href":"https:\/\/www.grieta.org.mx\/index.php\/wp-json\/wp\/v2\/categories?post=63435"},{"taxonomy":"post_tag","embeddable":true,"href":"https:\/\/www.grieta.org.mx\/index.php\/wp-json\/wp\/v2\/tags?post=63435"}],"curies":[{"name":"wp","href":"https:\/\/api.w.org\/{rel}","templated":true}]}}