{"id":63420,"date":"2021-12-28T13:22:40","date_gmt":"2021-12-28T19:22:40","guid":{"rendered":"https:\/\/www.grieta.org.mx\/?p=63420"},"modified":"2022-02-24T14:52:34","modified_gmt":"2022-02-24T20:52:34","slug":"pagan-a-jornaleros-5-pesos-por-20-kilos-de-chile-baja-california-chihuahua-jalisco-michoacan-sinaloa-zacatecas","status":"publish","type":"post","link":"https:\/\/www.grieta.org.mx\/index.php\/2021\/12\/28\/pagan-a-jornaleros-5-pesos-por-20-kilos-de-chile-baja-california-chihuahua-jalisco-michoacan-sinaloa-zacatecas\/","title":{"rendered":"Pagan a jornaleros 5 pesos por 20 kilos de chile  (Baja California, Chihuahua, Jalisco, Michoac\u00e1n, Sinaloa, Zacatecas)"},"content":{"rendered":"<p><strong>Adem\u00e1s de llenar cubetas, las cargan de 100 a 500 metros para depositar su contenido en un cami\u00f3n <\/strong><\/p>\n<p>Bertha Becerra | El Sol de M\u00e9xico, martes 28 de diciembre de 2021<\/p>\n<p>Nunca pararon durante el confinamiento. Entre marzo de 2020 y octubre de 2021, m\u00e1s de 25 mil personas de los cinco municipios m\u00e1s pobres del pa\u00eds, en la Monta\u00f1a de Guerrero, salieron a los campos agr\u00edcolas de Sinaloa, Valle de San Quint\u00edn, Jalisco, Chihuahua, Zacatecas y Michoac\u00e1n a levantar cosechas.<\/p>\n<p>Son jornaleros que trabajan de sol a sol, en condiciones deplorables y con prestaciones sociales s\u00f3lo en el papel. \u201cPara ellos, es migrar o morir. Quedarse en sus comunidades es morirse de hambre. Ellos hacen posible que los alimentos lleguen a nuestra mesa, pero tienen salarios de hambre\u201d, refiere a El Sol de M\u00e9xico el director del Centro de Derechos Humanos Tlachinollan, Abel Barrera Hern\u00e1ndez.<\/p>\n<p>Para estos trabajadores, el incremento al salario m\u00ednimo anunciado por la Comisi\u00f3n Nacional de Salarios M\u00ednimos (Conasami) para 2022, de 172 pesos diarios, no significa nada en comparaci\u00f3n a lo extenuante de su trabajo.<\/p>\n<p>\u201cRealmente no se sienten reflejados en este aumento, porque su trabajo es extenuante de sol a sol, en condiciones deplorables. La mayor\u00eda de ellos prefiere el trabajo a destajo, esto es, la recolecta en cubetas de 20 kilogramos de chile, tomate, por las que les pagan cinco pesos\u201d.<\/p>\n<p>Los jornaleros no s\u00f3lo se encargan de llenar las cubetas sino cargarlas de 100 a 500 metros para depositarlas en un cami\u00f3n que luego transporta la mercanc\u00eda.<\/p>\n<p>\u201cHay padres de familia que cargan hasta tres cubetas: una en la cabeza, otra en el hombro izquierdo y otra en la mano derecha\u201d.<\/p>\n<p>Lo m\u00e1s que pueden sacar con este trabajo intenso son 150 pesos diarios \u201cy los que trabajan con todo el sudor de su frente hasta 300\u201d, denuncia Barrera desde Tlapa, Guerrero.<\/p>\n<p>Explica que desde hace dos a\u00f1os organizaciones civiles conformaron una alianza denominada Campo Justo donde una de las metas fue lograr que la Conasami empezara a incorporar a los trabajadores jornaleros agr\u00edcolas porque antes no se contemplaban dentro de los salarios especiales.<\/p>\n<p>Fue un gran logro que pudieran incorporarlos, pero el salario m\u00ednimo que se asign\u00f3 para la poblaci\u00f3n jornalera en 2022 sigue siendo insuficiente. De acuerdo con Barrera, estos trabajadores requerir\u00edan un m\u00ednimo de 300 pesos diarios para cubrir sus necesidades m\u00e1s elementales.<\/p>\n<p>\u201cEl piso b\u00e1sico. Para las y los jornaleros es insuficiente, pero es la meta. No se ha logrado. Vamos muy despacio. Sabemos que por lo menos ya hay voluntad pol\u00edtica. Ya hay mayor disposici\u00f3n para el aumento al salario m\u00ednimo\u201d, se\u00f1ala.<\/p>\n<p>Las y los jornaleros son trabajadores especiales. Durante la pandemia nunca pararon. Ellos no estuvieron confinados a pesar de los contagios, ellos estaban en los campos agr\u00edcolas haciendo la recolecta.<\/p>\n<p>En su viaje a los campos agr\u00edcolas la poblaci\u00f3n queda muy expuesta. Viajan con ni\u00f1os, madres embarazadas, personas mayores. No les dan alojamiento. Tienen que pagar renta de un cuarto, donde no tienen ba\u00f1o o no hay electricidad. Tienen que tomar agua del canal.<\/p>\n<p>Y, sin embargo, el ingreso precario de los jornaleros es el pilar que sostiene la econom\u00eda de las familias de La Monta\u00f1a, afirma Barrera con contundencia.<\/p>\n<p>\u2013\u00bfYa tuvieron acercamiento con funcionarios de Conasami?<\/p>\n<p>\u2013Recientemente no hemos tenido pl\u00e1ticas. Hablamos en una ocasi\u00f3n con la secretaria del Trabajo, Luisa Mar\u00eda Alcalde, y le planteamos nuestra preocupaci\u00f3n. Asumi\u00f3 en colocar el salario m\u00ednimo de los jornaleros en la agenda.<\/p>\n<p>Hemos hablado con algunos miembros del consejo de la Conasami, m\u00e1s con los representantes de los sindicatos. Ha sido dif\u00edcil hablar con los empresarios, pero seguimos empujando.<\/p>\n<p>SEGURO SOCIAL SOLO EN EL PAPEL<\/p>\n<p>El activista indica que a nivel nacional se habla de alrededor de tres millones de personas que se ocupan como jornaleras, sobre todo provenientes de Oaxaca, Chiapas, Guerrero, Veracruz. Contando a sus familias, se estiman en 8.5 millones.<\/p>\n<p>\u201cHemos documentado que 40 por ciento de la poblaci\u00f3n de La Monta\u00f1a son ni\u00f1os y al mismo tiempo casi 30 por ciento no van a la escuela. Entonces, son altos los \u00edndices de analfabetismo, de monoling\u00fcismo; madres de familia que no saben leer ni escribir; que se van embarazadas y muchas son madres solteras que tienen que ir a trabajar con tres o cuatro ni\u00f1os\u201d.<\/p>\n<p>Barrera indica que tambi\u00e9n han pedido a la Secretar\u00eda del Trabajo y Previsi\u00f3n Social (STPS) que realice inspecciones en los campos agr\u00edcolas y verifique las condiciones laborales de la poblaci\u00f3n jornalera.<\/p>\n<p>\u201cEllos (la STPS), nos hablan de que hacen muchas inspecciones, pero con pocos resultados. No vemos que haya recomendaciones y que se obligue a los empresarios a que cumplan con las leyes laborales\u201d.<\/p>\n<p>\u2013\u00bfY que los inscriban en el IMSS?<\/p>\n<p>\u2013Correcto. Se aplica el Seguro Social pero solo en el papel, porque en la pr\u00e1ctica, la gente nos dice que cuando se enferman, ellos tienen que pagar m\u00e9dico y comprar las medicinas. No se hace efectivo el IMSS. Ese es el problema. Y esto en verdad, es una carga muy grande porque con la pandemia se han enfermado varios de ellos y han cubierto los tratamientos.<\/p>\n<p>\u2013Y por otro lado est\u00e1 el trabajo infantil, \u00bflos hijos tienen que colaborar?<\/p>\n<p>\u2013Exacto. Peque\u00f1os de 12 a\u00f1os sobre todo. Quiero comentarle que en M\u00e9xico hay muchos campos agr\u00edcolas que no est\u00e1n registrados en la STPS, que no est\u00e1n dados de alta. Son como campos informales, clandestinos. Son de ganaderos, de empresarios que rentan la tierra y que para cosechar necesitan mucha mano de obra.<\/p>\n<p>Y como no est\u00e1n registrados ni regulados, ellos contratan a las familias y les dan trabajo a los menores y eso no debe de suceder. Las mismas familias ven una oportunidad porque los hijos no van a la escuela y no los pueden dejar en el pueblo porque no pueden sostenerlos y entonces trabajan los ni\u00f1os. Y en lugar de un salario reciben cuatro o cinco sueldos.<\/p>\n<p>Eso les ayuda a tener mejor ingreso. No es tanto, porque ah\u00ed mismo en el campo tienen que comprar los productos y son muy caros. Es un c\u00edrculo vicioso que lo que ganan extra se queda ah\u00ed entre un 60 a 70 por ciento. Entonces, regresan con 10 mil, 15 mil o 20 mil pesos por temporada de seis meses.<\/p>\n<p>Y esto para una familia no le alcanza para la compra del ma\u00edz, de ropa, utensilios para los hijos que van a la escuela o medicinas.<\/p>\n<p>\u2013\u00bfCu\u00e1ntos ni\u00f1os trabajan en los campos agr\u00edcolas?<\/p>\n<p>\u2013Es un alto n\u00famero de ni\u00f1os. Hacemos una contabilidad de 40 por ciento de cero a\u00f1os a 17 a\u00f1os. Ahora, ser\u00e1n como tres mil ni\u00f1os de 12 a 17 a\u00f1os que m\u00e1s trabajan en las temporadas que van de febrero a septiembre cada a\u00f1o.<\/p>\n<p>Es lo que m\u00e1s o menos hemos registrado aqu\u00ed en la regi\u00f3n de la Monta\u00f1a.<\/p>\n<p>\u2013\u00bfSe mantienen los rezagos sociales?<\/p>\n<p>\u2013En efecto. Trabajan mucho, ganan poco. Siguen los rezagos sociales: En las comunidades est\u00e1n sin escuelas y sin maestros, Y donde hay, las escuelas son unitarias porque solo hay un maestro para todos los grupos. Es parte de la discriminaci\u00f3n estructural.<\/p>\n<p>Los ni\u00f1os ind\u00edgenas si son 20 solo mandan un maestro que ni habla la lengua de las comunidades. Vienen nada m\u00e1s a castellanizar, eso no es educaci\u00f3n. Faltan maestros que hablen la lengua y que tengan visi\u00f3n de interculturalidad, que reconozcan que a los ni\u00f1os hay que enaltecer su identidad, sus conocimientos.<\/p>\n<p>Esto ha hecho que el rezago social sea muy profundo aqu\u00ed en la Monta\u00f1a: comunidades todav\u00eda con caminos intransitables, algunos no tienen luz. Y a pesar de que las monta\u00f1as son fuentes de agua y en sus casas no tienen una llave de agua.<\/p>\n<p>Aqu\u00ed nacen los afluentes del r\u00edo Balsas y Papagayo y parad\u00f3jicamente no tienen agua en sus viviendas y comunidades. El problema es que no hay infraestructura para los servicios b\u00e1sicos de la comunidad.<\/p>\n<p>\u2013\u00bfCree que Conasami ya se sensibiliz\u00f3 en el tema de los jornaleros agr\u00edcolas?<\/p>\n<p>\u2013Creo que del uno al 10, vamos en el n\u00famero dos. Falta m\u00e1s. Como hay una conformaci\u00f3n tripartita, los empresarios no est\u00e1n muy convencidos. Los sectores de los trabajadores, tampoco todos los apoyan, los sindicatos. Entonces, falta m\u00e1s trabajo. \u00a1Ya logramos colocar el tema!<\/p>\n<p><a href=\"https:\/\/www.elsoldemexico.com.mx\/mexico\/sociedad\/pagan-a-jornaleros-5-pesos-por-20-kilos-de-chile-7660749.html\">https:\/\/www.elsoldemexico.com.mx\/mexico\/sociedad\/pagan-a-jornaleros-5-pesos-por-20-kilos-de-chile-7660749.html<\/a><\/p>\n","protected":false},"excerpt":{"rendered":"<p>Adem\u00e1s de llenar cubetas, las cargan de 100 a 500 metros para depositar su contenido en un cami\u00f3n Bertha Becerra | El Sol de M\u00e9xico, martes 28 de diciembre de &hellip; <a href=\"https:\/\/www.grieta.org.mx\/index.php\/2021\/12\/28\/pagan-a-jornaleros-5-pesos-por-20-kilos-de-chile-baja-california-chihuahua-jalisco-michoacan-sinaloa-zacatecas\/\" class=\"more-link\">Leer m\u00e1s<\/a><\/p>\n","protected":false},"author":2,"featured_media":63503,"comment_status":"closed","ping_status":"closed","sticky":false,"template":"","format":"standard","meta":{"ngg_post_thumbnail":0,"_jetpack_newsletter_access":"","_jetpack_dont_email_post_to_subs":false,"_jetpack_newsletter_tier_id":0,"_jetpack_memberships_contains_paywalled_content":false,"_jetpack_memberships_contains_paid_content":false,"footnotes":""},"categories":[5,122,12,80,910,1109,18,20,85,369,2488,1604,1508,21,1925,30,76],"tags":[1057,634,3241,195,1291,2841,2794,3567,1117],"class_list":{"0":"post-63420","1":"post","2":"type-post","3":"status-publish","4":"format-standard","5":"has-post-thumbnail","6":"hentry","7":"category-baja-california","8":"category-chihuahua","10":"category-cintillo","11":"category-explotacion-y-precariedad-laboral","12":"category-explotacion-y-precariedad-laboral-zacatecas","13":"category-guerrero","14":"category-jalisco","15":"category-jornaleros","16":"category-jornaleros-analisis","17":"category-jornaleros-en-jalisco","18":"category-jornaleros-en-michoacan-michoacan","19":"category-jornaleros-en-zacatecas","20":"category-michoacan","21":"category-precarizacion-laboral-en-guerrero","22":"category-sinaloa","23":"category-zacatecas","24":"tag-agricultura-de-exportacion","25":"tag-condiciones-laborales","26":"tag-covid-19","27":"tag-explotacion","28":"tag-explotacion-laboral","29":"tag-explotacion-y-precariedad-laboral","30":"tag-jornaleros-agricolas","31":"tag-trabajadores-agricolas","32":"tag-violacion-de-derechos-laborales","33":"entry"},"jetpack_featured_media_url":"https:\/\/www.grieta.org.mx\/wp-content\/uploads\/2022\/02\/cuartoscuro_681090_digital.jpg","jetpack_sharing_enabled":true,"jetpack_shortlink":"https:\/\/wp.me\/p7ZJR4-guU","jetpack_likes_enabled":false,"jetpack-related-posts":[{"id":62874,"url":"https:\/\/www.grieta.org.mx\/index.php\/2021\/09\/01\/jornaleros-agricolas-de-los-mas-vulnerados-ante-covid-19\/","url_meta":{"origin":63420,"position":0},"title":"Jornaleros agr\u00edcolas, de los m\u00e1s vulnerados ante Covid-19","author":"grieta","date":"1 septiembre, 2021","format":false,"excerpt":"\u00c9rika Ram\u00edrez -Contar\u00f1inea, 01 Sep 2021 La Red Nacional de Jornaleros y Jornaleras Agr\u00edcolas (REJJA), con presencia en Chiapas, Oaxaca, Guerrero, Ciudad de M\u00e9xico, Morelos, San Luis Potos\u00ed, Guanajuato, Sinaloa y Sonora, alert\u00f3 que este grupo de campesinos migrantes se enfrentan \u201ca una serie de situaciones que han vulnerado a\u00fan\u2026","rel":"","context":"En &quot;Aguascalientes&quot;","block_context":{"text":"Aguascalientes","link":"https:\/\/www.grieta.org.mx\/index.php\/category\/noticias-nacionales\/aguascalientes\/"},"img":{"alt_text":"","src":"https:\/\/i0.wp.com\/www.grieta.org.mx\/wp-content\/uploads\/2021\/12\/Captura-de-pantalla-2021-12-16-a-las-10.23.42.png?resize=350%2C200&ssl=1","width":350,"height":200,"srcset":"https:\/\/i0.wp.com\/www.grieta.org.mx\/wp-content\/uploads\/2021\/12\/Captura-de-pantalla-2021-12-16-a-las-10.23.42.png?resize=350%2C200&ssl=1 1x, https:\/\/i0.wp.com\/www.grieta.org.mx\/wp-content\/uploads\/2021\/12\/Captura-de-pantalla-2021-12-16-a-las-10.23.42.png?resize=525%2C300&ssl=1 1.5x, https:\/\/i0.wp.com\/www.grieta.org.mx\/wp-content\/uploads\/2021\/12\/Captura-de-pantalla-2021-12-16-a-las-10.23.42.png?resize=700%2C400&ssl=1 2x, https:\/\/i0.wp.com\/www.grieta.org.mx\/wp-content\/uploads\/2021\/12\/Captura-de-pantalla-2021-12-16-a-las-10.23.42.png?resize=1050%2C600&ssl=1 3x, https:\/\/i0.wp.com\/www.grieta.org.mx\/wp-content\/uploads\/2021\/12\/Captura-de-pantalla-2021-12-16-a-las-10.23.42.png?resize=1400%2C800&ssl=1 4x"},"classes":[]},{"id":2770,"url":"https:\/\/www.grieta.org.mx\/index.php\/2015\/03\/31\/colima-entre-los-18-estados-donde-se-explota-a-los-jornaleros-agricolas-fiob\/","url_meta":{"origin":63420,"position":1},"title":"Colima, entre los 18 estados donde se explota a los jornaleros agr\u00edcolas: FIOB","author":"grieta","date":"31 marzo, 2015","format":false,"excerpt":"\u201cColima, M\u00e9xico. Avanzada (31 de marzo de 2015).- El Frente Ind\u00edgena de Organizaciones Binacionales (FIOB) denunci\u00f3 que en 18 estados del pa\u00eds, entre ellos Colima, Sinaloa, Sonora, Baja California, Jalisco y Nayarit, los jornaleros agr\u00edcolas viven en condiciones de vulnerabilidad y constante violaci\u00f3n a sus derechos fundamentales. \u201cSin que hasta\u2026","rel":"","context":"En &quot;CINTILLO&quot;","block_context":{"text":"CINTILLO","link":"https:\/\/www.grieta.org.mx\/index.php\/category\/cintillo\/"},"img":{"alt_text":"","src":"https:\/\/i0.wp.com\/www.grieta.org.mx\/wp-content\/uploads\/2018\/03\/14524434_1106112876131411_958039263622046936_o.jpg?resize=350%2C200&ssl=1","width":350,"height":200,"srcset":"https:\/\/i0.wp.com\/www.grieta.org.mx\/wp-content\/uploads\/2018\/03\/14524434_1106112876131411_958039263622046936_o.jpg?resize=350%2C200&ssl=1 1x, https:\/\/i0.wp.com\/www.grieta.org.mx\/wp-content\/uploads\/2018\/03\/14524434_1106112876131411_958039263622046936_o.jpg?resize=525%2C300&ssl=1 1.5x, https:\/\/i0.wp.com\/www.grieta.org.mx\/wp-content\/uploads\/2018\/03\/14524434_1106112876131411_958039263622046936_o.jpg?resize=700%2C400&ssl=1 2x"},"classes":[]},{"id":37208,"url":"https:\/\/www.grieta.org.mx\/index.php\/2019\/07\/28\/explotan-en-slp-a-94-mil-jornaleros-indigenas-de-guerrero\/","url_meta":{"origin":63420,"position":2},"title":"Explotan en SLP a 94 mil jornaleros ind\u00edgenas de Guerrero","author":"grieta","date":"28 julio, 2019","format":false,"excerpt":"Cristian Morales \/ Quadrat\u00edn SLP SAN LUIS POTOS\u00cd, SLP., 28 de julio de 2019.- En condiciones de explotaci\u00f3n, sin servicios m\u00e9dicos y sumidos en la precariedad, han vivido cerca de 94 mil ind\u00edgenas de la regi\u00f3n Costa-Monta\u00f1a de Guerrero cuando llegan a laborar en cultivos de Cedral, Vanegas, Villa de\u2026","rel":"","context":"En &quot;CINTILLO&quot;","block_context":{"text":"CINTILLO","link":"https:\/\/www.grieta.org.mx\/index.php\/category\/cintillo\/"},"img":{"alt_text":"","src":"https:\/\/i0.wp.com\/www.grieta.org.mx\/wp-content\/uploads\/2019\/07\/campo-mexico-1160x700.jpg?resize=350%2C200&ssl=1","width":350,"height":200,"srcset":"https:\/\/i0.wp.com\/www.grieta.org.mx\/wp-content\/uploads\/2019\/07\/campo-mexico-1160x700.jpg?resize=350%2C200&ssl=1 1x, https:\/\/i0.wp.com\/www.grieta.org.mx\/wp-content\/uploads\/2019\/07\/campo-mexico-1160x700.jpg?resize=525%2C300&ssl=1 1.5x, https:\/\/i0.wp.com\/www.grieta.org.mx\/wp-content\/uploads\/2019\/07\/campo-mexico-1160x700.jpg?resize=700%2C400&ssl=1 2x, https:\/\/i0.wp.com\/www.grieta.org.mx\/wp-content\/uploads\/2019\/07\/campo-mexico-1160x700.jpg?resize=1050%2C600&ssl=1 3x"},"classes":[]},{"id":52238,"url":"https:\/\/www.grieta.org.mx\/index.php\/2020\/07\/08\/covid-19-broto-entre-jornaleros-agricolas-y-sus-familias-en-4-estados-y-hay-dos-muertos-red\/","url_meta":{"origin":63420,"position":3},"title":"COVID-19 brot\u00f3 entre jornaleros agr\u00edcolas y sus familias en 4 estados, y hay dos muertos: Red","author":"grieta","date":"8 julio, 2020","format":false,"excerpt":"Entre hacinamiento, explotaci\u00f3n infantil, desregulaci\u00f3n de transporte de una zona a otra y sin seguridad social, la COVID-19 brot\u00f3 entre jornaleros agr\u00edcolas y sus familias, a pesar de las gu\u00edas de medidas sanitarias distribuidas por la Secretar\u00eda del Trabajo a las empresas productoras. Dulce Olvera \/ Sinembargo, 08 de julio\u2026","rel":"","context":"En &quot;Baja California&quot;","block_context":{"text":"Baja California","link":"https:\/\/www.grieta.org.mx\/index.php\/category\/noticias-nacionales\/baja-california\/"},"img":{"alt_text":"","src":"https:\/\/i0.wp.com\/www.grieta.org.mx\/wp-content\/uploads\/2020\/08\/jornaleros-guerrero.jpg?resize=350%2C200&ssl=1","width":350,"height":200,"srcset":"https:\/\/i0.wp.com\/www.grieta.org.mx\/wp-content\/uploads\/2020\/08\/jornaleros-guerrero.jpg?resize=350%2C200&ssl=1 1x, https:\/\/i0.wp.com\/www.grieta.org.mx\/wp-content\/uploads\/2020\/08\/jornaleros-guerrero.jpg?resize=525%2C300&ssl=1 1.5x, https:\/\/i0.wp.com\/www.grieta.org.mx\/wp-content\/uploads\/2020\/08\/jornaleros-guerrero.jpg?resize=700%2C400&ssl=1 2x, https:\/\/i0.wp.com\/www.grieta.org.mx\/wp-content\/uploads\/2020\/08\/jornaleros-guerrero.jpg?resize=1050%2C600&ssl=1 3x"},"classes":[]},{"id":41059,"url":"https:\/\/www.grieta.org.mx\/index.php\/2019\/11\/05\/jornaleros-agricolas-de-michoacan-sufren-de-explotacion-en-el-campo\/","url_meta":{"origin":63420,"position":4},"title":"Jornaleros agr\u00edcolas de Michoac\u00e1n sufren de explotaci\u00f3n en el campo","author":"grieta","date":"5 noviembre, 2019","format":false,"excerpt":"\u00a0 En el estado de Michoac\u00e1n los trabajadores del campo no reciben las atenciones adecuadas y trabajan m\u00e1s de lo correspondido con el mismo salario Luis Flores \/ Tribuna, 05 de Noviembre de 2019 Morelia, Michoac\u00e1n.- La mayor\u00eda de los trabajadores del campo perciben 200 y 250 pesos por d\u00eda\u2026","rel":"","context":"En &quot;CINTILLO&quot;","block_context":{"text":"CINTILLO","link":"https:\/\/www.grieta.org.mx\/index.php\/category\/cintillo\/"},"img":{"alt_text":"","src":"https:\/\/i0.wp.com\/www.grieta.org.mx\/wp-content\/uploads\/2019\/11\/jornaleros2019.jpg?resize=350%2C200&ssl=1","width":350,"height":200,"srcset":"https:\/\/i0.wp.com\/www.grieta.org.mx\/wp-content\/uploads\/2019\/11\/jornaleros2019.jpg?resize=350%2C200&ssl=1 1x, https:\/\/i0.wp.com\/www.grieta.org.mx\/wp-content\/uploads\/2019\/11\/jornaleros2019.jpg?resize=525%2C300&ssl=1 1.5x, https:\/\/i0.wp.com\/www.grieta.org.mx\/wp-content\/uploads\/2019\/11\/jornaleros2019.jpg?resize=700%2C400&ssl=1 2x, https:\/\/i0.wp.com\/www.grieta.org.mx\/wp-content\/uploads\/2019\/11\/jornaleros2019.jpg?resize=1050%2C600&ssl=1 3x, https:\/\/i0.wp.com\/www.grieta.org.mx\/wp-content\/uploads\/2019\/11\/jornaleros2019.jpg?resize=1400%2C800&ssl=1 4x"},"classes":[]},{"id":4223,"url":"https:\/\/www.grieta.org.mx\/index.php\/2015\/04\/14\/denuncian-abusos-a-jornaleros-agricolas\/","url_meta":{"origin":63420,"position":5},"title":"Denuncian abusos a jornaleros agr\u00edcolas","author":"grieta","date":"14 abril, 2015","format":false,"excerpt":"Redacci\u00f3n\/El Sol de Nayarit Los denunciantes precisaron que en Nayarit los casos se dan con mayor frecuencia en municipios de la zona norte del estado. Ante instancias nacionales, defensores de los derechos de los jornaleros agr\u00edcolas denunciaron la explotaci\u00f3n generalizada a la que son sometidos los ind\u00edgenas que cada a\u00f1o\u2026","rel":"","context":"En &quot;CINTILLO&quot;","block_context":{"text":"CINTILLO","link":"https:\/\/www.grieta.org.mx\/index.php\/category\/cintillo\/"},"img":{"alt_text":"","src":"https:\/\/i0.wp.com\/www.grieta.org.mx\/wp-content\/uploads\/2018\/03\/14524434_1106112876131411_958039263622046936_o.jpg?resize=350%2C200&ssl=1","width":350,"height":200,"srcset":"https:\/\/i0.wp.com\/www.grieta.org.mx\/wp-content\/uploads\/2018\/03\/14524434_1106112876131411_958039263622046936_o.jpg?resize=350%2C200&ssl=1 1x, https:\/\/i0.wp.com\/www.grieta.org.mx\/wp-content\/uploads\/2018\/03\/14524434_1106112876131411_958039263622046936_o.jpg?resize=525%2C300&ssl=1 1.5x, https:\/\/i0.wp.com\/www.grieta.org.mx\/wp-content\/uploads\/2018\/03\/14524434_1106112876131411_958039263622046936_o.jpg?resize=700%2C400&ssl=1 2x"},"classes":[]}],"_links":{"self":[{"href":"https:\/\/www.grieta.org.mx\/index.php\/wp-json\/wp\/v2\/posts\/63420","targetHints":{"allow":["GET"]}}],"collection":[{"href":"https:\/\/www.grieta.org.mx\/index.php\/wp-json\/wp\/v2\/posts"}],"about":[{"href":"https:\/\/www.grieta.org.mx\/index.php\/wp-json\/wp\/v2\/types\/post"}],"author":[{"embeddable":true,"href":"https:\/\/www.grieta.org.mx\/index.php\/wp-json\/wp\/v2\/users\/2"}],"replies":[{"embeddable":true,"href":"https:\/\/www.grieta.org.mx\/index.php\/wp-json\/wp\/v2\/comments?post=63420"}],"version-history":[{"count":1,"href":"https:\/\/www.grieta.org.mx\/index.php\/wp-json\/wp\/v2\/posts\/63420\/revisions"}],"predecessor-version":[{"id":63505,"href":"https:\/\/www.grieta.org.mx\/index.php\/wp-json\/wp\/v2\/posts\/63420\/revisions\/63505"}],"wp:featuredmedia":[{"embeddable":true,"href":"https:\/\/www.grieta.org.mx\/index.php\/wp-json\/wp\/v2\/media\/63503"}],"wp:attachment":[{"href":"https:\/\/www.grieta.org.mx\/index.php\/wp-json\/wp\/v2\/media?parent=63420"}],"wp:term":[{"taxonomy":"category","embeddable":true,"href":"https:\/\/www.grieta.org.mx\/index.php\/wp-json\/wp\/v2\/categories?post=63420"},{"taxonomy":"post_tag","embeddable":true,"href":"https:\/\/www.grieta.org.mx\/index.php\/wp-json\/wp\/v2\/tags?post=63420"}],"curies":[{"name":"wp","href":"https:\/\/api.w.org\/{rel}","templated":true}]}}