{"id":63408,"date":"2022-02-17T11:35:10","date_gmt":"2022-02-17T17:35:10","guid":{"rendered":"https:\/\/www.grieta.org.mx\/?p=63408"},"modified":"2022-02-19T11:40:36","modified_gmt":"2022-02-19T17:40:36","slug":"issste-colima-sin-abasto-suficiente-de-medicamentos-y-con-falta-de-medicos-especialistas","status":"publish","type":"post","link":"https:\/\/www.grieta.org.mx\/index.php\/2022\/02\/17\/issste-colima-sin-abasto-suficiente-de-medicamentos-y-con-falta-de-medicos-especialistas\/","title":{"rendered":"ISSSTE Colima sin abasto suficiente de medicamentos y con falta de m\u00e9dicos especialistas"},"content":{"rendered":"<p>Foto: Cortes\u00eda<\/p>\n<p>Redacci\u00f3n \/ El Occidental<\/p>\n<p>Una situaci\u00f3n grave se presenta en el Instituto de Seguridad y Servicios Sociales de los Trabajadores del Estado (ISSSTE) Colima, ya que de acuerdo al presidente de la Asociaci\u00f3n de Jubilados, Pensionados y Adultos Mayores, Manuel Godina Velasco, existe un desabasto de medicamentos y no hay m\u00e9dicos especialistas.<\/p>\n<p>De esta manera urgi\u00f3 la intervenci\u00f3n de Leticia Delgado Carrillo, t\u00e9cnica de la Comisi\u00f3n de Vigilancia a nivel nacional del ISSSTE, para solucionar esta problem\u00e1tica que enfrenan.<\/p>\n<p>\u201cQue venga el abasto de medicamentos a la Delegaci\u00f3n del ISSSTE, hay muchos enfermos, la mayor\u00eda adultos mayores que est\u00e1n haciendo fila en farmacia con una receta y les dicen que no lleg\u00f3 el medicamento, esto es una deficiencia grave que se puede y debe subsanar para el bien de la poblaci\u00f3n\u201d, agreg\u00f3.<\/p>\n<p>Godina Velasco agreg\u00f3 que las autoridades de salud no han cumplido con el abasto de medicamentos como lo hab\u00edan prometido desde nivel nacional<\/p>\n<p>El dirigente de Jubilados agreg\u00f3 que se requiere que se ocupen las plazas vacantes de especialidades, como de cardiolog\u00eda, dermatolog\u00eda, entre otros.<\/p>\n<p>Adem\u00e1s argument\u00f3 que ya fue solicitada la intervenci\u00f3n a la gobernadora, Indira Vizca\u00edno Silva ante el director general del ISSSTE, Pedro Zenteno para que corrijan la situaci\u00f3n.<\/p>\n<p>\u201cY que vengan los medicamentos y las cosas que requiere la Delegaci\u00f3n para la atenci\u00f3n de los derechohabientes que requieren de atenci\u00f3n m\u00e9dica y medicamento, as\u00ed como un trato humano por parte de los funcionarios\u201d, coment\u00f3.<\/p>\n<p><a href=\"https:\/\/www.eloccidental.com.mx\/local\/issste-colima-sin-abasto-suficiente-de-medicamentos-y-con-falta-de-medicos-especialistas-7879096.html\">https:\/\/www.eloccidental.com.mx\/local\/issste-colima-sin-abasto-suficiente-de-medicamentos-y-con-falta-de-medicos-especialistas-7879096.html<\/a><\/p>\n","protected":false},"excerpt":{"rendered":"<p>Foto: Cortes\u00eda Redacci\u00f3n \/ El Occidental Una situaci\u00f3n grave se presenta en el Instituto de Seguridad y Servicios Sociales de los Trabajadores del Estado (ISSSTE) Colima, ya que de acuerdo &hellip; <a href=\"https:\/\/www.grieta.org.mx\/index.php\/2022\/02\/17\/issste-colima-sin-abasto-suficiente-de-medicamentos-y-con-falta-de-medicos-especialistas\/\" class=\"more-link\">Leer m\u00e1s<\/a><\/p>\n","protected":false},"author":2,"featured_media":63409,"comment_status":"closed","ping_status":"closed","sticky":false,"template":"","format":"standard","meta":{"ngg_post_thumbnail":0,"_jetpack_newsletter_access":"","_jetpack_dont_email_post_to_subs":false,"_jetpack_newsletter_tier_id":0,"_jetpack_memberships_contains_paywalled_content":false,"_jetpack_memberships_contains_paid_content":false,"footnotes":""},"categories":[80,13,918,2365,2,83],"tags":[3133,2367,1459,3604,2551,2820,492,3216],"class_list":["post-63408","post","type-post","status-publish","format-standard","has-post-thumbnail","hentry","category-cintillo","category-colima","category-privatizacion-del-sector-salud","category-crisis-en-el-sector-salud-en-colima","category-noticias-nacionales","category-temas-nacionales","tag-crisis-del-sector-salud","tag-crisis-en-el-sector-salud","tag-crisis-sector-salud","tag-falta-de-medicamentos","tag-falta-de-medicinas","tag-falta-de-medicos","tag-issste","tag-jubilados-sin-atencion-medica","entry"],"jetpack_featured_media_url":"https:\/\/www.grieta.org.mx\/wp-content\/uploads\/2022\/02\/ISSSTE-Colima.jpg","jetpack_sharing_enabled":true,"jetpack_shortlink":"https:\/\/wp.me\/p7ZJR4-guI","jetpack_likes_enabled":false,"jetpack-related-posts":[{"id":53148,"url":"https:\/\/www.grieta.org.mx\/index.php\/2020\/09\/05\/dolores-gonzalez-exige-a-diputados-federales-busquen-resolver-servicio-medico-en-clinica-del-issste-colima\/","url_meta":{"origin":63408,"position":0},"title":"Dolores Gonz\u00e1lez exige a diputados federales busquen resolver servicio m\u00e9dico en cl\u00ednica del ISSSTE Colima","author":"grieta","date":"5 septiembre, 2020","format":false,"excerpt":"Foto: Colima Noticias Edgardo Zamora \/ Colima Noticias Colima, Col.- La dirigente de la secci\u00f3n 30 del Sindicato Nacional de Trabajadores de la Secretar\u00eda de Salud, Dolores Gonz\u00e1lez Meza, hizo un llamado en\u00e9rgico a diputados federales para que resuelvan el servicio en la cl\u00ednica del ISSSTE para trabajadores de la\u2026","rel":"","context":"En &quot;CINTILLO&quot;","block_context":{"text":"CINTILLO","link":"https:\/\/www.grieta.org.mx\/index.php\/category\/cintillo\/"},"img":{"alt_text":"","src":"https:\/\/i0.wp.com\/www.grieta.org.mx\/wp-content\/uploads\/2020\/09\/issste-covid-19-colima-696x522-1.jpeg?resize=350%2C200&ssl=1","width":350,"height":200,"srcset":"https:\/\/i0.wp.com\/www.grieta.org.mx\/wp-content\/uploads\/2020\/09\/issste-covid-19-colima-696x522-1.jpeg?resize=350%2C200&ssl=1 1x, https:\/\/i0.wp.com\/www.grieta.org.mx\/wp-content\/uploads\/2020\/09\/issste-covid-19-colima-696x522-1.jpeg?resize=525%2C300&ssl=1 1.5x"},"classes":[]},{"id":51685,"url":"https:\/\/www.grieta.org.mx\/index.php\/2020\/07\/06\/issste-colima-con-desabasto-del-55-en-medicamentos-colima\/","url_meta":{"origin":63408,"position":1},"title":"ISSSTE Colima con desabasto del 55 % en medicamentos (Colima)","author":"grieta","date":"6 julio, 2020","format":false,"excerpt":"Foto: Ecos de la Costa Infoecos \/ Ecos de la Costa Derechohabientes del ISSSTE en Colima se quejan del desabasto de medicamentos que persiste en el sistema de salud hasta en un 55% en el cuadro b\u00e1sico, lo cual consideran como una afrenta grave por parte de las autoridades delegacionales\u2026","rel":"","context":"En &quot;CINTILLO&quot;","block_context":{"text":"CINTILLO","link":"https:\/\/www.grieta.org.mx\/index.php\/category\/cintillo\/"},"img":{"alt_text":"","src":"https:\/\/i0.wp.com\/www.grieta.org.mx\/wp-content\/uploads\/2020\/07\/p1f1.jpeg?resize=350%2C200&ssl=1","width":350,"height":200,"srcset":"https:\/\/i0.wp.com\/www.grieta.org.mx\/wp-content\/uploads\/2020\/07\/p1f1.jpeg?resize=350%2C200&ssl=1 1x, https:\/\/i0.wp.com\/www.grieta.org.mx\/wp-content\/uploads\/2020\/07\/p1f1.jpeg?resize=525%2C300&ssl=1 1.5x, https:\/\/i0.wp.com\/www.grieta.org.mx\/wp-content\/uploads\/2020\/07\/p1f1.jpeg?resize=700%2C400&ssl=1 2x"},"classes":[]},{"id":54775,"url":"https:\/\/www.grieta.org.mx\/index.php\/2020\/11\/06\/fallece-enfermero-del-issste-por-contagio-de-covid-19-trabajadores-acusan-escasez-de-medicamento-colima\/","url_meta":{"origin":63408,"position":2},"title":"Fallece enfermero del ISSSTE por contagio de Covid-19; trabajadores acusan escasez de medicamento (Colima)","author":"grieta","date":"6 noviembre, 2020","format":false,"excerpt":"Foto: Diario Avanzada Heidi de Le\u00f3n Guti\u00e9rrez \/ Diario Avanzada Colima, M\u00e9xico, Avanzada (06\/11\/2020).- El enfermero General del \u00e1rea de Terapia Intensiva del ISSSTE, Jos\u00e9 Gabriel Torres Medina falleci\u00f3 por Covid-19 en la cl\u00ednica Miguel Trejo Ochoa en la capital de Colima. Este jueves por la tarde, la secretar\u00eda de\u2026","rel":"","context":"En &quot;CINTILLO&quot;","block_context":{"text":"CINTILLO","link":"https:\/\/www.grieta.org.mx\/index.php\/category\/cintillo\/"},"img":{"alt_text":"","src":"https:\/\/i0.wp.com\/www.grieta.org.mx\/wp-content\/uploads\/2020\/11\/image-91.png?resize=350%2C200&ssl=1","width":350,"height":200,"srcset":"https:\/\/i0.wp.com\/www.grieta.org.mx\/wp-content\/uploads\/2020\/11\/image-91.png?resize=350%2C200&ssl=1 1x, https:\/\/i0.wp.com\/www.grieta.org.mx\/wp-content\/uploads\/2020\/11\/image-91.png?resize=525%2C300&ssl=1 1.5x"},"classes":[]},{"id":51539,"url":"https:\/\/www.grieta.org.mx\/index.php\/2020\/07\/02\/derechohabientes-denuncian-falta-de-medicamentos-en-issste-colima\/","url_meta":{"origin":63408,"position":3},"title":"Derechohabientes denuncian falta de medicamentos en ISSSTE Colima","author":"grieta","date":"2 julio, 2020","format":false,"excerpt":"Imagen: El Noticiero Anil\u00fa Salazar Mej\u00eda \/ El Noticiero erechohabientes del Issste Colima denuncian p\u00fablicamente de que hay varios medicamentos que faltan como son la insulina y el losartan, utilizados en enfermedades como la diabetes y la presi\u00f3n arterial, por lo que piden soluci\u00f3n a este desabasto. Los afectados, quienes\u2026","rel":"","context":"En &quot;CINTILLO&quot;","block_context":{"text":"CINTILLO","link":"https:\/\/www.grieta.org.mx\/index.php\/category\/cintillo\/"},"img":{"alt_text":"","src":"https:\/\/i0.wp.com\/www.grieta.org.mx\/wp-content\/uploads\/2020\/07\/insulina-1024x644-1-e1593710814946.jpg?resize=350%2C200&ssl=1","width":350,"height":200,"srcset":"https:\/\/i0.wp.com\/www.grieta.org.mx\/wp-content\/uploads\/2020\/07\/insulina-1024x644-1-e1593710814946.jpg?resize=350%2C200&ssl=1 1x, https:\/\/i0.wp.com\/www.grieta.org.mx\/wp-content\/uploads\/2020\/07\/insulina-1024x644-1-e1593710814946.jpg?resize=525%2C300&ssl=1 1.5x, https:\/\/i0.wp.com\/www.grieta.org.mx\/wp-content\/uploads\/2020\/07\/insulina-1024x644-1-e1593710814946.jpg?resize=700%2C400&ssl=1 2x"},"classes":[]},{"id":49962,"url":"https:\/\/www.grieta.org.mx\/index.php\/2020\/05\/23\/niega-issste-colima-atencion-medica-a-medico-con-covid-19\/","url_meta":{"origin":63408,"position":4},"title":"Niega ISSSTE Colima atenci\u00f3n m\u00e9dica a m\u00e9dico con Covid-19","author":"grieta","date":"23 mayo, 2020","format":false,"excerpt":"Foto: Ecos de la Costa Infoecos \/ Ecos de la Costa Un m\u00e9dico del sistema de salud ISSSTE adscrito a la Cl\u00ednica de Manzanillo, sufri\u00f3 del contagio del COVID-19 conocido como Coronavirus, siendo trasladado a la Cl\u00ednica Hospital Miguel Trejo Ochoa del ISSSTE en Colima y donde le fue rechazada\u2026","rel":"","context":"En &quot;CINTILLO&quot;","block_context":{"text":"CINTILLO","link":"https:\/\/www.grieta.org.mx\/index.php\/category\/cintillo\/"},"img":{"alt_text":"","src":"https:\/\/i0.wp.com\/www.grieta.org.mx\/wp-content\/uploads\/2020\/05\/p1f1.jpg?resize=350%2C200&ssl=1","width":350,"height":200,"srcset":"https:\/\/i0.wp.com\/www.grieta.org.mx\/wp-content\/uploads\/2020\/05\/p1f1.jpg?resize=350%2C200&ssl=1 1x, https:\/\/i0.wp.com\/www.grieta.org.mx\/wp-content\/uploads\/2020\/05\/p1f1.jpg?resize=525%2C300&ssl=1 1.5x"},"classes":[]},{"id":48587,"url":"https:\/\/www.grieta.org.mx\/index.php\/2020\/04\/29\/desabasto-de-medicamentos-en-el-issste-colima-supera-el-60\/","url_meta":{"origin":63408,"position":5},"title":"Desabasto de medicamentos en el ISSSTE Colima supera el 60%","author":"grieta","date":"29 abril, 2020","format":false,"excerpt":"Imagen: Diario Avanzada Heidi de Le\u00f3n Guti\u00e9rrez \/ Diario Avanzada Colima, M\u00e9xico, Avanzada (29\/04\/2020).- En plena emergencia por el Covid-19, la cl\u00ednica del ISSSTE en Colima, \u00a0Miguel Trejo Ochoa \u00a0registra un desabasto de medicamentos superior al 60 por ciento, lo que est\u00e1 afectando gravemente la econom\u00eda de los derechohabientes. Este\u2026","rel":"","context":"En &quot;CINTILLO&quot;","block_context":{"text":"CINTILLO","link":"https:\/\/www.grieta.org.mx\/index.php\/category\/cintillo\/"},"img":{"alt_text":"","src":"https:\/\/i0.wp.com\/www.grieta.org.mx\/wp-content\/uploads\/2020\/05\/ISSSTE.jpg?resize=350%2C200&ssl=1","width":350,"height":200,"srcset":"https:\/\/i0.wp.com\/www.grieta.org.mx\/wp-content\/uploads\/2020\/05\/ISSSTE.jpg?resize=350%2C200&ssl=1 1x, https:\/\/i0.wp.com\/www.grieta.org.mx\/wp-content\/uploads\/2020\/05\/ISSSTE.jpg?resize=525%2C300&ssl=1 1.5x, https:\/\/i0.wp.com\/www.grieta.org.mx\/wp-content\/uploads\/2020\/05\/ISSSTE.jpg?resize=700%2C400&ssl=1 2x"},"classes":[]}],"_links":{"self":[{"href":"https:\/\/www.grieta.org.mx\/index.php\/wp-json\/wp\/v2\/posts\/63408","targetHints":{"allow":["GET"]}}],"collection":[{"href":"https:\/\/www.grieta.org.mx\/index.php\/wp-json\/wp\/v2\/posts"}],"about":[{"href":"https:\/\/www.grieta.org.mx\/index.php\/wp-json\/wp\/v2\/types\/post"}],"author":[{"embeddable":true,"href":"https:\/\/www.grieta.org.mx\/index.php\/wp-json\/wp\/v2\/users\/2"}],"replies":[{"embeddable":true,"href":"https:\/\/www.grieta.org.mx\/index.php\/wp-json\/wp\/v2\/comments?post=63408"}],"version-history":[{"count":1,"href":"https:\/\/www.grieta.org.mx\/index.php\/wp-json\/wp\/v2\/posts\/63408\/revisions"}],"predecessor-version":[{"id":63410,"href":"https:\/\/www.grieta.org.mx\/index.php\/wp-json\/wp\/v2\/posts\/63408\/revisions\/63410"}],"wp:featuredmedia":[{"embeddable":true,"href":"https:\/\/www.grieta.org.mx\/index.php\/wp-json\/wp\/v2\/media\/63409"}],"wp:attachment":[{"href":"https:\/\/www.grieta.org.mx\/index.php\/wp-json\/wp\/v2\/media?parent=63408"}],"wp:term":[{"taxonomy":"category","embeddable":true,"href":"https:\/\/www.grieta.org.mx\/index.php\/wp-json\/wp\/v2\/categories?post=63408"},{"taxonomy":"post_tag","embeddable":true,"href":"https:\/\/www.grieta.org.mx\/index.php\/wp-json\/wp\/v2\/tags?post=63408"}],"curies":[{"name":"wp","href":"https:\/\/api.w.org\/{rel}","templated":true}]}}