{"id":63391,"date":"2022-02-16T08:39:57","date_gmt":"2022-02-16T14:39:57","guid":{"rendered":"http:\/\/www.grieta.org.mx\/?p=63391"},"modified":"2022-02-17T11:47:16","modified_gmt":"2022-02-17T17:47:16","slug":"estudiantes-de-la-prepa-uno-protestan-contra-la-homofobia-de-la-uady-yucatan","status":"publish","type":"post","link":"https:\/\/www.grieta.org.mx\/index.php\/2022\/02\/16\/estudiantes-de-la-prepa-uno-protestan-contra-la-homofobia-de-la-uady-yucatan\/","title":{"rendered":"Estudiantes de la Prepa Uno protestan contra la homofobia de la UADY (Yucat\u00e1n)"},"content":{"rendered":"<p>Por Herbeth Escalante y fotograf\u00edas de Lorenzo Hern\u00e1ndez<\/p>\n<blockquote><p>Las y los alumnos se manifestaron en la puerta de la escuela para exigir que se respete la diversidad sexual y cesen los actos de homofobia y transfobia por parte de los directivos y maestros.<\/p><\/blockquote>\n<p>M\u00e9rida, Yucat\u00e1n, 16 de febrero de 2022.- Estudiantes de la Preparatoria Uno de la Universidad Aut\u00f3noma de Yucat\u00e1n (UADY) protestaron a las afueras del plantel en contra de los m\u00e1s recientes casos de homofobia y transfobia cometidos por personal administrativo y docente. Adem\u00e1s, exigieron una disculpa p\u00fablica por parte de las autoridades educativas.<\/p>\n<p>Al grito de \u201c\u00a1UADY homof\u00f3bica!\u201d y \u201c\u00a1la UADY ser\u00e1 diversa o no ser\u00e1!\u201d, las y los j\u00f3venes exigieron que cesen los actos de violencia y discriminaci\u00f3n en contra del alumnado que pertenece a la comunidad de Lesbianas, Gays, Bisexuales y Trans (LGBT+).<\/p>\n<div class=\"jetpack-video-wrapper\"><iframe loading=\"lazy\" title=\"Estudiantes de la Prepa Uno protestan contra la homofobia de la UADY\" width=\"1170\" height=\"658\" src=\"https:\/\/www.youtube.com\/embed\/0vAqbauqKNc?feature=oembed\" frameborder=\"0\" allow=\"accelerometer; autoplay; clipboard-write; encrypted-media; gyroscope; picture-in-picture; web-share\" referrerpolicy=\"strict-origin-when-cross-origin\" allowfullscreen><\/iframe><\/div>\n<p>Como hemos informado en Haz Ruido, durante una de las actividades por el D\u00eda de San Valent\u00edn en esa escuela, personal administrativo catalog\u00f3 como \u201cindecente\u201d que parejas de hombres muestren afecto. De igual forma se supo de casos en los que las autoridades educativas levantaron reportes a alumnos por usar maquillaje.<\/p>\n<p><img loading=\"lazy\" decoding=\"async\" data-attachment-id=\"63393\" data-permalink=\"https:\/\/www.grieta.org.mx\/index.php\/2022\/02\/16\/estudiantes-de-la-prepa-uno-protestan-contra-la-homofobia-de-la-uady-yucatan\/uadyhomofobica3\/\" data-orig-file=\"https:\/\/www.grieta.org.mx\/wp-content\/uploads\/2022\/02\/UadyHomofobica3.png\" data-orig-size=\"688,449\" data-comments-opened=\"0\" data-image-meta=\"{&quot;aperture&quot;:&quot;0&quot;,&quot;credit&quot;:&quot;&quot;,&quot;camera&quot;:&quot;&quot;,&quot;caption&quot;:&quot;&quot;,&quot;created_timestamp&quot;:&quot;0&quot;,&quot;copyright&quot;:&quot;&quot;,&quot;focal_length&quot;:&quot;0&quot;,&quot;iso&quot;:&quot;0&quot;,&quot;shutter_speed&quot;:&quot;0&quot;,&quot;title&quot;:&quot;&quot;,&quot;orientation&quot;:&quot;0&quot;}\" data-image-title=\"UadyHomofobica3\" data-image-description=\"\" data-image-caption=\"\" data-medium-file=\"https:\/\/www.grieta.org.mx\/wp-content\/uploads\/2022\/02\/UadyHomofobica3-300x196.png\" data-large-file=\"https:\/\/www.grieta.org.mx\/wp-content\/uploads\/2022\/02\/UadyHomofobica3.png\" src=\"http:\/\/www.grieta.org.mx\/wp-content\/uploads\/2022\/02\/UadyHomofobica3.png\" alt=\"\" width=\"688\" height=\"449\" class=\"alignnone size-full wp-image-63393\" srcset=\"https:\/\/www.grieta.org.mx\/wp-content\/uploads\/2022\/02\/UadyHomofobica3.png 688w, https:\/\/www.grieta.org.mx\/wp-content\/uploads\/2022\/02\/UadyHomofobica3-300x196.png 300w\" sizes=\"auto, (max-width: 688px) 100vw, 688px\" \/><\/p>\n<p>En la protesta tambi\u00e9n se revel\u00f3 que los maestros de la preparatoria siguen usando necr\u00f3nimos \u2013o nombres muertos- de las y los estudiantes tras, situaci\u00f3n que es sumamente violento y discriminatorio, ya que atentan contra su identidad de g\u00e9nero.<\/p>\n<p><img loading=\"lazy\" decoding=\"async\" data-attachment-id=\"63394\" data-permalink=\"https:\/\/www.grieta.org.mx\/index.php\/2022\/02\/16\/estudiantes-de-la-prepa-uno-protestan-contra-la-homofobia-de-la-uady-yucatan\/uadyhomofobica4\/\" data-orig-file=\"https:\/\/www.grieta.org.mx\/wp-content\/uploads\/2022\/02\/UadyHomofobica4.png\" data-orig-size=\"689,453\" data-comments-opened=\"0\" data-image-meta=\"{&quot;aperture&quot;:&quot;0&quot;,&quot;credit&quot;:&quot;&quot;,&quot;camera&quot;:&quot;&quot;,&quot;caption&quot;:&quot;&quot;,&quot;created_timestamp&quot;:&quot;0&quot;,&quot;copyright&quot;:&quot;&quot;,&quot;focal_length&quot;:&quot;0&quot;,&quot;iso&quot;:&quot;0&quot;,&quot;shutter_speed&quot;:&quot;0&quot;,&quot;title&quot;:&quot;&quot;,&quot;orientation&quot;:&quot;0&quot;}\" data-image-title=\"UadyHomofobica4\" data-image-description=\"\" data-image-caption=\"\" data-medium-file=\"https:\/\/www.grieta.org.mx\/wp-content\/uploads\/2022\/02\/UadyHomofobica4-300x197.png\" data-large-file=\"https:\/\/www.grieta.org.mx\/wp-content\/uploads\/2022\/02\/UadyHomofobica4.png\" src=\"http:\/\/www.grieta.org.mx\/wp-content\/uploads\/2022\/02\/UadyHomofobica4.png\" alt=\"\" width=\"689\" height=\"453\" class=\"alignnone size-full wp-image-63394\" srcset=\"https:\/\/www.grieta.org.mx\/wp-content\/uploads\/2022\/02\/UadyHomofobica4.png 689w, https:\/\/www.grieta.org.mx\/wp-content\/uploads\/2022\/02\/UadyHomofobica4-300x197.png 300w\" sizes=\"auto, (max-width: 689px) 100vw, 689px\" \/><\/p>\n<p>Por todo esto, las y los estudiantes, acompa\u00f1ados de colectivos que trabajan a favor de los derechos de la diversidad sexual, protestaron en las puertas de la Prepa Uno cargando banderas LGBT+ y cartulinas en los que se le\u00edan sus demandas.<\/p>\n<p>En el acto, denunciaron que persistan  con total impunidad la discriminaci\u00f3n, los discursos de odio y la violencia en contra de este sector. En ese sentido, recalcaron que los m\u00e1s recientes hechos es solo la punta del iceberg del grave problema de homofobia y transfobia que existe en la UADY.<\/p>\n<p>\u201cHist\u00f3ricamente la comunidad LGBT+ de la universidad es v\u00edctima de hostigamiento por parte del personal administrativo y educativo de la UADY\u201d, declar\u00f3 Abner Torres, del colectivo Spectrum Diversidad Estudiantil, al leer el pronunciamiento de respaldo para el alumnado.<\/p>\n<p><img loading=\"lazy\" decoding=\"async\" data-attachment-id=\"63395\" data-permalink=\"https:\/\/www.grieta.org.mx\/index.php\/2022\/02\/16\/estudiantes-de-la-prepa-uno-protestan-contra-la-homofobia-de-la-uady-yucatan\/uadyhomofobica5\/\" data-orig-file=\"https:\/\/www.grieta.org.mx\/wp-content\/uploads\/2022\/02\/UadyHomofobica5.png\" data-orig-size=\"707,472\" data-comments-opened=\"0\" data-image-meta=\"{&quot;aperture&quot;:&quot;0&quot;,&quot;credit&quot;:&quot;&quot;,&quot;camera&quot;:&quot;&quot;,&quot;caption&quot;:&quot;&quot;,&quot;created_timestamp&quot;:&quot;0&quot;,&quot;copyright&quot;:&quot;&quot;,&quot;focal_length&quot;:&quot;0&quot;,&quot;iso&quot;:&quot;0&quot;,&quot;shutter_speed&quot;:&quot;0&quot;,&quot;title&quot;:&quot;&quot;,&quot;orientation&quot;:&quot;0&quot;}\" data-image-title=\"UadyHomofobica5\" data-image-description=\"\" data-image-caption=\"\" data-medium-file=\"https:\/\/www.grieta.org.mx\/wp-content\/uploads\/2022\/02\/UadyHomofobica5-300x200.png\" data-large-file=\"https:\/\/www.grieta.org.mx\/wp-content\/uploads\/2022\/02\/UadyHomofobica5.png\" src=\"http:\/\/www.grieta.org.mx\/wp-content\/uploads\/2022\/02\/UadyHomofobica5.png\" alt=\"\" width=\"707\" height=\"472\" class=\"alignnone size-full wp-image-63395\" srcset=\"https:\/\/www.grieta.org.mx\/wp-content\/uploads\/2022\/02\/UadyHomofobica5.png 707w, https:\/\/www.grieta.org.mx\/wp-content\/uploads\/2022\/02\/UadyHomofobica5-300x200.png 300w\" sizes=\"auto, (max-width: 707px) 100vw, 707px\" \/><\/p>\n<p>Declar\u00f3 que la universidad tiene la responsabilidad de proveer una educaci\u00f3n libre de estereotipos, estigmas y prejuicios, ya que las palabras que pueden parecer insignificantes tienen repercusiones severas para la salud mental y f\u00edsica de los alumnos.<\/p>\n<p>Por tal raz\u00f3n, exigieron a las autoridades de la Prepa Uno y de la UADY disculpas p\u00fablicas para el estudiantado LGBT+, as\u00ed como la implementaci\u00f3n de talleres de capacitaci\u00f3n sobre diversidad sexual.<\/p>\n<p><img loading=\"lazy\" decoding=\"async\" data-attachment-id=\"63396\" data-permalink=\"https:\/\/www.grieta.org.mx\/index.php\/2022\/02\/16\/estudiantes-de-la-prepa-uno-protestan-contra-la-homofobia-de-la-uady-yucatan\/uadyhomofobica6\/\" data-orig-file=\"https:\/\/www.grieta.org.mx\/wp-content\/uploads\/2022\/02\/UadyHomofobica6.png\" data-orig-size=\"726,455\" data-comments-opened=\"0\" data-image-meta=\"{&quot;aperture&quot;:&quot;0&quot;,&quot;credit&quot;:&quot;&quot;,&quot;camera&quot;:&quot;&quot;,&quot;caption&quot;:&quot;&quot;,&quot;created_timestamp&quot;:&quot;0&quot;,&quot;copyright&quot;:&quot;&quot;,&quot;focal_length&quot;:&quot;0&quot;,&quot;iso&quot;:&quot;0&quot;,&quot;shutter_speed&quot;:&quot;0&quot;,&quot;title&quot;:&quot;&quot;,&quot;orientation&quot;:&quot;0&quot;}\" data-image-title=\"UadyHomofobica6\" data-image-description=\"\" data-image-caption=\"\" data-medium-file=\"https:\/\/www.grieta.org.mx\/wp-content\/uploads\/2022\/02\/UadyHomofobica6-300x188.png\" data-large-file=\"https:\/\/www.grieta.org.mx\/wp-content\/uploads\/2022\/02\/UadyHomofobica6.png\" src=\"http:\/\/www.grieta.org.mx\/wp-content\/uploads\/2022\/02\/UadyHomofobica6.png\" alt=\"\" width=\"726\" height=\"455\" class=\"alignnone size-full wp-image-63396\" srcset=\"https:\/\/www.grieta.org.mx\/wp-content\/uploads\/2022\/02\/UadyHomofobica6.png 726w, https:\/\/www.grieta.org.mx\/wp-content\/uploads\/2022\/02\/UadyHomofobica6-300x188.png 300w\" sizes=\"auto, (max-width: 726px) 100vw, 726px\" \/><\/p>\n<p>De igual manera, la creaci\u00f3n de protocolos de acompa\u00f1amiento de estudiantes trans y modificar el actual Protocolo de Violencia de G\u00e9nero de la UADY, para que cuente con rutas para denunciar casos de homofobia, lesbofobia, bifobia y transfobia.<\/p>\n<p>Por \u00faltimo, exigieron que se cuente con un glosario de la diversidad sexual y que haya un di\u00e1logo constante con el estudiantado y sus agrupaciones, siempre con un trato digno.<\/p>\n<p>Debido a la presi\u00f3n de las y los manifestantes, los prefectos de la preparatoria recibieron el documento con sus demandas, por lo que las y los estudiantes festejaron con m\u00fasica y baile afuera del plantel.<\/p>\n<p><a href=\"https:\/\/www.hazruido.mx\/reportes\/estudiantes-de-la-prepa-uno-protestan-contra-la-homofobia-de-la-uady\/\" rel=\"noopener\" target=\"_blank\">https:\/\/www.hazruido.mx\/reportes\/estudiantes-de-la-prepa-uno-protestan-contra-la-homofobia-de-la-uady\/<\/a><\/p>\n","protected":false},"excerpt":{"rendered":"<p>Por Herbeth Escalante y fotograf\u00edas de Lorenzo Hern\u00e1ndez Las y los alumnos se manifestaron en la puerta de la escuela para exigir que se respete la diversidad sexual y cesen &hellip; <a href=\"https:\/\/www.grieta.org.mx\/index.php\/2022\/02\/16\/estudiantes-de-la-prepa-uno-protestan-contra-la-homofobia-de-la-uady-yucatan\/\" class=\"more-link\">Leer m\u00e1s<\/a><\/p>\n","protected":false},"author":2,"featured_media":63392,"comment_status":"closed","ping_status":"closed","sticky":false,"template":"","format":"standard","meta":{"ngg_post_thumbnail":0,"_jetpack_newsletter_access":"","_jetpack_dont_email_post_to_subs":false,"_jetpack_newsletter_tier_id":0,"_jetpack_memberships_contains_paywalled_content":false,"_jetpack_memberships_contains_paid_content":false,"footnotes":""},"categories":[80,2970,2,36],"tags":[408,379,157,1226],"class_list":["post-63391","post","type-post","status-publish","format-standard","has-post-thumbnail","hentry","category-cintillo","category-lucha-y-resistencia-de-la-comunidad-lgbtti-en-yucatan","category-noticias-nacionales","category-yucatan","tag-derechos-comunidad-lgbttti","tag-homofobia","tag-uady","tag-violencia-contra-la-comunidad-lgbttti","entry"],"jetpack_featured_media_url":"https:\/\/www.grieta.org.mx\/wp-content\/uploads\/2022\/02\/UADYHomofobica-e1645116481699.png","jetpack_sharing_enabled":true,"jetpack_shortlink":"https:\/\/wp.me\/p7ZJR4-gur","jetpack_likes_enabled":false,"jetpack-related-posts":[{"id":45173,"url":"https:\/\/www.grieta.org.mx\/index.php\/2020\/02\/21\/alumnos-de-la-uady-protestan-maquillados-por-caso-de-homofobia\/","url_meta":{"origin":63391,"position":0},"title":"Alumnos de la UADY protestan maquillados por caso de homofobia","author":"grieta","date":"21 febrero, 2020","format":false,"excerpt":"Claudia Arriaga \/ La Silla Rota M\u00c9RIDA.- Para exigir respeto y tolerancia, as\u00ed como en solidaridad con su compa\u00f1ero Mario Varguez, quien sufri\u00f3 abusos por parte del cuerpo de prefectos, este viernes estudiantes de la preparatoria 2 de la Universidad Aut\u00f3noma de Yucat\u00e1n (UADY) protestaron maquillados. Mario fue acusado de\u2026","rel":"","context":"En &quot;CINTILLO&quot;","block_context":{"text":"CINTILLO","link":"https:\/\/www.grieta.org.mx\/index.php\/category\/cintillo\/"},"img":{"alt_text":"","src":"https:\/\/i0.wp.com\/www.grieta.org.mx\/wp-content\/uploads\/2020\/02\/Prepa2Maquillaje1-e1582739128264.jpg?resize=350%2C200&ssl=1","width":350,"height":200,"srcset":"https:\/\/i0.wp.com\/www.grieta.org.mx\/wp-content\/uploads\/2020\/02\/Prepa2Maquillaje1-e1582739128264.jpg?resize=350%2C200&ssl=1 1x, https:\/\/i0.wp.com\/www.grieta.org.mx\/wp-content\/uploads\/2020\/02\/Prepa2Maquillaje1-e1582739128264.jpg?resize=525%2C300&ssl=1 1.5x, https:\/\/i0.wp.com\/www.grieta.org.mx\/wp-content\/uploads\/2020\/02\/Prepa2Maquillaje1-e1582739128264.jpg?resize=700%2C400&ssl=1 2x"},"classes":[]},{"id":34517,"url":"https:\/\/www.grieta.org.mx\/index.php\/2019\/06\/10\/alumnos-de-la-uady-protestan-ante-caso-de-acoso-yucatan\/","url_meta":{"origin":63391,"position":1},"title":"Alumnos de la Uady protestan ante caso de acoso (Yucat\u00e1n)","author":"grieta","date":"10 junio, 2019","format":false,"excerpt":"Yucat\u00e1n a la Mano Tras la denuncia que realiz\u00f3 por medio de redes sociales una estudiante de la Preparatoria 1 de la Universidad Aut\u00f3noma de Yucat\u00e1n (Uady), en la cual acusaba a un profesor de haberla acosado, un grupo de j\u00f3venes realiza una marcha en apoyo a la alumna. Con\u2026","rel":"","context":"En &quot;CINTILLO&quot;","block_context":{"text":"CINTILLO","link":"https:\/\/www.grieta.org.mx\/index.php\/category\/cintillo\/"},"img":{"alt_text":"","src":"https:\/\/i0.wp.com\/www.grieta.org.mx\/wp-content\/uploads\/2019\/06\/UadyAcoso.png?resize=350%2C200&ssl=1","width":350,"height":200,"srcset":"https:\/\/i0.wp.com\/www.grieta.org.mx\/wp-content\/uploads\/2019\/06\/UadyAcoso.png?resize=350%2C200&ssl=1 1x, https:\/\/i0.wp.com\/www.grieta.org.mx\/wp-content\/uploads\/2019\/06\/UadyAcoso.png?resize=525%2C300&ssl=1 1.5x, https:\/\/i0.wp.com\/www.grieta.org.mx\/wp-content\/uploads\/2019\/06\/UadyAcoso.png?resize=700%2C400&ssl=1 2x, https:\/\/i0.wp.com\/www.grieta.org.mx\/wp-content\/uploads\/2019\/06\/UadyAcoso.png?resize=1050%2C600&ssl=1 3x"},"classes":[]},{"id":44456,"url":"https:\/\/www.grieta.org.mx\/index.php\/2020\/02\/17\/uady-sin-acoso-senala-nuevos-casos-de-acoso-a-estudiantes\/","url_meta":{"origin":63391,"position":2},"title":"&#8216;UADY sin acoso&#8217; se\u00f1ala nuevos casos de acoso a estudiantes","author":"grieta","date":"17 febrero, 2020","format":false,"excerpt":"La Verdad Uady sin acoso se\u00f1ala nuevos casos de acoso a estudiantes Como bien se sabe la Universidad Aut\u00f3noma de Yucat\u00e1n ha sufrido muchos se\u00f1alamientos por presuntos casos de acoso a estudiantes y esta ocasi\u00f3n no es la excepci\u00f3n. Este nuevo caso se supo gracias a que el portal \u2018UADY\u2026","rel":"","context":"En &quot;CINTILLO&quot;","block_context":{"text":"CINTILLO","link":"https:\/\/www.grieta.org.mx\/index.php\/category\/cintillo\/"},"img":{"alt_text":"","src":"https:\/\/i0.wp.com\/www.grieta.org.mx\/wp-content\/uploads\/2020\/02\/denuncia_abuso_en_uady_1.jpg_793492074.jpg?resize=350%2C200&ssl=1","width":350,"height":200,"srcset":"https:\/\/i0.wp.com\/www.grieta.org.mx\/wp-content\/uploads\/2020\/02\/denuncia_abuso_en_uady_1.jpg_793492074.jpg?resize=350%2C200&ssl=1 1x, https:\/\/i0.wp.com\/www.grieta.org.mx\/wp-content\/uploads\/2020\/02\/denuncia_abuso_en_uady_1.jpg_793492074.jpg?resize=525%2C300&ssl=1 1.5x, https:\/\/i0.wp.com\/www.grieta.org.mx\/wp-content\/uploads\/2020\/02\/denuncia_abuso_en_uady_1.jpg_793492074.jpg?resize=700%2C400&ssl=1 2x"},"classes":[]},{"id":65881,"url":"https:\/\/www.grieta.org.mx\/index.php\/2022\/12\/06\/alumnas-de-la-prepa-2-de-la-uady-protestan-por-caso-de-violencia-sexual-yucatan\/","url_meta":{"origin":63391,"position":3},"title":"Alumnas de la Prepa 2 de la UADY protestan por caso de violencia sexual (Yucat\u00e1n)","author":"grieta","date":"6 diciembre, 2022","format":false,"excerpt":"Daniel Santiago \/ Por Esto! La tarde de hoy alumnos, familiares, amigos de Valeria quien fuese v\u00edctima de abuso sexual, realizaron una manifestaci\u00f3n a las afueras del edificio central de la Universidad Aut\u00f3noma de Yucat\u00e1n (UADY) ubicado en el centro de M\u00e9rida bloqueando la calle 60 y 57 con el\u2026","rel":"","context":"En &quot;CINTILLO&quot;","block_context":{"text":"CINTILLO","link":"https:\/\/www.grieta.org.mx\/index.php\/category\/cintillo\/"},"img":{"alt_text":"","src":"https:\/\/i0.wp.com\/www.grieta.org.mx\/wp-content\/uploads\/2022\/12\/uady-e1670419351387.jpg?resize=350%2C200&ssl=1","width":350,"height":200,"srcset":"https:\/\/i0.wp.com\/www.grieta.org.mx\/wp-content\/uploads\/2022\/12\/uady-e1670419351387.jpg?resize=350%2C200&ssl=1 1x, https:\/\/i0.wp.com\/www.grieta.org.mx\/wp-content\/uploads\/2022\/12\/uady-e1670419351387.jpg?resize=525%2C300&ssl=1 1.5x, https:\/\/i0.wp.com\/www.grieta.org.mx\/wp-content\/uploads\/2022\/12\/uady-e1670419351387.jpg?resize=700%2C400&ssl=1 2x"},"classes":[]},{"id":68954,"url":"https:\/\/www.grieta.org.mx\/index.php\/2024\/05\/17\/llamado-contra-la-lgbtfobia-en-yucatan\/","url_meta":{"origin":63391,"position":4},"title":"Llamado contra la LGBTfobia en Yucat\u00e1n","author":"grieta","date":"17 mayo, 2024","format":false,"excerpt":"Herbeth Escalante \/ Haz Ruido En la concentraci\u00f3n en el Monumento a la le recordaron a los pr\u00f3ximos legisladores que sin inclusi\u00f3n no hay elecci\u00f3n M\u00e9rida, Yucat\u00e1n, 17 de mayo de 2024.- Un grupo de personas se reuni\u00f3 en el Monumento a la Patria, en Paseo de Montejo, para exigir\u2026","rel":"","context":"En &quot;CINTILLO&quot;","block_context":{"text":"CINTILLO","link":"https:\/\/www.grieta.org.mx\/index.php\/category\/cintillo\/"},"img":{"alt_text":"","src":"https:\/\/i0.wp.com\/www.grieta.org.mx\/wp-content\/uploads\/2024\/05\/LgbtYucatan-e1716423326572.jpg?resize=350%2C200&ssl=1","width":350,"height":200,"srcset":"https:\/\/i0.wp.com\/www.grieta.org.mx\/wp-content\/uploads\/2024\/05\/LgbtYucatan-e1716423326572.jpg?resize=350%2C200&ssl=1 1x, https:\/\/i0.wp.com\/www.grieta.org.mx\/wp-content\/uploads\/2024\/05\/LgbtYucatan-e1716423326572.jpg?resize=525%2C300&ssl=1 1.5x, https:\/\/i0.wp.com\/www.grieta.org.mx\/wp-content\/uploads\/2024\/05\/LgbtYucatan-e1716423326572.jpg?resize=700%2C400&ssl=1 2x"},"classes":[]},{"id":58068,"url":"https:\/\/www.grieta.org.mx\/index.php\/2021\/03\/31\/estudiantes-respaldan-a-estefania-y-exigen-a-la-uady-espacios-sin-violencia-yucatan\/","url_meta":{"origin":63391,"position":5},"title":"Estudiantes respaldan a Estefan\u00eda y exigen a la UADY espacios sin violencia (Yucat\u00e1n)","author":"grieta","date":"31 marzo, 2021","format":false,"excerpt":"Claudia Arriaga \/ Haz Ruido Al grito de \u201c\u00a1la UADY no me cuida, me cuidan mis amigas!\u201d, las j\u00f3venes protestaron en las puertas de la Facultad de Medicina tras darse a conocer el caso de abuso sexual. M\u00e9rida, Yucat\u00e1n, 31 de marzo del 2021.- Estudiantes de la Universidad Aut\u00f3noma de\u2026","rel":"","context":"En &quot;CINTILLO&quot;","block_context":{"text":"CINTILLO","link":"https:\/\/www.grieta.org.mx\/index.php\/category\/cintillo\/"},"img":{"alt_text":"","src":"https:\/\/i0.wp.com\/www.grieta.org.mx\/wp-content\/uploads\/2021\/04\/UadyNoMeCuida-e1617305905366.png?resize=350%2C200&ssl=1","width":350,"height":200,"srcset":"https:\/\/i0.wp.com\/www.grieta.org.mx\/wp-content\/uploads\/2021\/04\/UadyNoMeCuida-e1617305905366.png?resize=350%2C200&ssl=1 1x, https:\/\/i0.wp.com\/www.grieta.org.mx\/wp-content\/uploads\/2021\/04\/UadyNoMeCuida-e1617305905366.png?resize=525%2C300&ssl=1 1.5x, https:\/\/i0.wp.com\/www.grieta.org.mx\/wp-content\/uploads\/2021\/04\/UadyNoMeCuida-e1617305905366.png?resize=700%2C400&ssl=1 2x"},"classes":[]}],"_links":{"self":[{"href":"https:\/\/www.grieta.org.mx\/index.php\/wp-json\/wp\/v2\/posts\/63391","targetHints":{"allow":["GET"]}}],"collection":[{"href":"https:\/\/www.grieta.org.mx\/index.php\/wp-json\/wp\/v2\/posts"}],"about":[{"href":"https:\/\/www.grieta.org.mx\/index.php\/wp-json\/wp\/v2\/types\/post"}],"author":[{"embeddable":true,"href":"https:\/\/www.grieta.org.mx\/index.php\/wp-json\/wp\/v2\/users\/2"}],"replies":[{"embeddable":true,"href":"https:\/\/www.grieta.org.mx\/index.php\/wp-json\/wp\/v2\/comments?post=63391"}],"version-history":[{"count":1,"href":"https:\/\/www.grieta.org.mx\/index.php\/wp-json\/wp\/v2\/posts\/63391\/revisions"}],"predecessor-version":[{"id":63397,"href":"https:\/\/www.grieta.org.mx\/index.php\/wp-json\/wp\/v2\/posts\/63391\/revisions\/63397"}],"wp:featuredmedia":[{"embeddable":true,"href":"https:\/\/www.grieta.org.mx\/index.php\/wp-json\/wp\/v2\/media\/63392"}],"wp:attachment":[{"href":"https:\/\/www.grieta.org.mx\/index.php\/wp-json\/wp\/v2\/media?parent=63391"}],"wp:term":[{"taxonomy":"category","embeddable":true,"href":"https:\/\/www.grieta.org.mx\/index.php\/wp-json\/wp\/v2\/categories?post=63391"},{"taxonomy":"post_tag","embeddable":true,"href":"https:\/\/www.grieta.org.mx\/index.php\/wp-json\/wp\/v2\/tags?post=63391"}],"curies":[{"name":"wp","href":"https:\/\/api.w.org\/{rel}","templated":true}]}}