{"id":63388,"date":"2022-02-16T17:46:23","date_gmt":"2022-02-16T23:46:23","guid":{"rendered":"https:\/\/www.grieta.org.mx\/?p=63388"},"modified":"2022-02-16T17:47:21","modified_gmt":"2022-02-16T23:47:21","slug":"alto-a-la-represion-en-contra-de-los-pueblos-originarios-en-mexico","status":"publish","type":"post","link":"https:\/\/www.grieta.org.mx\/index.php\/2022\/02\/16\/alto-a-la-represion-en-contra-de-los-pueblos-originarios-en-mexico\/","title":{"rendered":"ALTO A LA REPRESI\u00d3N EN CONTRA DE LOS PUEBLOS ORIGINARIOS EN M\u00c9XICO"},"content":{"rendered":"<p>ALTO A LA REPRESI\u00d3N EN CONTRA DE LOS PUEBLOS ORIGINARIOS EN M\u00c9XICO<\/p>\n<p>Al pueblo de M\u00e9xico,<\/p>\n<p>A los pueblos del mundo,<\/p>\n<p>A la Sexta Nacional e Internacional,<\/p>\n<p>A los medios de comunicaci\u00f3n<\/p>\n<p>Denunciamos que el d\u00eda 15 de febrero alrededor de las 1:20 horas, los cuerpos represivos del mal gobierno integrados por elementos de la Guardia Nacional, la polic\u00eda estatal de Puebla y municipal de Juan C. Bonilla, invadieron y desmontaron los espacios de resistencia y organizaci\u00f3n de la Casa de los Pueblos Altepelmecalli, espacio cultural y pol\u00edtico aut\u00f3nomo que hasta el 22 de marzo de 2021 fue la planta f\u00edsica de la empresa Bonafont, trasnacional que ha robado y sobreexplotado desde hace a\u00f1os los acu\u00edferos de la regi\u00f3n cholulteca.<\/p>\n<p>Condenamos en\u00e9rgicamente la escalada represiva, que viene de las entra\u00f1as del gobierno del capital, que se autonombra 4T, en contra de la resistencia y la lucha por la vida de nuestr@s herman@s de Pueblos Unidos de la Regi\u00f3n Cholulteca y de los Volcanes que, enarbolando la defensa de la vida colectiva, convirti\u00f3 este semillero de muerte en espacio de encuentro e intercambio, en medio de la determinaci\u00f3n de imponer en Morelos, Puebla y Tlaxcala el Proyecto Integral Morelos, que atraviesa un gasoducto por el territorio de los pueblos del volc\u00e1n, desde donde germina esperanza hecha de rebeld\u00eda y formas antiguas y nuevas de organizaci\u00f3n.<\/p>\n<p>Nos declaramos en alerta ante la posible persecuci\u00f3n de las y los herman@s de la Casa de los Pueblos Altepelmecalli, haciendo responsable al gobierno federal de utilizar a su grupo armado llamado Guardia Nacional para agudizar la guerra del dinero en contra de la vida. Lo hacemos responsable de proteger los negocios de la empresa Bonafont, que despoja, acapara, privatiza y lucra de una forma inmoral con el agua de nuestros pueblos, donde sufrimos el surgimiento de socavones y el desecamiento de pozos, manantiales, r\u00edos y arroyos; tal es el caso del r\u00edo Metlapanapa, que el Frente de Pueblos de la Regi\u00f3n Cholulteca y los Volcanes ha defendido ante la explotaci\u00f3n y contaminaci\u00f3n en beneficio de los corredores industriales.<\/p>\n<p>Denunciamos la ofensiva represiva del mal gobierno neoliberal mexicano en contra de nuestras compa\u00f1eras y compa\u00f1eros que, desde sus geograf\u00edas, levantan la bandera de la organizaci\u00f3n de abajo para convocarnos a luchar por la vida, CONDENAMOS:<\/p>\n<p>El asesinato del compa\u00f1ero Francisco V\u00e1zquez, presidente del consejo de vigilancia de ASURCO, quien alz\u00f3 la voz en contra del robo del agua a los ejidos de la regi\u00f3n de Ayala para la operaci\u00f3n de la Termoel\u00e9ctrica de Huexca, Morelos.<br \/>\nLa criminalizaci\u00f3n del pueblo otom\u00ed y del compa\u00f1ero Diego Garc\u00eda por parte del titular de esa oscura instituci\u00f3n del mal gobierno a la que llaman INPI, que ha servido como un \u00f3rgano replicador del indigenismo y para el control clientelar en nuestros pueblos; instituci\u00f3n que un d\u00eda tuviera sus oficinas en lo que es hoy la Casa de los Pueblos Samir Flores Soberanes.<br \/>\nLa persecuci\u00f3n en contra del Consejo Supremo Ind\u00edgena de Michoac\u00e1n, ante sus recientes movilizaciones en contra del desprecio, el racismo y el despojo y por el retiro del indignante monumento conocido como Los Constructores en Morelia, Michoac\u00e1n.<br \/>\nLa indiferencia y complicidad criminal de la Guardia Nacional ante la violencia en Guerrero, mientras los c\u00e1rteles del narcotr\u00e1fico atacan a las comunidades del Consejo Ind\u00edgena y Popular de Guerrero- Emiliano Zapata que se oponen a los megaproyectos extractivos y denuncian la complicidad de los gobiernos con los grupos narco-paramilitares, asesinando y desapareciendo a nuestros hermanos.<br \/>\nLa militarizaci\u00f3n del Istmo de Tehuantepec para imponer el megaproyecto del Corredor Interoce\u00e1nico Salina Cruz-Coatzacoalcos, as\u00ed como la ilegal ocupaci\u00f3n de las tierras de nuestras comunidades para dicho proyecto, como ocurre con la comunidad binniz\u00e1 de Puente Madera, perteneciente a los bienes comunales de San Blas Atempa, Oaxaca.<br \/>\nLa utilizaci\u00f3n de la Guardia Nacional y los grupos armados de los estados y municipios para reprimir a los estudiantes normalistas de Ayotzinapa, Tiripet\u00edo y Mactumatz\u00e1, en su exigencia de justicia y condiciones para sus las escuelas normales.<br \/>\nHacemos responsable al gobierno federal de M\u00e9xico de esta escalada represiva en contra de nuestros pueblos y exigimos que cesen las acciones de la Guardia Nacional y los cuerpos policiacos en contra de quienes se oponen a la explotaci\u00f3n- destrucci\u00f3n de la naturaleza y al despojo de los territorios y del patrimonio comunitario de los pueblos originarios para imponer los proyectos de muerte promovidos desde el Estado Mexicano.  <\/p>\n<p>Llamamos a los pueblos, naciones y tribus ind\u00edgenas de M\u00e9xico, as\u00ed como a las organizaciones y colectivos aliados, a estar alertas ante esta oleada represiva neoliberal anunciada por el gobierno capitalista de este pa\u00eds mediante el acuerdo publicado en el Diario Oficial de la Federaci\u00f3n el 22 de noviembre de 2021, mismo que declara los proyectos y obras del gobierno federal de inter\u00e9s p\u00fablico y de seguridad nacional como pretexto para usar a sus fuerzas armadas en contra de aquellos pueblos que se opongan al despojo y a la destrucci\u00f3n sin precedentes del territorio mexicano.<\/p>\n<p>Llamamos a las personas, grupos, colectivos, organizaciones y movimientos en los territorios de SLUMIL K\u00b4AJXEMK\u00b4OP (tambi\u00e9n conocida como \u201cEuropa\u201d) a que se movilicen y se pronuncien en contra de la trasnacional Bonafont-Danone \u2013con sede en Francia-, y las representaciones del actual gobierno federal mexicano en Europa.<\/p>\n<p>\u00a1Por la Vida!<\/p>\n<p>\u00a1Solidaridad y apoyo a los pueblos originarios del Congreso Nacional Ind\u00edgena!<\/p>\n<p>Atentamente<\/p>\n<p>16 de Febrero de 2022<\/p>\n<p>Por la reconstituci\u00f3n integral de nuestros pueblos<\/p>\n<p>Nunca m\u00e1s un M\u00e9xico sin nosotros<\/p>\n<p>Congreso Nacional Ind\u00edgena-Concejo Ind\u00edgena de Gobierno<\/p>\n<p>EJ\u00c9RCITO ZAPATISTA DE LIBERACI\u00d3N NACIONAL.<\/p>\n<p>Comisi\u00f3n Sexta.<\/p>\n","protected":false},"excerpt":{"rendered":"<p>ALTO A LA REPRESI\u00d3N EN CONTRA DE LOS PUEBLOS ORIGINARIOS EN M\u00c9XICO Al pueblo de M\u00e9xico, A los pueblos del mundo, A la Sexta Nacional e Internacional, A los medios &hellip; <a href=\"https:\/\/www.grieta.org.mx\/index.php\/2022\/02\/16\/alto-a-la-represion-en-contra-de-los-pueblos-originarios-en-mexico\/\" class=\"more-link\">Leer m\u00e1s<\/a><\/p>\n","protected":false},"author":2,"featured_media":63389,"comment_status":"closed","ping_status":"closed","sticky":false,"template":"","format":"standard","meta":{"ngg_post_thumbnail":0,"_jetpack_newsletter_access":"","_jetpack_dont_email_post_to_subs":false,"_jetpack_newsletter_tier_id":0,"_jetpack_memberships_contains_paywalled_content":false,"_jetpack_memberships_contains_paid_content":false,"footnotes":""},"categories":[80,74,907,2],"tags":[95,2839,466,790,767],"class_list":["post-63388","post","type-post","status-publish","format-standard","has-post-thumbnail","hentry","category-cintillo","category-ezln","category-ezln-2","category-noticias-nacionales","tag-cni","tag-comunicados-ezln","tag-ezln","tag-pueblos-indigenas","tag-solidaridad","entry"],"jetpack_featured_media_url":"https:\/\/www.grieta.org.mx\/wp-content\/uploads\/2022\/02\/alto-represion.png","jetpack_sharing_enabled":true,"jetpack_shortlink":"https:\/\/wp.me\/p7ZJR4-guo","jetpack_likes_enabled":false,"jetpack-related-posts":[{"id":27703,"url":"https:\/\/www.grieta.org.mx\/index.php\/2018\/11\/24\/comunicado-del-cni-cig-y-ezln-al-pueblo-mapuche\/","url_meta":{"origin":63388,"position":0},"title":"Comunicado [conjunto del CNI, CIG y EZLN] al pueblo Mapuche","author":"grieta","date":"24 noviembre, 2018","format":false,"excerpt":"Comunicado: Al pueblo mapuche Al pueblo chileno A los pueblos originarios de Am\u00e9rica A la Sexta Internacional Hermanos y hermanas del digno pueblo mapuche, Los pueblos, naciones, tribus y barrios que conformamos el Congreso Nacional Ind\u00edgena, el Concejo Ind\u00edgena de Gobierno y el EZLN abrazamos solidariamente la familia del compa\u00f1ero\u2026","rel":"","context":"En &quot;CINTILLO&quot;","block_context":{"text":"CINTILLO","link":"https:\/\/www.grieta.org.mx\/index.php\/category\/cintillo\/"},"img":{"alt_text":"","src":"","width":0,"height":0},"classes":[]},{"id":70981,"url":"https:\/\/www.grieta.org.mx\/index.php\/2025\/02\/16\/alto-a-los-ataques-contra-la-ucizoni-pronunciamiento-del-congreso-nacional-indigena-y-el-ezln-en-apoyo-a-quienes-resisten-en-el-istmo\/","url_meta":{"origin":63388,"position":1},"title":"ALTO A LOS ATAQUES CONTRA LA UCIZONI. PRONUNCIAMIENTO DEL CONGRESO NACIONAL IND\u00cdGENA Y EL EZLN EN APOYO A QUIENES RESISTEN EN EL ISTMO","author":"grieta","date":"16 febrero, 2025","format":false,"excerpt":"ALTO A LOS ATAQUES CONTRA LA UCIZONI PRONUNCIAMIENTO DEL CONGRESO NACIONAL IND\u00cdGENA Y EL EZLN EN APOYO A QUIENES RESISTEN EN EL ISTMO. A los pueblos ind\u00edgenas de M\u00e9xico y del mundo A las organizaciones en resistencia A la sociedad civil nacional e internacional Hermanas y hermanos: Desde el Congreso\u2026","rel":"","context":"En &quot;CINTILLO&quot;","block_context":{"text":"CINTILLO","link":"https:\/\/www.grieta.org.mx\/index.php\/category\/cintillo\/"},"img":{"alt_text":"","src":"https:\/\/i0.wp.com\/www.grieta.org.mx\/wp-content\/uploads\/2025\/02\/ucizoni.png?resize=350%2C200&ssl=1","width":350,"height":200,"srcset":"https:\/\/i0.wp.com\/www.grieta.org.mx\/wp-content\/uploads\/2025\/02\/ucizoni.png?resize=350%2C200&ssl=1 1x, https:\/\/i0.wp.com\/www.grieta.org.mx\/wp-content\/uploads\/2025\/02\/ucizoni.png?resize=525%2C300&ssl=1 1.5x, https:\/\/i0.wp.com\/www.grieta.org.mx\/wp-content\/uploads\/2025\/02\/ucizoni.png?resize=700%2C400&ssl=1 2x"},"classes":[]},{"id":55440,"url":"https:\/\/www.grieta.org.mx\/index.php\/2020\/11\/25\/por-la-vida-y-contra-el-dinero-el-cni-cig-y-el-ezln-llaman-a-la-solidaridad-con-el-frente-de-pueblos-en-defensa-de-la-tierra-y-el-agua-de-morelos-puebla-y-tlaxcala\/","url_meta":{"origin":63388,"position":2},"title":"POR LA VIDA Y CONTRA EL DINERO. EL CNI-CIG y el EZLN LLAMAN A LA SOLIDARIDAD CON EL FRENTE DE PUEBLOS EN DEFENSA DE LA TIERRA Y EL AGUA DE MORELOS, PUEBLA Y TLAXCALA.","author":"grieta","date":"25 noviembre, 2020","format":false,"excerpt":"Noviembre del 2020. Al Pueblo de M\u00e9xico A los Pueblos del mundo A la Sexta Nacional e Internacional A los Medios de Comunicaci\u00f3n El Congreso Nacional Ind\u00edgena- Concejo Ind\u00edgena de Gobierno y el EZLN, denunciamos el cobarde desalojo de los compa\u00f1eros del campamento en resistencia en San Pedro Apatlaco, Morelos,\u2026","rel":"","context":"En &quot;CINTILLO&quot;","block_context":{"text":"CINTILLO","link":"https:\/\/www.grieta.org.mx\/index.php\/category\/cintillo\/"},"img":{"alt_text":"","src":"https:\/\/i0.wp.com\/www.grieta.org.mx\/wp-content\/uploads\/2019\/08\/images.png?resize=350%2C200","width":350,"height":200},"classes":[]},{"id":72401,"url":"https:\/\/www.grieta.org.mx\/index.php\/2025\/10\/14\/comunicado-urgente-llamamos-a-la-solidaridad-urgente-con-los-pueblos-originarios-de-la-sierra-norte-de-veracruz-afectados-por-las-intensas-lluvias-de-los-ultimos-dias\/","url_meta":{"origin":63388,"position":3},"title":"COMUNICADO URGENTE LLAMAMOS A LA SOLIDARIDAD URGENTE CON LOS PUEBLOS ORIGINARIOS DE LA SIERRA NORTE DE VERACRUZ AFECTADOS POR LAS INTENSAS LLUVIAS DE LOS \u00daLTIMOS D\u00cdAS","author":"Admin","date":"14 octubre, 2025","format":false,"excerpt":"COMUNICADO URGENTE LLAMAMOS A LA SOLIDARIDAD URGENTE CON LOS PUEBLOS ORIGINARIOS DE LA SIERRA NORTE DE VERACRUZ AFECTADOS POR LAS INTENSAS LLUVIAS DE LOS \u00daLTIMOS D\u00cdAS A los pueblos de M\u00e9xico y del mundo, A los organismos y colectivos defensores de derechos humanos, A las Redes de Resistencia y Rebeld\u00eda,\u2026","rel":"","context":"En &quot;CINTILLO&quot;","block_context":{"text":"CINTILLO","link":"https:\/\/www.grieta.org.mx\/index.php\/category\/cintillo\/"},"img":{"alt_text":"","src":"https:\/\/i0.wp.com\/www.grieta.org.mx\/wp-content\/uploads\/2025\/10\/Cint_Verac.png?resize=350%2C200&ssl=1","width":350,"height":200,"srcset":"https:\/\/i0.wp.com\/www.grieta.org.mx\/wp-content\/uploads\/2025\/10\/Cint_Verac.png?resize=350%2C200&ssl=1 1x, https:\/\/i0.wp.com\/www.grieta.org.mx\/wp-content\/uploads\/2025\/10\/Cint_Verac.png?resize=525%2C300&ssl=1 1.5x, https:\/\/i0.wp.com\/www.grieta.org.mx\/wp-content\/uploads\/2025\/10\/Cint_Verac.png?resize=700%2C400&ssl=1 2x"},"classes":[]},{"id":34271,"url":"https:\/\/www.grieta.org.mx\/index.php\/2019\/06\/05\/comunicado-del-cni-cig-y-el-ezln-ante-la-violencia-desatada-contra-los-pueblos-originarios\/","url_meta":{"origin":63388,"position":4},"title":"COMUNICADO DEL CNI-CIG Y EL EZLN ANTE LA VIOLENCIA DESATADA CONTRA LOS PUEBLOS ORIGINARIOS","author":"grieta","date":"5 junio, 2019","format":false,"excerpt":"A los pueblos del mundo A las redes de apoyo al CIG A la sexta nacional e internacional A los medios de comunicaci\u00f3n El paso del capitalismo neoliberal est\u00e1 marcando sus pasos con la sangre de nuestros pueblos, donde la guerra arrecia porque no cedemos nuestra tierra, cultura, nuestra paz\u2026","rel":"","context":"En &quot;CIG&quot;","block_context":{"text":"CIG","link":"https:\/\/www.grieta.org.mx\/index.php\/category\/cig\/"},"img":{"alt_text":"","src":"https:\/\/i0.wp.com\/www.grieta.org.mx\/wp-content\/uploads\/2018\/03\/14524434_1106112876131411_958039263622046936_o.jpg?resize=350%2C200&ssl=1","width":350,"height":200,"srcset":"https:\/\/i0.wp.com\/www.grieta.org.mx\/wp-content\/uploads\/2018\/03\/14524434_1106112876131411_958039263622046936_o.jpg?resize=350%2C200&ssl=1 1x, https:\/\/i0.wp.com\/www.grieta.org.mx\/wp-content\/uploads\/2018\/03\/14524434_1106112876131411_958039263622046936_o.jpg?resize=525%2C300&ssl=1 1.5x, https:\/\/i0.wp.com\/www.grieta.org.mx\/wp-content\/uploads\/2018\/03\/14524434_1106112876131411_958039263622046936_o.jpg?resize=700%2C400&ssl=1 2x"},"classes":[]},{"id":33887,"url":"https:\/\/www.grieta.org.mx\/index.php\/2019\/05\/26\/alto-a-la-guerra-narcoparamilitar-contra-el-cipog-ez-comunicado-urgente-del-cni-cig-y-el-ezln\/","url_meta":{"origin":63388,"position":5},"title":"ALTO A LA GUERRA NARCOPARAMILITAR CONTRA EL CIPOG-EZ Comunicado urgente del CNI-CIG y el EZLN","author":"grieta","date":"26 mayo, 2019","format":false,"excerpt":"ALTO A LA GUERRA NARCOPARAMILITAR CONTRA EL CIPOG-EZ Comunicado urgente del CNI-CIG y el EZLN Hoy, con indignaci\u00f3n y dolor denunciamos un nuevo y artero crimen contra nuestros compa\u00f1eros del Consejo Ind\u00edgena y Popular de Guerrero \u2013 Emiliano Zapata (CIPOG-EZ). Alrededor de las 13:30 horas del d\u00eda 23 de mayo,\u2026","rel":"","context":"En &quot;CIG&quot;","block_context":{"text":"CIG","link":"https:\/\/www.grieta.org.mx\/index.php\/category\/cig\/"},"img":{"alt_text":"","src":"https:\/\/i0.wp.com\/www.grieta.org.mx\/wp-content\/uploads\/2019\/05\/20190525_222118_0000.png?resize=350%2C200&ssl=1","width":350,"height":200,"srcset":"https:\/\/i0.wp.com\/www.grieta.org.mx\/wp-content\/uploads\/2019\/05\/20190525_222118_0000.png?resize=350%2C200&ssl=1 1x, https:\/\/i0.wp.com\/www.grieta.org.mx\/wp-content\/uploads\/2019\/05\/20190525_222118_0000.png?resize=525%2C300&ssl=1 1.5x, https:\/\/i0.wp.com\/www.grieta.org.mx\/wp-content\/uploads\/2019\/05\/20190525_222118_0000.png?resize=700%2C400&ssl=1 2x"},"classes":[]}],"_links":{"self":[{"href":"https:\/\/www.grieta.org.mx\/index.php\/wp-json\/wp\/v2\/posts\/63388","targetHints":{"allow":["GET"]}}],"collection":[{"href":"https:\/\/www.grieta.org.mx\/index.php\/wp-json\/wp\/v2\/posts"}],"about":[{"href":"https:\/\/www.grieta.org.mx\/index.php\/wp-json\/wp\/v2\/types\/post"}],"author":[{"embeddable":true,"href":"https:\/\/www.grieta.org.mx\/index.php\/wp-json\/wp\/v2\/users\/2"}],"replies":[{"embeddable":true,"href":"https:\/\/www.grieta.org.mx\/index.php\/wp-json\/wp\/v2\/comments?post=63388"}],"version-history":[{"count":1,"href":"https:\/\/www.grieta.org.mx\/index.php\/wp-json\/wp\/v2\/posts\/63388\/revisions"}],"predecessor-version":[{"id":63390,"href":"https:\/\/www.grieta.org.mx\/index.php\/wp-json\/wp\/v2\/posts\/63388\/revisions\/63390"}],"wp:featuredmedia":[{"embeddable":true,"href":"https:\/\/www.grieta.org.mx\/index.php\/wp-json\/wp\/v2\/media\/63389"}],"wp:attachment":[{"href":"https:\/\/www.grieta.org.mx\/index.php\/wp-json\/wp\/v2\/media?parent=63388"}],"wp:term":[{"taxonomy":"category","embeddable":true,"href":"https:\/\/www.grieta.org.mx\/index.php\/wp-json\/wp\/v2\/categories?post=63388"},{"taxonomy":"post_tag","embeddable":true,"href":"https:\/\/www.grieta.org.mx\/index.php\/wp-json\/wp\/v2\/tags?post=63388"}],"curies":[{"name":"wp","href":"https:\/\/api.w.org\/{rel}","templated":true}]}}