{"id":63373,"date":"2022-02-12T18:10:20","date_gmt":"2022-02-13T00:10:20","guid":{"rendered":"https:\/\/www.grieta.org.mx\/?p=63373"},"modified":"2022-02-13T18:22:03","modified_gmt":"2022-02-14T00:22:03","slug":"enfermeras-quedan-sin-trabajo-y-hasta-mueren-por-covid-19-quintana-roo","status":"publish","type":"post","link":"https:\/\/www.grieta.org.mx\/index.php\/2022\/02\/12\/enfermeras-quedan-sin-trabajo-y-hasta-mueren-por-covid-19-quintana-roo\/","title":{"rendered":"Enfermeras quedan sin trabajo y hasta mueren por COVID-19 (Quintana Roo)"},"content":{"rendered":"<p>Efr\u00e9n Mart\u00edn \/ La Verdad<\/p>\n<p>Al menos el 70 por ciento de los 400 trabajadores de la salud que se desempe\u00f1aban como suplentes y que no fueron recontratados por la Secretar\u00eda de Salud al concluir enero, han dado positivo a COVID-19 y de ellos, ocho fallecieron sin recibir ning\u00fan tipo de apoyo.<\/p>\n<p>Lo anterior fue denunciado por enfermeras que, la ma\u00f1ana de este viernes, realizaron una manifestaci\u00f3n pac\u00edfica frente al Congreso del Estado, durante la cual afirmaron que fueron \u201cabandonados a su suerte\u201d desde que vencieron sus contratos.<\/p>\n<p>De acuerdo con las enfermeras Teresa Elisea y Edith Luna, entre las personas que no fueron recontratados, a pesar que exist\u00eda el compromiso para ello, se encuentra empleados del \u00e1rea de intendencia, m\u00e9dicos y camilleros.<\/p>\n<p>Insistieron en que se trata de un promedio de 400 profesionales de la salud que quedaron sin trabajo y que el 70 por ciento de ellos dieron positivo a COVID-19, pero lo m\u00e1s grave fue que no les apoyaron ni con la medicina.<\/p>\n<p>Se\u00f1alaron que su contrato venci\u00f3 el d\u00eda 31 del mes pasado y a pesar que exist\u00eda el compromiso del presidente Andr\u00e9s Manuel L\u00f3pez Obrador, no fueron recontratados, raz\u00f3n por la cual han solicitado su intervenci\u00f3n, pero a\u00fan no obtienen respuesta.<\/p>\n<p>Las manifestantes Indicaron que esta situaci\u00f3n es a nivel nacional con los trabajadores de la salud que prestaban sus servicios por contrato <\/p>\n<p>Teresa Elisea asegur\u00f3 que ganaban cuatro mil pesos mensuales y en el Hospital General de esta ciudad las obligaban a estar en el \u00e1rea COVID-19.<\/p>\n<p>No hay medicinas<\/p>\n<blockquote><p>Lo \u00fanico que nos ofrec\u00edan es que los propios trabajadores del Hospital General nos apoyar\u00edan con atenci\u00f3n m\u00e9dica, y lo m\u00e1s grave es que no hay insumos.<\/p><\/blockquote>\n<p>Dijo que adem\u00e1s de que se arriesgaron a contagios, las obligaban a trabajar de manera seguida hasta por 48 horas, pr\u00e1cticamente con el mismo sueldo y deb\u00edan atender a los pacientes que se encontraban en condiciones m\u00e1s cr\u00edticas.<\/p>\n<p>Edith Luna, por su parte, resalt\u00f3 que con su protesta, tratan de ser la voz de los m\u00e1s e 400 trabajadores afectados, aunque reconoci\u00f3 que son pocas sus esperanzas de ser recontratados, ya que no han sido atendidos por ninguna autoridad del sector salud.<\/p>\n<p><a href=\"https:\/\/laverdadnoticias.com\/quintanaroo\/Enfermeras-quedan-sin-trabajo-y-hasta-mueren-por-COVID-19-20220212-0004.html\" rel=\"noopener\" target=\"_blank\">https:\/\/laverdadnoticias.com\/quintanaroo\/Enfermeras-quedan-sin-trabajo-y-hasta-mueren-por-COVID-19-20220212-0004.html<\/a><\/p>\n","protected":false},"excerpt":{"rendered":"<p>Efr\u00e9n Mart\u00edn \/ La Verdad Al menos el 70 por ciento de los 400 trabajadores de la salud que se desempe\u00f1aban como suplentes y que no fueron recontratados por la &hellip; <a href=\"https:\/\/www.grieta.org.mx\/index.php\/2022\/02\/12\/enfermeras-quedan-sin-trabajo-y-hasta-mueren-por-covid-19-quintana-roo\/\" class=\"more-link\">Leer m\u00e1s<\/a><\/p>\n","protected":false},"author":2,"featured_media":63374,"comment_status":"closed","ping_status":"closed","sticky":false,"template":"","format":"standard","meta":{"ngg_post_thumbnail":0,"_jetpack_newsletter_access":"","_jetpack_dont_email_post_to_subs":false,"_jetpack_newsletter_tier_id":0,"_jetpack_memberships_contains_paywalled_content":false,"_jetpack_memberships_contains_paid_content":false,"footnotes":""},"categories":[80,1084,3279,918,2853,2,3210,28,83],"tags":[3241,2367,163,3323,3265],"class_list":["post-63373","post","type-post","status-publish","format-standard","has-post-thumbnail","hentry","category-cintillo","category-conflictos-laborales-en-quintana-roo","category-covid-19-en-quintana-roo","category-privatizacion-del-sector-salud","category-crisis-en-el-sector-salud-en-quintana-roo","category-noticias-nacionales","category-precariedad-laboral-en-quintana-roo","category-quintana-roo","category-temas-nacionales","tag-covid-19","tag-crisis-en-el-sector-salud","tag-despidos","tag-personal-de-salud","tag-protestas-de-medicos-y-enfermeras","entry"],"jetpack_featured_media_url":"https:\/\/www.grieta.org.mx\/wp-content\/uploads\/2022\/02\/Enfermeras-e1644797796592.png","jetpack_sharing_enabled":true,"jetpack_shortlink":"https:\/\/wp.me\/p7ZJR4-gu9","jetpack_likes_enabled":false,"jetpack-related-posts":[{"id":57818,"url":"https:\/\/www.grieta.org.mx\/index.php\/2021\/03\/22\/sigue-protesta-por-falta-de-vacunas-exigen-empleados-de-salud-ser-vacunados-contra-covid-19-en-felipe-carrillo-puerto-quintana-roo\/","url_meta":{"origin":63373,"position":0},"title":"Sigue protesta por falta de vacunas: Exigen empleados de Salud ser vacunados contra COVID-19 en Felipe Carrillo Puerto (Quintana Roo)","author":"grieta","date":"22 marzo, 2021","format":false,"excerpt":"Noticaribe FELIPE CARRILLO PUERTO, MX.- Trabajadores de la Jurisdicci\u00f3n Sanitaria 03 de la Secretar\u00eda de Salud de Felipe Carrillo Puerto se manifestaron esta ma\u00f1ana para exigir sean vacunados contra el coronavirus, pues hasta ahora a ellos no les ha tocado y dicen estar en la primera l\u00ednea de defensa. La\u2026","rel":"","context":"En &quot;CINTILLO&quot;","block_context":{"text":"CINTILLO","link":"https:\/\/www.grieta.org.mx\/index.php\/category\/cintillo\/"},"img":{"alt_text":"","src":"https:\/\/i0.wp.com\/www.grieta.org.mx\/wp-content\/uploads\/2021\/03\/CarrilloPuertoVacunas-e1616444755105.png?resize=350%2C200&ssl=1","width":350,"height":200,"srcset":"https:\/\/i0.wp.com\/www.grieta.org.mx\/wp-content\/uploads\/2021\/03\/CarrilloPuertoVacunas-e1616444755105.png?resize=350%2C200&ssl=1 1x, https:\/\/i0.wp.com\/www.grieta.org.mx\/wp-content\/uploads\/2021\/03\/CarrilloPuertoVacunas-e1616444755105.png?resize=525%2C300&ssl=1 1.5x, https:\/\/i0.wp.com\/www.grieta.org.mx\/wp-content\/uploads\/2021\/03\/CarrilloPuertoVacunas-e1616444755105.png?resize=700%2C400&ssl=1 2x"},"classes":[]},{"id":49942,"url":"https:\/\/www.grieta.org.mx\/index.php\/2020\/05\/25\/protestan-en-el-hospital-general-de-cancun-personal-medico-demanda-la-entrega-de-equipo-de-seguridad\/","url_meta":{"origin":63373,"position":1},"title":"Protestan en el Hospital General de Canc\u00fan: Personal m\u00e9dico demanda la entrega de equipo de seguridad","author":"grieta","date":"25 mayo, 2020","format":false,"excerpt":"Noticaribe CANC\u00daN, MX.- Personal m\u00e9dico del hospital general \u201cJes\u00fas Kumate\u201d de Canc\u00fan, se manifest\u00f3 esta ma\u00f1ana para exigir les mejoren las condiciones para atender a pacientes que llegan con coronavirus COVID-19. M\u00e9dicos, enfermeras, camilleros y personal administrativo del nosocomio, denunciaron que directivos y funcionarios de la Secretar\u00eda estatal de Salud,\u2026","rel":"","context":"En &quot;CINTILLO&quot;","block_context":{"text":"CINTILLO","link":"https:\/\/www.grieta.org.mx\/index.php\/category\/cintillo\/"},"img":{"alt_text":"","src":"https:\/\/i0.wp.com\/www.grieta.org.mx\/wp-content\/uploads\/2020\/05\/ProtestaHospitalGralCancun-e1590849080818.png?resize=350%2C200&ssl=1","width":350,"height":200,"srcset":"https:\/\/i0.wp.com\/www.grieta.org.mx\/wp-content\/uploads\/2020\/05\/ProtestaHospitalGralCancun-e1590849080818.png?resize=350%2C200&ssl=1 1x, https:\/\/i0.wp.com\/www.grieta.org.mx\/wp-content\/uploads\/2020\/05\/ProtestaHospitalGralCancun-e1590849080818.png?resize=525%2C300&ssl=1 1.5x, https:\/\/i0.wp.com\/www.grieta.org.mx\/wp-content\/uploads\/2020\/05\/ProtestaHospitalGralCancun-e1590849080818.png?resize=700%2C400&ssl=1 2x"},"classes":[]},{"id":55967,"url":"https:\/\/www.grieta.org.mx\/index.php\/2020\/12\/24\/100-trabajadores-de-la-salud-en-q-roo-son-despedidos-por-insabi\/","url_meta":{"origin":63373,"position":2},"title":"100 trabajadores de la salud en Q.Roo son despedidos por INSABI","author":"grieta","date":"24 diciembre, 2020","format":false,"excerpt":"Gustavo Guardian \/ Yucat\u00e1n a la Mano Personal m\u00e9dico recibi\u00f3 el aviso de que su contrato termina a partir del 31 de diciembre. Quintana Roo empezar\u00e1 el 2021 con 100 trabajadores de salud menos en el \u00e1rea de atenci\u00f3n a COVID-19, porque a solo d\u00edas de concluir el a\u00f1o, el\u2026","rel":"","context":"En &quot;CINTILLO&quot;","block_context":{"text":"CINTILLO","link":"https:\/\/www.grieta.org.mx\/index.php\/category\/cintillo\/"},"img":{"alt_text":"","src":"https:\/\/i0.wp.com\/www.grieta.org.mx\/wp-content\/uploads\/2020\/12\/InsabiQRoo-e1609090541376.png?resize=350%2C200&ssl=1","width":350,"height":200,"srcset":"https:\/\/i0.wp.com\/www.grieta.org.mx\/wp-content\/uploads\/2020\/12\/InsabiQRoo-e1609090541376.png?resize=350%2C200&ssl=1 1x, https:\/\/i0.wp.com\/www.grieta.org.mx\/wp-content\/uploads\/2020\/12\/InsabiQRoo-e1609090541376.png?resize=525%2C300&ssl=1 1.5x, https:\/\/i0.wp.com\/www.grieta.org.mx\/wp-content\/uploads\/2020\/12\/InsabiQRoo-e1609090541376.png?resize=700%2C400&ssl=1 2x"},"classes":[]},{"id":15447,"url":"https:\/\/www.grieta.org.mx\/index.php\/2016\/06\/22\/movilizaciones-contra-la-reforma-al-sector-salud-en-quintana-roo\/","url_meta":{"origin":63373,"position":3},"title":"Movilizaciones contra la reforma al sector salud en Quintana Roo","author":"grieta","date":"22 junio, 2016","format":false,"excerpt":"22\/06\/16. Movimiento #YoSoyM\u00e9dico17 en la Zona Maya, exige mejores condiciones en el hospital Forum","rel":"","context":"En &quot;NOTICIAS NACIONALES&quot;","block_context":{"text":"NOTICIAS NACIONALES","link":"https:\/\/www.grieta.org.mx\/index.php\/category\/noticias-nacionales\/"},"img":{"alt_text":"","src":"https:\/\/i0.wp.com\/www.grieta.org.mx\/wp-content\/uploads\/2018\/03\/14524434_1106112876131411_958039263622046936_o.jpg?resize=350%2C200&ssl=1","width":350,"height":200,"srcset":"https:\/\/i0.wp.com\/www.grieta.org.mx\/wp-content\/uploads\/2018\/03\/14524434_1106112876131411_958039263622046936_o.jpg?resize=350%2C200&ssl=1 1x, https:\/\/i0.wp.com\/www.grieta.org.mx\/wp-content\/uploads\/2018\/03\/14524434_1106112876131411_958039263622046936_o.jpg?resize=525%2C300&ssl=1 1.5x, https:\/\/i0.wp.com\/www.grieta.org.mx\/wp-content\/uploads\/2018\/03\/14524434_1106112876131411_958039263622046936_o.jpg?resize=700%2C400&ssl=1 2x"},"classes":[]},{"id":63431,"url":"https:\/\/www.grieta.org.mx\/index.php\/2022\/02\/15\/nos-humillan-y-amenazan-medicos-del-hospital-de-chetumal-denuncian-abuso-laboral-quintana-roo\/","url_meta":{"origin":63373,"position":4},"title":"\u201cNos humillan y amenazan\u201d, m\u00e9dicos del hospital de Chetumal denuncian abuso laboral (Quintana Roo)","author":"grieta","date":"15 febrero, 2022","format":false,"excerpt":"Armando Galera Foto: Daniel Tejada \/ Novedades Quintana Roo Enfermeros, camilleros y doctores de suplencias exigen aumento de salario, vacaciones y poner fin al acoso de sus jefes. Por presunta explotaci\u00f3n laboral, amenazas y humillaciones, un grupo de 40 enfermeros, camilleros y doctores de suplencias de Chetumal presentaron una denuncia\u2026","rel":"","context":"En &quot;CINTILLO&quot;","block_context":{"text":"CINTILLO","link":"https:\/\/www.grieta.org.mx\/index.php\/category\/cintillo\/"},"img":{"alt_text":"","src":"https:\/\/i0.wp.com\/www.grieta.org.mx\/wp-content\/uploads\/2022\/02\/HospitalChetumal-e1645378815885.png?resize=350%2C200&ssl=1","width":350,"height":200,"srcset":"https:\/\/i0.wp.com\/www.grieta.org.mx\/wp-content\/uploads\/2022\/02\/HospitalChetumal-e1645378815885.png?resize=350%2C200&ssl=1 1x, https:\/\/i0.wp.com\/www.grieta.org.mx\/wp-content\/uploads\/2022\/02\/HospitalChetumal-e1645378815885.png?resize=525%2C300&ssl=1 1.5x, https:\/\/i0.wp.com\/www.grieta.org.mx\/wp-content\/uploads\/2022\/02\/HospitalChetumal-e1645378815885.png?resize=700%2C400&ssl=1 2x"},"classes":[]},{"id":66173,"url":"https:\/\/www.grieta.org.mx\/index.php\/2023\/01\/27\/crece-conflicto-en-hospital-privado-se-suman-trabajadores-de-costamed-cozumel-a-manifestacion-para-exigir-mejores-condiciones-laborales-quintana-roo\/","url_meta":{"origin":63373,"position":5},"title":"Crece conflicto en hospital privado: Se suman trabajadores de Costamed Cozumel a manifestaci\u00f3n para exigir mejores condiciones laborales  (Quintana Roo)","author":"grieta","date":"27 enero, 2023","format":false,"excerpt":"COZUMEL, MX.- A escasas 24 horas de la primera protesta realizada en la sede de Costamed en Playa del Carmen, esta ma\u00f1ana, al menos 20 trabajadores de este nosocomio en Cozumel se manifestaron tambi\u00e9n para exigir mejores condiciones laborales y denunciar a la directiva, con sede en esta isla, por\u2026","rel":"","context":"En &quot;CINTILLO&quot;","block_context":{"text":"CINTILLO","link":"https:\/\/www.grieta.org.mx\/index.php\/category\/cintillo\/"},"img":{"alt_text":"","src":"https:\/\/i0.wp.com\/www.grieta.org.mx\/wp-content\/uploads\/2023\/01\/Hospital-e1675032379151.jpg?resize=350%2C200&ssl=1","width":350,"height":200,"srcset":"https:\/\/i0.wp.com\/www.grieta.org.mx\/wp-content\/uploads\/2023\/01\/Hospital-e1675032379151.jpg?resize=350%2C200&ssl=1 1x, https:\/\/i0.wp.com\/www.grieta.org.mx\/wp-content\/uploads\/2023\/01\/Hospital-e1675032379151.jpg?resize=525%2C300&ssl=1 1.5x, https:\/\/i0.wp.com\/www.grieta.org.mx\/wp-content\/uploads\/2023\/01\/Hospital-e1675032379151.jpg?resize=700%2C400&ssl=1 2x"},"classes":[]}],"_links":{"self":[{"href":"https:\/\/www.grieta.org.mx\/index.php\/wp-json\/wp\/v2\/posts\/63373","targetHints":{"allow":["GET"]}}],"collection":[{"href":"https:\/\/www.grieta.org.mx\/index.php\/wp-json\/wp\/v2\/posts"}],"about":[{"href":"https:\/\/www.grieta.org.mx\/index.php\/wp-json\/wp\/v2\/types\/post"}],"author":[{"embeddable":true,"href":"https:\/\/www.grieta.org.mx\/index.php\/wp-json\/wp\/v2\/users\/2"}],"replies":[{"embeddable":true,"href":"https:\/\/www.grieta.org.mx\/index.php\/wp-json\/wp\/v2\/comments?post=63373"}],"version-history":[{"count":1,"href":"https:\/\/www.grieta.org.mx\/index.php\/wp-json\/wp\/v2\/posts\/63373\/revisions"}],"predecessor-version":[{"id":63375,"href":"https:\/\/www.grieta.org.mx\/index.php\/wp-json\/wp\/v2\/posts\/63373\/revisions\/63375"}],"wp:featuredmedia":[{"embeddable":true,"href":"https:\/\/www.grieta.org.mx\/index.php\/wp-json\/wp\/v2\/media\/63374"}],"wp:attachment":[{"href":"https:\/\/www.grieta.org.mx\/index.php\/wp-json\/wp\/v2\/media?parent=63373"}],"wp:term":[{"taxonomy":"category","embeddable":true,"href":"https:\/\/www.grieta.org.mx\/index.php\/wp-json\/wp\/v2\/categories?post=63373"},{"taxonomy":"post_tag","embeddable":true,"href":"https:\/\/www.grieta.org.mx\/index.php\/wp-json\/wp\/v2\/tags?post=63373"}],"curies":[{"name":"wp","href":"https:\/\/api.w.org\/{rel}","templated":true}]}}