{"id":63359,"date":"2022-02-06T11:21:10","date_gmt":"2022-02-06T17:21:10","guid":{"rendered":"https:\/\/www.grieta.org.mx\/?p=63359"},"modified":"2022-02-12T12:04:52","modified_gmt":"2022-02-12T18:04:52","slug":"asesinato-de-activista-y-abogada-veronica-guerrero-en-tonala-demuestra-el-clima-de-hostilidad-hacia-el-trabajo-de-defensa-de-derechos-medioambientales-en-jalisco","status":"publish","type":"post","link":"https:\/\/www.grieta.org.mx\/index.php\/2022\/02\/06\/asesinato-de-activista-y-abogada-veronica-guerrero-en-tonala-demuestra-el-clima-de-hostilidad-hacia-el-trabajo-de-defensa-de-derechos-medioambientales-en-jalisco\/","title":{"rendered":"Asesinato de activista y abogada Ver\u00f3nica Guerrero en Tonal\u00e1 demuestra el clima de hostilidad hacia el trabajo de defensa de derechos medioambientales en Jalisco"},"content":{"rendered":"<p>Foto: Jos\u00e9 Carlos Toral, L\u00edder Informativo.<\/p>\n<p><strong>La tarde del jueves 3 de febrero la abogada Ver\u00f3nica Guerrero fue asesinada cuando se encontraba dentro de su veh\u00edculo en la colonia Mirador del municipio de Tonal\u00e1, Jalisco.<\/strong><\/p>\n<p><strong>Guerrero hab\u00eda trabajado activamente en el colectivo vecinal de la colonia Urbi Quinta para denunciar que la empresa<em>\u00a0Caabsa Eagle\u00a0<\/em>hab\u00eda utilizado algunos terrenos de manera irregular en la localidad de Matatl\u00e1n en Tonal\u00e1, para deshacerse de la basura que ya no pod\u00eda llevar al relleno sanitario Los Laureles tras su cierre a finales de 2021.<\/strong><\/p>\n<p><strong>A principios de enero el colectivo denunci\u00f3 agresiones, intimidaciones y amenazas, sin embargo, ninguna autoridad estatal y municipal actu\u00f3 para atender la problem\u00e1tica y detener estos ataques antes del asesinato de la defensora.<\/strong><\/p>\n<p><strong>Al respecto, el\u00a0<em>Centro de Justicia para la Paz y el Desarrollo (CEPAD)<\/em>\u00a0y el\u00a0<em>Instituto Mexicano para el Desarrollo Comunitario (IMDEC)\u00a0<\/em>manifestaron en entrevista con\u00a0<em>ZonaDocs<\/em>\u00a0que el feminicidio de Ver\u00f3nica Guerrero demuestra los hechos de extrema violencia que enfrentan las mujeres defensoras en Jalisco y la grave situaci\u00f3n de desprotecci\u00f3n y el clima de hostilidad que obstaculizan la libre defensa de los derechos humanos en la entidad.<\/strong><\/p>\n<p><strong>A la fecha, en Jalisco se contabilizan tres ataques extremos que terminaron en asesinatos de personas defensoras y l\u00edderes comunitarios s\u00f3lo en el primer mes del 2022.<\/strong><\/p>\n<p>Dalia Souza \/ Zona Docs<\/p>\n<p><strong>Ver\u00f3nica Guerrero de 51 a\u00f1os<\/strong>, hab\u00eda sido una de las\u00a0<strong>lideresas m\u00e1s visibles del colectivo de vecinos de la colonia Urbi Quinta en Tonal\u00e1, Jalisco<\/strong>, seg\u00fan inform\u00f3 el periodista Jos\u00e9 Carlos Toral en sus redes sociales el pasado viernes 3 de febrero. Guerrero, hab\u00eda centrado su activismo para denunciar que,\u00a0<strong><em>CaabsEagle<\/em>,<\/strong>\u00a0empresa contratada por el estado para gestionar el manejo de los residuos s\u00f3lidos urbanos de la Zona Metropolitana de Guadalajara, estaba usando de forma irregular terrenos cercanos a esta colonia para llevar la basura que ya no pod\u00eda desechar en el vertedero Los Laureles.<\/p>\n<p>Y es que, el relleno sanitario metropolitano Los Laureles, ubicado en Tonal\u00e1 y dirigido por la misma empresa, hab\u00eda\u00a0<strong>\u201ctenido una gesti\u00f3n irregular y criminal\u201d<\/strong>\u00a0que, bajo la complicidad de las autoridades estatales y nacionales hab\u00eda generado\u00a0<strong>\u201cun da\u00f1o irreparable para el medio ambiente y para las personas que habitan alrededor del vertedero, en todos los \u00e1mbitos de su vida\u201d,<\/strong>\u00a0denunciaron los y las integrantes de la organizaci\u00f3n civil Un Salto de Vida en 2021.<\/p>\n<p>La lucha de las y los activistas y pobladores de los municipios de\u00a0<strong>El Salto, Juanacatl\u00e1n y Tonal\u00e1\u00a0<\/strong>para que se pusiera fin a la vida \u00fatil del relleno demor\u00f3 al menos dos a\u00f1os, luego de que el gobernador de Jalisco, Enrique Alfaro anunciara su cierre progresivo en 2019. Finalmente, y con algunos meses de retraso,\u00a0<strong>el vertedero cerr\u00f3 sus puertas a finales de 2021 por la serie de irregularidades e incumplimientos a las normas ambientales, que fueron documentadas por distintas organizaciones y especialistas.<\/strong><\/p>\n<p>Sin embargo, como habr\u00edan evidenciado las y los defensores en distintas ocasiones,\u00a0<em>Caabsa Eagle\u00a0<\/em>s\u00f3lo ha demostrado ser una \u201cempresa de muerte\u201d que, en contubernio con las autoridades,\u00a0<strong>arrastra y agrava las problem\u00e1ticas medioambientales hacia otros territorios y comunidades.<\/strong><\/p>\n<p>Eso era lo que buscaba evidenciar y denunciar Ver\u00f3nica Guerrero junto a sus compa\u00f1eros y compa\u00f1eras vecinas de la colonia Urbi Quinta. Con\u00a0<strong>manifestaciones pac\u00edficas y cierres de avenidas intentaban llamar la atenci\u00f3n del gobernador del estado, Enrique Alfaro y el presidente municipal de Tonal\u00e1, Sergio Ch\u00e1vez<\/strong>, para que tomaran acciones sobre el proceder de la empresa y la basura que estaba depositando en algunos terrenos -de su propiedad- en Matatl\u00e1n, pues, adem\u00e1s de colindar con\u00a0<strong>la zona habitacional, se\u00f1alaron que, se estaba operando de manera irregular.<\/strong><\/p>\n<p>Antes de que Ver\u00f3nica Guerrero fuera asesinada el pasado jueves 3 de febrero, inform\u00f3 el periodista Jos\u00e9 Carlos Toral, el colectivo vecinal hab\u00eda recibido\u00a0<strong>\u201camenazas, intimidaciones y agresiones\u201d durante y despu\u00e9s de sus manifestaciones pac\u00edficas;\u00a0<\/strong>si bien, todas estas fueron denunciadas p\u00fablicamente a principios de enero, no hubo actuaci\u00f3n por parte de las autoridades.<\/p>\n<p><strong>\u201cLos denunciaron desde diciembre y las autoridades no hicieron nada. Denunciaron de las amenazas y no actuaron\u201d<\/strong>\u00a0advirti\u00f3 Mar\u00eda Gonz\u00e1lez Valencia, integrante del\u00a0<em>Instituto Mexicano para el Desarrollo Comunitario (IMDEC).<\/em><\/p>\n<p>Para la tambi\u00e9n defensora, el asesinato de Ver\u00f3nica demuestra\u00a0<strong>\u201clas deficientes pol\u00edticas en materia de residuos y la protecci\u00f3n a las empresas que tienen el negocio de la basura\u201d,<\/strong>\u00a0adem\u00e1s de las din\u00e1micas de\u00a0<strong>silenciamiento, coerci\u00f3n y muerte<\/strong>\u00a0que ejercen estos actores en contra de las personas defensoras que han denunciado su actuar; sin olvidar la indefensi\u00f3n que genera la impunidad y la complicidad que existe entre estos.<\/p>\n<p>\u201cEs muy grave el asesinato de la abogada y defensora Ver\u00f3nica Guerrero en Jalisco. Demuestra los intereses de la empresa Caabsa y el negocio de la basura, coludido con las autoridades. Demuestra los riesgos de las defensoras ambientales al denunciar, exigir y oponerse a grandes negocios en detrimentos de la naturaleza y la sociedad\u201d, expres\u00f3 Mar\u00eda Gonz\u00e1lez en entrevista.<\/p>\n<p>Al respecto, Anna Karolina Chimiak codirectora del\u00a0<em>Centro de Justicia para la Paz y el Desarrollo (CEPAD)<\/em>, expres\u00f3 que \u201csin duda alguna\u00a0<strong>el asesinato de Ver\u00f3nica es un mensaje a las personas defensoras de derechos humanos quienes realizan la misma lucha,<\/strong>\u00a0pero, a su vez,\u00a0<strong>evidencia las condiciones de violencia, riesgo y fragilidad en el cual se encuentran las personas que realizan la defensa de los derechos humanos en Jalisco<\/strong>\u201d.<\/p>\n<p>Condiciones que \u201cen lugar de garantizar el derecho a la libre defensa de los derechos humanos, reconocer su labor y proteger a las personas defensoras,\u00a0<strong>se ha obstaculizado en muchas ocasiones y se han callado sus voces infundiendo el miedo<\/strong>\u201d sentenci\u00f3.<\/p>\n<p>Aunado a ello<strong>, llam\u00f3 a reconocer este ataque extremo como un feminicidio cometido en contra de una defensora de los derechos humanos,<\/strong>\u00a0dada su situaci\u00f3n de doble vulnerabilidad, al ser una mujer y realizar la labor de defensa.<\/p>\n<p>De acuerdo con Mar\u00eda Gonz\u00e1lez, el\u00a0<em>IMDEC\u00a0<\/em>contabiliza al menos\u00a0<strong>tres asesinatos de personas defensoras y l\u00edderes comunitarios en Jalisco en lo que va del 2022.\u00a0<\/strong>Junto con el feminicidio de la abogada y defensora se suman los asesinatos del\u00a0<strong>Marakame Rosendo Gonz\u00e1lez Torres y su nieto de 17 a\u00f1os de edad en San Andr\u00e9s Cohamiata<\/strong>, dentro de la Sierra Norte de Jalisco en enero. El l\u00edder comunitario hab\u00eda denunciado el ambiente de violencia que se vive en este territorio por las disputas de los grupos del crimen organizado.<\/p>\n<p>Gonz\u00e1lez precis\u00f3 que, al menos,\u00a0<strong>en 2021 se perpetraron 28 asesinatos de personas defensoras ambientales en M\u00e9xico<\/strong>, uno de estos fue en Jalisco, cometido en contra de\u00a0<strong>Jos\u00e9 Santos Isaac Ch\u00e1vez, abogado y opositor de la mina Pe\u00f1a Colorada en Ayotitl\u00e1n en la sierra de Manantl\u00e1n<\/strong>.<\/p>\n<p>Record\u00f3 con ello que,\u00a0<strong>M\u00e9xico es el segundo pa\u00eds m\u00e1s violento en Am\u00e9rica Latina para ejercer la libre defensa de los derechos humanos<\/strong>.<\/p>\n<p>En ese sentido, Anna Karolina Chimiak, expuso que,\u00a0<strong>en Jalisco se ha identificado que<\/strong>\u00a0<strong>la mayor\u00eda de las agresiones registradas en contra de personas defensoras de derechos humanos son cometidas hacia quienes trabajan en la defensa del medioambiente, la tierra y el territorio<\/strong>; le siguen los atentados a familiares de personas desaparecidas; a quienes conforman el movimiento feminista y, finalmente, a quienes defienden el acceso a la verdad y a la justicia ante la comisi\u00f3n de graves violaciones a derechos humanos.<\/p>\n<p>A la par, se\u00f1al\u00f3 que, de acuerdo con la Secretar\u00eda de Gobernaci\u00f3n, en la entidad,\u00a0<strong>79 personas son beneficiarias del Mecanismo de Protecci\u00f3n para Personas Defensoras de Derechos Humanos y Periodistas\u00a0<\/strong>federal. Sin embargo, lament\u00f3 que hasta la fecha en Jalisco no se haya armonizado la ley general en la materia:<\/p>\n<p><em>\u201cUna de las primeras cosas que es importante destacar es la falta de generar las condiciones seguras para ejercer la labor de la defensa de los derechos humanos. En Jalisco no se ha implementado de manera efectiva la Ley para la Protecci\u00f3n de las Personas Defensoras de Derechos Humanos y Periodistas, que fue aprobada y entr\u00f3 en vigor en el mes de diciembre del 2016; no se ha implementado el mecanismo y las medidas de protecci\u00f3n para las personas defensoras de derechos humanos en la entidad y no hubo efectividad en cuando a las acciones de la autoridad\u201d.<\/em><\/p>\n<p>Esto ha impedido, como sucedi\u00f3 en el caso de Ver\u00f3nica, que se\u00a0<strong>\u201catiendan de manera oportuna los antecedentes y denuncias previas\u201d\u00a0<\/strong>de las y los activistas durante su trabajo de defensa: \u201cse ignoran otros incidentes de seguridad que llevan a una situaci\u00f3n a\u00fan m\u00e1s preocupante, y que\u00a0<strong>si se les atendiera en su momento se podr\u00eda evitar los hechos de tanta magnitud y de tanta tragedia<\/strong>\u201d, expres\u00f3 la codirectora del CEPAD.<\/p>\n<p>En la experiencia de Mar\u00eda Gonz\u00e1lez, el asesinato de una persona defensora\u00a0<strong>\u201cimpacta a las comunidades en sus procesos de organizaci\u00f3n y defensa\u201d,\u00a0<\/strong>al tiempo que, busca\u00a0<strong>\u201cinfundir el miedo y paralizar las denuncias\u201d.<\/strong><\/p>\n<p><em>\u201cNos arrebatan a una compa\u00f1era y debilitan los movimientos\u201d sentencia.<\/em><\/p>\n<p>Hasta ahora, la Fiscal\u00eda del Estado de Jalisco s\u00f3lo ha emitido un<a href=\"https:\/\/fiscalia.jalisco.gob.mx\/prensa\/noticia\/6926\">\u00a0bolet\u00edn de prensa<\/a>\u00a0donde advierte que el asesinato de Ver\u00f3nica Guerrero ser\u00e1 investigado bajo el Protocolo de Feminicidio, no obstante, no se ha reconocido su condici\u00f3n particular de defensora de derechos humanos. Los hechos de violencia sucedieron, seg\u00fan inform\u00f3 la dependencia, la tarde del jueves 3 de febrero sobre la calle Pedro Moreno y Josefa Ortiz de Dom\u00ednguez en la colonia el Mirador de Tonal\u00e1.\u00a0<strong>La defensora fue localizada dentro de su veh\u00edculo sin vida con impactos de bala.<\/strong><\/p>\n<p>Tres d\u00edas antes del asesinato de la defensora, el 31 de enero,\u00a0<strong>el presidente municipal de Tonal\u00e1, Sergio Ch\u00e1vez difundi\u00f3 en sus redes sociales un video donde asegura que se ha comenzado con el retiro de la basura que la empresa Caabsa Eagle acumul\u00f3 en los terrenos de Matatl\u00e1n durante los \u00faltimos tres meses<\/strong>, tal y como lo hab\u00edan denunciado Ver\u00f3nica Guerrero, en \u00e9ste tambi\u00e9n se\u00f1ala que\u00a0<strong>se mult\u00f3 a la empresa.<\/strong><\/p>\n<p>En tanto, la Comisi\u00f3n Estatal de Derechos Humanos de Jalisco (CEDHJ) inform\u00f3 que<strong>\u00a0inici\u00f3 el acta de investigaci\u00f3n 50\/2022\/VDQ\u00a0<\/strong>derivado \u201cde las notas de medios de comunicaci\u00f3n sobre el asesinato de una abogada en el municipio de Tonal\u00e1\u201d. Con ello, emiti\u00f3 una serie de\u00a0<strong>medidas cautelares el pasado s\u00e1bado 5 de febrero<\/strong>.<\/p>\n<p>El pasado 7 de julio el ayuntamiento de Tala, Jalisco, junto con la Secretar\u00eda de Medio Ambiente y Desarrollo Territorial (Semadet), concedieron a la empresa privada\u00a0<em>Caabsa Eagle<\/em>\u00a0el permiso para ser la encargada de ejecutar el nuevo vertedero metropolitano anunciado por el gobierno estatal como una \u201crespuesta\u201d frente al cierre del relleno sanitario Los Laureles en Tonal\u00e1.<\/p>\n<p>Adem\u00e1s del largo historial de esta empresa sobre las m\u00faltiples violaciones e incumplimientos de las normas ambientales (documentadas por distintas organizaciones y especialistas), este nuevo proyecto que pretenden ejecutar en el municipio de Tala,\u00a0<strong>tiene una serie de irregularidades que amenazan la salud y el bienestar de las y los habitantes de los fraccionamientos aleda\u00f1os y de los ejidos.<\/strong><\/p>\n<p><a href=\"https:\/\/www.zonadocs.mx\/2022\/02\/06\/asesinato-de-abogada-veronica-guerrero-en-tonala-demuestra-el-clima-de-hostilidad-hacia-el-trabajo-de-defensa-de-derechos-medioambientales-en-jalisco\/\">https:\/\/www.zonadocs.mx\/2022\/02\/06\/asesinato-de-abogada-veronica-guerrero-en-tonala-demuestra-el-clima-de-hostilidad-hacia-el-trabajo-de-defensa-de-derechos-medioambientales-en-jalisco\/<\/a><\/p>\n","protected":false},"excerpt":{"rendered":"<p>Foto: Jos\u00e9 Carlos Toral, L\u00edder Informativo. La tarde del jueves 3 de febrero la abogada Ver\u00f3nica Guerrero fue asesinada cuando se encontraba dentro de su veh\u00edculo en la colonia Mirador &hellip; <a href=\"https:\/\/www.grieta.org.mx\/index.php\/2022\/02\/06\/asesinato-de-activista-y-abogada-veronica-guerrero-en-tonala-demuestra-el-clima-de-hostilidad-hacia-el-trabajo-de-defensa-de-derechos-medioambientales-en-jalisco\/\" class=\"more-link\">Leer m\u00e1s<\/a><\/p>\n","protected":false},"author":2,"featured_media":63360,"comment_status":"closed","ping_status":"closed","sticky":false,"template":"","format":"standard","meta":{"ngg_post_thumbnail":0,"_jetpack_newsletter_access":"","_jetpack_dont_email_post_to_subs":false,"_jetpack_newsletter_tier_id":0,"_jetpack_memberships_contains_paywalled_content":false,"_jetpack_memberships_contains_paid_content":false,"footnotes":""},"categories":[2859,80,2561,84,2107,20,2,83],"tags":[2860,2140,459,2111,91,2346,2562,1642,1832],"class_list":["post-63359","post","type-post","status-publish","format-standard","has-post-thumbnail","hentry","category-amenazas-contra-activistas-en-jalisco","category-cintillo","category-destruccion-ambiental-en-jalisco","category-feminicidios","category-feminicidios-en-jalisco","category-jalisco","category-noticias-nacionales","category-temas-nacionales","tag-amenazas-contra-activistas","tag-asesinato-de-activistas","tag-ataques-a-defensores-ambientales","tag-contaminacion","tag-contaminacion-ambiental","tag-defensa-del-medio-ambiente","tag-destruccion-ambiental","tag-manejo-de-la-basura","tag-violencia-contra-defensores-del-medio-ambiente","entry"],"jetpack_featured_media_url":"https:\/\/www.grieta.org.mx\/wp-content\/uploads\/2022\/02\/FKyMTd1WQAInXsi.jpg","jetpack_sharing_enabled":true,"jetpack_shortlink":"https:\/\/wp.me\/p7ZJR4-gtV","jetpack_likes_enabled":false,"jetpack-related-posts":[{"id":63435,"url":"https:\/\/www.grieta.org.mx\/index.php\/2022\/02\/09\/activistas-de-jalisco-denuncian-amenazas\/","url_meta":{"origin":63359,"position":0},"title":"Activistas de Jalisco denuncian amenazas","author":"grieta","date":"9 febrero, 2022","format":false,"excerpt":"Foto: Especial Juan Levario \/ El Diario NTR El asesinato de la abogada y activista Ver\u00f3nica Guerrero, ocurrido el 3 de febrero en Tonal\u00e1, provoc\u00f3 temor entre miembros de la sociedad civil organizada, pues al igual que ella han recibido amenazas. Adem\u00e1s, ven indolencia y complicidad del gobierno de Jalisco.\u2026","rel":"","context":"En &quot;Amenazas contra activistas en Jalisco&quot;","block_context":{"text":"Amenazas contra activistas en Jalisco","link":"https:\/\/www.grieta.org.mx\/index.php\/category\/noticias-nacionales\/jalisco\/amenazas-contra-activistas-en-jalisco\/"},"img":{"alt_text":"","src":"https:\/\/i0.wp.com\/www.grieta.org.mx\/wp-content\/uploads\/2022\/02\/2022-02-08_11-02-18___5909.jpg?resize=350%2C200&ssl=1","width":350,"height":200,"srcset":"https:\/\/i0.wp.com\/www.grieta.org.mx\/wp-content\/uploads\/2022\/02\/2022-02-08_11-02-18___5909.jpg?resize=350%2C200&ssl=1 1x, https:\/\/i0.wp.com\/www.grieta.org.mx\/wp-content\/uploads\/2022\/02\/2022-02-08_11-02-18___5909.jpg?resize=525%2C300&ssl=1 1.5x, https:\/\/i0.wp.com\/www.grieta.org.mx\/wp-content\/uploads\/2022\/02\/2022-02-08_11-02-18___5909.jpg?resize=700%2C400&ssl=1 2x"},"classes":[]},{"id":62787,"url":"https:\/\/www.grieta.org.mx\/index.php\/2021\/12\/02\/colectivos-y-organizaciones-de-tonala-exigen-seguridad-tras-agresion-a-defensor-del-medio-ambiente-jalisco\/","url_meta":{"origin":63359,"position":1},"title":"Colectivos y organizaciones de Tonal\u00e1 exigen seguridad tras agresi\u00f3n a defensor del medio ambiente (Jalisco)","author":"grieta","date":"2 diciembre, 2021","format":false,"excerpt":"Foto: Zona Docs El pasado 23 de noviembre, Jes\u00fas Sa\u00fal Casta\u00f1eda, miembro del Colectivo Foco Tonal, sufri\u00f3 un atentado en su casa del cual, afortunadamente sali\u00f3 ileso; por ello, diversos colectivos y personadas relacionados con la lucha ambiental em Tonal\u00e1 exigieron al Gobierno de Jalisco un alto a las agresiones\u2026","rel":"","context":"En &quot;Amenazas contra activistas en Jalisco&quot;","block_context":{"text":"Amenazas contra activistas en Jalisco","link":"https:\/\/www.grieta.org.mx\/index.php\/category\/noticias-nacionales\/jalisco\/amenazas-contra-activistas-en-jalisco\/"},"img":{"alt_text":"","src":"https:\/\/i0.wp.com\/www.grieta.org.mx\/wp-content\/uploads\/2021\/12\/Unknown-12-1068x801-1.jpeg?resize=350%2C200&ssl=1","width":350,"height":200,"srcset":"https:\/\/i0.wp.com\/www.grieta.org.mx\/wp-content\/uploads\/2021\/12\/Unknown-12-1068x801-1.jpeg?resize=350%2C200&ssl=1 1x, https:\/\/i0.wp.com\/www.grieta.org.mx\/wp-content\/uploads\/2021\/12\/Unknown-12-1068x801-1.jpeg?resize=525%2C300&ssl=1 1.5x, https:\/\/i0.wp.com\/www.grieta.org.mx\/wp-content\/uploads\/2021\/12\/Unknown-12-1068x801-1.jpeg?resize=700%2C400&ssl=1 2x, https:\/\/i0.wp.com\/www.grieta.org.mx\/wp-content\/uploads\/2021\/12\/Unknown-12-1068x801-1.jpeg?resize=1050%2C600&ssl=1 3x"},"classes":[]},{"id":63362,"url":"https:\/\/www.grieta.org.mx\/index.php\/2022\/02\/10\/colectivos-revisaran-depredacion-ambiental-jalisco\/","url_meta":{"origin":63359,"position":2},"title":"Colectivos revisar\u00e1n depredaci\u00f3n ambiental (Jalisco)","author":"grieta","date":"10 febrero, 2022","format":false,"excerpt":"Foto Jorge Alberto Mendoza Redacci\u00f3n \/ El Diario NTR A trav\u00e9s de los foros Defensores Ambientales del Territorio y el Agua (DATA): El lenguaje del dinero contra la vida, los colectivos que integran la Red de Resistencia revisar\u00e1n y documentar\u00e1n los casos de depredaci\u00f3n ambiental que ocurren en la ciudad.\u2026","rel":"","context":"En &quot;CINTILLO&quot;","block_context":{"text":"CINTILLO","link":"https:\/\/www.grieta.org.mx\/index.php\/category\/cintillo\/"},"img":{"alt_text":"","src":"https:\/\/i0.wp.com\/www.grieta.org.mx\/wp-content\/uploads\/2022\/02\/2022-02-09_11-02-49___6278.jpg?resize=350%2C200&ssl=1","width":350,"height":200,"srcset":"https:\/\/i0.wp.com\/www.grieta.org.mx\/wp-content\/uploads\/2022\/02\/2022-02-09_11-02-49___6278.jpg?resize=350%2C200&ssl=1 1x, https:\/\/i0.wp.com\/www.grieta.org.mx\/wp-content\/uploads\/2022\/02\/2022-02-09_11-02-49___6278.jpg?resize=525%2C300&ssl=1 1.5x, https:\/\/i0.wp.com\/www.grieta.org.mx\/wp-content\/uploads\/2022\/02\/2022-02-09_11-02-49___6278.jpg?resize=700%2C400&ssl=1 2x"},"classes":[]},{"id":65942,"url":"https:\/\/www.grieta.org.mx\/index.php\/2022\/12\/07\/organizaciones-exigen-frenar-el-hostigamiento-judicial-hacia-defensores-del-nixticuil-jalisco\/","url_meta":{"origin":63359,"position":3},"title":"Organizaciones exigen frenar el hostigamiento judicial hacia defensores del Nixticuil (Jalisco)","author":"grieta","date":"7 diciembre, 2022","format":false,"excerpt":"Imagen: Cortes\u00eda Lauro Rodr\u00edguez \/ El Diario NTR De nueva cuenta, defensores del bosque El Nixticuil son blanco de hostigamiento judicial, acusaron organizaciones civiles que respaldan a los activistas. De acuerdo con un comunicado firmado por la Red TDT, el Centro de Justicia para la Paz y el Desarrollo (Cepad),\u2026","rel":"","context":"En &quot;CINTILLO&quot;","block_context":{"text":"CINTILLO","link":"https:\/\/www.grieta.org.mx\/index.php\/category\/cintillo\/"},"img":{"alt_text":"","src":"https:\/\/i0.wp.com\/www.grieta.org.mx\/wp-content\/uploads\/2022\/12\/2022-12-07_05-12-14___8829.jpg?resize=350%2C200&ssl=1","width":350,"height":200,"srcset":"https:\/\/i0.wp.com\/www.grieta.org.mx\/wp-content\/uploads\/2022\/12\/2022-12-07_05-12-14___8829.jpg?resize=350%2C200&ssl=1 1x, https:\/\/i0.wp.com\/www.grieta.org.mx\/wp-content\/uploads\/2022\/12\/2022-12-07_05-12-14___8829.jpg?resize=525%2C300&ssl=1 1.5x, https:\/\/i0.wp.com\/www.grieta.org.mx\/wp-content\/uploads\/2022\/12\/2022-12-07_05-12-14___8829.jpg?resize=700%2C400&ssl=1 2x"},"classes":[]},{"id":62908,"url":"https:\/\/www.grieta.org.mx\/index.php\/2021\/12\/14\/denuncian-nueva-agresion-en-contra-de-saul-castaneda-villafuerte-defensor-del-arroyo-el-rosario-en-tonala-jalisco\/","url_meta":{"origin":63359,"position":4},"title":"Denuncian nueva agresi\u00f3n en contra de Sa\u00fal Casta\u00f1eda Villafuerte, defensor del Arroyo El Rosario en Tonal\u00e1 (Jalisco)","author":"grieta","date":"14 diciembre, 2021","format":false,"excerpt":"Foto: Zona Docs Este lunes 13 de diciembre tres sujetos armados entraron a la tienda de abarrotes de Sa\u00fal Casta\u00f1eda Villafuerte, defensor del Arroyo El Rosario en Tonal\u00e1 e integrante del\u00a0Colectivo Foco Tonal de Santa Cruz de las Huertas. Adem\u00e1s de agredirle verbal y f\u00edsicamente se sum\u00f3 el robo de\u2026","rel":"","context":"En &quot;Amenazas contra activistas en Jalisco&quot;","block_context":{"text":"Amenazas contra activistas en Jalisco","link":"https:\/\/www.grieta.org.mx\/index.php\/category\/noticias-nacionales\/jalisco\/amenazas-contra-activistas-en-jalisco\/"},"img":{"alt_text":"","src":"https:\/\/i0.wp.com\/www.grieta.org.mx\/wp-content\/uploads\/2021\/12\/WhatsApp-Image-2021-12-14-at-00.04.28-1068x1168-1.jpeg?resize=350%2C200&ssl=1","width":350,"height":200,"srcset":"https:\/\/i0.wp.com\/www.grieta.org.mx\/wp-content\/uploads\/2021\/12\/WhatsApp-Image-2021-12-14-at-00.04.28-1068x1168-1.jpeg?resize=350%2C200&ssl=1 1x, https:\/\/i0.wp.com\/www.grieta.org.mx\/wp-content\/uploads\/2021\/12\/WhatsApp-Image-2021-12-14-at-00.04.28-1068x1168-1.jpeg?resize=525%2C300&ssl=1 1.5x, https:\/\/i0.wp.com\/www.grieta.org.mx\/wp-content\/uploads\/2021\/12\/WhatsApp-Image-2021-12-14-at-00.04.28-1068x1168-1.jpeg?resize=700%2C400&ssl=1 2x, https:\/\/i0.wp.com\/www.grieta.org.mx\/wp-content\/uploads\/2021\/12\/WhatsApp-Image-2021-12-14-at-00.04.28-1068x1168-1.jpeg?resize=1050%2C600&ssl=1 3x"},"classes":[]},{"id":64604,"url":"https:\/\/www.grieta.org.mx\/index.php\/2022\/07\/22\/luz-raquel-padilla-la-madre-y-activista-mexicana-quemada-tras-denunciar-amenazas-jalisco\/","url_meta":{"origin":63359,"position":5},"title":"Luz Raquel Padilla: la madre y activista mexicana quemada tras denunciar amenazas (Jalisco)","author":"grieta","date":"22 julio, 2022","format":false,"excerpt":"Imagen: Nensweek Kenia Hern\u00e1ndez Rivera \/ Newsweek en espa\u00f1ol Luz Raquel Padilla, de 35 a\u00f1os, fue atacada el 16 de julio en Zapopan, Jalisco, M\u00e9xico, por cinco personas que le rociaron alcohol para despu\u00e9s prenderle fuego. Cuando los polic\u00edas atendieron el reporte la encontraron con quemaduras en 90 por ciento\u2026","rel":"","context":"En &quot;Amenazas contra activistas en Jalisco&quot;","block_context":{"text":"Amenazas contra activistas en Jalisco","link":"https:\/\/www.grieta.org.mx\/index.php\/category\/noticias-nacionales\/jalisco\/amenazas-contra-activistas-en-jalisco\/"},"img":{"alt_text":"","src":"https:\/\/i0.wp.com\/www.grieta.org.mx\/wp-content\/uploads\/2022\/07\/FTBIZYzXwAA84y7.jpg?resize=350%2C200&ssl=1","width":350,"height":200,"srcset":"https:\/\/i0.wp.com\/www.grieta.org.mx\/wp-content\/uploads\/2022\/07\/FTBIZYzXwAA84y7.jpg?resize=350%2C200&ssl=1 1x, https:\/\/i0.wp.com\/www.grieta.org.mx\/wp-content\/uploads\/2022\/07\/FTBIZYzXwAA84y7.jpg?resize=525%2C300&ssl=1 1.5x"},"classes":[]}],"_links":{"self":[{"href":"https:\/\/www.grieta.org.mx\/index.php\/wp-json\/wp\/v2\/posts\/63359","targetHints":{"allow":["GET"]}}],"collection":[{"href":"https:\/\/www.grieta.org.mx\/index.php\/wp-json\/wp\/v2\/posts"}],"about":[{"href":"https:\/\/www.grieta.org.mx\/index.php\/wp-json\/wp\/v2\/types\/post"}],"author":[{"embeddable":true,"href":"https:\/\/www.grieta.org.mx\/index.php\/wp-json\/wp\/v2\/users\/2"}],"replies":[{"embeddable":true,"href":"https:\/\/www.grieta.org.mx\/index.php\/wp-json\/wp\/v2\/comments?post=63359"}],"version-history":[{"count":1,"href":"https:\/\/www.grieta.org.mx\/index.php\/wp-json\/wp\/v2\/posts\/63359\/revisions"}],"predecessor-version":[{"id":63361,"href":"https:\/\/www.grieta.org.mx\/index.php\/wp-json\/wp\/v2\/posts\/63359\/revisions\/63361"}],"wp:featuredmedia":[{"embeddable":true,"href":"https:\/\/www.grieta.org.mx\/index.php\/wp-json\/wp\/v2\/media\/63360"}],"wp:attachment":[{"href":"https:\/\/www.grieta.org.mx\/index.php\/wp-json\/wp\/v2\/media?parent=63359"}],"wp:term":[{"taxonomy":"category","embeddable":true,"href":"https:\/\/www.grieta.org.mx\/index.php\/wp-json\/wp\/v2\/categories?post=63359"},{"taxonomy":"post_tag","embeddable":true,"href":"https:\/\/www.grieta.org.mx\/index.php\/wp-json\/wp\/v2\/tags?post=63359"}],"curies":[{"name":"wp","href":"https:\/\/api.w.org\/{rel}","templated":true}]}}