{"id":63356,"date":"2022-02-09T10:48:30","date_gmt":"2022-02-09T16:48:30","guid":{"rendered":"https:\/\/www.grieta.org.mx\/?p=63356"},"modified":"2022-02-12T11:05:48","modified_gmt":"2022-02-12T17:05:48","slug":"activistas-feministas-en-jalisco-exigen-justicia-para-joven-victima-de-dieter-n-jugador-del-necaxa-senalado-de-agresion-sexual","status":"publish","type":"post","link":"https:\/\/www.grieta.org.mx\/index.php\/2022\/02\/09\/activistas-feministas-en-jalisco-exigen-justicia-para-joven-victima-de-dieter-n-jugador-del-necaxa-senalado-de-agresion-sexual\/","title":{"rendered":"Activistas feministas en Jalisco exigen justicia para joven v\u00edctima de Dieter \u201cN\u201d, jugador del Necaxa se\u00f1alado de agresi\u00f3n sexual"},"content":{"rendered":"<p>Imagen: Zona Docs<\/p>\n<p><strong>Ha pasado m\u00e1s de un a\u00f1o desde que una joven fue presuntamente agredida sexualmente por Dieter \u201cN\u201d, futbolista del equipo Necaxa. Sin embargo, a 15 meses de iniciado el proceso legal, la v\u00edctima s\u00f3lo ha obtenido irregularidades en su b\u00fasqueda de acceso a la justicia, entre \u00e9stas: corrupci\u00f3n y retraso en las audiencias ante el juez, acciones que han favorecido que el presunto agresor lleve su proceso en total libertad.<\/strong><\/p>\n<p><strong>Por estas razones, la red\u00a0<em>YoVoy8M, Vuelo de colibr\u00edes, Uni\u00f3n Diversa de Jalisco<\/em>\u00a0y la\u00a0<em>Red de Mujeres J\u00f3venes por la Democracia Paritaria<\/em>\u00a0se han solidarizado con la joven y han manifestado su rechazo a las m\u00faltiples violaciones a los derechos humanos que ha experimentado desde que decidi\u00f3 denunciar a su agresor.<\/strong><\/p>\n<p>Leslie Zepeda \/ Zona Docs<\/p>\n<p><strong>Una joven denunci\u00f3 ser agredida sexualmente por Dieter \u201cN\u201d<\/strong>, quien en ese momento era futbolista en el equipo Chivas. Los hechos ocurrieron el\u00a0<strong>17 de octubre de 2020 en Tepatitl\u00e1n de Morelos, Jalisco durante una fiesta<\/strong>\u00a0a la que acudi\u00f3 el presunto agresor junto a tres futbolistas m\u00e1s pertenecientes al mismo club. De acuerdo con los testimonios de la v\u00edctima,\u00a0<strong>pusieron droga en su bebida para cometer la agresi\u00f3n<\/strong>.<\/p>\n<p>Si bien, tras darse a conocer los hechos p\u00fablicamente, el Club Chivas decidi\u00f3 prescindir de \u00e9l y de los tres futbolistas m\u00e1s involucrados en la fiesta para evitar que se les relacionara con el hecho, recientemente, en diciembre de 2021,\u00a0<strong>fue reclutado por el Club Necaxa<\/strong>. Ante esta situaci\u00f3n distintas colectivas feministas expresaron su molestia, pues refieren que a este equipo\u00a0<strong>\u201cno le ha importado que actualmente el hombre est\u00e9 en medio de un proceso legal como agresor sexual\u201d.<\/strong><\/p>\n<p><em>Cuando nos referimos a que ning\u00fan agresor debe estar en el poder no s\u00f3lo nos referimos a que sea en un puesto pol\u00edtico, estamos hablando de estos puestos de poder y de privilegio que tienen los hombres donde se resguardan entre ellos. C\u00f3mo puede ser posible que la v\u00edctima est\u00e9 pasando por un proceso de revictimizaci\u00f3n y todav\u00eda tenga que ajustar su vida a este problema que surgi\u00f3 despu\u00e9s de la violaci\u00f3n, pero el hombre s\u00ed se encuentre como jugador en un club como el Necaxa, que lo haya reclutado de nuevo y ahora est\u00e9 llevando su vida como sin nada,\u00a0<\/em>expres\u00f3 Edith Herrera de la\u00a0<em>Red de Mujeres J\u00f3venes por la Democracia Paritaria<\/em>.<\/p>\n<p>Asimismo, la activista agreg\u00f3 que mantener a los violadores en espacios de privilegio, como puede ser una figura p\u00fablica o un futbolista reconocido,\u00a0<strong>coloca a la v\u00edctima en un estado de inferioridad respecto a su agresor.\u00a0<\/strong>Por otro lado, manifest\u00f3 su preocupaci\u00f3n respecto\u00a0<strong>al poder de influencia que estos perfiles tienen sobre las infancias y juventudes,<\/strong>\u00a0reconociendo que gran parte de la poblaci\u00f3n en M\u00e9xico es aficionada a este deporte. Por lo anterior, han exigido que el club Necaxa lo retire de las filas en donde lo enlist\u00f3.<\/p>\n<p>Fue a principios del mes de enero de 2022 que colectivas feministas y organizaciones de la sociedad civil en Jalisco se manifestaron p\u00fablicamente para denunciar que\u00a0<strong>el proceso de denuncia de la v\u00edctima,<\/strong>\u00a0adem\u00e1s de llevar\u00a0<strong>m\u00e1s de un a\u00f1o sin avances<\/strong>, se ha visto lleno de\u00a0<strong>irregularidades<\/strong>, pero sobre todo de\u00a0<strong>violaciones a sus derechos.<\/strong><\/p>\n<p>En uno de los comunicados firmados por la red\u00a0<em>YoVoy8M<\/em>,\u00a0<em>Vuelo de colibr\u00edes<\/em>,\u00a0<em>Uni\u00f3n Diversa de Jalisco<\/em>\u00a0y la\u00a0<em>Red de Mujeres J\u00f3venes por la Democracia Paritaria,\u00a0<\/em>se expone que\u00a0<strong>se cometieron actos de extorsi\u00f3n a cambio de informaci\u00f3n sobre el caso<\/strong>, de parte de personal de la Fiscal\u00eda del Estado de Jalisco al futbolista. A la par, expusieron su preocupaci\u00f3n sobre\u00a0<strong>los posibles privilegios de los que pueda gozar el presunto agresor por su condici\u00f3n de \u201cfigura p\u00fablica\u201d,\u00a0<\/strong>como ha sucedido en otros casos.<\/p>\n<p>Entre sus principales exigencias se encuentra que\u00a0<strong>el caso sea llevado con un enfoque de g\u00e9nero y, sobre todo, libre de estereotipos.<\/strong>\u00a0Respecto al proceso legal, esperan que\u00a0<strong>no existan m\u00e1s modificaciones en las autoridades que han sido asignadas a la carpeta de investigaci\u00f3n,\u00a0<\/strong>entre \u00e9stas el juez a cargo del caso. Con ello, solicitaron que se le brinde una\u00a0<strong>reparaci\u00f3n integral del da\u00f1o a la v\u00edctima.<\/strong><\/p>\n<p>Adem\u00e1s, refieren\u00a0<strong>que es indispensable el involucramiento de la Comisi\u00f3n Estatal de Derechos Humanos de Jalisco<\/strong>\u00a0(CEDHJ), especialmente por el se\u00f1alamiento de extorsi\u00f3n que se ha denunciado, esperan que\u00a0<strong>se habr\u00e1 un proceso de investigaci\u00f3n a los servidores p\u00fablicos que compartieron informaci\u00f3n del caso con el futbolista.<\/strong><\/p>\n<p>Para las colectivas, especialmente para la\u00a0<em>Red de Mujeres J\u00f3venes por la Democracia Paritaria<\/em>,\u00a0<strong>que se evite revictimizar a la mujer que ha denunciado a Dieter \u201cN<\/strong>\u201d, y es que, exponen que el Centro de la Justicia para las Mujeres (CJM), instancia que recibi\u00f3 la denuncia, ha sido se\u00f1alada de vulnerar tambi\u00e9n los derechos humanos de quienes son v\u00edctimas de violencia de g\u00e9nero:<\/p>\n<p><em>\u201cLa revictimizaci\u00f3n es pr\u00e1cticamente nuestro pan de cada d\u00eda en el Centro de la Justicia para las Mujeres, que se supone, deber\u00eda velar por el cuidado y protecci\u00f3n de las mujeres,\u201d coment\u00f3.<\/em><\/p>\n<p>Por su parte, la presidenta de la organizaci\u00f3n\u00a0<em>Uni\u00f3n Diversa de Jalisco<\/em>, Fascinaci\u00f3n Jim\u00e9nez tambi\u00e9n se sum\u00f3 a las voces que exigen justicia, pues ha sido el propio abogado de la v\u00edctima quien les solicit\u00f3 apoyo para que divulgaran las irregularidades en el caso. En ese sentido, precisan que esto era necesario, ya que, despu\u00e9s de que se hiciera medi\u00e1tico en 2020<strong>, pas\u00f3 al silencio tras la inmediatez de los medios:<\/strong><\/p>\n<p><em>\u201cComo hay funcionarios p\u00fablicos involucrados, el caso no ha salido a la luz como deber\u00eda de salir. Es un caso que amerita que tenga m\u00e1xima difusi\u00f3n y que s\u00ed hemos notado el sigilo por parte de las autoridades, porque creemos que s\u00ed podr\u00eda tener la capacidad de comprar dichas cosas. Esta serie de irregularidades alrededor del caso, ahora que hasta el COVID ha sido aliado del patriarcado, que sea usado para esos fines nos parece ruin,\u201d\u00a0<\/em>asegur\u00f3 la presidenta.<\/p>\n<p>La activista tambi\u00e9n dio a conocer que el pasado 4 de febrero\u00a0<strong>Dieter \u201cN\u201d no se present\u00f3 a la audiencia que se llevar\u00eda a cabo sobre el caso,\u00a0<\/strong>su abogado justific\u00f3 la ausencia con una prueba positiva de COVID-19. Dicha situaci\u00f3n provoc\u00f3 que se reprogramara el encuentro hasta el mes de junio,\u00a0<strong>pr\u00f3rroga de tiempo que las colectivas recriminan, pues actualmente el presunto agresor se encuentra en total libertad con posibilidad de fuga:<\/strong><\/p>\n<p><em>\u201cPrincipalmente creemos que los tiempos entre una audiencia y otra no pueden ser tan prolongados y m\u00e1s en este tema de violaci\u00f3n. Adem\u00e1s, que est\u00e9 gozando de libertad se nos hace algo bastante grave cuando estamos viendo casos como el del magistrado Jos\u00e9 de Jes\u00fas \u201cN\u201d que est\u00e1 pr\u00f3fugo de la justicia y que igual, al gozar de estos beneficios se les da la oportunidad de que escapen, que hagan su vida normal, como si no hubiera pasado nada,\u201d\u00a0<\/em>asegur\u00f3 Fascinaci\u00f3n Jim\u00e9nez.<\/p>\n<p>Finalmente, las distintas colectivas y organizaciones reiteraron su compromiso con la v\u00edctima, y advirtieron que\u00a0<strong>permanecer\u00e1n vigilantes del proceso legal hasta que Dieter \u201cN\u201d sea imputado en caso de resultar culpable<\/strong>.<\/p>\n<p><a href=\"https:\/\/www.zonadocs.mx\/2022\/02\/09\/activistas-feministas-en-jalisco-exigen-justicia-para-joven-victima-de-dieter-n-jugador-del-necaxa-senalado-de-agresion-sexual\/\">https:\/\/www.zonadocs.mx\/2022\/02\/09\/activistas-feministas-en-jalisco-exigen-justicia-para-joven-victima-de-dieter-n-jugador-del-necaxa-senalado-de-agresion-sexual\/<\/a><\/p>\n","protected":false},"excerpt":{"rendered":"<p>Imagen: Zona Docs Ha pasado m\u00e1s de un a\u00f1o desde que una joven fue presuntamente agredida sexualmente por Dieter \u201cN\u201d, futbolista del equipo Necaxa. Sin embargo, a 15 meses de &hellip; <a href=\"https:\/\/www.grieta.org.mx\/index.php\/2022\/02\/09\/activistas-feministas-en-jalisco-exigen-justicia-para-joven-victima-de-dieter-n-jugador-del-necaxa-senalado-de-agresion-sexual\/\" class=\"more-link\">Leer m\u00e1s<\/a><\/p>\n","protected":false},"author":2,"featured_media":63357,"comment_status":"closed","ping_status":"closed","sticky":false,"template":"","format":"standard","meta":{"ngg_post_thumbnail":0,"_jetpack_newsletter_access":"","_jetpack_dont_email_post_to_subs":false,"_jetpack_newsletter_tier_id":0,"_jetpack_memberships_contains_paywalled_content":false,"_jetpack_memberships_contains_paid_content":false,"footnotes":""},"categories":[20,2,2504],"tags":[3042,2792,3209,3148,1630,94],"class_list":["post-63356","post","type-post","status-publish","format-standard","has-post-thumbnail","hentry","category-jalisco","category-noticias-nacionales","category-violencia-contra-las-mujeres-en-jalisco","tag-colectivos-feministas","tag-hostigamiento-sexual","tag-lucha-contra-la-violencia-contra-las-mujeres","tag-lucha-feminista","tag-violencia-contra-las-mujeres","tag-violencia-contra-mujeres","entry"],"jetpack_featured_media_url":"https:\/\/www.grieta.org.mx\/wp-content\/uploads\/2022\/02\/Portada_Justicia-a-victima-de-Dieter-N-1068x801-1.png","jetpack_sharing_enabled":true,"jetpack_shortlink":"https:\/\/wp.me\/p7ZJR4-gtS","jetpack_likes_enabled":false,"jetpack-related-posts":[{"id":56808,"url":"https:\/\/www.grieta.org.mx\/index.php\/2021\/02\/06\/colectivos-feministas-exigen-reparacion-del-dano-a-victima-de-acoso-jalisco\/","url_meta":{"origin":63356,"position":0},"title":"Colectivos feministas exigen reparaci\u00f3n del da\u00f1o a v\u00edctima de acoso (Jalisco)","author":"grieta","date":"6 febrero, 2021","format":false,"excerpt":"Foto: Ilustrativa Una trabajadora de Tototl\u00e1n fue hostigada por un funcionario y el alcalde de dicho municipio Elizabeth R\u00edos \/ El Occidental Porque conductas como las manifestadas no hacen m\u00e1s que poner en riesgo a ni\u00f1as y mujeres, diversos organismos y colectivos feministas exigieron justicia y reparaci\u00f3n del a\u00f1o a\u2026","rel":"","context":"En &quot;CINTILLO&quot;","block_context":{"text":"CINTILLO","link":"https:\/\/www.grieta.org.mx\/index.php\/category\/cintillo\/"},"img":{"alt_text":"","src":"https:\/\/i0.wp.com\/www.grieta.org.mx\/wp-content\/uploads\/2021\/02\/acoso-sexual.jpg?resize=350%2C200&ssl=1","width":350,"height":200,"srcset":"https:\/\/i0.wp.com\/www.grieta.org.mx\/wp-content\/uploads\/2021\/02\/acoso-sexual.jpg?resize=350%2C200&ssl=1 1x, https:\/\/i0.wp.com\/www.grieta.org.mx\/wp-content\/uploads\/2021\/02\/acoso-sexual.jpg?resize=525%2C300&ssl=1 1.5x, https:\/\/i0.wp.com\/www.grieta.org.mx\/wp-content\/uploads\/2021\/02\/acoso-sexual.jpg?resize=700%2C400&ssl=1 2x"},"classes":[]},{"id":64453,"url":"https:\/\/www.grieta.org.mx\/index.php\/2022\/06\/13\/las-paritaristas-clausuran-simbolicamente-secretaria-del-trabajo-en-jalisco-y-exigen-inhabilitacion-de-su-titular-senalado-de-hostigamiento-sexual-y-laboral-jalisco\/","url_meta":{"origin":63356,"position":1},"title":"Las paritaristas clausuran simb\u00f3licamente Secretar\u00eda del Trabajo en Jalisco y exigen inhabilitaci\u00f3n de su titular se\u00f1alado de hostigamiento sexual y laboral (Jalisco)","author":"grieta","date":"13 junio, 2022","format":false,"excerpt":"Imagen: Zona Docs \u201cNo queremos mrepresi\u00e1s agresores en el poder\u201d exigieron las integrantes de colectiva Las Paritaristas, durante la clausura simb\u00f3lica de la Secretar\u00eda del Trabajo y Previsi\u00f3n Social del estado de Jalisco este lunes. Las defensoras y activistas expusieron que el titular de dicha instituci\u00f3n, Marco Valerio P\u00e9rez Gollaz,\u2026","rel":"","context":"En &quot;CINTILLO&quot;","block_context":{"text":"CINTILLO","link":"https:\/\/www.grieta.org.mx\/index.php\/category\/cintillo\/"},"img":{"alt_text":"","src":"https:\/\/i0.wp.com\/www.grieta.org.mx\/wp-content\/uploads\/2022\/06\/photo1655168493-1068x801-1.jpeg?resize=350%2C200&ssl=1","width":350,"height":200,"srcset":"https:\/\/i0.wp.com\/www.grieta.org.mx\/wp-content\/uploads\/2022\/06\/photo1655168493-1068x801-1.jpeg?resize=350%2C200&ssl=1 1x, https:\/\/i0.wp.com\/www.grieta.org.mx\/wp-content\/uploads\/2022\/06\/photo1655168493-1068x801-1.jpeg?resize=525%2C300&ssl=1 1.5x, https:\/\/i0.wp.com\/www.grieta.org.mx\/wp-content\/uploads\/2022\/06\/photo1655168493-1068x801-1.jpeg?resize=700%2C400&ssl=1 2x, https:\/\/i0.wp.com\/www.grieta.org.mx\/wp-content\/uploads\/2022\/06\/photo1655168493-1068x801-1.jpeg?resize=1050%2C600&ssl=1 3x"},"classes":[]},{"id":63010,"url":"https:\/\/www.grieta.org.mx\/index.php\/2022\/01\/07\/repudian-feministas-violencia-de-exfuncionario-del-dif-jalisco\/","url_meta":{"origin":63356,"position":2},"title":"Repudian feministas violencia de exfuncionario del DIF (Jalisco)","author":"grieta","date":"7 enero, 2022","format":false,"excerpt":"Foto: Tribuna de la Bah\u00eda Breda Beltr\u00e1n \/ Tribuna de la Bah\u00eda Herova Olmos, del Colectivo Vallarta FEM, repudi\u00f3 los hechos en torno a la violencia f\u00edsica que sufri\u00f3 Fanny Gonz\u00e1lez, vecina de la delegaci\u00f3n de Ixtapa, a manos de un ex trabajador del DIF Municipal, por lo que consider\u00f3\u2026","rel":"","context":"En &quot;CINTILLO&quot;","block_context":{"text":"CINTILLO","link":"https:\/\/www.grieta.org.mx\/index.php\/category\/cintillo\/"},"img":{"alt_text":"","src":"https:\/\/i0.wp.com\/www.grieta.org.mx\/wp-content\/uploads\/2022\/01\/herova-olmos-cover.jpg?resize=350%2C200&ssl=1","width":350,"height":200,"srcset":"https:\/\/i0.wp.com\/www.grieta.org.mx\/wp-content\/uploads\/2022\/01\/herova-olmos-cover.jpg?resize=350%2C200&ssl=1 1x, https:\/\/i0.wp.com\/www.grieta.org.mx\/wp-content\/uploads\/2022\/01\/herova-olmos-cover.jpg?resize=525%2C300&ssl=1 1.5x, https:\/\/i0.wp.com\/www.grieta.org.mx\/wp-content\/uploads\/2022\/01\/herova-olmos-cover.jpg?resize=700%2C400&ssl=1 2x"},"classes":[]},{"id":65636,"url":"https:\/\/www.grieta.org.mx\/index.php\/2022\/10\/26\/necesitamos-justicia-para-todas-las-morras-de-la-unam-estudiantes-del-cuaad-en-jalisco-se-manifiestan-en-solidaridad-jalisco\/","url_meta":{"origin":63356,"position":3},"title":"\u201cNecesitamos justicia para todas las morras de la UNAM\u201d: estudiantes del CUAAD en Jalisco se manifiestan en solidaridad (Jalisco)","author":"grieta","date":"26 octubre, 2022","format":false,"excerpt":"Imagen: Zona Docs \u201cYo si te creo\u201d, \u201cNo es no\u201d y \u201cJusticia para nuestra hermana\u201d fueron algunas de las consignas que plasmaron en carteles alumnas del Centro Universitario de Artes, Arquitectura y Dise\u00f1o de la Universidad de Guadalajara (UdeG) en la manifestaci\u00f3n pac\u00edfica que llevaron a cabo este mi\u00e9rcoles 26\u2026","rel":"","context":"En &quot;CINTILLO&quot;","block_context":{"text":"CINTILLO","link":"https:\/\/www.grieta.org.mx\/index.php\/category\/cintillo\/"},"img":{"alt_text":"","src":"https:\/\/i0.wp.com\/www.grieta.org.mx\/wp-content\/uploads\/2022\/10\/photo1666835977-1068x801-1.jpeg?resize=350%2C200&ssl=1","width":350,"height":200,"srcset":"https:\/\/i0.wp.com\/www.grieta.org.mx\/wp-content\/uploads\/2022\/10\/photo1666835977-1068x801-1.jpeg?resize=350%2C200&ssl=1 1x, https:\/\/i0.wp.com\/www.grieta.org.mx\/wp-content\/uploads\/2022\/10\/photo1666835977-1068x801-1.jpeg?resize=525%2C300&ssl=1 1.5x, https:\/\/i0.wp.com\/www.grieta.org.mx\/wp-content\/uploads\/2022\/10\/photo1666835977-1068x801-1.jpeg?resize=700%2C400&ssl=1 2x, https:\/\/i0.wp.com\/www.grieta.org.mx\/wp-content\/uploads\/2022\/10\/photo1666835977-1068x801-1.jpeg?resize=1050%2C600&ssl=1 3x"},"classes":[]},{"id":41659,"url":"https:\/\/www.grieta.org.mx\/index.php\/2019\/11\/25\/marchan-contra-la-violencia-machista-jalisco\/","url_meta":{"origin":63356,"position":4},"title":"Marchan contra la violencia machista  (Jalisco)","author":"grieta","date":"25 noviembre, 2019","format":false,"excerpt":"Foto: Cuarto Oscuro Alejandra Carrillo \/ El Diario NTR El D\u00eda Internacional de la Eliminaci\u00f3n de la Violencia contra las Mujeres no se celebra: se conmemora cada 25\u00a0de noviembre y en Guadalajara la fecha se record\u00f3\u00a0con una marcha y un memorial en honor a las v\u00edctimas de la violencia machista,\u00a0por\u00a0las\u2026","rel":"","context":"En &quot;CINTILLO&quot;","block_context":{"text":"CINTILLO","link":"https:\/\/www.grieta.org.mx\/index.php\/category\/cintillo\/"},"img":{"alt_text":"","src":"https:\/\/i0.wp.com\/www.grieta.org.mx\/wp-content\/uploads\/2019\/11\/2019-11-25_11-11-00___1212.jpg?resize=350%2C200&ssl=1","width":350,"height":200,"srcset":"https:\/\/i0.wp.com\/www.grieta.org.mx\/wp-content\/uploads\/2019\/11\/2019-11-25_11-11-00___1212.jpg?resize=350%2C200&ssl=1 1x, https:\/\/i0.wp.com\/www.grieta.org.mx\/wp-content\/uploads\/2019\/11\/2019-11-25_11-11-00___1212.jpg?resize=525%2C300&ssl=1 1.5x, https:\/\/i0.wp.com\/www.grieta.org.mx\/wp-content\/uploads\/2019\/11\/2019-11-25_11-11-00___1212.jpg?resize=700%2C400&ssl=1 2x"},"classes":[]},{"id":65451,"url":"https:\/\/www.grieta.org.mx\/index.php\/2022\/09\/29\/mujeres-organizadas-en-lagos-de-moreno-denuncian-a-juez-por-liberar-a-hombre-imputado-por-violacion-en-etapa-probatoria-jalisco\/","url_meta":{"origin":63356,"position":5},"title":"Colectiva Mujeres organizadas en Lagos de Moreno denuncian a juez por liberar a hombre imputado por violaci\u00f3n en etapa probatoria (Jalisco)","author":"grieta","date":"29 septiembre, 2022","format":false,"excerpt":"Imagen: Mujeres Organizadas en Lagos. Cortes\u00eda. La colectiva\u00a0Mujeres organizadas en Lagos\u00a0denunci\u00f3 que el Juez Carlos Ram\u00edrez Gloria, del Tribunal Oral de Lagos de Moreno liber\u00f3 a un hombre se\u00f1alado por el delito de violaci\u00f3n aun cuando el proceso se encontraba en etapa probatoria y hac\u00eda imposible la libertad del imputado\u2026","rel":"","context":"En &quot;CINTILLO&quot;","block_context":{"text":"CINTILLO","link":"https:\/\/www.grieta.org.mx\/index.php\/category\/cintillo\/"},"img":{"alt_text":"","src":"https:\/\/i0.wp.com\/www.grieta.org.mx\/wp-content\/uploads\/2022\/10\/41e2b573-f46f-43df-a6f5-ce5016689aaa-1068x510-1.jpg?resize=350%2C200&ssl=1","width":350,"height":200,"srcset":"https:\/\/i0.wp.com\/www.grieta.org.mx\/wp-content\/uploads\/2022\/10\/41e2b573-f46f-43df-a6f5-ce5016689aaa-1068x510-1.jpg?resize=350%2C200&ssl=1 1x, https:\/\/i0.wp.com\/www.grieta.org.mx\/wp-content\/uploads\/2022\/10\/41e2b573-f46f-43df-a6f5-ce5016689aaa-1068x510-1.jpg?resize=525%2C300&ssl=1 1.5x, https:\/\/i0.wp.com\/www.grieta.org.mx\/wp-content\/uploads\/2022\/10\/41e2b573-f46f-43df-a6f5-ce5016689aaa-1068x510-1.jpg?resize=700%2C400&ssl=1 2x, https:\/\/i0.wp.com\/www.grieta.org.mx\/wp-content\/uploads\/2022\/10\/41e2b573-f46f-43df-a6f5-ce5016689aaa-1068x510-1.jpg?resize=1050%2C600&ssl=1 3x"},"classes":[]}],"_links":{"self":[{"href":"https:\/\/www.grieta.org.mx\/index.php\/wp-json\/wp\/v2\/posts\/63356","targetHints":{"allow":["GET"]}}],"collection":[{"href":"https:\/\/www.grieta.org.mx\/index.php\/wp-json\/wp\/v2\/posts"}],"about":[{"href":"https:\/\/www.grieta.org.mx\/index.php\/wp-json\/wp\/v2\/types\/post"}],"author":[{"embeddable":true,"href":"https:\/\/www.grieta.org.mx\/index.php\/wp-json\/wp\/v2\/users\/2"}],"replies":[{"embeddable":true,"href":"https:\/\/www.grieta.org.mx\/index.php\/wp-json\/wp\/v2\/comments?post=63356"}],"version-history":[{"count":1,"href":"https:\/\/www.grieta.org.mx\/index.php\/wp-json\/wp\/v2\/posts\/63356\/revisions"}],"predecessor-version":[{"id":63358,"href":"https:\/\/www.grieta.org.mx\/index.php\/wp-json\/wp\/v2\/posts\/63356\/revisions\/63358"}],"wp:featuredmedia":[{"embeddable":true,"href":"https:\/\/www.grieta.org.mx\/index.php\/wp-json\/wp\/v2\/media\/63357"}],"wp:attachment":[{"href":"https:\/\/www.grieta.org.mx\/index.php\/wp-json\/wp\/v2\/media?parent=63356"}],"wp:term":[{"taxonomy":"category","embeddable":true,"href":"https:\/\/www.grieta.org.mx\/index.php\/wp-json\/wp\/v2\/categories?post=63356"},{"taxonomy":"post_tag","embeddable":true,"href":"https:\/\/www.grieta.org.mx\/index.php\/wp-json\/wp\/v2\/tags?post=63356"}],"curies":[{"name":"wp","href":"https:\/\/api.w.org\/{rel}","templated":true}]}}