{"id":63332,"date":"2022-02-05T03:44:33","date_gmt":"2022-02-05T09:44:33","guid":{"rendered":"https:\/\/www.grieta.org.mx\/?p=63332"},"modified":"2022-02-09T04:00:58","modified_gmt":"2022-02-09T10:00:58","slug":"despidos-arbitrarios-destino-de-comunicadores-yucatecos","status":"publish","type":"post","link":"https:\/\/www.grieta.org.mx\/index.php\/2022\/02\/05\/despidos-arbitrarios-destino-de-comunicadores-yucatecos\/","title":{"rendered":"Despidos arbitrarios, destino de comunicadores yucatecos"},"content":{"rendered":"<p>Rosa Santana \/ Proceso<\/p>\n<blockquote><p>Despidos sin las liquidaciones de ley o \u201crenuncias voluntarias\u201d ha sido el destino de al menos tres centenas de trabajadores de medios de comunicaci\u00f3n de la Pen\u00ednsula de Yucat\u00e1n. Se trata de empleados de los peri\u00f3dicos cuya propiedad se atribuye al dirigente priista, Alejandro Moreno\u2026 y todo, acusan los afectados, a partir de que la gobernadora campechana les cort\u00f3 los gastos de publicidad.<\/p><\/blockquote>\n<p>CAMPECHE, Camp. (Proceso).\u2013Para los trabajadores de los medios de comunicaci\u00f3n de la pen\u00ednsula de Yucat\u00e1n, 2021 fue el peor a\u00f1o del que tengan memoria. A los decesos que dej\u00f3 la pandemia se sumaron los despidos masivos que en medio de \u00e9sta, y en condiciones arbitrarias, se dieron en los cuatro peri\u00f3dicos campechanos cuya propiedad se atribuye al dirigente nacional del PRI, Alejandro Moreno C\u00e1rdenas, Alito, as\u00ed como en los diarios regionales Por Esto!, de Mario Renato Men\u00e9ndez Rodr\u00edguez, estos \u00faltimos ampliamente favorecidos por el gobierno federal con publicidad oficial.<\/p>\n<p>En los medios de Alito y los de Men\u00e9ndez fueron despedidos unos 300 trabajadores. Entre los afectados hay personas de edad avanzada que estaban cerca de jubilarse y enfermos cr\u00f3nicos o con padecimientos terminales que vieron as\u00ed interrupidos sus tratamientos m\u00e9dicos.<\/p>\n<p>En Campeche, los despidos en los diarios El Sur de Campeche, Novedades de Campeche, Expreso de Campeche y El Carmelita ocurrieron entre noviembre y diciembre, despu\u00e9s de que el gobierno de la morenista Layda Sansores, que entr\u00f3 en funciones el pasado 16 de septiembre, les cort\u00f3 el subsidio gubernamental a esos \u201cmedios de Alito\u201d, como dijo ella, que ascend\u00eda a 5 millones de pesos al mes.<\/p>\n<p>Esto fue revelado por la propia mandataria en una de las emisiones de su programa de televisi\u00f3n \u201cMartes del Jaguar\u201d.<\/p>\n<p>Desde que Moreno C\u00e1rdenas asumi\u00f3 la gubernatura, en 2015, surgi\u00f3 la versi\u00f3n de que estaba \u201ccomprando\u201d los medios locales. No se le pudo comprobar, pero tampoco lo neg\u00f3.<\/p>\n<p>Adem\u00e1s de los cuatro peri\u00f3dicos \u2013de los que presuntamente se apoder\u00f3 mediante Ernesto Zertuche, un abogado fiscalista de la capital del pa\u00eds que subitamente apareci\u00f3 en Campeche comprando medios\u2013, al exgobernador tambi\u00e9n se le se\u00f1ala como due\u00f1o de la televisora Mayavisi\u00f3n. El propietario original, Miguel \u00c1ngel Duarte Quijano, no dej\u00f3 de figurar como tal y se convirti\u00f3 en uno de los administradores de todo el conglomerado medi\u00e1tico de Alito e incluso, cuentan extrabajadores afectados, \u00e9l fue quien personalmente se encarg\u00f3 de vigilar los despidos.<\/p>\n<p>Extrabajadores de Novedades y El Sur relatan que semanas antes de notificarles sus despidos, ambas empresas dieron de baja ante el Instituto Mexicano del Seguro Social a todo el personal. No obstante, con la excusa de la pandemia, los hicieron trabajar desde sus casas, con lo que los gastos operativos de las \u00faltimas ediciones impresas, como energ\u00eda el\u00e9ctrica e internet, corrieron por cuenta de cada uno de ellos.<\/p>\n<p>Declaran que fueron llamados en grupos de dos o de tres para notificarles sus despidos o hacerles firmar sus \u201crenuncias voluntarias\u201d, con la advertencia de que de nada servir\u00eda que demanden, porque las empresas cambiar\u00edan de raz\u00f3n y los afectados no tendr\u00edan entonces ya con qui\u00e9n pelear en un litigio por sus derechos laborales.<\/p>\n<p>Aunque hab\u00eda trabajadores con m\u00e1s de dos d\u00e9cadas de antig\u00fcedad, no les fueron reconocidos todos sus a\u00f1os laborados. Adem\u00e1s, el monto de las liquidaciones fueron tasadas seg\u00fan el salario con que los ten\u00edan registrados en el IMSS, inferior al real. Es decir, de 90 o 100 pesos diarios.<\/p>\n<p>Los \u201cmedios de Alito\u201d ahora s\u00f3lo existen en su versi\u00f3n digital.<\/p>\n<p>\u201cPor Esto!\u201d<\/p>\n<p>En el caso de Por Esto!, es de dominio p\u00fablico el v\u00ednculo que hay entre Mario Renato Men\u00e9ndez y el presidente Andr\u00e9s Manuel L\u00f3pez Obrador, quien lo ha divulgado incluso en sus conferencias matutinas as\u00ed como lo muestra su deferencia hacia el periodista yucateco, cuya empresa, que ahora opera como \u201casociaci\u00f3n civil\u201d con la raz\u00f3n social Centro de Cultura Nuestra Am\u00e9rica, recibi\u00f3 s\u00f3lo el primer a\u00f1o del gobierno obradorista 60 millones 821 mil 365 pesos con 23 centavos en publicidad oficial.<\/p>\n<p>Con ese monto, y bajo esa raz\u00f3n social, Por Esto! se posicion\u00f3 en el n\u00famero 12 de la lista de los medios nacionales que m\u00e1s dinero recibieron en publicidad oficial en 2019, lo cual fue expuesto por la organizaci\u00f3n civil Article 19 con base en el escrutinio que hizo al gasto definitivo de comunicaci\u00f3n social de ese a\u00f1o que public\u00f3 la Secretar\u00eda de la Funci\u00f3n P\u00fablica.<\/p>\n<p>El pasado 29 de octubre el presidente L\u00f3pez Obrador, durante su conferencia ma\u00f1anera, que en esa ocasi\u00f3n tuvo lugar en la base a\u00e9rea militar de M\u00e9rida, salud\u00f3 a trav\u00e9s de las c\u00e1maras a Mario Renato Men\u00e9ndez, su \u201camigo, compa\u00f1ero, hermano\u201d, quien no estuvo presente.<\/p>\n<p>\u201cNo se me va a olvidar nunca de que cuando iniciamos la lucha para transformar al pa\u00eds, ese peri\u00f3dico siempre nos dio espacio y nos ayud\u00f3 mucho\u201d, dijo el mandatario. E insisti\u00f3 en que, cuando otros medios de informaci\u00f3n lo ignoraban, \u201cPor Esto! siempre informaba sobre nuestro movimiento.<\/p>\n<p>\u201cComo ya Mario est\u00e1, pues\u2026 joven maduro, aprovecho para enviarle un abrazo\u2026 desearle que tenga mucha salud y mucha vida\u201d, a\u00f1adi\u00f3, y le expres\u00f3: \u201c\u00a1T\u00fa eres parte de esto, Mario!\u201d<\/p>\n<p>El 16 de noviembre L\u00f3pez Obrador difundi\u00f3 en sus redes sociales la visita de Men\u00e9ndez. \u201c\u00a1Me dio mucho gusto recibir en Palacio Nacional a Mario Men\u00e9ndez, director de Por Esto! en Yucat\u00e1n. De los poqu\u00edsimos peri\u00f3dicos que nunca dej\u00f3 de darnos espacios durante el tiempo que fuimos opositores al r\u00e9gimen de corrupci\u00f3n y privilegios\u201d.<\/p>\n<p>Dos semanas despu\u00e9s estall\u00f3 el esc\u00e1ndalo.<\/p>\n<p>El 1 de diciembre la empresa despidi\u00f3 a toda su plantilla de trabajadores en Chetumal, con el alegato de un litigio mercantil en que se enfrascaron los hijos de Men\u00e9ndez, en pugna por el peri\u00f3dico.<\/p>\n<p>Debido a ello, desde noviembre pasado las instalaciones del diario yucateco en Chetumal, Quintana Roo, y en Ciudad del Carmen, Campeche, fueron embargadas por orden de un juez de la capital del pa\u00eds. Aunque en ese momento, desde sus p\u00e1ginas, la directiva del medio, que ahora encabeza Alicia Men\u00e9ndez, hija de Mario Renato, culp\u00f3 a los gobernadores de Quintana Roo, Pedro Joaqu\u00edn Gonz\u00e1lez, y de Campeche, Layda Sansores San Rom\u00e1n.<\/p>\n<p>Mientras eso suced\u00eda, explican algunos de los reporteros afectados (quienes pidieron no exponer sus nombres porque se les amenaz\u00f3 con demandarlos), Por Esto! comenz\u00f3 a despedir tambi\u00e9n a su personal en M\u00e9rida, donde est\u00e1 la matriz. Pero lo hizo gradualmente y en bloques de 10 personas, empezando por \u201clos de la vieja guardia\u201d, es decir, los de mayor antig\u00fcedad, muchos de ellos fundadores del medio que vio la luz en 1991, en el sexenio de Carlos Salinas de Gortari, y que lleg\u00f3 a ser el peri\u00f3dico con mayor distribuci\u00f3n en la pen\u00ednsula y a tener ediciones locales en Quintana Roo y Ciudad del Carmen.<\/p>\n<p>El 13 de diciembre, extrabajadores de la versi\u00f3n Por Esto! De Quintana Roo se manifestaron en Chetumal contra los directivos de esa empresa y lanzaron un llamado al presidente L\u00f3pez Obrador para que vea el trato inhumano y arbitrario con que los due\u00f1os se deshicieron del personal, al que primero le redujeron el salario con la excusa de la pandemia. Luego despidieron a algunos y a otros los obligaron a renunciar, pero en ning\u00fa caso se les respet\u00f3 la antig\u00fcedad ni se les pag\u00f3 la liquidaci\u00f3n de ley.<\/p>\n<p>Adem\u00e1s, los trabajadores despedidos est\u00e1n recibiendo el monto otorgado en pagos mensuales.<\/p>\n<p><a href=\"https:\/\/www.proceso.com.mx\/reportajes\/2022\/2\/5\/despidos-arbitrarios-destino-de-comunicadores-yucatecos-280400.html\" rel=\"noopener\" target=\"_blank\">https:\/\/www.proceso.com.mx\/reportajes\/2022\/2\/5\/despidos-arbitrarios-destino-de-comunicadores-yucatecos-280400.html<\/a><\/p>\n","protected":false},"excerpt":{"rendered":"<p>Rosa Santana \/ Proceso Despidos sin las liquidaciones de ley o \u201crenuncias voluntarias\u201d ha sido el destino de al menos tres centenas de trabajadores de medios de comunicaci\u00f3n de la &hellip; <a href=\"https:\/\/www.grieta.org.mx\/index.php\/2022\/02\/05\/despidos-arbitrarios-destino-de-comunicadores-yucatecos\/\" class=\"more-link\">Leer m\u00e1s<\/a><\/p>\n","protected":false},"author":2,"featured_media":63333,"comment_status":"closed","ping_status":"closed","sticky":false,"template":"","format":"standard","meta":{"ngg_post_thumbnail":0,"_jetpack_newsletter_access":"","_jetpack_dont_email_post_to_subs":false,"_jetpack_newsletter_tier_id":0,"_jetpack_memberships_contains_paywalled_content":false,"_jetpack_memberships_contains_paid_content":false,"footnotes":""},"categories":[11,80,1040,1084,1072,2,28,36],"tags":[113,105,163,2266,2554,1117],"class_list":["post-63332","post","type-post","status-publish","format-standard","has-post-thumbnail","hentry","category-campeche","category-cintillo","category-conflictos-laborales-en-campeche","category-conflictos-laborales-en-quintana-roo","category-conflictos-laborales-en-yucatan","category-noticias-nacionales","category-quintana-roo","category-yucatan","tag-conflictos-laborales","tag-derechos-laborales","tag-despidos","tag-medios-de-comunicacion","tag-periodistas","tag-violacion-de-derechos-laborales","entry"],"jetpack_featured_media_url":"https:\/\/www.grieta.org.mx\/wp-content\/uploads\/2022\/02\/DespidosYucatan-e1644400619852.png","jetpack_sharing_enabled":true,"jetpack_shortlink":"https:\/\/wp.me\/p7ZJR4-gtu","jetpack_likes_enabled":false,"jetpack-related-posts":[{"id":62173,"url":"https:\/\/www.grieta.org.mx\/index.php\/2021\/09\/30\/sin-ciencia-no-hay-futuro-trabajadores-de-conacyt-protestan-en-la-peninsula-de-yucatan\/","url_meta":{"origin":63332,"position":0},"title":"\u201cSin ciencia no hay futuro\u201d: trabajadores de Conacyt protestan en la pen\u00ednsula de Yucat\u00e1n","author":"grieta","date":"30 septiembre, 2021","format":false,"excerpt":"Yazm\u00edn Rodr\u00edguez \/ El Universal M\u00e9rida.- Trabajadores adheridos al Sindicato Independiente de Trabajadores de Investigaci\u00f3n de C\u00e1tedras del Consejo Nacional de Ciencia y Tecnolog\u00eda (Conacyt) se manifestaron en el Monumento a la Patria de Paseo de Montejo para exigir la firma de un contrato colectivo de trabajo con mejores prestaciones\u2026","rel":"","context":"En &quot;Campeche&quot;","block_context":{"text":"Campeche","link":"https:\/\/www.grieta.org.mx\/index.php\/category\/noticias-nacionales\/campeche\/"},"img":{"alt_text":"","src":"https:\/\/i0.wp.com\/www.grieta.org.mx\/wp-content\/uploads\/2021\/10\/Conacyt-e1633395395359.png?resize=350%2C200&ssl=1","width":350,"height":200,"srcset":"https:\/\/i0.wp.com\/www.grieta.org.mx\/wp-content\/uploads\/2021\/10\/Conacyt-e1633395395359.png?resize=350%2C200&ssl=1 1x, https:\/\/i0.wp.com\/www.grieta.org.mx\/wp-content\/uploads\/2021\/10\/Conacyt-e1633395395359.png?resize=525%2C300&ssl=1 1.5x, https:\/\/i0.wp.com\/www.grieta.org.mx\/wp-content\/uploads\/2021\/10\/Conacyt-e1633395395359.png?resize=700%2C400&ssl=1 2x"},"classes":[]},{"id":64385,"url":"https:\/\/www.grieta.org.mx\/index.php\/2022\/06\/16\/trabajadores-del-tren-maya-cierran-empresa-que-se-niega-a-pagarles\/","url_meta":{"origin":63332,"position":1},"title":"Trabajadores del Tren Maya cierran empresa que se niega a pagarles","author":"grieta","date":"16 junio, 2022","format":false,"excerpt":"Yoisi Moguel \/ El Financiero Alrededor de 150 trabajadores del Tren Maya, del tramo 3 Calkini-Izamal, cerraron las instalaciones de las oficinas centrales de la empresa Azvi Ferroviaria, en protesta porque les negaron su pago de esta quincena, les incrementaron la jornada laboral sin incentivo econ\u00f3mico y por despidos injustificados.\u2026","rel":"","context":"En &quot;Campeche&quot;","block_context":{"text":"Campeche","link":"https:\/\/www.grieta.org.mx\/index.php\/category\/noticias-nacionales\/campeche\/"},"img":{"alt_text":"","src":"https:\/\/i0.wp.com\/www.grieta.org.mx\/wp-content\/uploads\/2022\/06\/CarreteraMilenaria-e1654888209571.png?resize=350%2C200&ssl=1","width":350,"height":200,"srcset":"https:\/\/i0.wp.com\/www.grieta.org.mx\/wp-content\/uploads\/2022\/06\/CarreteraMilenaria-e1654888209571.png?resize=350%2C200&ssl=1 1x, https:\/\/i0.wp.com\/www.grieta.org.mx\/wp-content\/uploads\/2022\/06\/CarreteraMilenaria-e1654888209571.png?resize=525%2C300&ssl=1 1.5x, https:\/\/i0.wp.com\/www.grieta.org.mx\/wp-content\/uploads\/2022\/06\/CarreteraMilenaria-e1654888209571.png?resize=700%2C400&ssl=1 2x"},"classes":[]},{"id":63055,"url":"https:\/\/www.grieta.org.mx\/index.php\/2021\/12\/13\/denuncian-abusos-laborales-extrabajadores-de-grupo-turquesa-y-del-diario-por-esto-quintana-roo\/","url_meta":{"origin":63332,"position":2},"title":"Denuncian abusos laborales extrabajadores de Grupo Turquesa y del diario Por Esto! (Quintana Roo)","author":"grieta","date":"13 diciembre, 2021","format":false,"excerpt":"Rosa Santana \/ Proceso CANC\u00daN, Q. Roo. (apro).- Extrabajadores de Grupo Turquesa, de Luis Alegre Salazar, y del peri\u00f3dico Por Esto!, de Mario Renato Men\u00e9ndez Rodr\u00edguez, denunciaron --por separado-- abusos laborales por parte de dichas empresas. En conferencia de prensa en esta ciudad, extrabajadores de Grupo Turquesa acusaron a Alegre\u2026","rel":"","context":"En &quot;CINTILLO&quot;","block_context":{"text":"CINTILLO","link":"https:\/\/www.grieta.org.mx\/index.php\/category\/cintillo\/"},"img":{"alt_text":"","src":"https:\/\/i0.wp.com\/www.grieta.org.mx\/wp-content\/uploads\/2022\/01\/PorEstoChetumal-e1642026132131.png?resize=350%2C200&ssl=1","width":350,"height":200,"srcset":"https:\/\/i0.wp.com\/www.grieta.org.mx\/wp-content\/uploads\/2022\/01\/PorEstoChetumal-e1642026132131.png?resize=350%2C200&ssl=1 1x, https:\/\/i0.wp.com\/www.grieta.org.mx\/wp-content\/uploads\/2022\/01\/PorEstoChetumal-e1642026132131.png?resize=525%2C300&ssl=1 1.5x, https:\/\/i0.wp.com\/www.grieta.org.mx\/wp-content\/uploads\/2022\/01\/PorEstoChetumal-e1642026132131.png?resize=700%2C400&ssl=1 2x"},"classes":[]},{"id":34796,"url":"https:\/\/www.grieta.org.mx\/index.php\/2019\/05\/20\/crecen-protestas-por-cientos-de-despidos-via-whatsapp-en-conafe\/","url_meta":{"origin":63332,"position":3},"title":"Crecen protestas por cientos de despidos v\u00eda WhatsApp en Conafe","author":"grieta","date":"20 mayo, 2019","format":false,"excerpt":"En redes sociales, trabajadores de diferentes entidades reprocharon la decisi\u00f3n del director de Conafe, Cuauht\u00e9moc S\u00e1nchez Osio, respecto a los despidos de m\u00e1s de 500 personas. Anabel Clemente\/ El Financiero, 20\/05\/2019 Trabajadores administrativos eventuales del Consejo Nacional de Fomento Educativo (Conafe) mantienen protestas por despidos de m\u00e1s de 500 personas\u2026","rel":"","context":"En &quot;Campeche&quot;","block_context":{"text":"Campeche","link":"https:\/\/www.grieta.org.mx\/index.php\/category\/noticias-nacionales\/campeche\/"},"img":{"alt_text":"","src":"https:\/\/i0.wp.com\/www.grieta.org.mx\/wp-content\/uploads\/2019\/06\/856fc816231558325724_standard_desktop_medium_retina.jpeg?resize=350%2C200&ssl=1","width":350,"height":200,"srcset":"https:\/\/i0.wp.com\/www.grieta.org.mx\/wp-content\/uploads\/2019\/06\/856fc816231558325724_standard_desktop_medium_retina.jpeg?resize=350%2C200&ssl=1 1x, https:\/\/i0.wp.com\/www.grieta.org.mx\/wp-content\/uploads\/2019\/06\/856fc816231558325724_standard_desktop_medium_retina.jpeg?resize=525%2C300&ssl=1 1.5x, https:\/\/i0.wp.com\/www.grieta.org.mx\/wp-content\/uploads\/2019\/06\/856fc816231558325724_standard_desktop_medium_retina.jpeg?resize=700%2C400&ssl=1 2x, https:\/\/i0.wp.com\/www.grieta.org.mx\/wp-content\/uploads\/2019\/06\/856fc816231558325724_standard_desktop_medium_retina.jpeg?resize=1050%2C600&ssl=1 3x"},"classes":[]},{"id":66796,"url":"https:\/\/www.grieta.org.mx\/index.php\/2023\/04\/13\/paran-trabajadores-de-tren-maya\/","url_meta":{"origin":63332,"position":4},"title":"Paran trabajadores de Tren Maya","author":"grieta","date":"13 abril, 2023","format":false,"excerpt":"Benito Jim\u00e9nez \/ Agencia Reforma \/ Heraldo.mx CIUDAD DE M\u00c9XICO.- Al menos 120 trabajadores de la Estaci\u00f3n Centenario del Tramo 7 del Tren Maya pararon ayer sus labores en demanda de la revisi\u00f3n de contratos y en protesta de supuestos malos tratos por parte de ingenieros militares que tienen a\u2026","rel":"","context":"En &quot;Campeche&quot;","block_context":{"text":"Campeche","link":"https:\/\/www.grieta.org.mx\/index.php\/category\/noticias-nacionales\/campeche\/"},"img":{"alt_text":"","src":"https:\/\/i0.wp.com\/www.grieta.org.mx\/wp-content\/uploads\/2023\/04\/ParanTrabajadores-e1681602408864.jpg?resize=350%2C200&ssl=1","width":350,"height":200,"srcset":"https:\/\/i0.wp.com\/www.grieta.org.mx\/wp-content\/uploads\/2023\/04\/ParanTrabajadores-e1681602408864.jpg?resize=350%2C200&ssl=1 1x, https:\/\/i0.wp.com\/www.grieta.org.mx\/wp-content\/uploads\/2023\/04\/ParanTrabajadores-e1681602408864.jpg?resize=525%2C300&ssl=1 1.5x, https:\/\/i0.wp.com\/www.grieta.org.mx\/wp-content\/uploads\/2023\/04\/ParanTrabajadores-e1681602408864.jpg?resize=700%2C400&ssl=1 2x"},"classes":[]},{"id":28575,"url":"https:\/\/www.grieta.org.mx\/index.php\/2019\/01\/04\/siguen-los-acosos-y-despidos-laborales-en-oceanografia-campeche\/","url_meta":{"origin":63332,"position":5},"title":"Siguen los acosos y despidos laborales en Oceanograf\u00eda (Campeche)","author":"grieta","date":"4 enero, 2019","format":false,"excerpt":"Redacci\u00f3n\/Campeche Hoy CD DEL CARMEN. Contin\u00faan las denuncias en contra de la empresa petrolera Oceanograf\u00eda por abusos laborales, ahora 21 trabajadores activos fueron dados de baja como derechohabientes del Instituto Mexicano del Seguro Social (IMSS) sin previo aviso y a\u00fan les debe ocho meses de salario, pero Jorge Betancourt M\u00e9ndez\u2026","rel":"","context":"En &quot;Campeche&quot;","block_context":{"text":"Campeche","link":"https:\/\/www.grieta.org.mx\/index.php\/category\/noticias-nacionales\/campeche\/"},"img":{"alt_text":"","src":"https:\/\/i0.wp.com\/www.grieta.org.mx\/wp-content\/uploads\/2019\/01\/FOTO-1-6-640x427.jpg?resize=350%2C200&ssl=1","width":350,"height":200,"srcset":"https:\/\/i0.wp.com\/www.grieta.org.mx\/wp-content\/uploads\/2019\/01\/FOTO-1-6-640x427.jpg?resize=350%2C200&ssl=1 1x, https:\/\/i0.wp.com\/www.grieta.org.mx\/wp-content\/uploads\/2019\/01\/FOTO-1-6-640x427.jpg?resize=525%2C300&ssl=1 1.5x"},"classes":[]}],"_links":{"self":[{"href":"https:\/\/www.grieta.org.mx\/index.php\/wp-json\/wp\/v2\/posts\/63332","targetHints":{"allow":["GET"]}}],"collection":[{"href":"https:\/\/www.grieta.org.mx\/index.php\/wp-json\/wp\/v2\/posts"}],"about":[{"href":"https:\/\/www.grieta.org.mx\/index.php\/wp-json\/wp\/v2\/types\/post"}],"author":[{"embeddable":true,"href":"https:\/\/www.grieta.org.mx\/index.php\/wp-json\/wp\/v2\/users\/2"}],"replies":[{"embeddable":true,"href":"https:\/\/www.grieta.org.mx\/index.php\/wp-json\/wp\/v2\/comments?post=63332"}],"version-history":[{"count":1,"href":"https:\/\/www.grieta.org.mx\/index.php\/wp-json\/wp\/v2\/posts\/63332\/revisions"}],"predecessor-version":[{"id":63335,"href":"https:\/\/www.grieta.org.mx\/index.php\/wp-json\/wp\/v2\/posts\/63332\/revisions\/63335"}],"wp:featuredmedia":[{"embeddable":true,"href":"https:\/\/www.grieta.org.mx\/index.php\/wp-json\/wp\/v2\/media\/63333"}],"wp:attachment":[{"href":"https:\/\/www.grieta.org.mx\/index.php\/wp-json\/wp\/v2\/media?parent=63332"}],"wp:term":[{"taxonomy":"category","embeddable":true,"href":"https:\/\/www.grieta.org.mx\/index.php\/wp-json\/wp\/v2\/categories?post=63332"},{"taxonomy":"post_tag","embeddable":true,"href":"https:\/\/www.grieta.org.mx\/index.php\/wp-json\/wp\/v2\/tags?post=63332"}],"curies":[{"name":"wp","href":"https:\/\/api.w.org\/{rel}","templated":true}]}}