{"id":63291,"date":"2022-01-31T16:43:20","date_gmt":"2022-01-31T22:43:20","guid":{"rendered":"https:\/\/www.grieta.org.mx\/?p=63291"},"modified":"2022-02-05T16:54:36","modified_gmt":"2022-02-05T22:54:36","slug":"denuncian-casos-de-abuso-sexual-infantil-en-parque-acuatico-nayarit","status":"publish","type":"post","link":"https:\/\/www.grieta.org.mx\/index.php\/2022\/01\/31\/denuncian-casos-de-abuso-sexual-infantil-en-parque-acuatico-nayarit\/","title":{"rendered":"Denuncian casos de abuso sexual infantil en parque acu\u00e1tico (Nayarit)"},"content":{"rendered":"<p>Foto: Tribuna de la Bah\u00eda<\/p>\n<p>Israel Torres \/ Tribuna de la Bah\u00eda<\/p>\n<p>En los \u00faltimos d\u00edas, el colectivo feminista Bah\u00eda Violeta hizo p\u00fablico el caso de dos ni\u00f1as entre 10 y 11 a\u00f1os de edad que fueron abusadas sexualmente por un instructor de un parque acu\u00e1tico ubicado sobre la carretera 200 en Jarretaderas, sucedido en julio del 2021;\u00a0<strong>a m\u00e1s de 6 meses, no han recibido justicia.\u00a0<\/strong><\/p>\n<p>Las familias de ambas menores han se\u00f1alado a Fernando \u201cN\u201d de haberse aprovechado de las menores quienes disfrutaban de las atracciones del parque. Cuando ellas hac\u00edan uso de la tirolesa en compa\u00f1\u00eda de sus familias, este aprovech\u00f3 un espacio de tiempo a solas para cometer la agresi\u00f3n.<\/p>\n<p>El colectivo ha informado que en primera instancia se recibi\u00f3 una denuncia de una menor de la ciudad de Tepic que en el momento de la agresi\u00f3n, inform\u00f3 r\u00e1pidamente a sus padres que al parar en una estaci\u00f3n de la atracci\u00f3n, el instructor habr\u00eda mostrado sus genitales a la menor.<\/p>\n<p>En ese momento hablaron a la polic\u00eda pero estos no hicieron nada al respecto, ya que dicho sujeto se habr\u00eda declarado inocente de la acusaci\u00f3n hecha por la menor para posteriormente hacer la denuncia ante el Ministerio P\u00fablico de Bah\u00eda de Banderas, sin recibir hasta el momento una respuesta.<\/p>\n<p>Al hacerse p\u00fablico este caso en redes sociales, el colectivo recibi\u00f3 otra denuncia de una segunda menor originaria de Bah\u00eda de Banderas, que en fechas cercanas asisti\u00f3 al parque acu\u00e1tico y fue v\u00edctima del mismo sujeto bajo las mismas caracter\u00edsticas del caso anterior, por lo que ya se interpuso una denuncia el pasado mes de diciembre.<\/p>\n<p>Luisa Flores, representante legal del colectivo, se\u00f1al\u00f3 que hasta el momento, las autoridades municipales no han procedido contra el parque acu\u00e1tico; tampoco el establecimiento ha mostrado su solidaridad con la familias de las menores; solo se deslindaron del trabajador se\u00f1alando que ya lo hab\u00edan despedido, mismo que hace tiempo segu\u00eda en el lugar.<\/p>\n<p><strong>\u201cLas autoridades no emitieron ning\u00fan acto en contra del parque, el mismo gerente tampoco mostr\u00f3 inter\u00e9s, as\u00ed como lo mostraron en su reciente comunicado en redes sociales, dejan muchas cosas en duda y muestran una nula perspectiva de g\u00e9nero, revictimizando a las menores&#8221;, a\u00f1adi\u00f3<\/strong>.<\/p>\n<p>Bah\u00eda Violeta acusa que en el municipio no se cuentan con protocolos de atenci\u00f3n a v\u00edctimas, adem\u00e1s de que el parque acu\u00e1tico no garantiza seguridad a los menores que asisten al establecimiento,<strong>\u00a0por lo que es necesario actuar de inmediato para evitar que haya m\u00e1s v\u00edctimas. \u00a0<\/strong><\/p>\n<p><strong>\u201cA las ni\u00f1as en el momento no se les dio una se les dio una contenci\u00f3n emocional, ni tampoco el m\u00e9dico legista las revis\u00f3 en el momento. Tuvo que pasar un tiempo para que esto pasara, por lo que existe una negligencia total&#8221;, denunci\u00f3.<\/strong><\/p>\n<p>Se informa que hasta el momento, el sujeto se encuentra pr\u00f3fugo y no ha sido requerido por parte de la Fiscal\u00eda General de Estado de Nayarit, por lo que las familias siguen presionando de manera p\u00fablica para que el presunto responsable sea \u00a0presentado ante las autoridades.<\/p>\n<p><a href=\"https:\/\/tribunadelabahia.com.mx\/abuso-sexual-infantil-parque-52577\">https:\/\/tribunadelabahia.com.mx\/abuso-sexual-infantil-parque-52577<\/a><\/p>\n","protected":false},"excerpt":{"rendered":"<p>Foto: Tribuna de la Bah\u00eda Israel Torres \/ Tribuna de la Bah\u00eda En los \u00faltimos d\u00edas, el colectivo feminista Bah\u00eda Violeta hizo p\u00fablico el caso de dos ni\u00f1as entre 10 &hellip; <a href=\"https:\/\/www.grieta.org.mx\/index.php\/2022\/01\/31\/denuncian-casos-de-abuso-sexual-infantil-en-parque-acuatico-nayarit\/\" class=\"more-link\">Leer m\u00e1s<\/a><\/p>\n","protected":false},"author":2,"featured_media":63292,"comment_status":"closed","ping_status":"closed","sticky":false,"template":"","format":"standard","meta":{"ngg_post_thumbnail":0,"_jetpack_newsletter_access":"","_jetpack_dont_email_post_to_subs":false,"_jetpack_newsletter_tier_id":0,"_jetpack_memberships_contains_paywalled_content":false,"_jetpack_memberships_contains_paid_content":false,"footnotes":""},"categories":[80,1827,2718,23,2,83],"tags":[1820,3042,3776,3148,3065,3139],"class_list":["post-63291","post","type-post","status-publish","format-standard","has-post-thumbnail","hentry","category-cintillo","category-la-ninez-en-la-tormenta-capitalista","category-la-ninez-en-la-tormenta-en-nayarit","category-nayarit","category-noticias-nacionales","category-temas-nacionales","tag-abuso-sexual-infantil","tag-colectivos-feministas","tag-la-ninez-en-la-tormenta-capitalista","tag-lucha-feminista","tag-violencia-contra-la-ninez","tag-violencia-sexual-contra-ninas","entry"],"jetpack_featured_media_url":"https:\/\/www.grieta.org.mx\/wp-content\/uploads\/2022\/02\/denuncian-casos-de-abuso-sexual-infantil-en-parque-acuatico-2-cover.jpg","jetpack_sharing_enabled":true,"jetpack_shortlink":"https:\/\/wp.me\/p7ZJR4-gsP","jetpack_likes_enabled":false,"jetpack-related-posts":[{"id":65593,"url":"https:\/\/www.grieta.org.mx\/index.php\/2022\/10\/20\/nayarit-primer-lugar-nacional-en-abuso-sexual-infantil\/","url_meta":{"origin":63291,"position":0},"title":"Nayarit primer lugar nacional en abuso sexual infantil","author":"grieta","date":"20 octubre, 2022","format":false,"excerpt":"Imagen: Tribuna de la Bah\u00eda Israel Torres \/ Tribuna de la Bah\u00eda En el marco de la conformaci\u00f3n del Sistema Municipal de Protecci\u00f3n Integral de los Ni\u00f1os, Ni\u00f1as y Adolescentes, la Secretaria Ejecutiva de la SIPINNA en Nayarit, Concepci\u00f3n Rodr\u00edguez Llamas, aplaudi\u00f3 la conformaci\u00f3n de este comit\u00e9, pero tambi\u00e9n dio\u2026","rel":"","context":"En &quot;CINTILLO&quot;","block_context":{"text":"CINTILLO","link":"https:\/\/www.grieta.org.mx\/index.php\/category\/cintillo\/"},"img":{"alt_text":"","src":"https:\/\/i0.wp.com\/www.grieta.org.mx\/wp-content\/uploads\/2022\/10\/ninos-caminando-en-la-calle-con-su-mama-cover.jpg?resize=350%2C200&ssl=1","width":350,"height":200,"srcset":"https:\/\/i0.wp.com\/www.grieta.org.mx\/wp-content\/uploads\/2022\/10\/ninos-caminando-en-la-calle-con-su-mama-cover.jpg?resize=350%2C200&ssl=1 1x, https:\/\/i0.wp.com\/www.grieta.org.mx\/wp-content\/uploads\/2022\/10\/ninos-caminando-en-la-calle-con-su-mama-cover.jpg?resize=525%2C300&ssl=1 1.5x, https:\/\/i0.wp.com\/www.grieta.org.mx\/wp-content\/uploads\/2022\/10\/ninos-caminando-en-la-calle-con-su-mama-cover.jpg?resize=700%2C400&ssl=1 2x"},"classes":[]},{"id":40634,"url":"https:\/\/www.grieta.org.mx\/index.php\/2019\/10\/14\/reconocen-incremento-de-explotacion-infantil-nayarit\/","url_meta":{"origin":63291,"position":1},"title":"Reconocen incremento de explotaci\u00f3n infantil (Nayarit)","author":"grieta","date":"14 octubre, 2019","format":false,"excerpt":"Foto: Tribuna de la Bah\u00eda Israel Torre \/ Tribuna de la Bah\u00eda Bah\u00eda de Banderas, Nay.- Aunque Bah\u00eda de Banderas no figura entre los municipios con mayor tasa de explotaci\u00f3n infantil, seg\u00fan un mapeo realizado por la Secretar\u00eda del Trabajo y Previsi\u00f3n Social en 2017, donde se encontraba en los\u2026","rel":"","context":"En &quot;CINTILLO&quot;","block_context":{"text":"CINTILLO","link":"https:\/\/www.grieta.org.mx\/index.php\/category\/cintillo\/"},"img":{"alt_text":"","src":"https:\/\/i0.wp.com\/www.grieta.org.mx\/wp-content\/uploads\/2019\/10\/Sin-t%C3%ADtulo-1-14-700x500.jpg?resize=350%2C200&ssl=1","width":350,"height":200,"srcset":"https:\/\/i0.wp.com\/www.grieta.org.mx\/wp-content\/uploads\/2019\/10\/Sin-t%C3%ADtulo-1-14-700x500.jpg?resize=350%2C200&ssl=1 1x, https:\/\/i0.wp.com\/www.grieta.org.mx\/wp-content\/uploads\/2019\/10\/Sin-t%C3%ADtulo-1-14-700x500.jpg?resize=525%2C300&ssl=1 1.5x, https:\/\/i0.wp.com\/www.grieta.org.mx\/wp-content\/uploads\/2019\/10\/Sin-t%C3%ADtulo-1-14-700x500.jpg?resize=700%2C400&ssl=1 2x"},"classes":[]},{"id":40631,"url":"https:\/\/www.grieta.org.mx\/index.php\/2019\/09\/11\/bahia-primer-lugar-en-suicidios-en-nayarit\/","url_meta":{"origin":63291,"position":2},"title":"Bah\u00eda, primer lugar en suicidios en Nayarit","author":"grieta","date":"11 septiembre, 2019","format":false,"excerpt":"Foto: Tribuna de la Bah\u00eda Israel Torres \/ Tribuna de la Bahia Bah\u00eda de Banderas, Nay.- En el marco del D\u00eda Mundial de la Salud Mental, las cifras son alarmantes, el municipio Bah\u00eda de Banderas, pas\u00f3 de ser el segundo lugar en suicidios \u2013despu\u00e9s de Tepic\u2013, al primer lugar en\u2026","rel":"","context":"En &quot;CINTILLO&quot;","block_context":{"text":"CINTILLO","link":"https:\/\/www.grieta.org.mx\/index.php\/category\/cintillo\/"},"img":{"alt_text":"","src":"https:\/\/i0.wp.com\/www.grieta.org.mx\/wp-content\/uploads\/2019\/10\/Sin-t%C3%ADtulo-1-34.gif?resize=350%2C200&ssl=1","width":350,"height":200,"srcset":"https:\/\/i0.wp.com\/www.grieta.org.mx\/wp-content\/uploads\/2019\/10\/Sin-t%C3%ADtulo-1-34.gif?resize=350%2C200&ssl=1 1x, https:\/\/i0.wp.com\/www.grieta.org.mx\/wp-content\/uploads\/2019\/10\/Sin-t%C3%ADtulo-1-34.gif?resize=525%2C300&ssl=1 1.5x, https:\/\/i0.wp.com\/www.grieta.org.mx\/wp-content\/uploads\/2019\/10\/Sin-t%C3%ADtulo-1-34.gif?resize=700%2C400&ssl=1 2x"},"classes":[]},{"id":62285,"url":"https:\/\/www.grieta.org.mx\/index.php\/2021\/10\/02\/marchan-feministas-por-el-asesinato-de-amelia-y-veronica\/","url_meta":{"origin":63291,"position":3},"title":"Marchan feministas por el asesinato de Amelia y Ver\u00f3nica","author":"grieta","date":"2 octubre, 2021","format":false,"excerpt":"Foto: Tribuna dela Bah\u00eda Alberto Garc\u00eda \/ Tribuna de la Bah\u00eda Este fin de semana colectivos feministas de Puerto Vallarta y del municipio de Bah\u00eda de Banderas realizaron una marcha de protesta por el asesinato de las ni\u00f1as: Amelia y Ver\u00f3nica de 11 y 14 a\u00f1os respectivamente. El fin de\u2026","rel":"","context":"En &quot;CINTILLO&quot;","block_context":{"text":"CINTILLO","link":"https:\/\/www.grieta.org.mx\/index.php\/category\/cintillo\/"},"img":{"alt_text":"","src":"https:\/\/i0.wp.com\/www.grieta.org.mx\/wp-content\/uploads\/2021\/10\/26-marcha-feminista-por-asesinato-de-hermanas-cover.jpg?resize=350%2C200&ssl=1","width":350,"height":200,"srcset":"https:\/\/i0.wp.com\/www.grieta.org.mx\/wp-content\/uploads\/2021\/10\/26-marcha-feminista-por-asesinato-de-hermanas-cover.jpg?resize=350%2C200&ssl=1 1x, https:\/\/i0.wp.com\/www.grieta.org.mx\/wp-content\/uploads\/2021\/10\/26-marcha-feminista-por-asesinato-de-hermanas-cover.jpg?resize=525%2C300&ssl=1 1.5x, https:\/\/i0.wp.com\/www.grieta.org.mx\/wp-content\/uploads\/2021\/10\/26-marcha-feminista-por-asesinato-de-hermanas-cover.jpg?resize=700%2C400&ssl=1 2x"},"classes":[]},{"id":65948,"url":"https:\/\/www.grieta.org.mx\/index.php\/2022\/12\/07\/municipios-metropolitanos-con-mas-victimas-de-abuso-sexual-infantil-en-jalisco\/","url_meta":{"origin":63291,"position":4},"title":"Municipios metropolitanos con m\u00e1s v\u00edctimas de abuso sexual infantil en Jalisco","author":"grieta","date":"7 diciembre, 2022","format":false,"excerpt":"Imagen; Cuartoscuro Redacci\u00f3n \/ El Diario NTR Jalisco es uno de los estados con m\u00e1s v\u00edctimas de abuso sexual infantil, Guadalajara, Tlaquepaque, Tonal\u00e1, Zapopan y Puerto Vallarta son los municipios con m\u00e1s casos, de acuerdo con el estudio de investigaci\u00f3n sobre la violencia sexual y la muerte de ni\u00f1as y\u2026","rel":"","context":"En &quot;CINTILLO&quot;","block_context":{"text":"CINTILLO","link":"https:\/\/www.grieta.org.mx\/index.php\/category\/cintillo\/"},"img":{"alt_text":"","src":"https:\/\/i0.wp.com\/www.grieta.org.mx\/wp-content\/uploads\/2022\/12\/2022-12-07_06-12-21___7.jpg?resize=350%2C200&ssl=1","width":350,"height":200,"srcset":"https:\/\/i0.wp.com\/www.grieta.org.mx\/wp-content\/uploads\/2022\/12\/2022-12-07_06-12-21___7.jpg?resize=350%2C200&ssl=1 1x, https:\/\/i0.wp.com\/www.grieta.org.mx\/wp-content\/uploads\/2022\/12\/2022-12-07_06-12-21___7.jpg?resize=525%2C300&ssl=1 1.5x, https:\/\/i0.wp.com\/www.grieta.org.mx\/wp-content\/uploads\/2022\/12\/2022-12-07_06-12-21___7.jpg?resize=700%2C400&ssl=1 2x"},"classes":[]},{"id":65817,"url":"https:\/\/www.grieta.org.mx\/index.php\/2022\/11\/24\/marcha-en-bahia-por-el-dia-de-erradicacion-de-violencia-contra-la-mujer-nayarit\/","url_meta":{"origin":63291,"position":5},"title":"Marcha en Bah\u00eda por el d\u00eda de Erradicaci\u00f3n de Violencia contra la Mujer (Nayarit)","author":"grieta","date":"24 noviembre, 2022","format":false,"excerpt":"Imagen: Tribuna de la Bah\u00eda Israel Torres \/ Tribuna de la Bah\u00eda Colectivos feministas y familiares de\u00a0mujeres desaparecidas\u00a0de\u00a0Bah\u00eda de Banderas, realizar\u00e1n este\u00a0viernes 25 de noviembre,\u00a0en punto de las 05:00 p.m, una\u00a0marcha conmemorativa al D\u00eda Internacional de la Eliminaci\u00f3n de la Violencia contra la Mujer, con el \u00e1nimo de visibilizar los\u2026","rel":"","context":"En &quot;CINTILLO&quot;","block_context":{"text":"CINTILLO","link":"https:\/\/www.grieta.org.mx\/index.php\/category\/cintillo\/"},"img":{"alt_text":"","src":"https:\/\/i0.wp.com\/www.grieta.org.mx\/wp-content\/uploads\/2022\/11\/marcha-bahia-violencia-cover.jpg?resize=350%2C200&ssl=1","width":350,"height":200,"srcset":"https:\/\/i0.wp.com\/www.grieta.org.mx\/wp-content\/uploads\/2022\/11\/marcha-bahia-violencia-cover.jpg?resize=350%2C200&ssl=1 1x, https:\/\/i0.wp.com\/www.grieta.org.mx\/wp-content\/uploads\/2022\/11\/marcha-bahia-violencia-cover.jpg?resize=525%2C300&ssl=1 1.5x, https:\/\/i0.wp.com\/www.grieta.org.mx\/wp-content\/uploads\/2022\/11\/marcha-bahia-violencia-cover.jpg?resize=700%2C400&ssl=1 2x"},"classes":[]}],"_links":{"self":[{"href":"https:\/\/www.grieta.org.mx\/index.php\/wp-json\/wp\/v2\/posts\/63291","targetHints":{"allow":["GET"]}}],"collection":[{"href":"https:\/\/www.grieta.org.mx\/index.php\/wp-json\/wp\/v2\/posts"}],"about":[{"href":"https:\/\/www.grieta.org.mx\/index.php\/wp-json\/wp\/v2\/types\/post"}],"author":[{"embeddable":true,"href":"https:\/\/www.grieta.org.mx\/index.php\/wp-json\/wp\/v2\/users\/2"}],"replies":[{"embeddable":true,"href":"https:\/\/www.grieta.org.mx\/index.php\/wp-json\/wp\/v2\/comments?post=63291"}],"version-history":[{"count":1,"href":"https:\/\/www.grieta.org.mx\/index.php\/wp-json\/wp\/v2\/posts\/63291\/revisions"}],"predecessor-version":[{"id":63293,"href":"https:\/\/www.grieta.org.mx\/index.php\/wp-json\/wp\/v2\/posts\/63291\/revisions\/63293"}],"wp:featuredmedia":[{"embeddable":true,"href":"https:\/\/www.grieta.org.mx\/index.php\/wp-json\/wp\/v2\/media\/63292"}],"wp:attachment":[{"href":"https:\/\/www.grieta.org.mx\/index.php\/wp-json\/wp\/v2\/media?parent=63291"}],"wp:term":[{"taxonomy":"category","embeddable":true,"href":"https:\/\/www.grieta.org.mx\/index.php\/wp-json\/wp\/v2\/categories?post=63291"},{"taxonomy":"post_tag","embeddable":true,"href":"https:\/\/www.grieta.org.mx\/index.php\/wp-json\/wp\/v2\/tags?post=63291"}],"curies":[{"name":"wp","href":"https:\/\/api.w.org\/{rel}","templated":true}]}}