{"id":63274,"date":"2022-01-31T11:35:17","date_gmt":"2022-01-31T17:35:17","guid":{"rendered":"https:\/\/www.grieta.org.mx\/?p=63274"},"modified":"2022-02-05T11:45:04","modified_gmt":"2022-02-05T17:45:04","slug":"solo-9-agentes-investigan-la-desaparicion-de-3-mil-personas-en-colima","status":"publish","type":"post","link":"https:\/\/www.grieta.org.mx\/index.php\/2022\/01\/31\/solo-9-agentes-investigan-la-desaparicion-de-3-mil-personas-en-colima\/","title":{"rendered":"S\u00f3lo 9 agentes investigan la desaparici\u00f3n de 3 mil personas en Colima"},"content":{"rendered":"<p>Foto: Diario Avanzada<\/p>\n<p>Heidi de Le\u00f3n Guti\u00e9rrez \/ Diario Avanzada<\/p>\n<p>Colima, M\u00e9xico, Avanzada (31\/01\/2022).- En Colima existen m\u00e1s de 3 mil personas desaparecidas, seg\u00fan los datos oficiales, pero \u00fanicamente nueve Ministerios P\u00fablicos son los encargados de hacer las investigaciones, lo que pr\u00e1cticamente impide que los casos se resuelvan con prontitud o reporten avances.<\/p>\n<p>Lo anterior significa que cada uno de los agentes disponibles tienen a su cargo un total de 333 carpetas de investigaci\u00f3n, en caso de que todos los familiares de desaparecidos hayan presentado una denuncia ante el Ministerio P\u00fablico.<\/p>\n<p>Ante este hecho, la presidenta de la Red de Personas Desaparecidas, Carmen Sep\u00falveda G\u00f3mez se\u00f1al\u00f3 que sostendr\u00e1n una reuni\u00f3n con el Fiscal General del Estado Bryan Alejandro Garc\u00eda Ram\u00edrez con la finalidad de solicitarle que incremente el n\u00famero de agentes investigadores para el caso de desaparecidos.<\/p>\n<p>Adem\u00e1s, tambi\u00e9n le solicitar\u00e1n que se agilice la identificaci\u00f3n de los cuerpos en el SEMEFO y la pronta entrega a los familiares de la v\u00edctima, \u201cson puntos que estamos afinando y de los cuales no quisiera ahondar mucho hasta que los abordemos con \u00e9l, pero van en ese sentido: mejorar las condiciones del SEMEFO para agilizar los procedimiento e incrementar el n\u00famero de elementos que investiguen\u201d, dijo.<\/p>\n<p>Explic\u00f3 que tambi\u00e9n solicitaron una reuni\u00f3n con la gobernadora Indira Vizca\u00edno Silva el pasado 10 de enero, pero hasta la fecha no han recibido una respuesta a su petici\u00f3n.<\/p>\n<p>\u201cConfiamos en tener el encuentro pronto porque hay varios aspectos que tratar con ella. La desaparici\u00f3n de personas, lamentablemente es un asunto muy dif\u00edcil y delicado y no ha parado\u201d, dijo.<\/p>\n<p>No obstante, reconoci\u00f3 que la nueva comisionada Estatal de B\u00fasqueda, Carmen Virgen Quiles, desde que asumi\u00f3 el cargo se comunic\u00f3 con los integrantes de la RED para tener un acercamiento y establecer una forma de trabajo, \u201cnos ha acompa\u00f1ado a las b\u00fasquedas y eso es importante porque es un cambio radical de c\u00f3mo nos trataba la anterior comisionada\u201d.<\/p>\n<p>Al cuestionarle si hay alg\u00fan municipio con m\u00e1s problemas de desaparecidos, la presidenta de la RED sentenci\u00f3 que pr\u00e1cticamente en todo el estado existen casos, \u201cpero hay personas que no denuncian y a\u00fan as\u00ed vemos que la situaci\u00f3n est\u00e1 muy grave\u201d.<\/p>\n<p>El pasado\u00a019 de noviembre, la reci\u00e9n nombrada Comisionada Estatal de B\u00fasqueda de Personas, Carmen Virgen Quiles inform\u00f3 que en los \u00faltimos cinco a\u00f1os hab\u00edan desaparecido 3 mil 200 personas.<\/p>\n<p><a href=\"https:\/\/www.diarioavanzada.com.mx\/?p=29987\">https:\/\/www.diarioavanzada.com.mx\/?p=29987<\/a><\/p>\n","protected":false},"excerpt":{"rendered":"<p>Foto: Diario Avanzada Heidi de Le\u00f3n Guti\u00e9rrez \/ Diario Avanzada Colima, M\u00e9xico, Avanzada (31\/01\/2022).- En Colima existen m\u00e1s de 3 mil personas desaparecidas, seg\u00fan los datos oficiales, pero \u00fanicamente nueve &hellip; <a href=\"https:\/\/www.grieta.org.mx\/index.php\/2022\/01\/31\/solo-9-agentes-investigan-la-desaparicion-de-3-mil-personas-en-colima\/\" class=\"more-link\">Leer m\u00e1s<\/a><\/p>\n","protected":false},"author":2,"featured_media":63275,"comment_status":"closed","ping_status":"closed","sticky":false,"template":"","format":"standard","meta":{"ngg_post_thumbnail":0,"_jetpack_newsletter_access":"","_jetpack_dont_email_post_to_subs":false,"_jetpack_newsletter_tier_id":0,"_jetpack_memberships_contains_paywalled_content":false,"_jetpack_memberships_contains_paid_content":false,"footnotes":""},"categories":[80,13,87,1829,2,83],"tags":[1828,121,3775,1668,3509],"class_list":["post-63274","post","type-post","status-publish","format-standard","has-post-thumbnail","hentry","category-cintillo","category-colima","category-desaparecidos","category-desaparecidos-en-colima","category-noticias-nacionales","category-temas-nacionales","tag-busqueda-de-desaparecidos","tag-desaparecidos","tag-estadisticas-de-desaparecidos","tag-familiares-de-desaparecidos","tag-red-de-desaparecidos","entry"],"jetpack_featured_media_url":"https:\/\/www.grieta.org.mx\/wp-content\/uploads\/2022\/02\/image-297.png","jetpack_sharing_enabled":true,"jetpack_shortlink":"https:\/\/wp.me\/p7ZJR4-gsy","jetpack_likes_enabled":false,"jetpack-related-posts":[{"id":55616,"url":"https:\/\/www.grieta.org.mx\/index.php\/2020\/12\/02\/ante-el-desamparo-gubernamental-familiares-de-desaparecidos-buscan-donaciones-colima\/","url_meta":{"origin":63274,"position":0},"title":"Ante el desamparo gubernamental, familiares de desaparecidos buscan donaciones (Colima)","author":"grieta","date":"2 diciembre, 2020","format":false,"excerpt":"Foto: Diario Avanzada Heidi de Le\u00f3n Guti\u00e9rrez \/ Diario Avanzada Colima, M\u00e9xico, Avanzada (2\/12\/2020).- Integrantes de la Red de Desaparecidos en el Estado de Colima solicitaron el apoyo econ\u00f3mico o en especie de la poblaci\u00f3n para poder comprar instrumentos que necesitan para las b\u00fasquedas que realizan en diferentes partes de\u2026","rel":"","context":"En &quot;CINTILLO&quot;","block_context":{"text":"CINTILLO","link":"https:\/\/www.grieta.org.mx\/index.php\/category\/cintillo\/"},"img":{"alt_text":"","src":"https:\/\/i0.wp.com\/www.grieta.org.mx\/wp-content\/uploads\/2020\/12\/image-3.png?resize=350%2C200&ssl=1","width":350,"height":200,"srcset":"https:\/\/i0.wp.com\/www.grieta.org.mx\/wp-content\/uploads\/2020\/12\/image-3.png?resize=350%2C200&ssl=1 1x, https:\/\/i0.wp.com\/www.grieta.org.mx\/wp-content\/uploads\/2020\/12\/image-3.png?resize=525%2C300&ssl=1 1.5x"},"classes":[]},{"id":60398,"url":"https:\/\/www.grieta.org.mx\/index.php\/2021\/07\/06\/familias-de-colima-recorren-jalisco-buscando-a-sus-desaparecidos\/","url_meta":{"origin":63274,"position":1},"title":"Familias de Colima recorren Jalisco buscando a sus desaparecidos","author":"grieta","date":"6 julio, 2021","format":false,"excerpt":"Foto:\u00a0 Diario Avanzada Heidi de Le\u00f3n Guti\u00e9rrez \/ Diario Avanzada Colima, M\u00e9xico, Avanzada (06\/07\/2021).- Integrantes de la Red de Personas Desaparecidas en Colima se encuentran en Jalisco para buscar a sus familiares \u00a0en hospitales, albergues,\u00a0 centros penitenciarios \u00a0y en distintos puntos de esa entidad como parte de la Jornada Nacional\u2026","rel":"","context":"En &quot;CINTILLO&quot;","block_context":{"text":"CINTILLO","link":"https:\/\/www.grieta.org.mx\/index.php\/category\/cintillo\/"},"img":{"alt_text":"","src":"https:\/\/i0.wp.com\/www.grieta.org.mx\/wp-content\/uploads\/2021\/07\/Des.png?resize=350%2C200&ssl=1","width":350,"height":200},"classes":[]},{"id":4238,"url":"https:\/\/www.grieta.org.mx\/index.php\/2016\/09\/12\/desaparecidos-en-colima-2\/","url_meta":{"origin":63274,"position":2},"title":"Desaparecidos en Colima","author":"grieta","date":"12 septiembre, 2016","format":false,"excerpt":"12\/09\/16. Colima reporta 48 personas desaparecidas de enero a julio de este a\u00f1oDiario Avanzada 21\/07\/16. Madres de desaparecidos en Colima se unen a protesta en la CDMX y anuncian huelga de hambreDiario Avanzada 21\/03\/16. Colima tercer lugar nacional con mayor n\u00famero de desapariciones forzadas: PGRDiario Avanzada 06\/10\/15. Colima registra 140\u2026","rel":"","context":"En &quot;Colima&quot;","block_context":{"text":"Colima","link":"https:\/\/www.grieta.org.mx\/index.php\/category\/noticias-nacionales\/colima\/"},"img":{"alt_text":"","src":"https:\/\/i0.wp.com\/www.grieta.org.mx\/wp-content\/uploads\/2018\/03\/14524434_1106112876131411_958039263622046936_o.jpg?resize=350%2C200&ssl=1","width":350,"height":200,"srcset":"https:\/\/i0.wp.com\/www.grieta.org.mx\/wp-content\/uploads\/2018\/03\/14524434_1106112876131411_958039263622046936_o.jpg?resize=350%2C200&ssl=1 1x, https:\/\/i0.wp.com\/www.grieta.org.mx\/wp-content\/uploads\/2018\/03\/14524434_1106112876131411_958039263622046936_o.jpg?resize=525%2C300&ssl=1 1.5x, https:\/\/i0.wp.com\/www.grieta.org.mx\/wp-content\/uploads\/2018\/03\/14524434_1106112876131411_958039263622046936_o.jpg?resize=700%2C400&ssl=1 2x"},"classes":[]},{"id":64330,"url":"https:\/\/www.grieta.org.mx\/index.php\/2022\/05\/31\/colectivo-exige-cambio-completo-de-quienes-nos-protegen-por-ser-parte-del-crimen-organizado-colima\/","url_meta":{"origin":63274,"position":3},"title":"Colectivo exige cambio completo de qui\u00e9nes nos protegen, por ser \u201cparte del Crimen organizado\u201d (Colima)","author":"grieta","date":"31 mayo, 2022","format":false,"excerpt":"Foto: Diario Avanzada Redacci\u00f3n \/ Diario Avanzada Colima, M\u00e9xico, Avanzada (31\/05\/2022).- La Red de Desaparecidos en Colima A.C. fij\u00f3 un posicionamiento en el que expresaron su indignaci\u00f3n luego de que el vocero Adri\u00e1n Joya revictimizara y violara los derechos humanos de los familiares de personas desaparecidas. En una rueda de\u2026","rel":"","context":"En &quot;CINTILLO&quot;","block_context":{"text":"CINTILLO","link":"https:\/\/www.grieta.org.mx\/index.php\/category\/cintillo\/"},"img":{"alt_text":"","src":"https:\/\/i0.wp.com\/www.grieta.org.mx\/wp-content\/uploads\/2022\/06\/image-211.png?resize=350%2C200&ssl=1","width":350,"height":200,"srcset":"https:\/\/i0.wp.com\/www.grieta.org.mx\/wp-content\/uploads\/2022\/06\/image-211.png?resize=350%2C200&ssl=1 1x, https:\/\/i0.wp.com\/www.grieta.org.mx\/wp-content\/uploads\/2022\/06\/image-211.png?resize=525%2C300&ssl=1 1.5x"},"classes":[]},{"id":57273,"url":"https:\/\/www.grieta.org.mx\/index.php\/2021\/02\/25\/y-nosotros-cuando-tendremos-respuesta-dos-anos-han-esperado-una-cita-con-el-gobernador-los-familiares-de-desaparecidos-colima\/","url_meta":{"origin":63274,"position":4},"title":"\u00bfY nosotros cu\u00e1ndo tendremos respuesta? Dos a\u00f1os han esperado una cita con el gobernador los familiares de desaparecidos (Colima)","author":"grieta","date":"25 febrero, 2021","format":false,"excerpt":"Imagen: Diario Avanzada Heidi de Le\u00f3n Guti\u00e9rrez \/ Diario Avanzada Colima, M\u00e9xico, Avanzada (25\/02\/2021).- Los integrantes de la Red de Personas Desaparecidas en Colima le recodaron al gobernador Ignacio Peralta S\u00e1nchez que desde hace dos a\u00f1os solicitaron una audiencia con \u00e9l y hasta la fecha no han tenido ninguna respuesta.\u2026","rel":"","context":"En &quot;CINTILLO&quot;","block_context":{"text":"CINTILLO","link":"https:\/\/www.grieta.org.mx\/index.php\/category\/cintillo\/"},"img":{"alt_text":"","src":"https:\/\/i0.wp.com\/www.grieta.org.mx\/wp-content\/uploads\/2021\/03\/y-nosotros-cua%CC%81ndo.png?resize=350%2C200&ssl=1","width":350,"height":200},"classes":[]},{"id":45341,"url":"https:\/\/www.grieta.org.mx\/index.php\/2020\/02\/28\/aumenta-la-cantidad-de-personas-desaparecidas-en-colima\/","url_meta":{"origin":63274,"position":5},"title":"Aumenta la cantidad de personas desaparecidas en Colima","author":"grieta","date":"28 febrero, 2020","format":false,"excerpt":"Foto: Diario Avanzada Heisi de Le\u00f3n Guti\u00e9rrez \/ Diario Avanzada Colima, M\u00e9xico, Avanzada (27\/02\/2020).- Daryan Naydelin Garc\u00eda, de 18 a\u00f1os de edad, desapareci\u00f3 en Queser\u00eda el 21 de febrero de este a\u00f1o y ese mismo d\u00eda, pero en Alzada, fue vista por \u00faltima vez Karla Yesenia Ponce Alcaraz. Mientras que\u2026","rel":"","context":"En &quot;CINTILLO&quot;","block_context":{"text":"CINTILLO","link":"https:\/\/www.grieta.org.mx\/index.php\/category\/cintillo\/"},"img":{"alt_text":"","src":"https:\/\/i0.wp.com\/www.grieta.org.mx\/wp-content\/uploads\/2020\/02\/Desaparecidos-en-Colima.jpg?resize=350%2C200&ssl=1","width":350,"height":200,"srcset":"https:\/\/i0.wp.com\/www.grieta.org.mx\/wp-content\/uploads\/2020\/02\/Desaparecidos-en-Colima.jpg?resize=350%2C200&ssl=1 1x, https:\/\/i0.wp.com\/www.grieta.org.mx\/wp-content\/uploads\/2020\/02\/Desaparecidos-en-Colima.jpg?resize=525%2C300&ssl=1 1.5x, https:\/\/i0.wp.com\/www.grieta.org.mx\/wp-content\/uploads\/2020\/02\/Desaparecidos-en-Colima.jpg?resize=700%2C400&ssl=1 2x"},"classes":[]}],"_links":{"self":[{"href":"https:\/\/www.grieta.org.mx\/index.php\/wp-json\/wp\/v2\/posts\/63274","targetHints":{"allow":["GET"]}}],"collection":[{"href":"https:\/\/www.grieta.org.mx\/index.php\/wp-json\/wp\/v2\/posts"}],"about":[{"href":"https:\/\/www.grieta.org.mx\/index.php\/wp-json\/wp\/v2\/types\/post"}],"author":[{"embeddable":true,"href":"https:\/\/www.grieta.org.mx\/index.php\/wp-json\/wp\/v2\/users\/2"}],"replies":[{"embeddable":true,"href":"https:\/\/www.grieta.org.mx\/index.php\/wp-json\/wp\/v2\/comments?post=63274"}],"version-history":[{"count":1,"href":"https:\/\/www.grieta.org.mx\/index.php\/wp-json\/wp\/v2\/posts\/63274\/revisions"}],"predecessor-version":[{"id":63276,"href":"https:\/\/www.grieta.org.mx\/index.php\/wp-json\/wp\/v2\/posts\/63274\/revisions\/63276"}],"wp:featuredmedia":[{"embeddable":true,"href":"https:\/\/www.grieta.org.mx\/index.php\/wp-json\/wp\/v2\/media\/63275"}],"wp:attachment":[{"href":"https:\/\/www.grieta.org.mx\/index.php\/wp-json\/wp\/v2\/media?parent=63274"}],"wp:term":[{"taxonomy":"category","embeddable":true,"href":"https:\/\/www.grieta.org.mx\/index.php\/wp-json\/wp\/v2\/categories?post=63274"},{"taxonomy":"post_tag","embeddable":true,"href":"https:\/\/www.grieta.org.mx\/index.php\/wp-json\/wp\/v2\/tags?post=63274"}],"curies":[{"name":"wp","href":"https:\/\/api.w.org\/{rel}","templated":true}]}}