{"id":63265,"date":"2022-02-04T10:05:58","date_gmt":"2022-02-04T16:05:58","guid":{"rendered":"https:\/\/www.grieta.org.mx\/?p=63265"},"modified":"2022-02-05T10:13:18","modified_gmt":"2022-02-05T16:13:18","slug":"vecinos-cierran-obras-de-mexicable-en-indios-verdes-sedema-les-niega-cambio-de-trazo-ciudad-de-mexico","status":"publish","type":"post","link":"https:\/\/www.grieta.org.mx\/index.php\/2022\/02\/04\/vecinos-cierran-obras-de-mexicable-en-indios-verdes-sedema-les-niega-cambio-de-trazo-ciudad-de-mexico\/","title":{"rendered":"Vecinos cierran obras de Mexicable en Indios Verdes. Sedema les niega cambio de trazo (Ciudad de M\u00e9xico)"},"content":{"rendered":"<p>Alberto Cuenca \/ Capital CDMX<\/p>\n<p>Vecinos de Santa Isabel Tola y San Pedro Zacatenco hicieron un cierre simb\u00f3lico y pac\u00edfico de las obras del Mexicable que se realizan en la zona Indios Verdes.<\/p>\n<p>La protesta de esta ma\u00f1ana se da luego de una infructuosa mesa de trabajo que celebraron el jueves 3 de febrero con autoridades de la Secretar\u00eda de Medio Ambiente (Sedema).<\/p>\n<p>En esa mesa, la directora de Evaluaci\u00f3n de Impacto y Regulaci\u00f3n Ambiental Lilian Guigue, les dijo que no habr\u00e1 cambio de trazo del Mexicable.<\/p>\n<p>Desde hace a\u00f1o y medio los vecinos de Santa Isabel Tola y San Pedro Zacatenco piden el cambio de trazo del telef\u00e9rico.<\/p>\n<p>Se oponen a que ese medio de transporte pase por encima de sus viviendas.<\/p>\n<p>Acusan que las obras da\u00f1ar\u00e1n la infraestructura hidr\u00e1ulica de sus comunidades y pondr\u00e1n en riesgo a un k\u00ednder.<\/p>\n<p>Adem\u00e1s, se afectar\u00e1 el \u00c1rea Natural Protegida del Cerro de Zacatenco y el Acueducto de Guadalupe que es un monumento hist\u00f3rico.<\/p>\n<p>La l\u00ednea 2 del Mexicable conectar\u00e1 a Ecatepec con el paradero de Indios Verdes<span class=\"Apple-converted-space\">\u00a0 <\/span>en la alcald\u00eda Gustavo A Madero.<\/p>\n<p>Los vecinos se organizaron para presentar una propuesta t\u00e9cnica de cambio de trazo a la Sedema y a la empresa Mexitelef\u00e9ricos.<\/p>\n<p>Su plan es que el trazado del telef\u00e9rico sea<span class=\"Apple-converted-space\">\u00a0 <\/span>por un costado de la avenida Insurgentes Norte, aprovechando el derecho de v\u00eda, y no por encima de sus hogares ni por el Cerro de Zacatenco.<\/p>\n<p>Pero los vecinos acusan que solo han obtenido pretextos, dilaci\u00f3n y negativas a su planteamiento.<\/p>\n<p>Las siguientes mesas ya no ser\u00e1n en la Sedema, sino en la alcald\u00eda Gustavo A Madero.<\/p>\n<p>En la mesa de este viernes en la alcald\u00eda se logr\u00f3 el acuerdo de detener las obras de la terminal de Indios Verdes hasta nuevo aviso.<\/p>\n<p><a href=\"https:\/\/capital-cdmx.org\/vecinos-cierran-obras-de-mexicable-en-indios-verdes-sedema-les-niega-cambio-de-trazo\/\" target=\"_blank\" rel=\"noopener\">https:\/\/capital-cdmx.org\/vecinos-cierran-obras-de-mexicable-en-indios-verdes-sedema-les-niega-cambio-de-trazo\/<\/a><\/p>\n<p>&nbsp;<\/p>\n","protected":false},"excerpt":{"rendered":"<p>Alberto Cuenca \/ Capital CDMX Vecinos de Santa Isabel Tola y San Pedro Zacatenco hicieron un cierre simb\u00f3lico y pac\u00edfico de las obras del Mexicable que se realizan en la &hellip; <a href=\"https:\/\/www.grieta.org.mx\/index.php\/2022\/02\/04\/vecinos-cierran-obras-de-mexicable-en-indios-verdes-sedema-les-niega-cambio-de-trazo-ciudad-de-mexico\/\" class=\"more-link\">Leer m\u00e1s<\/a><\/p>\n","protected":false},"author":2,"featured_media":63266,"comment_status":"closed","ping_status":"closed","sticky":false,"template":"","format":"standard","meta":{"ngg_post_thumbnail":0,"_jetpack_newsletter_access":"","_jetpack_dont_email_post_to_subs":false,"_jetpack_newsletter_tier_id":0,"_jetpack_memberships_contains_paywalled_content":false,"_jetpack_memberships_contains_paid_content":false,"footnotes":""},"categories":[14,2065,2],"tags":[],"class_list":["post-63265","post","type-post","status-publish","format-standard","has-post-thumbnail","hentry","category-ciudad-de-mexico","category-movilizaciones-y-protestas-de-habitantes-de-la-ciudad-de-mexico","category-noticias-nacionales","entry"],"jetpack_featured_media_url":"https:\/\/www.grieta.org.mx\/wp-content\/uploads\/2022\/02\/Vecinos-cierran-obras-de-Mexicable-en-Indios-Verdes.-Sedema-les-niega-cambio-de-trazo-cdmx-feb.jpeg","jetpack_sharing_enabled":true,"jetpack_shortlink":"https:\/\/wp.me\/p7ZJR4-gsp","jetpack_likes_enabled":false,"jetpack-related-posts":[{"id":63268,"url":"https:\/\/www.grieta.org.mx\/index.php\/2022\/02\/02\/vecinos-de-indios-verdes-van-por-cambio-de-trazo-del-mexicable-asi-es-su-lucha-desde-hace-ano-y-medio-edomex-cdmx\/","url_meta":{"origin":63265,"position":0},"title":"Vecinos de Indios Verdes van por cambio de trazo del Mexicable. As\u00ed es su lucha desde hace a\u00f1o y medio (EDOMEX, CDMX)","author":"grieta","date":"2 febrero, 2022","format":false,"excerpt":"Alberto Cuenca \/ Capital CDMX En el norte de la Ciudad vecinos de Santa Isabel Tola y San Pedro Zacatenco mantienen una lucha desde hace a\u00f1o y medio contra el trazo del Mexicable. Se oponen a que ese medio de transporte pase por encima de sus viviendas, de una escuela,\u2026","rel":"","context":"En &quot;CINTILLO&quot;","block_context":{"text":"CINTILLO","link":"https:\/\/www.grieta.org.mx\/index.php\/category\/cintillo\/"},"img":{"alt_text":"","src":"https:\/\/i0.wp.com\/www.grieta.org.mx\/wp-content\/uploads\/2022\/02\/Vecinos-de-Indios-Verdes-van-por-cambio-de-trazo-del-Mexicable.-Asi-es-su-lucha-desde-hace-ano-y-medio-edomex-cdmx-feb.jpg?resize=350%2C200&ssl=1","width":350,"height":200,"srcset":"https:\/\/i0.wp.com\/www.grieta.org.mx\/wp-content\/uploads\/2022\/02\/Vecinos-de-Indios-Verdes-van-por-cambio-de-trazo-del-Mexicable.-Asi-es-su-lucha-desde-hace-ano-y-medio-edomex-cdmx-feb.jpg?resize=350%2C200&ssl=1 1x, https:\/\/i0.wp.com\/www.grieta.org.mx\/wp-content\/uploads\/2022\/02\/Vecinos-de-Indios-Verdes-van-por-cambio-de-trazo-del-Mexicable.-Asi-es-su-lucha-desde-hace-ano-y-medio-edomex-cdmx-feb.jpg?resize=525%2C300&ssl=1 1.5x, https:\/\/i0.wp.com\/www.grieta.org.mx\/wp-content\/uploads\/2022\/02\/Vecinos-de-Indios-Verdes-van-por-cambio-de-trazo-del-Mexicable.-Asi-es-su-lucha-desde-hace-ano-y-medio-edomex-cdmx-feb.jpg?resize=700%2C400&ssl=1 2x, https:\/\/i0.wp.com\/www.grieta.org.mx\/wp-content\/uploads\/2022\/02\/Vecinos-de-Indios-Verdes-van-por-cambio-de-trazo-del-Mexicable.-Asi-es-su-lucha-desde-hace-ano-y-medio-edomex-cdmx-feb.jpg?resize=1050%2C600&ssl=1 3x"},"classes":[]},{"id":130,"url":"https:\/\/www.grieta.org.mx\/index.php\/2015\/05\/05\/despojo-en-ecatepec-por-el-mexicable\/","url_meta":{"origin":63265,"position":1},"title":"Despojo en Ecatepec por el \u201cMexicable\u201d","author":"grieta","date":"5 mayo, 2015","format":false,"excerpt":"Escrito por Cacomixtle, Lily Bubie y virikota En la esquina de la v\u00eda Morelos y la calle de Mezquital en la colonia Santa Clara Coatitla, Ecatepec, Edo M\u00e9xico, se encuentra el predio expropiado en el que se construye en 2, 700 metros la terminal del proyecto del MexiCable, que seg\u00fan\u2026","rel":"","context":"En &quot;CINTILLO&quot;","block_context":{"text":"CINTILLO","link":"https:\/\/www.grieta.org.mx\/index.php\/category\/cintillo\/"},"img":{"alt_text":"","src":"https:\/\/i0.wp.com\/www.grieta.org.mx\/wp-content\/uploads\/2018\/03\/14524434_1106112876131411_958039263622046936_o.jpg?resize=350%2C200&ssl=1","width":350,"height":200,"srcset":"https:\/\/i0.wp.com\/www.grieta.org.mx\/wp-content\/uploads\/2018\/03\/14524434_1106112876131411_958039263622046936_o.jpg?resize=350%2C200&ssl=1 1x, https:\/\/i0.wp.com\/www.grieta.org.mx\/wp-content\/uploads\/2018\/03\/14524434_1106112876131411_958039263622046936_o.jpg?resize=525%2C300&ssl=1 1.5x, https:\/\/i0.wp.com\/www.grieta.org.mx\/wp-content\/uploads\/2018\/03\/14524434_1106112876131411_958039263622046936_o.jpg?resize=700%2C400&ssl=1 2x"},"classes":[]},{"id":21394,"url":"https:\/\/www.grieta.org.mx\/index.php\/2016\/09\/12\/el-gobierno-federal-planea-talar-1683-arboles-para-imponer-a-cdmx-un-viaducto-y-de-cuota-vecinos\/","url_meta":{"origin":63265,"position":2},"title":"El Gobierno federal planea talar 1,683 \u00e1rboles para imponer a CdMx un viaducto, y de cuota: vecinos","author":"grieta","date":"12 septiembre, 2016","format":false,"excerpt":"Ivette Lira La Uni\u00f3n de Vecinos por el \u00danico Corredor Verde de Insurgentes Norte, en la Ciudad de M\u00e9xico, denunci\u00f3 que la construcci\u00f3n del viaducto de cuota La Raza\u2013Indios Verdes\u2013Santa Clara representa la tala de mil 683 \u00e1rboles a lo largo de 15 colonias. De acuerdo con los integrantes de\u2026","rel":"","context":"En &quot;CINTILLO&quot;","block_context":{"text":"CINTILLO","link":"https:\/\/www.grieta.org.mx\/index.php\/category\/cintillo\/"},"img":{"alt_text":"","src":"https:\/\/i0.wp.com\/www.grieta.org.mx\/wp-content\/uploads\/2018\/03\/14524434_1106112876131411_958039263622046936_o.jpg?resize=350%2C200&ssl=1","width":350,"height":200,"srcset":"https:\/\/i0.wp.com\/www.grieta.org.mx\/wp-content\/uploads\/2018\/03\/14524434_1106112876131411_958039263622046936_o.jpg?resize=350%2C200&ssl=1 1x, https:\/\/i0.wp.com\/www.grieta.org.mx\/wp-content\/uploads\/2018\/03\/14524434_1106112876131411_958039263622046936_o.jpg?resize=525%2C300&ssl=1 1.5x, https:\/\/i0.wp.com\/www.grieta.org.mx\/wp-content\/uploads\/2018\/03\/14524434_1106112876131411_958039263622046936_o.jpg?resize=700%2C400&ssl=1 2x"},"classes":[]},{"id":127,"url":"https:\/\/www.grieta.org.mx\/index.php\/2015\/02\/21\/expropiados-en-total-5-predios-en-ecatepec-para-teleferico\/","url_meta":{"origin":63265,"position":3},"title":"Expropiados en total 5 predios en Ecatepec para telef\u00e9rico","author":"grieta","date":"21 febrero, 2015","format":false,"excerpt":"Javier Salinas Ces\u00e1reo. Ecatepec, Mex. Unos cien granaderos de la polic\u00eda mexiquense desalojaron el jueves pasado dos predios de m\u00e1s de 2 mil metros cuadrados en la comunidad de Santa Clara, en Ecatepec, donde se pretende construir la terminal del sistema de transporte telef\u00e9rico Mexicable El gobierno del estado de\u2026","rel":"","context":"En &quot;CINTILLO&quot;","block_context":{"text":"CINTILLO","link":"https:\/\/www.grieta.org.mx\/index.php\/category\/cintillo\/"},"img":{"alt_text":"","src":"https:\/\/i0.wp.com\/www.grieta.org.mx\/wp-content\/uploads\/2018\/03\/14524434_1106112876131411_958039263622046936_o.jpg?resize=350%2C200&ssl=1","width":350,"height":200,"srcset":"https:\/\/i0.wp.com\/www.grieta.org.mx\/wp-content\/uploads\/2018\/03\/14524434_1106112876131411_958039263622046936_o.jpg?resize=350%2C200&ssl=1 1x, https:\/\/i0.wp.com\/www.grieta.org.mx\/wp-content\/uploads\/2018\/03\/14524434_1106112876131411_958039263622046936_o.jpg?resize=525%2C300&ssl=1 1.5x, https:\/\/i0.wp.com\/www.grieta.org.mx\/wp-content\/uploads\/2018\/03\/14524434_1106112876131411_958039263622046936_o.jpg?resize=700%2C400&ssl=1 2x"},"classes":[]},{"id":9741,"url":"https:\/\/www.grieta.org.mx\/index.php\/2016\/04\/26\/oposicion-a-ampliacion-de-linea-12-del-metro\/","url_meta":{"origin":63265,"position":4},"title":"Organizaci\u00f3n contra megaproyectos en el Poniente de la Ciudad de M\u00e9xico","author":"grieta","date":"26 abril, 2016","format":false,"excerpt":"25\/04\/16. Comuneros en Cuajimalpa son golpeados por oponerse a Tren InterurbanoSomos el medio 25\/04\/16. Golpeadores revientan protesta de comuneros por la construcci\u00f3n del tren interurbano M\u00e9xico-TolucaLa Jornada 05\/04\/16. Vecinos de poniente denuncian m\u00e1s proyectos en Poniente de CDMX que se suman al tren interurbano Apia Virtual 04\/04\/16. Se oponen vecinos\u2026","rel":"","context":"En &quot;Ciudad de M\u00e9xico&quot;","block_context":{"text":"Ciudad de M\u00e9xico","link":"https:\/\/www.grieta.org.mx\/index.php\/category\/noticias-nacionales\/ciudad-de-mexico\/"},"img":{"alt_text":"","src":"https:\/\/i0.wp.com\/www.grieta.org.mx\/wp-content\/uploads\/2018\/03\/14524434_1106112876131411_958039263622046936_o.jpg?resize=350%2C200&ssl=1","width":350,"height":200,"srcset":"https:\/\/i0.wp.com\/www.grieta.org.mx\/wp-content\/uploads\/2018\/03\/14524434_1106112876131411_958039263622046936_o.jpg?resize=350%2C200&ssl=1 1x, https:\/\/i0.wp.com\/www.grieta.org.mx\/wp-content\/uploads\/2018\/03\/14524434_1106112876131411_958039263622046936_o.jpg?resize=525%2C300&ssl=1 1.5x, https:\/\/i0.wp.com\/www.grieta.org.mx\/wp-content\/uploads\/2018\/03\/14524434_1106112876131411_958039263622046936_o.jpg?resize=700%2C400&ssl=1 2x"},"classes":[]},{"id":10013,"url":"https:\/\/www.grieta.org.mx\/index.php\/2015\/10\/22\/exigen-vecinos-acceder-a-proyecto-final-de-tren-mexico-toluca\/","url_meta":{"origin":63265,"position":5},"title":"Exigen vecinos acceder a proyecto final de Tren M\u00e9xico-Toluca","author":"grieta","date":"22 octubre, 2015","format":false,"excerpt":"El Universal Gerardo Su\u00e1rez Vecinos de la \u00c1lvaro Obreg\u00f3n se\u00f1alan que no han tenido acceso a informaci\u00f3n clara que les garantice que sus casas no ser\u00e1n afectadas por la construcci\u00f3n. Insistieron en estar inconformes con el cambio de trazo del tren interurbano M\u00e9xico-Toluca pues se\u00f1alaron que no han tenido acceso\u2026","rel":"","context":"En &quot;cdmx&quot;","block_context":{"text":"cdmx","link":"https:\/\/www.grieta.org.mx\/index.php\/category\/cdmx\/"},"img":{"alt_text":"","src":"https:\/\/i0.wp.com\/www.grieta.org.mx\/wp-content\/uploads\/2018\/03\/14524434_1106112876131411_958039263622046936_o.jpg?resize=350%2C200&ssl=1","width":350,"height":200,"srcset":"https:\/\/i0.wp.com\/www.grieta.org.mx\/wp-content\/uploads\/2018\/03\/14524434_1106112876131411_958039263622046936_o.jpg?resize=350%2C200&ssl=1 1x, https:\/\/i0.wp.com\/www.grieta.org.mx\/wp-content\/uploads\/2018\/03\/14524434_1106112876131411_958039263622046936_o.jpg?resize=525%2C300&ssl=1 1.5x, https:\/\/i0.wp.com\/www.grieta.org.mx\/wp-content\/uploads\/2018\/03\/14524434_1106112876131411_958039263622046936_o.jpg?resize=700%2C400&ssl=1 2x"},"classes":[]}],"_links":{"self":[{"href":"https:\/\/www.grieta.org.mx\/index.php\/wp-json\/wp\/v2\/posts\/63265","targetHints":{"allow":["GET"]}}],"collection":[{"href":"https:\/\/www.grieta.org.mx\/index.php\/wp-json\/wp\/v2\/posts"}],"about":[{"href":"https:\/\/www.grieta.org.mx\/index.php\/wp-json\/wp\/v2\/types\/post"}],"author":[{"embeddable":true,"href":"https:\/\/www.grieta.org.mx\/index.php\/wp-json\/wp\/v2\/users\/2"}],"replies":[{"embeddable":true,"href":"https:\/\/www.grieta.org.mx\/index.php\/wp-json\/wp\/v2\/comments?post=63265"}],"version-history":[{"count":1,"href":"https:\/\/www.grieta.org.mx\/index.php\/wp-json\/wp\/v2\/posts\/63265\/revisions"}],"predecessor-version":[{"id":63267,"href":"https:\/\/www.grieta.org.mx\/index.php\/wp-json\/wp\/v2\/posts\/63265\/revisions\/63267"}],"wp:featuredmedia":[{"embeddable":true,"href":"https:\/\/www.grieta.org.mx\/index.php\/wp-json\/wp\/v2\/media\/63266"}],"wp:attachment":[{"href":"https:\/\/www.grieta.org.mx\/index.php\/wp-json\/wp\/v2\/media?parent=63265"}],"wp:term":[{"taxonomy":"category","embeddable":true,"href":"https:\/\/www.grieta.org.mx\/index.php\/wp-json\/wp\/v2\/categories?post=63265"},{"taxonomy":"post_tag","embeddable":true,"href":"https:\/\/www.grieta.org.mx\/index.php\/wp-json\/wp\/v2\/tags?post=63265"}],"curies":[{"name":"wp","href":"https:\/\/api.w.org\/{rel}","templated":true}]}}