{"id":63211,"date":"2022-01-26T18:14:43","date_gmt":"2022-01-27T00:14:43","guid":{"rendered":"https:\/\/www.grieta.org.mx\/?p=63211"},"modified":"2022-01-30T18:20:49","modified_gmt":"2022-01-31T00:20:49","slug":"periodistas-nayaritas-se-unen-a-la-indignacion-nacional-por-el-asesinato-de-companeros","status":"publish","type":"post","link":"https:\/\/www.grieta.org.mx\/index.php\/2022\/01\/26\/periodistas-nayaritas-se-unen-a-la-indignacion-nacional-por-el-asesinato-de-companeros\/","title":{"rendered":"Periodistas nayaritas se unen a la indignaci\u00f3n nacional por el asesinato de compa\u00f1eros"},"content":{"rendered":"<p>Foto: Crys Ben\u00edtez<\/p>\n<p>Crys Ben\u00edtez \/ El Occidental<\/p>\n<p>Tepic, Nayarit (OEM-Informex).- Con la finalidad de exigir justicia y protecci\u00f3n a quienes ejercen la labor de informar, tras registrarse el asesinato de tres periodistas en lo que va del presente a\u00f1o, el \u00faltimo perpetrado este domingo en contra de Lourdes Maldonado a quien le quitaron la vida en Tijuana, Baja California, el gremio en Nayarit se uni\u00f3 al reclamo e indignaci\u00f3n nacional por estos hechos, manifest\u00e1ndose este lunes frente a Palacio de Gobierno.<\/p>\n<p>Es de recordar que la ejecuci\u00f3n de Lourdes es la segunda presentada en esta ciudad, siendo la primera el pasado 17 de este mismo mes, cuya v\u00edctima fue el reportero y fotoperiodista, Margarito Mart\u00ednez y d\u00edas antes, el 15 para ser exactos, se confirm\u00f3 el homicidio de Jos\u00e9 Luis Gamboa Arenas, director general del diario digital &#8220;Inforegio&#8221;, en Veracruz, cuyo cuerpo fue encontrado el 10, sin embargo no fue identificado hasta dicha fecha.<\/p>\n<p>Ante esta situaci\u00f3n, Reporteros Sin Fronteras (RSF) indic\u00f3 qu\u00e9 en 2021, con 7 asesinatos M\u00e9xico se sostiene por tercer a\u00f1o consecutivo como un pa\u00eds peligroso para ejercer esta actividad. Las organizaciones de periodistas exigen que se establezca mecanismos eficientes para llevar a cabo su labor de manera segura.<\/p>\n<p>El Gobernador de Nayarit, Miguel \u00c1ngel Navarro Quintero, anunci\u00f3 la apertura de una ventanilla para atender los casos de amenaza contra periodistas, as\u00ed como tambi\u00e9n se aperturar\u00e1 una l\u00ednea telef\u00f3nica exclusivamente para atender a quienes sientan que su vida corre peligro.<\/p>\n<p>El presidente del Consejo Ciudadano de Protecci\u00f3n a Periodistas y defensor de los Derechos Humanos, Cesar P\u00e9rez, explic\u00f3 que en los \u00faltimos 3 a\u00f1os las autoridades se han acogido al sistema de protecci\u00f3n, atendiendo a 13 compa\u00f1eros que han sufrido alg\u00fan tipo de amenazas.<\/p>\n<p>Es lamentable, aclar\u00f3, que los periodistas se encuentren totalmente desprotegidos, es por ello necesario que el gremio levante la voz y externar las inconformidades y los peligros que se corren en esta profesi\u00f3n.<\/p>\n<p>Para concluir, Cesar P\u00e9rez, a\u00f1adi\u00f3 que adem\u00e1s de los mecanismos anunciados por el gobierno, es una cercan\u00eda con este, pues desde que inici\u00f3 la administraci\u00f3n presente no se ha sostenido ninguna reuni\u00f3n con el subsecretario de los Derechos Humanos para generar la estrategia que permita cuando sea necesario accionar los mecanismos de protecci\u00f3n.<br \/>\n<a href=\"https:\/\/www.eloccidental.com.mx\/local\/periodistas-nayaritas-se-unen-a-la-indignacion-nacional-por-el-asesinato-de-companeros-7781397.html\">https:\/\/www.eloccidental.com.mx\/local\/periodistas-nayaritas-se-unen-a-la-indignacion-nacional-por-el-asesinato-de-companeros-7781397.html<\/a><\/p>\n","protected":false},"excerpt":{"rendered":"<p>Foto: Crys Ben\u00edtez Crys Ben\u00edtez \/ El Occidental Tepic, Nayarit (OEM-Informex).- Con la finalidad de exigir justicia y protecci\u00f3n a quienes ejercen la labor de informar, tras registrarse el asesinato &hellip; <a href=\"https:\/\/www.grieta.org.mx\/index.php\/2022\/01\/26\/periodistas-nayaritas-se-unen-a-la-indignacion-nacional-por-el-asesinato-de-companeros\/\" class=\"more-link\">Leer m\u00e1s<\/a><\/p>\n","protected":false},"author":2,"featured_media":63212,"comment_status":"closed","ping_status":"closed","sticky":false,"template":"","format":"standard","meta":{"ngg_post_thumbnail":0,"_jetpack_newsletter_access":"","_jetpack_dont_email_post_to_subs":false,"_jetpack_newsletter_tier_id":0,"_jetpack_memberships_contains_paywalled_content":false,"_jetpack_memberships_contains_paid_content":false,"footnotes":""},"categories":[80,23,2,83,88,2301],"tags":[1180,1310,2331],"class_list":["post-63211","post","type-post","status-publish","format-standard","has-post-thumbnail","hentry","category-cintillo","category-nayarit","category-noticias-nacionales","category-temas-nacionales","category-violencia-contra-periodistas","category-violencia-contra-periodistas-en-nayarit","tag-asesinato-de-periodistas","tag-protestas-contra-el-asesinato-de-periodistas","tag-violencia-conta-periodistas","entry"],"jetpack_featured_media_url":"https:\/\/www.grieta.org.mx\/wp-content\/uploads\/2022\/01\/El-gremio-de-pertiodistas-se-manifiesta-en-Nayarit.jpg","jetpack_sharing_enabled":true,"jetpack_shortlink":"https:\/\/wp.me\/p7ZJR4-grx","jetpack_likes_enabled":false,"jetpack-related-posts":[{"id":67207,"url":"https:\/\/www.grieta.org.mx\/index.php\/2023\/07\/10\/se-manifiestan-periodistas-de-nayarit-frente-a-palacio-de-gobierno\/","url_meta":{"origin":63211,"position":0},"title":"Se manifiestan periodistas de Nayarit frente a Palacio de Gobierno","author":"grieta","date":"10 julio, 2023","format":false,"excerpt":"Imagen: El Sol de Nayarit Redacci\u00f3n \/ El Sol de Nayarit Luego del secuestro de tres comunicadores de Nayarit; uno de ellos asesinado, periodistas del estado se manifestaron este lunes para exigir justicia. Los comunicadores se plantaron con pancartas en mano frente a Palacio de Gobierno para exigir garant\u00edas y\u2026","rel":"","context":"En &quot;CINTILLO&quot;","block_context":{"text":"CINTILLO","link":"https:\/\/www.grieta.org.mx\/index.php\/category\/cintillo\/"},"img":{"alt_text":"","src":"https:\/\/i0.wp.com\/www.grieta.org.mx\/wp-content\/uploads\/2023\/07\/temp_nota_01_91915_17_20230710222412_11765d18ec2-0541-40b9-9091-7cfbd3a5b5c8.jpeg?resize=350%2C200&ssl=1","width":350,"height":200,"srcset":"https:\/\/i0.wp.com\/www.grieta.org.mx\/wp-content\/uploads\/2023\/07\/temp_nota_01_91915_17_20230710222412_11765d18ec2-0541-40b9-9091-7cfbd3a5b5c8.jpeg?resize=350%2C200&ssl=1 1x, https:\/\/i0.wp.com\/www.grieta.org.mx\/wp-content\/uploads\/2023\/07\/temp_nota_01_91915_17_20230710222412_11765d18ec2-0541-40b9-9091-7cfbd3a5b5c8.jpeg?resize=525%2C300&ssl=1 1.5x"},"classes":[]},{"id":63417,"url":"https:\/\/www.grieta.org.mx\/index.php\/2022\/02\/14\/protestan-periodistas-de-nayarit-por-los-multiples-asesinatos-de-colegas-en-mexico\/","url_meta":{"origin":63211,"position":1},"title":"Protestan periodistas de Nayarit por los m\u00faltiples asesinatos de colegas en M\u00e9xico","author":"grieta","date":"14 febrero, 2022","format":false,"excerpt":"Foto: El Sol de Nayarit Lucero Santa Anna\/El Sol de Nayarit Este 14 de Febrero, periodistas del estado de Nayarit alzaron la voz por segunda vez en lo que va del a\u00f1o 2022 para protestar por los m\u00faltiples asesinatos y agresiones a comunicadores en M\u00e9xico. En punto de las 5:00\u2026","rel":"","context":"En &quot;CINTILLO&quot;","block_context":{"text":"CINTILLO","link":"https:\/\/www.grieta.org.mx\/index.php\/category\/cintillo\/"},"img":{"alt_text":"","src":"https:\/\/i0.wp.com\/www.grieta.org.mx\/wp-content\/uploads\/2022\/02\/temp_nota_01_82663__2022021504323_117medios.jpg?resize=350%2C200&ssl=1","width":350,"height":200,"srcset":"https:\/\/i0.wp.com\/www.grieta.org.mx\/wp-content\/uploads\/2022\/02\/temp_nota_01_82663__2022021504323_117medios.jpg?resize=350%2C200&ssl=1 1x, https:\/\/i0.wp.com\/www.grieta.org.mx\/wp-content\/uploads\/2022\/02\/temp_nota_01_82663__2022021504323_117medios.jpg?resize=525%2C300&ssl=1 1.5x"},"classes":[]},{"id":4180,"url":"https:\/\/www.grieta.org.mx\/index.php\/2015\/07\/27\/violencia-contra-periodistas-en-nayarit\/","url_meta":{"origin":63211,"position":2},"title":"Violencia contra periodistas en Nayarit","author":"grieta","date":"27 julio, 2015","format":false,"excerpt":"27\/07\/15. Denuncian acoso e inseguridad para periodistas en Nayarit Elecciones y agresiones 15\/05\/15. Periodista denuncia amenazas del gobierno de Nayarit Proceso","rel":"","context":"En &quot;Nayarit&quot;","block_context":{"text":"Nayarit","link":"https:\/\/www.grieta.org.mx\/index.php\/category\/noticias-nacionales\/nayarit\/"},"img":{"alt_text":"","src":"https:\/\/i0.wp.com\/www.grieta.org.mx\/wp-content\/uploads\/2018\/03\/14524434_1106112876131411_958039263622046936_o.jpg?resize=350%2C200&ssl=1","width":350,"height":200,"srcset":"https:\/\/i0.wp.com\/www.grieta.org.mx\/wp-content\/uploads\/2018\/03\/14524434_1106112876131411_958039263622046936_o.jpg?resize=350%2C200&ssl=1 1x, https:\/\/i0.wp.com\/www.grieta.org.mx\/wp-content\/uploads\/2018\/03\/14524434_1106112876131411_958039263622046936_o.jpg?resize=525%2C300&ssl=1 1.5x, https:\/\/i0.wp.com\/www.grieta.org.mx\/wp-content\/uploads\/2018\/03\/14524434_1106112876131411_958039263622046936_o.jpg?resize=700%2C400&ssl=1 2x"},"classes":[]},{"id":63184,"url":"https:\/\/www.grieta.org.mx\/index.php\/2022\/01\/25\/se-manifiestan-en-playa-del-carmen-por-el-asesinato-de-la-periodista-lourdes-maldonado-quintana-roo\/","url_meta":{"origin":63211,"position":3},"title":"Se manifiestan en Playa del Carmen por el asesinato de la periodista Lourdes Maldonado (Quintana Roo)","author":"grieta","date":"25 enero, 2022","format":false,"excerpt":"Fernando Morcillo \/ PorEsto! Reporteros acudieron al Palacio Municipal de Playa del Carmen para exigir justicia por el asesinato de la Lourdes Maldonado, periodista asesinada en Baja California, adem\u00e1s de tener condiciones seguras para trabajar Reporteros de Playa del Carmen se manifiestan en los bajos del Palacio Municipal, como parte\u2026","rel":"","context":"En &quot;CINTILLO&quot;","block_context":{"text":"CINTILLO","link":"https:\/\/www.grieta.org.mx\/index.php\/category\/cintillo\/"},"img":{"alt_text":"","src":"https:\/\/i0.wp.com\/www.grieta.org.mx\/wp-content\/uploads\/2022\/01\/PlayaPeriodistas-e1643308857279.png?resize=350%2C200&ssl=1","width":350,"height":200,"srcset":"https:\/\/i0.wp.com\/www.grieta.org.mx\/wp-content\/uploads\/2022\/01\/PlayaPeriodistas-e1643308857279.png?resize=350%2C200&ssl=1 1x, https:\/\/i0.wp.com\/www.grieta.org.mx\/wp-content\/uploads\/2022\/01\/PlayaPeriodistas-e1643308857279.png?resize=525%2C300&ssl=1 1.5x, https:\/\/i0.wp.com\/www.grieta.org.mx\/wp-content\/uploads\/2022\/01\/PlayaPeriodistas-e1643308857279.png?resize=700%2C400&ssl=1 2x"},"classes":[]},{"id":63173,"url":"https:\/\/www.grieta.org.mx\/index.php\/2022\/01\/25\/los-periodistas-en-quintana-roo-no-estamos-exentos-de-agresiones-trabajadores-de-medios-en-chetumal-se-suman-a-protesta-nacional-por-asesinatos-de-margarito-martinez-jose-luis-gamboa-y-lourdes-m\/","url_meta":{"origin":63211,"position":4},"title":"&#8220;Los periodistas en Quintana Roo no estamos exentos de agresiones&#8221;: Trabajadores de medios en Chetumal se suman a protesta nacional por asesinatos de Margarito Mart\u00ednez, Jos\u00e9 Luis Gamboa y Lourdes Maldonado","author":"grieta","date":"25 enero, 2022","format":false,"excerpt":"Rafael Brice\u00f1o Noticaribe CHETUMAL, MX. \u2013 Trabajadores de medios de comunicaci\u00f3n en Chetumal se sumaron a la protesta nacional por los asesinatos de los periodistas Margarito Mart\u00ednez, Jos\u00e9 Luis Gamboa y Lourdes Maldonado, con la exigencia de no m\u00e1s. La cita fue enfrente de Palacio de gobierno en donde Gabriel\u2026","rel":"","context":"En &quot;CINTILLO&quot;","block_context":{"text":"CINTILLO","link":"https:\/\/www.grieta.org.mx\/index.php\/category\/cintillo\/"},"img":{"alt_text":"","src":"https:\/\/i0.wp.com\/www.grieta.org.mx\/wp-content\/uploads\/2022\/01\/NoEstamosExentos.png?resize=350%2C200&ssl=1","width":350,"height":200,"srcset":"https:\/\/i0.wp.com\/www.grieta.org.mx\/wp-content\/uploads\/2022\/01\/NoEstamosExentos.png?resize=350%2C200&ssl=1 1x, https:\/\/i0.wp.com\/www.grieta.org.mx\/wp-content\/uploads\/2022\/01\/NoEstamosExentos.png?resize=525%2C300&ssl=1 1.5x, https:\/\/i0.wp.com\/www.grieta.org.mx\/wp-content\/uploads\/2022\/01\/NoEstamosExentos.png?resize=700%2C400&ssl=1 2x"},"classes":[]},{"id":63167,"url":"https:\/\/www.grieta.org.mx\/index.php\/2022\/01\/25\/comunicadores-de-yucatan-se-unen-a-movilizacion-nacional-para-exigir-un-alto-al-asesinato-de-periodistas\/","url_meta":{"origin":63211,"position":5},"title":"Comunicadores de Yucat\u00e1n se unen a movilizaci\u00f3n nacional para exigir un alto al asesinato de periodistas","author":"grieta","date":"25 enero, 2022","format":false,"excerpt":"Itzel Chan \/ Noticaribe M\u00c9RIDA, MX.- Desde el monumento a Patria, en M\u00e9rida, comunicadores recordaron que M\u00e9xico es uno de los pa\u00edses m\u00e1s peligrosos para ejercer el periodismo de acuerdo con la Organizaci\u00f3n de las Naciones Unidas (ONU) y como muestra, recordaron que tan s\u00f3lo en el sexenio de Andr\u00e9s\u2026","rel":"","context":"En &quot;CINTILLO&quot;","block_context":{"text":"CINTILLO","link":"https:\/\/www.grieta.org.mx\/index.php\/category\/cintillo\/"},"img":{"alt_text":"","src":"https:\/\/i0.wp.com\/www.grieta.org.mx\/wp-content\/uploads\/2022\/01\/AltoAsesinatoPeriodistas.png?resize=350%2C200&ssl=1","width":350,"height":200,"srcset":"https:\/\/i0.wp.com\/www.grieta.org.mx\/wp-content\/uploads\/2022\/01\/AltoAsesinatoPeriodistas.png?resize=350%2C200&ssl=1 1x, https:\/\/i0.wp.com\/www.grieta.org.mx\/wp-content\/uploads\/2022\/01\/AltoAsesinatoPeriodistas.png?resize=525%2C300&ssl=1 1.5x, https:\/\/i0.wp.com\/www.grieta.org.mx\/wp-content\/uploads\/2022\/01\/AltoAsesinatoPeriodistas.png?resize=700%2C400&ssl=1 2x"},"classes":[]}],"_links":{"self":[{"href":"https:\/\/www.grieta.org.mx\/index.php\/wp-json\/wp\/v2\/posts\/63211","targetHints":{"allow":["GET"]}}],"collection":[{"href":"https:\/\/www.grieta.org.mx\/index.php\/wp-json\/wp\/v2\/posts"}],"about":[{"href":"https:\/\/www.grieta.org.mx\/index.php\/wp-json\/wp\/v2\/types\/post"}],"author":[{"embeddable":true,"href":"https:\/\/www.grieta.org.mx\/index.php\/wp-json\/wp\/v2\/users\/2"}],"replies":[{"embeddable":true,"href":"https:\/\/www.grieta.org.mx\/index.php\/wp-json\/wp\/v2\/comments?post=63211"}],"version-history":[{"count":1,"href":"https:\/\/www.grieta.org.mx\/index.php\/wp-json\/wp\/v2\/posts\/63211\/revisions"}],"predecessor-version":[{"id":63213,"href":"https:\/\/www.grieta.org.mx\/index.php\/wp-json\/wp\/v2\/posts\/63211\/revisions\/63213"}],"wp:featuredmedia":[{"embeddable":true,"href":"https:\/\/www.grieta.org.mx\/index.php\/wp-json\/wp\/v2\/media\/63212"}],"wp:attachment":[{"href":"https:\/\/www.grieta.org.mx\/index.php\/wp-json\/wp\/v2\/media?parent=63211"}],"wp:term":[{"taxonomy":"category","embeddable":true,"href":"https:\/\/www.grieta.org.mx\/index.php\/wp-json\/wp\/v2\/categories?post=63211"},{"taxonomy":"post_tag","embeddable":true,"href":"https:\/\/www.grieta.org.mx\/index.php\/wp-json\/wp\/v2\/tags?post=63211"}],"curies":[{"name":"wp","href":"https:\/\/api.w.org\/{rel}","templated":true}]}}