{"id":63125,"date":"2022-01-19T13:20:35","date_gmt":"2022-01-19T19:20:35","guid":{"rendered":"https:\/\/www.grieta.org.mx\/?p=63125"},"modified":"2022-01-23T13:59:53","modified_gmt":"2022-01-23T19:59:53","slug":"4-mil-385-dias-buscando-a-oscar-ante-la-falta-de-apoyo-de-gobierno-mexicano-familias-de-personas-migrantes-desaparecidas-anuncian-la-creacion-de-la-red-regional-de-familias-de-migrantes","status":"publish","type":"post","link":"https:\/\/www.grieta.org.mx\/index.php\/2022\/01\/19\/4-mil-385-dias-buscando-a-oscar-ante-la-falta-de-apoyo-de-gobierno-mexicano-familias-de-personas-migrantes-desaparecidas-anuncian-la-creacion-de-la-red-regional-de-familias-de-migrantes\/","title":{"rendered":"4 mil 385 d\u00edas buscando a \u00d3scar, ante la falta de apoyo de gobierno mexicano familias de personas migrantes desaparecidas anuncian  la creaci\u00f3n de la Red Regional de Familias de Migrantes (Jalisco)"},"content":{"rendered":"<p>Foto: Mario Marlo<\/p>\n<p><strong>En una acci\u00f3n de memoria y reclamo de justicia, Ana Enamorado, madre buscadora y defensora de los derechos de las personas migrantes en M\u00e9xico se pronunci\u00f3 a las afueras de la Fiscal\u00eda General de la Rep\u00fablica en el 12 aniversario de la desaparici\u00f3n de su hijo \u00d3scar Antonio L\u00f3pez Enamorado, joven hondure\u00f1o del que se desconoce su paradero desde el 19 de enero de 2010 en Jalisco.<\/strong><\/p>\n<p><strong>Acompa\u00f1ada de otras madres de migrantes desaparecidos y desaparecidas en M\u00e9xico, as\u00ed como de organizaciones de la sociedad civil nacionales e internacionales, denunci\u00f3 el desinter\u00e9s, las omisiones y la falta de voluntad que las autoridades de justicia en el pa\u00eds han demostrado en el caso de su hijo, pero tambi\u00e9n en los procesos de investigaci\u00f3n y b\u00fasqueda de personas migrantes desaparecidas en territorio mexicano.<\/strong><\/p>\n<p><strong>Por ello, anunciaron la creaci\u00f3n de la\u00a0<em>Red Regional de Familias de Migrantes<\/em>, integrada por al menos 11 familias de personas migrantes desaparecidas en M\u00e9xico, originarias de Per\u00fa, Honduras, Nicaragua, El Salvador y Guatemala cuyo fin principal es brindar acompa\u00f1amiento a las y los familiares que desde Centroam\u00e9rica viven la desaparici\u00f3n de un ser querido en el pa\u00eds.<\/strong><\/p>\n<p>Dalia Souza \/ Zona Docs<\/p>\n<p><strong>4 mil 384 d\u00edas han pasado desde que \u00d3scar Antonio L\u00f3pez Enamorado se comunic\u00f3 por \u00faltima vez con su madre, Ana Enamorado.<\/strong>\u00a0Le llam\u00f3 por tel\u00e9fono el 19 de enero de 2010 para decirle que se encontraba en un \u201clugar muy bonito que parec\u00eda una isla\u201d, luego le dijo que pronto regresar\u00eda a Honduras y, finalmente, la comunicaci\u00f3n se cort\u00f3.<\/p>\n<p><strong>Oscar hab\u00eda salido dos a\u00f1os antes de San Pedro Sula con el deseo de llegar a los Estados Unidos<\/strong>. Si bien lo logr\u00f3 y permaneci\u00f3 trabajando durante un a\u00f1o en Austin, Texas, se encontr\u00f3 con un joven que le convenci\u00f3 de irse con \u00e9l a M\u00e9xico para trabajar con su familia en San Sebasti\u00e1n del Oeste, Jalisco.<\/p>\n<p>Despu\u00e9s de aquella \u00faltima comunicaci\u00f3n, Ana hizo lo que pudo en su pa\u00eds para denunciar la desaparici\u00f3n de su hijo, sin embargo, imposibilitada por la distancia geogr\u00e1fica y la omisi\u00f3n de las autoridades,\u00a0<strong>en el a\u00f1o 2013 viaj\u00f3 a M\u00e9xico para comenzar la b\u00fasqueda que ambos gobiernos le hab\u00edan negado a ella y a Oscar.<\/strong><\/p>\n<p>Por ello, a 12 a\u00f1os de la desaparici\u00f3n de su hijo, acompa\u00f1ada de organizaciones y familias que como ella viven con la ausencia y el dolor de un ser amado,\u00a0<strong>se posicion\u00f3 una vez m\u00e1s frente a las oficinas de la Fiscal\u00eda General de la Rep\u00fablica en la Ciudad de M\u00e9xico<\/strong>\u00a0para demandar justicia, verdad y memoria.<\/p>\n<p>El acto se realiz\u00f3 en el mismo sitio donde dos a\u00f1os atr\u00e1s fueron colocadas en un muro las huellas de la memoria de decenas de personas desaparecidas en M\u00e9xico, -precisamente en el marco del d\u00e9cimo aniversario de Oscar-. Ah\u00ed\u00a0<strong>se convoc\u00f3 a diversas autoridades de la federaci\u00f3n para dar cuenta sobre sus obligaciones en materia de b\u00fasqueda de personas migrantes desaparecidas en su tr\u00e1nsito por M\u00e9xico<\/strong>, as\u00ed como, a los distintos representantes de los consulados de los pa\u00edses de Centroam\u00e9rica; sin embargo,\u00a0<strong>s\u00f3lo asistieron representantes de los titulares de la Comisi\u00f3n Nacional de Derechos Humanos y la Comisi\u00f3n Nacional de B\u00fasqueda<\/strong>.<\/p>\n<p>Este \u00faltimo reconoci\u00f3 que, si bien, como instituci\u00f3n han trabajado con Ana y otras madres para llevar a cabo la b\u00fasqueda de sus seres queridos,\u00a0<strong>ha hecho falta el trabajo coordinado con otras dependencias como la Fiscal\u00eda General de la Rep\u00fablica y sus homologas en los estados<\/strong>.<\/p>\n<p>Por su parte, el asesor jur\u00eddico de Ana Enamorado, el abogado Sandino Rivero inform\u00f3 que hasta la actualidad permanecen abiertas dos investigaciones en el caso de Oscar Antonio L\u00f3pez Enamorado, una en la\u00a0<strong>Unidad de Investigaci\u00f3n de Delitos para Migrantes de la Fiscal\u00eda General de la Rep\u00fablica<\/strong>\u00a0y otra m\u00e1s en la\u00a0<strong>Fiscal\u00eda Especial de Personas Desaparecidas de Jalisco<\/strong>.<\/p>\n<p>Asimismo, advirti\u00f3 que existe un expediente abierto en la\u00a0<strong>Direcci\u00f3n General de Estrategias para la Atenci\u00f3n de Derechos Humanos\u00a0<\/strong>de la Subsecretar\u00eda de Derechos Humanos de la Secretar\u00eda de Gobernaci\u00f3n. Lamentablemente, denunci\u00f3 \u201c<strong>ninguna de estas tres autoridades ha logrado realizar investigaciones efectivas para determinar el paradero de Oscar<\/strong>, violando en contra de Oscar y, por consecuencia de su madre, el principio de tutela judicial efectiva\u201d.<\/p>\n<p>En ese sentido, advirti\u00f3 que los procedimientos iniciados por las tres instancias,\u00a0<strong>\u201cno han sido accesibles para ellos como v\u00edctimas, han presentado obst\u00e1culos y demoras injustificadas\u201d.<\/strong>\u00a0Adem\u00e1s, se\u00f1al\u00f3 que han omitido su deber de investigar, puesto que, en repetidas ocasiones a lo largo de estos a\u00f1os\u00a0<strong>\u201chan dejado a iniciativa de Ana que aporte pruebas, siendo que este es un deber de las autoridades\u201d.<\/strong><\/p>\n<p>\u201cNo ha existido una investigaci\u00f3n seria, imparcial, efectiva ni con la debida diligencia orienta a determinar la verdad, la persecuci\u00f3n y el enjuiciamiento de los responsables. Todo lo anterior ha provocado una situaci\u00f3n de impunidad\u201d puntualiz\u00f3.<\/p>\n<p>Inform\u00f3 tambi\u00e9n que\u00a0<strong>desde el a\u00f1o 2020 fueron promovidos dos juicios de amparo por \u201clas acciones y omisiones\u201d<\/strong>\u00a0de la Fiscal\u00eda de la General de la Rep\u00fablica, la Fiscal\u00eda del Estado de Jalisco, as\u00ed como, por aquellas en las que ha incurrido la Direcci\u00f3n General de Estrategias para la Atenci\u00f3n de Derechos Humanos. Respecto a la \u00faltima, advirti\u00f3 que \u201cya existe una sentencia de amparo\u201d,\u00a0<strong>la cual ordena al titular de la direcci\u00f3n F\u00e9lix Santana que emita recomendaciones hacia ambas fiscal\u00edas para que coadyuven en la b\u00fasqueda de Oscar.<\/strong><\/p>\n<p>Sin embargo, manifest\u00f3 que\u00a0<strong>Santana ha sido omiso en cumplir con lo dictado por la sentencia de amparo,\u00a0<\/strong>por lo que, el juzgado le otorg\u00f3 10 d\u00edas m\u00e1s para hacerlas cumplir, de lo\u00a0<strong>contrario podr\u00eda ser destituido de su cargo y ser consignado ante las autoridades por desacato.<\/strong><\/p>\n<p>A decir del abogado y de Ana Enamorado dichas acciones y omisiones, demuestran que\u00a0<strong>existe falta de voluntad pol\u00edtica para encontrar a Oscar y a los miles de migrantes que permanecen desaparecidos en el pa\u00eds<\/strong>.<\/p>\n<p>Adem\u00e1s, explic\u00f3 que permanecen abiertas dos quejas ante la Comisi\u00f3n Nacional de los Derechos Humanos (CNDH) y otra m\u00e1s ante la Comisi\u00f3n Estatal de Derechos Humanos del Estado de Jalisco (CEDHJ). De ambos organismos se espera que\u00a0<strong>respondan de manera afirmativa y con recomendaciones contundentes hacia las autoridades mexicanas.<\/strong><\/p>\n<p>\u201cAfirmamos que el Estado Mexicano ha fallado en su obligaci\u00f3n de garantizar y proteger los derechos de acceso a la justicia, a conocer la verdad, a la reparaci\u00f3n integral del da\u00f1o y el derecho a ser buscado a favor de Oscar y su madre, Ana Enamorado\u201d sentenci\u00f3.<\/p>\n<p>\u201cLas autoridades est\u00e1n ausentes en este momento como lo han venido haciendo en estos 12 a\u00f1os. Quiero que les quede muy claro que nosotros no vamos a callar, que yo no voy a desistir, que no me voy a cansar jam\u00e1s de buscar a mi hijo y de seguir evidenciando las omisiones y la falta de voluntad para encontrar a mi hijo y a las miles de personas que est\u00e1n desaparecidas, porque no s\u00f3lo es \u00d3scar, son miles m\u00e1s a las que nadie les est\u00e1 buscando\u201d expres\u00f3 Ana Enamorado.<\/p>\n<p>Con dolor y firmeza reconoci\u00f3 que, si bien, luego de m\u00e1s de una d\u00e9cada es consciente de lo dif\u00edcil que resultar\u00e1 volver a abrazar a su hijo, dijo que\u00a0<strong>su lucha ahora es por que ninguna otra madre experimente lo que ella:<\/strong><\/p>\n<p>\u201cYo s\u00e9 que quiz\u00e1 a mi hijo Oscar, quiz\u00e1 ya no lo voy a volver a ver, quiz\u00e1 ya no lo voy a abrazar, pero mi lucha es ahora porque a ninguna otra madre le pase. Ellas no pueden pasar 12 a\u00f1os sin encontrar a sus hijos\u201d manifest\u00f3.<\/p>\n<p>As\u00ed es como decidi\u00f3\u00a0<strong>abanderar el andar y la exigencia de otras madres y familiares<\/strong>\u00a0que sufren la ausencia de sus seres queridos desaparecidos en su tr\u00e1nsito por M\u00e9xico. A trav\u00e9s de la\u00a0<em>Red Regional de Familias Migrantes,<\/em>\u00a0anunciaron, buscan, por ahora,\u00a0<strong>a 11 j\u00f3venes que salieron de distintos pa\u00edses de Centroam\u00e9rica, espec\u00edficamente<\/strong>\u00a0<strong>de Per\u00fa, Honduras, El Salvador y Nicaragua<\/strong>.<\/p>\n<p>Uno de estos casos es el de\u00a0<strong>Jean Carlo Rom\u00e1n de la Cruz, joven peruano de 29 a\u00f1os<\/strong>\u00a0quien se comunic\u00f3 por \u00faltima vez con su madre, la se\u00f1ora Silvia de la Cruz, el 31 de marzo de 2021. Lo \u00fanico que supo es que el grupo de personas con las que viaja rumbo a los Estados Unidos lo hab\u00eda abandonado en\u00a0<strong>Ciudad Acu\u00f1a, Coahuila.<\/strong><\/p>\n<p>La se\u00f1ora Silvia, presente en la acci\u00f3n p\u00fablica, narr\u00f3 que\u00a0<strong>decidi\u00f3 viajar a M\u00e9xico junto a su esposo para interponer una denuncia y encontrar a su hijo<\/strong>; sin embargo, las autoridades en Saltillo, entre ellas la Comisi\u00f3n de B\u00fasqueda y la Fiscal\u00eda del Estado de Coahuila, no hicieron nada por buscarlo.<\/p>\n<p>Esta situaci\u00f3n llev\u00f3 a su esposo a comenzar sus propias labores de b\u00fasqueda, lamentablemente,\u00a0<strong>tambi\u00e9n fue desaparecido.<\/strong><\/p>\n<p>Lejos de su pa\u00eds, sin un lugar en d\u00f3nde vivir y con \u201cdos dolores\u201d, narr\u00f3 la se\u00f1ora Silvia, se comunic\u00f3 con Ana Enamorado, quien desde ese d\u00eda no le dej\u00f3 sola y le ha acompa\u00f1ado desde la Red. En su caso,\u00a0<strong>no s\u00f3lo est\u00e1 pendiente la debida investigaci\u00f3n de la desaparici\u00f3n de su hijo y esposo,<\/strong>\u00a0sino tambi\u00e9n\u00a0<strong>el cumplimiento de las obligaciones que tiene la Comisi\u00f3n Ejecutiva de Atenci\u00f3n a V\u00edctimas<\/strong>, puesto que, pese a la situaci\u00f3n de precariedad que vive la madre y su car\u00e1cter de v\u00edctima<strong>, no le han brindado apoyo.<\/strong><\/p>\n<p>Pido justicia al Gobierno mexicano, yo no busco una persona, sino dos. Ruego por favor que me ayuden, es mi hijo. Tengo dos dolores, mi hijo y mi esposo y nadie hasta la fecha ha hecho nada. S\u00f3lo pido justicia a estos se\u00f1ores del gobierno\u201d se pronunci\u00f3.<\/p>\n<p>Desde Honduras y a trav\u00e9s de un video, Mariana Castillo comparti\u00f3 su testimonio.\u00a0<strong>Ella busca a Jordi Ariel Castillo desaparecido el 6 de marzo de 2021<\/strong>, luego de ser deportado de Estados Unidos a Nogales, Sonora.<\/p>\n<p>Mariana explic\u00f3 que desde\u00a0<strong>el 14 de marzo present\u00f3 el reporte de la desaparici\u00f3n de Jordi ante el Consulado de M\u00e9xico en Honduras<\/strong>, no obstante, a la fecha no hay informaci\u00f3n y no le responden las llamadas. Acudi\u00f3, incluso, a Tegucigalpa, donde no le atendieron. Aunque intent\u00f3 interponer una denuncia,\u00a0<strong>las autoridades le dijeron que la forma en la que desapareci\u00f3 su sobrino \u201cno es un delito\u201d.<\/strong><\/p>\n<p>\u201cPido a las autoridades mexicanas que por favor me ayuden en el caso de \u00e9l, es un joven lleno de sue\u00f1os y esperanzas. \u00c9l decidi\u00f3 emigrar a los Estados Unidos. Ya nada es igual en esta casa, en la casa de mi mam\u00e1, nos hace falta \u00e9l para todo\u2026 Si me est\u00e1s viendo mijito te quiero aqu\u00ed en la casa, ya no soportamos m\u00e1s, te necesitamos aqu\u00ed. Esperamos que regreses pronto con nosotros\u201d.<\/p>\n<p>De acuerdo con la Federaci\u00f3n Mexicana de Organismos P\u00fablicos de Derechos Humanos (FMOPDH) cerca de\u00a0<strong>2 mil personas en situaci\u00f3n de movilidad humana fueron desaparecidas durante 2020<\/strong>, as\u00ed lo expusieron las organizaciones.<\/p>\n<p>La\u00a0<em>Red Regional de Familias Migrantes<\/em>\u00a0surgi\u00f3 en el mes de octubre de 2021, conformada por\u00a0<strong>un grupo de mujeres buscadoras, madres, t\u00edas y primas\u00a0<\/strong>que d\u00eda con d\u00eda luchan por ver volver a sus seres queridos desaparecidos en su tr\u00e1nsito por M\u00e9xico. Su objetivo principal es\u00a0<strong>brindar acompa\u00f1amiento a otras familiares que desde Centroam\u00e9rica buscan a sus seres queridos ausentes.<\/strong>\u00a0Ofrecen\u00a0<strong>apoyo jur\u00eddico, psicosocial y seguimiento de los procesos de b\u00fasqueda y denuncia ante autoridades mexicanas.<\/strong><\/p>\n<p><a href=\"https:\/\/www.zonadocs.mx\/2022\/01\/19\/12-anos-sin-ti-oscar-antonio-lopez-enamorado-te-seguimos-buscando\/\">https:\/\/www.zonadocs.mx\/2022\/01\/19\/12-anos-sin-ti-oscar-antonio-lopez-enamorado-te-seguimos-buscando\/<\/a><\/p>\n","protected":false},"excerpt":{"rendered":"<p>Foto: Mario Marlo En una acci\u00f3n de memoria y reclamo de justicia, Ana Enamorado, madre buscadora y defensora de los derechos de las personas migrantes en M\u00e9xico se pronunci\u00f3 a &hellip; <a href=\"https:\/\/www.grieta.org.mx\/index.php\/2022\/01\/19\/4-mil-385-dias-buscando-a-oscar-ante-la-falta-de-apoyo-de-gobierno-mexicano-familias-de-personas-migrantes-desaparecidas-anuncian-la-creacion-de-la-red-regional-de-familias-de-migrantes\/\" class=\"more-link\">Leer m\u00e1s<\/a><\/p>\n","protected":false},"author":2,"featured_media":63126,"comment_status":"closed","ping_status":"closed","sticky":false,"template":"","format":"standard","meta":{"ngg_post_thumbnail":0,"_jetpack_newsletter_access":"","_jetpack_dont_email_post_to_subs":false,"_jetpack_newsletter_tier_id":0,"_jetpack_memberships_contains_paywalled_content":false,"_jetpack_memberships_contains_paid_content":false,"footnotes":""},"categories":[80,87,1032,20,2,83],"tags":[1828,121,1668,2417,3509],"class_list":["post-63125","post","type-post","status-publish","format-standard","has-post-thumbnail","hentry","category-cintillo","category-desaparecidos","category-desaparecidos-en-jalisco","category-jalisco","category-noticias-nacionales","category-temas-nacionales","tag-busqueda-de-desaparecidos","tag-desaparecidos","tag-familiares-de-desaparecidos","tag-migrantes-desaparecidos","tag-red-de-desaparecidos","entry"],"jetpack_featured_media_url":"https:\/\/www.grieta.org.mx\/wp-content\/uploads\/2022\/01\/photo5530494027326138320-scaled-1-1068x694-1.jpg","jetpack_sharing_enabled":true,"jetpack_shortlink":"https:\/\/wp.me\/p7ZJR4-gq9","jetpack_likes_enabled":false,"jetpack-related-posts":[{"id":43275,"url":"https:\/\/www.grieta.org.mx\/index.php\/2020\/01\/21\/activistas-colocan-memorial-con-fotografias-de-sus-desaparecidos-frente-a-a-fgr-ciudad-de-mexico\/","url_meta":{"origin":63125,"position":0},"title":"Activistas colocan memorial con fotograf\u00edas de sus desaparecidos frente a a FGR (Ciudad de M\u00e9xico)","author":"grieta","date":"21 enero, 2020","format":false,"excerpt":"Foto: Pablo P\u00e9rez Conexi\u00f3n Migrante Ana Enamorado encabez\u00f3 este lunes 20 de noviembre una manifestaci\u00f3n frente a la FGR, ubicada en la CDMX, exigi\u00f3 la b\u00fasqueda de su hijo, quien desapareci\u00f3 hace 10 a\u00f1os Fue el 19 de enero de 2010 cuando Ana Enamorado tuvo contacto por \u00faltima vez con\u2026","rel":"","context":"En &quot;CINTILLO&quot;","block_context":{"text":"CINTILLO","link":"https:\/\/www.grieta.org.mx\/index.php\/category\/cintillo\/"},"img":{"alt_text":"","src":"https:\/\/i0.wp.com\/www.grieta.org.mx\/wp-content\/uploads\/2020\/01\/Activistas-colocan-memorial-con-fotograf%C3%ADas-de-sus-desaparecidos-frente-a-a-FGR-cdmx-ene.jpg?resize=350%2C200&ssl=1","width":350,"height":200,"srcset":"https:\/\/i0.wp.com\/www.grieta.org.mx\/wp-content\/uploads\/2020\/01\/Activistas-colocan-memorial-con-fotograf%C3%ADas-de-sus-desaparecidos-frente-a-a-FGR-cdmx-ene.jpg?resize=350%2C200&ssl=1 1x, https:\/\/i0.wp.com\/www.grieta.org.mx\/wp-content\/uploads\/2020\/01\/Activistas-colocan-memorial-con-fotograf%C3%ADas-de-sus-desaparecidos-frente-a-a-FGR-cdmx-ene.jpg?resize=525%2C300&ssl=1 1.5x, https:\/\/i0.wp.com\/www.grieta.org.mx\/wp-content\/uploads\/2020\/01\/Activistas-colocan-memorial-con-fotograf%C3%ADas-de-sus-desaparecidos-frente-a-a-FGR-cdmx-ene.jpg?resize=700%2C400&ssl=1 2x, https:\/\/i0.wp.com\/www.grieta.org.mx\/wp-content\/uploads\/2020\/01\/Activistas-colocan-memorial-con-fotograf%C3%ADas-de-sus-desaparecidos-frente-a-a-FGR-cdmx-ene.jpg?resize=1050%2C600&ssl=1 3x"},"classes":[]},{"id":59343,"url":"https:\/\/www.grieta.org.mx\/index.php\/2021\/05\/03\/madres-buscadoras-en-mexico-y-jalisco-volveran-a-salir-a-las-calles-este-10-de-mayo-por-el-regreso-de-sus-hijos-e-hijas-desaparecidas-jalisco\/","url_meta":{"origin":63125,"position":1},"title":"Madres buscadoras en M\u00e9xico y Jalisco volver\u00e1n a salir a las calles este 10 de mayo por el regreso de sus hijos e hijas desaparecidas (Jalisco)","author":"grieta","date":"3 mayo, 2021","format":false,"excerpt":"Foto: Zona Docs El 10 de mayo,\u00a0D\u00eda de las Madres\u00a0en M\u00e9xico, ha dejado de ser una fecha de celebraci\u00f3n para miles de madres y familias del pa\u00eds, quienes padecen la ausencia de sus amores desaparecidos, por ello, en lugar de conmemorar, salen a las calles de sus estados y ciudades\u2026","rel":"","context":"En &quot;CINTILLO&quot;","block_context":{"text":"CINTILLO","link":"https:\/\/www.grieta.org.mx\/index.php\/category\/cintillo\/"},"img":{"alt_text":"","src":"https:\/\/i0.wp.com\/www.grieta.org.mx\/wp-content\/uploads\/2021\/05\/result-5-e1620589064516.jpg?resize=350%2C200&ssl=1","width":350,"height":200,"srcset":"https:\/\/i0.wp.com\/www.grieta.org.mx\/wp-content\/uploads\/2021\/05\/result-5-e1620589064516.jpg?resize=350%2C200&ssl=1 1x, https:\/\/i0.wp.com\/www.grieta.org.mx\/wp-content\/uploads\/2021\/05\/result-5-e1620589064516.jpg?resize=525%2C300&ssl=1 1.5x, https:\/\/i0.wp.com\/www.grieta.org.mx\/wp-content\/uploads\/2021\/05\/result-5-e1620589064516.jpg?resize=700%2C400&ssl=1 2x"},"classes":[]},{"id":60398,"url":"https:\/\/www.grieta.org.mx\/index.php\/2021\/07\/06\/familias-de-colima-recorren-jalisco-buscando-a-sus-desaparecidos\/","url_meta":{"origin":63125,"position":2},"title":"Familias de Colima recorren Jalisco buscando a sus desaparecidos","author":"grieta","date":"6 julio, 2021","format":false,"excerpt":"Foto:\u00a0 Diario Avanzada Heidi de Le\u00f3n Guti\u00e9rrez \/ Diario Avanzada Colima, M\u00e9xico, Avanzada (06\/07\/2021).- Integrantes de la Red de Personas Desaparecidas en Colima se encuentran en Jalisco para buscar a sus familiares \u00a0en hospitales, albergues,\u00a0 centros penitenciarios \u00a0y en distintos puntos de esa entidad como parte de la Jornada Nacional\u2026","rel":"","context":"En &quot;CINTILLO&quot;","block_context":{"text":"CINTILLO","link":"https:\/\/www.grieta.org.mx\/index.php\/category\/cintillo\/"},"img":{"alt_text":"","src":"https:\/\/i0.wp.com\/www.grieta.org.mx\/wp-content\/uploads\/2021\/07\/Des.png?resize=350%2C200&ssl=1","width":350,"height":200},"classes":[]},{"id":66117,"url":"https:\/\/www.grieta.org.mx\/index.php\/2023\/01\/19\/el-estado-mexicano-quiere-detener-la-busqueda-de-mi-hijo-oscar-jalisco\/","url_meta":{"origin":63125,"position":3},"title":"\u201cEl Estado Mexicano quiere detener la b\u00fasqueda de mi hijo \u00d3scar\u201d (Jalisco)","author":"grieta","date":"19 enero, 2023","format":false,"excerpt":"Imagen: Brenda Santos Han pasado 13 a\u00f1os desde que Ana Enamorado dej\u00f3 de saber de su hijo, \u00d3scar Antonio L\u00f3pez Enamorado. En esa \u00faltima llamada, realizada el 19 de enero de 2010, \u00d3scar le dijo que estaba en Jalisco y que pronto regresar\u00eda a Honduras. Sin embargo, el tiempo pas\u00f3\u2026","rel":"","context":"En &quot;CINTILLO&quot;","block_context":{"text":"CINTILLO","link":"https:\/\/www.grieta.org.mx\/index.php\/category\/cintillo\/"},"img":{"alt_text":"","src":"https:\/\/i0.wp.com\/www.grieta.org.mx\/wp-content\/uploads\/2023\/01\/82709558_10218534097716055_2724690857029533696_n-1068x712-1.jpg?resize=350%2C200&ssl=1","width":350,"height":200,"srcset":"https:\/\/i0.wp.com\/www.grieta.org.mx\/wp-content\/uploads\/2023\/01\/82709558_10218534097716055_2724690857029533696_n-1068x712-1.jpg?resize=350%2C200&ssl=1 1x, https:\/\/i0.wp.com\/www.grieta.org.mx\/wp-content\/uploads\/2023\/01\/82709558_10218534097716055_2724690857029533696_n-1068x712-1.jpg?resize=525%2C300&ssl=1 1.5x, https:\/\/i0.wp.com\/www.grieta.org.mx\/wp-content\/uploads\/2023\/01\/82709558_10218534097716055_2724690857029533696_n-1068x712-1.jpg?resize=700%2C400&ssl=1 2x, https:\/\/i0.wp.com\/www.grieta.org.mx\/wp-content\/uploads\/2023\/01\/82709558_10218534097716055_2724690857029533696_n-1068x712-1.jpg?resize=1050%2C600&ssl=1 3x"},"classes":[]},{"id":62940,"url":"https:\/\/www.grieta.org.mx\/index.php\/2021\/12\/22\/huellas-de-amor-cuelga-50-fotos-de-desaparecidos-en-arbol-navideno-en-jalisco\/","url_meta":{"origin":63125,"position":4},"title":"Huellas de amor cuelga 50 fotos de desaparecidos en \u00e1rbol navide\u00f1o en Jalisco","author":"grieta","date":"22 diciembre, 2021","format":false,"excerpt":"Foto: Rosario \u00c1lvarez Rosario \u00c1lvarez \/ Telediario En Jalisco 15 mil 148 familias tienen alg\u00fan familiar desaparecido, de acuerdo al \u00faltimo corte del Registro Nacional de Personas Desaparecidas y No Localizadas. Tras este dato, el colectivo Huellas de Amor,\u00a0colg\u00f3 m\u00e1s de 50 fichas de b\u00fasqueda de hombres y mujeres alrededor\u2026","rel":"","context":"En &quot;CINTILLO&quot;","block_context":{"text":"CINTILLO","link":"https:\/\/www.grieta.org.mx\/index.php\/category\/cintillo\/"},"img":{"alt_text":"","src":"https:\/\/i0.wp.com\/www.grieta.org.mx\/wp-content\/uploads\/2021\/12\/arbol-navidad-instalado-plaza-liberacion.jpg?resize=350%2C200&ssl=1","width":350,"height":200,"srcset":"https:\/\/i0.wp.com\/www.grieta.org.mx\/wp-content\/uploads\/2021\/12\/arbol-navidad-instalado-plaza-liberacion.jpg?resize=350%2C200&ssl=1 1x, https:\/\/i0.wp.com\/www.grieta.org.mx\/wp-content\/uploads\/2021\/12\/arbol-navidad-instalado-plaza-liberacion.jpg?resize=525%2C300&ssl=1 1.5x, https:\/\/i0.wp.com\/www.grieta.org.mx\/wp-content\/uploads\/2021\/12\/arbol-navidad-instalado-plaza-liberacion.jpg?resize=700%2C400&ssl=1 2x"},"classes":[]},{"id":41759,"url":"https:\/\/www.grieta.org.mx\/index.php\/2019\/11\/19\/comision-de-busqueda-atiende-39-reportes-san-luis-potosi\/","url_meta":{"origin":63125,"position":5},"title":"Comisi\u00f3n de B\u00fasqueda atiende 39 reportes (San Luis Potos\u00ed)","author":"grieta","date":"19 noviembre, 2019","format":false,"excerpt":"29 son del caso Pirasol; hace 10 a\u00f1os que desapareci\u00f3 un autob\u00fas con trabajadores y siguen desaparecidos Mayra Trist\u00e1n\/El Sol de San Luis La Comisi\u00f3n Estatal de B\u00fasqueda tiene reporte de 39 personas desparecidas en San Luis Potos\u00ed, de las cuales, 10 son migrantes mexicanos y centroamericanos, inform\u00f3 Jes\u00fas Ju\u00e1rez\u2026","rel":"","context":"En &quot;CINTILLO&quot;","block_context":{"text":"CINTILLO","link":"https:\/\/www.grieta.org.mx\/index.php\/category\/cintillo\/"},"img":{"alt_text":"","src":"https:\/\/i0.wp.com\/www.grieta.org.mx\/wp-content\/uploads\/2019\/12\/desaparecidos.png?resize=350%2C200&ssl=1","width":350,"height":200,"srcset":"https:\/\/i0.wp.com\/www.grieta.org.mx\/wp-content\/uploads\/2019\/12\/desaparecidos.png?resize=350%2C200&ssl=1 1x, https:\/\/i0.wp.com\/www.grieta.org.mx\/wp-content\/uploads\/2019\/12\/desaparecidos.png?resize=525%2C300&ssl=1 1.5x, https:\/\/i0.wp.com\/www.grieta.org.mx\/wp-content\/uploads\/2019\/12\/desaparecidos.png?resize=700%2C400&ssl=1 2x"},"classes":[]}],"_links":{"self":[{"href":"https:\/\/www.grieta.org.mx\/index.php\/wp-json\/wp\/v2\/posts\/63125","targetHints":{"allow":["GET"]}}],"collection":[{"href":"https:\/\/www.grieta.org.mx\/index.php\/wp-json\/wp\/v2\/posts"}],"about":[{"href":"https:\/\/www.grieta.org.mx\/index.php\/wp-json\/wp\/v2\/types\/post"}],"author":[{"embeddable":true,"href":"https:\/\/www.grieta.org.mx\/index.php\/wp-json\/wp\/v2\/users\/2"}],"replies":[{"embeddable":true,"href":"https:\/\/www.grieta.org.mx\/index.php\/wp-json\/wp\/v2\/comments?post=63125"}],"version-history":[{"count":1,"href":"https:\/\/www.grieta.org.mx\/index.php\/wp-json\/wp\/v2\/posts\/63125\/revisions"}],"predecessor-version":[{"id":63130,"href":"https:\/\/www.grieta.org.mx\/index.php\/wp-json\/wp\/v2\/posts\/63125\/revisions\/63130"}],"wp:featuredmedia":[{"embeddable":true,"href":"https:\/\/www.grieta.org.mx\/index.php\/wp-json\/wp\/v2\/media\/63126"}],"wp:attachment":[{"href":"https:\/\/www.grieta.org.mx\/index.php\/wp-json\/wp\/v2\/media?parent=63125"}],"wp:term":[{"taxonomy":"category","embeddable":true,"href":"https:\/\/www.grieta.org.mx\/index.php\/wp-json\/wp\/v2\/categories?post=63125"},{"taxonomy":"post_tag","embeddable":true,"href":"https:\/\/www.grieta.org.mx\/index.php\/wp-json\/wp\/v2\/tags?post=63125"}],"curies":[{"name":"wp","href":"https:\/\/api.w.org\/{rel}","templated":true}]}}