{"id":63007,"date":"2022-01-06T16:45:56","date_gmt":"2022-01-06T22:45:56","guid":{"rendered":"https:\/\/www.grieta.org.mx\/?p=63007"},"modified":"2022-01-09T16:54:57","modified_gmt":"2022-01-09T22:54:57","slug":"amenazan-autoridades-del-instituto-jalisciense-de-ciencias-forenses-a-colectivo-de-busqueda-jalisco","status":"publish","type":"post","link":"https:\/\/www.grieta.org.mx\/index.php\/2022\/01\/06\/amenazan-autoridades-del-instituto-jalisciense-de-ciencias-forenses-a-colectivo-de-busqueda-jalisco\/","title":{"rendered":"Amenazan autoridades del Instituto Jalisciense de Ciencias Forenses a colectivo de b\u00fasqueda (Jalisco)"},"content":{"rendered":"<p>Foto: Jorge Alberto Mendoza<\/p>\n<p>Juan Levario \/ El Occidental<\/p>\n<p>El Instituto Jalisciense de Ciencias Forenses (IJCF) se hab\u00eda comprometido desde el 28 de diciembre de 2021 con los familiares de dos personas fallecidas a que les entregar\u00eda los cad\u00e1veres este martes.<\/p>\n<p>En el d\u00eda indicado, las madres y\u00a0los\u00a0familiares de las v\u00edctimas acudieron a las instalaciones forenses acompa\u00f1ados de un colectivo de b\u00fasqueda de personas y de personal de la CEDHJ con la esperanza de por fin encontrar descanso y paz con la entrega de los restos de las personas fallecidas, para darles sepultura.<\/p>\n<p>El\u00a0defensor\u00a0Alfonso Hern\u00e1ndez Barr\u00f3n, ante la informaci\u00f3n de que el IJCF no ten\u00eda listos los dict\u00e1menes requeridos para la entrega, sostuvo una reuni\u00f3n de trabajo con el director del organismo cient\u00edfico, Gustavo Quezada Esparza;\u00a0buscaba asegurar que se concretar\u00eda la entrega de los cuerpos de las v\u00edctimas mediante instrucciones precisas para acelerar los tr\u00e1mites.<\/p>\n<p>Dada la tardanza en la entrega, cuando fueron informadas de que la entrega ser\u00eda hasta este mi\u00e9rcoles, las personas del colectivo entraron al IJCF para hablar con las autoridades forenses y exigirles\u00a0los restos de sus familiares.<\/p>\n<p>Ingresaron de manera pac\u00edfica y el personal del IJCF pidi\u00f3 la presencia de elementos policiales, aun cuando no hab\u00eda amenaza alguna, \u201csino una leg\u00edtima indignaci\u00f3n y exigencia para que se cumpliera con el compromiso, por lo que aproximadamente cinco minutos despu\u00e9s llegaron patrullas estatales y municipales con elementos armados, lo que caus\u00f3 confusi\u00f3n y preocupaci\u00f3n de las personas que se encontraban presentes\u201d, relat\u00f3\u00a0Derechos Humanos.<\/p>\n<p>Por ello, al margen de los resultados de las investigaciones de la defensor\u00eda respecto a la intimidaci\u00f3n, pidi\u00f3 empat\u00eda de los servidores p\u00fablicos hacia las v\u00edctimas y que el IJCF cumpla con el principio de m\u00e1xima diligencia, adem\u00e1s de garantizar que no existan actos de\u00a0revictimizaci\u00f3n.<\/p>\n<p>Ante las amenazas de autoridades jaliscienses a integrantes de un colectivo de b\u00fasqueda de desaparecidos, la Comisi\u00f3n Estatal de Derechos Humanos (CEDHJ) reprob\u00f3 el uso de la fuerza policial en su contra. Por esta raz\u00f3n, el organismo defensor inici\u00f3 el acta de investigaci\u00f3n 008\/2022\/IV.<\/p>\n<p>\u201cSe reprueba el uso de la fuerza p\u00fablica en contra de personas que leg\u00edtimamente buscan la verdad y la justicia. No es con actos intimidatorios como debe responderse ante el clamor de madres que viven la tragedia de no encontrar a sus seres queridos, y si se asumen compromisos para la entrega de cuerpos de personas fallecidas, deben cumplirse en los t\u00e9rminos que se se\u00f1alen\u201d, enfatiz\u00f3 la defensor\u00eda.<\/p>\n<p><a href=\"https:\/\/www.ntrguadalajara.com\/post.php?id_nota=176553\">https:\/\/www.ntrguadalajara.com\/post.php?id_nota=176553<\/a><\/p>\n","protected":false},"excerpt":{"rendered":"<p>Foto: Jorge Alberto Mendoza Juan Levario \/ El Occidental El Instituto Jalisciense de Ciencias Forenses (IJCF) se hab\u00eda comprometido desde el 28 de diciembre de 2021 con los familiares de &hellip; <a href=\"https:\/\/www.grieta.org.mx\/index.php\/2022\/01\/06\/amenazan-autoridades-del-instituto-jalisciense-de-ciencias-forenses-a-colectivo-de-busqueda-jalisco\/\" class=\"more-link\">Leer m\u00e1s<\/a><\/p>\n","protected":false},"author":2,"featured_media":63008,"comment_status":"closed","ping_status":"closed","sticky":false,"template":"","format":"standard","meta":{"ngg_post_thumbnail":0,"_jetpack_newsletter_access":"","_jetpack_dont_email_post_to_subs":false,"_jetpack_newsletter_tier_id":0,"_jetpack_memberships_contains_paywalled_content":false,"_jetpack_memberships_contains_paid_content":false,"footnotes":""},"categories":[80,87,1032,20,2,83],"tags":[3764,1828,3018,121,1668,2233,3793],"class_list":["post-63007","post","type-post","status-publish","format-standard","has-post-thumbnail","hentry","category-cintillo","category-desaparecidos","category-desaparecidos-en-jalisco","category-jalisco","category-noticias-nacionales","category-temas-nacionales","tag-amenazas","tag-busqueda-de-desaparecidos","tag-colectivos-de-busqueda-de-desaparecidos","tag-desaparecidos","tag-familiares-de-desaparecidos","tag-hostigamiento-contra-familiares-de-desaparecidos","tag-represion-contra-familiares-de-desaparecidos","entry"],"jetpack_featured_media_url":"https:\/\/www.grieta.org.mx\/wp-content\/uploads\/2022\/01\/2022-01-05_10-01-31___2517.jpg","jetpack_sharing_enabled":true,"jetpack_shortlink":"https:\/\/wp.me\/p7ZJR4-gof","jetpack_likes_enabled":false,"jetpack-related-posts":[{"id":60522,"url":"https:\/\/www.grieta.org.mx\/index.php\/2021\/07\/12\/crisis-forense-en-el-ijcf-atrae-a-caravanas-nacionales-de-busqueda-guadalupe-aguilar-familias-unidas-por-nuestros-desaparecidos-jalisco\/","url_meta":{"origin":63007,"position":0},"title":"Crisis forense en el IJCF atrae a caravanas nacionales de b\u00fasqueda: Guadalupe Aguilar, Familias Unidas por Nuestros Desaparecidos Jalisco","author":"grieta","date":"12 julio, 2021","format":false,"excerpt":"Foto: Jorge Alberto Mendoza Redacci\u00f3n \/ El Diario NTR La crisis que se vive en el Instituto Jalisciense de Ciencias Forenses (IJCF) es un punto de referencia para las caravanas nacionales de b\u00fasqueda, explic\u00f3 Guadalupe Aguilar, integrante de Familias Unidas por Nuestros Desaparecidos Jalisco. En el IJCF hay cientos de\u2026","rel":"","context":"En &quot;CINTILLO&quot;","block_context":{"text":"CINTILLO","link":"https:\/\/www.grieta.org.mx\/index.php\/category\/cintillo\/"},"img":{"alt_text":"","src":"https:\/\/i0.wp.com\/www.grieta.org.mx\/wp-content\/uploads\/2021\/07\/2021-07-12_05-07-31___6234.jpg?resize=350%2C200&ssl=1","width":350,"height":200,"srcset":"https:\/\/i0.wp.com\/www.grieta.org.mx\/wp-content\/uploads\/2021\/07\/2021-07-12_05-07-31___6234.jpg?resize=350%2C200&ssl=1 1x, https:\/\/i0.wp.com\/www.grieta.org.mx\/wp-content\/uploads\/2021\/07\/2021-07-12_05-07-31___6234.jpg?resize=525%2C300&ssl=1 1.5x, https:\/\/i0.wp.com\/www.grieta.org.mx\/wp-content\/uploads\/2021\/07\/2021-07-12_05-07-31___6234.jpg?resize=700%2C400&ssl=1 2x"},"classes":[]},{"id":41969,"url":"https:\/\/www.grieta.org.mx\/index.php\/2019\/12\/03\/familiares-de-desaparecidos-reclamaron-la-falta-de-trabajos-y-de-resultados-jalisco\/","url_meta":{"origin":63007,"position":1},"title":"Familiares de desaparecidos reclamaron la falta de trabajos y de resultados (Jalisco)","author":"grieta","date":"3 diciembre, 2019","format":false,"excerpt":"Foto: Especial Juan Levario \/ El Diario NTR Durante la presentaci\u00f3n de un proyecto de colaboraci\u00f3n con expertos guatemaltecos para b\u00fasqueda de personas\u00a0en Jalisco, familiares de desaparecidos reclamaron a Enrique Ibarra Pedroza, secretario general de Gobierno,\u00a0y a otros funcionarios la falta de trabajos y de resultados. Representantes de los colectivos\u2026","rel":"","context":"En &quot;CINTILLO&quot;","block_context":{"text":"CINTILLO","link":"https:\/\/www.grieta.org.mx\/index.php\/category\/cintillo\/"},"img":{"alt_text":"","src":"https:\/\/i0.wp.com\/www.grieta.org.mx\/wp-content\/uploads\/2019\/12\/2019-12-02_11-12-13___5378.jpg?resize=350%2C200&ssl=1","width":350,"height":200,"srcset":"https:\/\/i0.wp.com\/www.grieta.org.mx\/wp-content\/uploads\/2019\/12\/2019-12-02_11-12-13___5378.jpg?resize=350%2C200&ssl=1 1x, https:\/\/i0.wp.com\/www.grieta.org.mx\/wp-content\/uploads\/2019\/12\/2019-12-02_11-12-13___5378.jpg?resize=525%2C300&ssl=1 1.5x, https:\/\/i0.wp.com\/www.grieta.org.mx\/wp-content\/uploads\/2019\/12\/2019-12-02_11-12-13___5378.jpg?resize=700%2C400&ssl=1 2x"},"classes":[]},{"id":63562,"url":"https:\/\/www.grieta.org.mx\/index.php\/2022\/02\/24\/ante-negativa-de-entrega-de-cuerpos-de-desaparecidos-en-el-ijcf-colectivo-de-familiares-de-desaparecidos-interpondran-amparos\/","url_meta":{"origin":63007,"position":2},"title":"Ante negativa de entrega de cuerpos de desaparecidos en el IJCF Colectivo  de familiares de desaparecidos interpondr\u00e1n amparos (Jalisco)","author":"grieta","date":"24 febrero, 2022","format":false,"excerpt":"Foto: Jorge Alberto Mendoza Redacci\u00f3n \/ El Diario NTR Ante la negativa para entregar los cad\u00e1veres de las personas reportadas como desaparecidas que se encuentran en el Instituto Jalisciense de Ciencias Forenses (IJCF), colectivos de familiares de personas desaparecidas interpondr\u00e1n amparos para que se los entreguen, explic\u00f3 Guadalupe Aguilar, integrante\u2026","rel":"","context":"En &quot;CINTILLO&quot;","block_context":{"text":"CINTILLO","link":"https:\/\/www.grieta.org.mx\/index.php\/category\/cintillo\/"},"img":{"alt_text":"","src":"https:\/\/i0.wp.com\/www.grieta.org.mx\/wp-content\/uploads\/2022\/03\/2022-02-24_06-02-08___6482.jpg?resize=350%2C200&ssl=1","width":350,"height":200,"srcset":"https:\/\/i0.wp.com\/www.grieta.org.mx\/wp-content\/uploads\/2022\/03\/2022-02-24_06-02-08___6482.jpg?resize=350%2C200&ssl=1 1x, https:\/\/i0.wp.com\/www.grieta.org.mx\/wp-content\/uploads\/2022\/03\/2022-02-24_06-02-08___6482.jpg?resize=525%2C300&ssl=1 1.5x, https:\/\/i0.wp.com\/www.grieta.org.mx\/wp-content\/uploads\/2022\/03\/2022-02-24_06-02-08___6482.jpg?resize=700%2C400&ssl=1 2x"},"classes":[]},{"id":60398,"url":"https:\/\/www.grieta.org.mx\/index.php\/2021\/07\/06\/familias-de-colima-recorren-jalisco-buscando-a-sus-desaparecidos\/","url_meta":{"origin":63007,"position":3},"title":"Familias de Colima recorren Jalisco buscando a sus desaparecidos","author":"grieta","date":"6 julio, 2021","format":false,"excerpt":"Foto:\u00a0 Diario Avanzada Heidi de Le\u00f3n Guti\u00e9rrez \/ Diario Avanzada Colima, M\u00e9xico, Avanzada (06\/07\/2021).- Integrantes de la Red de Personas Desaparecidas en Colima se encuentran en Jalisco para buscar a sus familiares \u00a0en hospitales, albergues,\u00a0 centros penitenciarios \u00a0y en distintos puntos de esa entidad como parte de la Jornada Nacional\u2026","rel":"","context":"En &quot;CINTILLO&quot;","block_context":{"text":"CINTILLO","link":"https:\/\/www.grieta.org.mx\/index.php\/category\/cintillo\/"},"img":{"alt_text":"","src":"https:\/\/i0.wp.com\/www.grieta.org.mx\/wp-content\/uploads\/2021\/07\/Des.png?resize=350%2C200&ssl=1","width":350,"height":200},"classes":[]},{"id":63552,"url":"https:\/\/www.grieta.org.mx\/index.php\/2022\/02\/25\/impenden-que-colectivo-coloquen-manta-con-imagen-de-desaparecidos-jalisco\/","url_meta":{"origin":63007,"position":4},"title":"Impenden que colectivo coloquen manta con imagen de desaparecidos (Jalisco)","author":"grieta","date":"25 febrero, 2022","format":false,"excerpt":"Foto: Cortes\u00eda Colectivo Luz de Esperanza Redacci\u00f3n \/ El Diario NTR Por no contar con un permiso, autoridades jaliscienses les impidieron a los familiares de desaparecidos del Colectivo Luz de Esperanza que colocaran una manta con el rostro con afiche de b\u00fasqueda de su familiar afuera del Instituto Jalisciense de\u2026","rel":"","context":"En &quot;CINTILLO&quot;","block_context":{"text":"CINTILLO","link":"https:\/\/www.grieta.org.mx\/index.php\/category\/cintillo\/"},"img":{"alt_text":"","src":"https:\/\/i0.wp.com\/www.grieta.org.mx\/wp-content\/uploads\/2022\/03\/2022-02-25_05-02-56___922.jpg?resize=350%2C200&ssl=1","width":350,"height":200,"srcset":"https:\/\/i0.wp.com\/www.grieta.org.mx\/wp-content\/uploads\/2022\/03\/2022-02-25_05-02-56___922.jpg?resize=350%2C200&ssl=1 1x, https:\/\/i0.wp.com\/www.grieta.org.mx\/wp-content\/uploads\/2022\/03\/2022-02-25_05-02-56___922.jpg?resize=525%2C300&ssl=1 1.5x, https:\/\/i0.wp.com\/www.grieta.org.mx\/wp-content\/uploads\/2022\/03\/2022-02-25_05-02-56___922.jpg?resize=700%2C400&ssl=1 2x"},"classes":[]},{"id":54712,"url":"https:\/\/www.grieta.org.mx\/index.php\/2020\/08\/17\/inicia-caravana-de-familiares-de-desaparecidos-de-aguascalientes-en-puerto-vallarta\/","url_meta":{"origin":63007,"position":5},"title":"Inicia caravana de familiares de desaparecidos de Aguascalientes en Puerto Vallarta","author":"grieta","date":"17 agosto, 2020","format":false,"excerpt":"Alejandro Romo\/Newsweek Aguascalientes 17 agosto 2020 Este lunes comenz\u00f3 la caravana de b\u00fasqueda organizada por el Colectivo Buscando Personas, Verdad y Justicia y el Observatorio de Violencia Social y de G\u00e9nero (OVSG) y familiares de personas desaparecidas de Aguascalientes en municipios de Jalisco. La caravana inici\u00f3 en Puerto Vallarta, Jalisco,\u2026","rel":"","context":"En &quot;Aguascalientes&quot;","block_context":{"text":"Aguascalientes","link":"https:\/\/www.grieta.org.mx\/index.php\/category\/noticias-nacionales\/aguascalientes\/"},"img":{"alt_text":"","src":"https:\/\/i0.wp.com\/www.grieta.org.mx\/wp-content\/uploads\/2020\/11\/WhatsApp-Image-2020-08-17-at-1.48.32-PM.jpeg?resize=350%2C200&ssl=1","width":350,"height":200,"srcset":"https:\/\/i0.wp.com\/www.grieta.org.mx\/wp-content\/uploads\/2020\/11\/WhatsApp-Image-2020-08-17-at-1.48.32-PM.jpeg?resize=350%2C200&ssl=1 1x, https:\/\/i0.wp.com\/www.grieta.org.mx\/wp-content\/uploads\/2020\/11\/WhatsApp-Image-2020-08-17-at-1.48.32-PM.jpeg?resize=525%2C300&ssl=1 1.5x"},"classes":[]}],"_links":{"self":[{"href":"https:\/\/www.grieta.org.mx\/index.php\/wp-json\/wp\/v2\/posts\/63007","targetHints":{"allow":["GET"]}}],"collection":[{"href":"https:\/\/www.grieta.org.mx\/index.php\/wp-json\/wp\/v2\/posts"}],"about":[{"href":"https:\/\/www.grieta.org.mx\/index.php\/wp-json\/wp\/v2\/types\/post"}],"author":[{"embeddable":true,"href":"https:\/\/www.grieta.org.mx\/index.php\/wp-json\/wp\/v2\/users\/2"}],"replies":[{"embeddable":true,"href":"https:\/\/www.grieta.org.mx\/index.php\/wp-json\/wp\/v2\/comments?post=63007"}],"version-history":[{"count":1,"href":"https:\/\/www.grieta.org.mx\/index.php\/wp-json\/wp\/v2\/posts\/63007\/revisions"}],"predecessor-version":[{"id":63009,"href":"https:\/\/www.grieta.org.mx\/index.php\/wp-json\/wp\/v2\/posts\/63007\/revisions\/63009"}],"wp:featuredmedia":[{"embeddable":true,"href":"https:\/\/www.grieta.org.mx\/index.php\/wp-json\/wp\/v2\/media\/63008"}],"wp:attachment":[{"href":"https:\/\/www.grieta.org.mx\/index.php\/wp-json\/wp\/v2\/media?parent=63007"}],"wp:term":[{"taxonomy":"category","embeddable":true,"href":"https:\/\/www.grieta.org.mx\/index.php\/wp-json\/wp\/v2\/categories?post=63007"},{"taxonomy":"post_tag","embeddable":true,"href":"https:\/\/www.grieta.org.mx\/index.php\/wp-json\/wp\/v2\/tags?post=63007"}],"curies":[{"name":"wp","href":"https:\/\/api.w.org\/{rel}","templated":true}]}}