{"id":63001,"date":"2021-09-03T18:29:51","date_gmt":"2021-09-03T23:29:51","guid":{"rendered":"https:\/\/www.grieta.org.mx\/?p=63001"},"modified":"2022-01-08T18:38:00","modified_gmt":"2022-01-09T00:38:00","slug":"guardia-nacional-irrumpe-en-casa-de-buscadora-de-guanajuato-y-golpea-a-menores-denuncia-colectivo","status":"publish","type":"post","link":"https:\/\/www.grieta.org.mx\/index.php\/2021\/09\/03\/guardia-nacional-irrumpe-en-casa-de-buscadora-de-guanajuato-y-golpea-a-menores-denuncia-colectivo\/","title":{"rendered":"Guardia Nacional irrumpe en casa de buscadora de Guanajuato y golpea a menores, denuncia colectivo"},"content":{"rendered":"<p><strong>El Centro Nacional de Atenci\u00f3n Ciudadana de la Guardia Nacional solo asegur\u00f3 que este asunto \u201cya est\u00e1 siendo revisado por el \u00e1rea competente\u201d. <\/strong><\/p>\n<p>Por Redacci\u00f3n Animal Pol\u00edtico, 3 de septiembre, 2021<\/p>\n<p>Paula Rojas, integrante del colectivo de Buscadoras Guanajuato, denunci\u00f3 que elementos de la Guardia Nacional allanaron su casa, ubicada en el municipio de Le\u00f3n tras una supuesta llamada an\u00f3nima por venta de drogas.<\/p>\n<p>De acuerdo con Plataforma por la paz y la justicia en Guanajuato, los elementos de seguridad golpearon a menores de edad y a personas con discapacidad que habitan el domicilio.<\/p>\n<p>El colectivo exigi\u00f3 una pronta explicaci\u00f3n, luego de que su integrante se reuni\u00f3 con el fiscal de Guanajuato, Carlos Zamarripa, este 2 de septiembre.<\/p>\n<p>Tras denunciar el hecho, la iniciativa convoc\u00f3 a una conferencia de prensa en las instalaciones de la Guardia Nacional en Villas de San Juan, en Le\u00f3n.<\/p>\n<p>El Centro Nacional de Atenci\u00f3n Ciudadana de la Guardia Nacional solo asegur\u00f3 que este asunto \u201cya est\u00e1 siendo revisado por el \u00e1rea competente\u201d.<\/p>\n<p>En octubre de 2020, dos j\u00f3venes asesinaron a Mar\u00eda del Rosario Zavala Aguilar, quien buscaba a su hijo Yatziri Misael Cardona Aguilar, de 16 a\u00f1os, quien fue desaparecido por un grupo de hombres armados en Le\u00f3n, Guanajuato.<\/p>\n<p><a href=\"https:\/\/www.animalpolitico.com\/2021\/09\/guardia-nacional-buscadora-guanajuato\/\">https:\/\/www.animalpolitico.com\/2021\/09\/guardia-nacional-buscadora-guanajuato\/<\/a><\/p>\n<p>La noche de su asesinato una patrulla de la Guardia Nacional se person\u00f3 en la vivienda diciendo que hab\u00edan recibido una denuncia. Horas despu\u00e9s no estaban all\u00ed cuando los sicarios mataron a la buscadora.<\/p>\n<p>El asesinato de Mar\u00eda Rosario Zavala Aguilar fue la primera de una serie de muertes violentas sufridas por familiares de desaparecidos. Con ella son cinco los buscadores a los que arrebataron la vida durante el actual sexenio de Andr\u00e9s Manuel L\u00f3pez Obrador.<\/p>\n<p>Los colectivos de b\u00fasqueda de Guanajuato llevan meses exigiendo medidas de protecci\u00f3n. Especialmente despu\u00e9s del pasado 29 de mayo, cuando fue asesinado Javier Barajas Pi\u00f1a, de 27 a\u00f1os, quien formaba parte de la comisi\u00f3n estatal de b\u00fasqueda tras la desaparici\u00f3n de su hermana Guadalupe, que desapareci\u00f3 en febrero de 2020 y cuyo cuerpo fue hallado en las fosas de Salvatierra.<\/p>\n<p><a href=\"https:\/\/www.animalpolitico.com\/2021\/09\/guardia-nacional-buscadora-guanajuato\/\">https:\/\/www.animalpolitico.com\/2021\/09\/guardia-nacional-buscadora-guanajuato\/<\/a><\/p>\n","protected":false},"excerpt":{"rendered":"<p>El Centro Nacional de Atenci\u00f3n Ciudadana de la Guardia Nacional solo asegur\u00f3 que este asunto \u201cya est\u00e1 siendo revisado por el \u00e1rea competente\u201d. Por Redacci\u00f3n Animal Pol\u00edtico, 3 de septiembre, &hellip; <a href=\"https:\/\/www.grieta.org.mx\/index.php\/2021\/09\/03\/guardia-nacional-irrumpe-en-casa-de-buscadora-de-guanajuato-y-golpea-a-menores-denuncia-colectivo\/\" class=\"more-link\">Leer m\u00e1s<\/a><\/p>\n","protected":false},"author":2,"featured_media":63002,"comment_status":"closed","ping_status":"closed","sticky":false,"template":"","format":"standard","meta":{"ngg_post_thumbnail":0,"_jetpack_newsletter_access":"","_jetpack_dont_email_post_to_subs":false,"_jetpack_newsletter_tier_id":0,"_jetpack_memberships_contains_paywalled_content":false,"_jetpack_memberships_contains_paid_content":false,"footnotes":""},"categories":[80,1432,17,3777,2910,2283],"tags":[2696,2654,2974,1828,3018,1635],"class_list":["post-63001","post","type-post","status-publish","format-standard","has-post-thumbnail","hentry","category-cintillo","category-desaparecidos-en-guanajuato","category-guanajuato","category-militarizacion-en-guanajuato","category-resistencias-en-guanajuato","category-resistencias-y-luchas-de-las-mujeres-en-guanajuato","tag-abusos-de-la-guardia-nacional","tag-abusos-de-militares-contra-poblacion-civil","tag-aumento-de-la-militarizacion","tag-busqueda-de-desaparecidos","tag-colectivos-de-busqueda-de-desaparecidos","tag-rastreadoras-de-desaparecidos","entry"],"jetpack_featured_media_url":"https:\/\/www.grieta.org.mx\/wp-content\/uploads\/2022\/01\/Captura-de-pantalla-2022-01-08-a-las-18.36.27.png","jetpack_sharing_enabled":true,"jetpack_shortlink":"https:\/\/wp.me\/p7ZJR4-go9","jetpack_likes_enabled":false,"jetpack-related-posts":[{"id":51977,"url":"https:\/\/www.grieta.org.mx\/index.php\/2020\/07\/15\/tambien-nos-puede-escuchar-familiares-de-desaparecidos-en-guanajuato-a-amlo\/","url_meta":{"origin":63001,"position":0},"title":"&#8216;Tambi\u00e9n nos puede escuchar&#8217; : familiares de desaparecidos en Guanajuato a AMLO","author":"grieta","date":"15 julio, 2020","format":false,"excerpt":"Con informaci\u00f3n de Redacci\u00f3n Animal Pol\u00edtico, 15 de julio de 2020 Familiares de personas desaparecidas en Guanajuato se reunieron frete a la XII Regi\u00f3n Militar, en donde se realiza la conferencia matutina del presidente Andr\u00e9s Manuel L\u00f3pez Obrador, acompa\u00f1ado del gobernador del estado, Diego Sinhue Rodr\u00edguez, y otros miembros del\u2026","rel":"","context":"En &quot;CINTILLO&quot;","block_context":{"text":"CINTILLO","link":"https:\/\/www.grieta.org.mx\/index.php\/category\/cintillo\/"},"img":{"alt_text":"","src":"https:\/\/i0.wp.com\/www.grieta.org.mx\/wp-content\/uploads\/2020\/07\/WhatsApp-Image-2020-07-15-at-09.16.07.jpeg?resize=350%2C200&ssl=1","width":350,"height":200,"srcset":"https:\/\/i0.wp.com\/www.grieta.org.mx\/wp-content\/uploads\/2020\/07\/WhatsApp-Image-2020-07-15-at-09.16.07.jpeg?resize=350%2C200&ssl=1 1x, https:\/\/i0.wp.com\/www.grieta.org.mx\/wp-content\/uploads\/2020\/07\/WhatsApp-Image-2020-07-15-at-09.16.07.jpeg?resize=525%2C300&ssl=1 1.5x"},"classes":[]},{"id":62418,"url":"https:\/\/www.grieta.org.mx\/index.php\/2021\/09\/06\/denuncian-agresiones-de-la-guardia-nacional-a-buscadoras-de-guanajuato\/","url_meta":{"origin":63001,"position":1},"title":"Denuncian agresiones de la Guardia Nacional a buscadoras de Guanajuato","author":"grieta","date":"6 septiembre, 2021","format":false,"excerpt":"Por Sididh \/ somoselmedio, 6 de septiembre de 2021 Ciudad de M\u00e9xico, 06 de septiembre de 2021. Luego de las agresiones y amenazas de elementos de la Guardia Nacional contra familiares de una persona desaparecida en Le\u00f3n, Guanajuato, colectivos de familias en b\u00fasqueda y organizaciones de la sociedad civil exigieron\u2026","rel":"","context":"En &quot;CINTILLO&quot;","block_context":{"text":"CINTILLO","link":"https:\/\/www.grieta.org.mx\/index.php\/category\/cintillo\/"},"img":{"alt_text":"","src":"https:\/\/i0.wp.com\/www.grieta.org.mx\/wp-content\/uploads\/2021\/10\/Guardia-Nacional.jpg?resize=350%2C200&ssl=1","width":350,"height":200,"srcset":"https:\/\/i0.wp.com\/www.grieta.org.mx\/wp-content\/uploads\/2021\/10\/Guardia-Nacional.jpg?resize=350%2C200&ssl=1 1x, https:\/\/i0.wp.com\/www.grieta.org.mx\/wp-content\/uploads\/2021\/10\/Guardia-Nacional.jpg?resize=525%2C300&ssl=1 1.5x, https:\/\/i0.wp.com\/www.grieta.org.mx\/wp-content\/uploads\/2021\/10\/Guardia-Nacional.jpg?resize=700%2C400&ssl=1 2x"},"classes":[]},{"id":57634,"url":"https:\/\/www.grieta.org.mx\/index.php\/2021\/03\/09\/colectivos-de-busqueda-inician-planton-en-el-teatro-juarez-de-guanajuato\/","url_meta":{"origin":63001,"position":2},"title":"Colectivos de b\u00fasqueda inician plant\u00f3n en el Teatro Ju\u00e1rez de Guanajuato","author":"grieta","date":"9 marzo, 2021","format":false,"excerpt":"Redaci\u00f3n Notus 09 de marzo de 2021 Guanajuato, Gto.- Los colectivos de b\u00fasqueda, \u201cHasta encontrarte\u201d, \u201cSalamanca unidos buscando desaparecidos\u201d, \u201cColectivo buscadoras\u201d, \u201cLuz y Justicia\u201d y \u201cProyecto de b\u00fasqueda Guanajuato\u201d, son los colectivos que se reunieron el d\u00eda de hoy con casas de campa\u00f1a para plantarse en las escalinatas del Teatro\u2026","rel":"","context":"En &quot;CINTILLO&quot;","block_context":{"text":"CINTILLO","link":"https:\/\/www.grieta.org.mx\/index.php\/category\/cintillo\/"},"img":{"alt_text":"","src":"https:\/\/i0.wp.com\/www.grieta.org.mx\/wp-content\/uploads\/2021\/03\/https-_i1.wp.com_notus.com_.mx_wp-content_uploads_2021_03_colectivo-de-busqueda-planton-teatro-juazrez-1.jpgresize7082C398ssl1.jpg?resize=350%2C200&ssl=1","width":350,"height":200,"srcset":"https:\/\/i0.wp.com\/www.grieta.org.mx\/wp-content\/uploads\/2021\/03\/https-_i1.wp.com_notus.com_.mx_wp-content_uploads_2021_03_colectivo-de-busqueda-planton-teatro-juazrez-1.jpgresize7082C398ssl1.jpg?resize=350%2C200&ssl=1 1x, https:\/\/i0.wp.com\/www.grieta.org.mx\/wp-content\/uploads\/2021\/03\/https-_i1.wp.com_notus.com_.mx_wp-content_uploads_2021_03_colectivo-de-busqueda-planton-teatro-juazrez-1.jpgresize7082C398ssl1.jpg?resize=525%2C300&ssl=1 1.5x, https:\/\/i0.wp.com\/www.grieta.org.mx\/wp-content\/uploads\/2021\/03\/https-_i1.wp.com_notus.com_.mx_wp-content_uploads_2021_03_colectivo-de-busqueda-planton-teatro-juazrez-1.jpgresize7082C398ssl1.jpg?resize=700%2C400&ssl=1 2x"},"classes":[]},{"id":63756,"url":"https:\/\/www.grieta.org.mx\/index.php\/2022\/02\/26\/la-cndh-denuncia-tortura-y-detencion-de-buscadores-de-desaparecidos-en-guanajuato\/","url_meta":{"origin":63001,"position":3},"title":"La CNDH denuncia tortura y detenci\u00f3n de buscadores de desaparecidos en Guanajuato","author":"grieta","date":"26 febrero, 2022","format":false,"excerpt":"La CNDH reprob\u00f3 que agentes de la Fiscal\u00eda de Guanajuato torturaran y detuvieran a integrantes del colectivo \"Una promesa por cumplir\", que se dedica a buscar a v\u00edctimas de desaparici\u00f3n forzada. Por Ver\u00f3nica Espinosa s\u00e1bado, 26 de febrero de 2022 \/ Proceso GUANAJUATO, Gto. (proceso.com.mx).\u2013 La Comisi\u00f3n Nacional de los\u2026","rel":"","context":"En &quot;Desaparecidos&quot;","block_context":{"text":"Desaparecidos","link":"https:\/\/www.grieta.org.mx\/index.php\/category\/temas-nacionales\/desaparecidos\/"},"img":{"alt_text":"","src":"https:\/\/i0.wp.com\/www.grieta.org.mx\/wp-content\/uploads\/2022\/03\/f800x450-138541_189987_5050.jpg?resize=350%2C200&ssl=1","width":350,"height":200,"srcset":"https:\/\/i0.wp.com\/www.grieta.org.mx\/wp-content\/uploads\/2022\/03\/f800x450-138541_189987_5050.jpg?resize=350%2C200&ssl=1 1x, https:\/\/i0.wp.com\/www.grieta.org.mx\/wp-content\/uploads\/2022\/03\/f800x450-138541_189987_5050.jpg?resize=525%2C300&ssl=1 1.5x, https:\/\/i0.wp.com\/www.grieta.org.mx\/wp-content\/uploads\/2022\/03\/f800x450-138541_189987_5050.jpg?resize=700%2C400&ssl=1 2x"},"classes":[]},{"id":57720,"url":"https:\/\/www.grieta.org.mx\/index.php\/2021\/03\/09\/buscadoras-de-desaparecidos-instalan-planton-en-guanajuato\/","url_meta":{"origin":63001,"position":4},"title":"Buscadoras de desaparecidos instalan plant\u00f3n en Guanajuato","author":"grieta","date":"9 marzo, 2021","format":false,"excerpt":"Mujeres que buscan a sus familiares desaparecidos instalaron un plant\u00f3n en Guanajuato luego de que la Fiscal\u00eda rompiera acuerdos para la recuperaci\u00f3n de restos humanos hallados en Celaya. Por Ver\u00f3nica Espinosa Proceso, martes, 9 de marzo de 2021 GUANAJUATO, Gto., (apro).- Molestas por la falta de cumplimiento de compromisos asumidos\u2026","rel":"","context":"En &quot;CINTILLO&quot;","block_context":{"text":"CINTILLO","link":"https:\/\/www.grieta.org.mx\/index.php\/category\/cintillo\/"},"img":{"alt_text":"","src":"https:\/\/i0.wp.com\/www.grieta.org.mx\/wp-content\/uploads\/2018\/03\/14524434_1106112876131411_958039263622046936_o.jpg?resize=350%2C200&ssl=1","width":350,"height":200,"srcset":"https:\/\/i0.wp.com\/www.grieta.org.mx\/wp-content\/uploads\/2018\/03\/14524434_1106112876131411_958039263622046936_o.jpg?resize=350%2C200&ssl=1 1x, https:\/\/i0.wp.com\/www.grieta.org.mx\/wp-content\/uploads\/2018\/03\/14524434_1106112876131411_958039263622046936_o.jpg?resize=525%2C300&ssl=1 1.5x, https:\/\/i0.wp.com\/www.grieta.org.mx\/wp-content\/uploads\/2018\/03\/14524434_1106112876131411_958039263622046936_o.jpg?resize=700%2C400&ssl=1 2x"},"classes":[]},{"id":53815,"url":"https:\/\/www.grieta.org.mx\/index.php\/2020\/09\/19\/familiares-de-desaparecidos-hallan-huesos-y-balas-en-irapuato-y-villagran-guanajuato\/","url_meta":{"origin":63001,"position":5},"title":"Familiares de desaparecidos hallan huesos y balas en Irapuato y Villagr\u00e1n (Guanajuato)","author":"grieta","date":"19 septiembre, 2020","format":false,"excerpt":"Ver\u00f3nica Espinosa \/ Proceso, 19 de septiembre de 2020 GUANAJUATO, Gto. (proceso.com.mx).\u2013 Familiares de personas desaparecidas localizaron restos \u00f3seos y balas de grueso calibre en dos zonas rurales de Irapuato y Villagr\u00e1n durante b\u00fasquedas realizadas el lunes 14 y el viernes 18. Personal de las comisiones de B\u00fasqueda nacional y\u2026","rel":"","context":"En &quot;CINTILLO&quot;","block_context":{"text":"CINTILLO","link":"https:\/\/www.grieta.org.mx\/index.php\/category\/cintillo\/"},"img":{"alt_text":"","src":"https:\/\/i0.wp.com\/www.grieta.org.mx\/wp-content\/uploads\/2020\/09\/desaparecidos-guanajuato-2-870x522-1.jpg?resize=350%2C200&ssl=1","width":350,"height":200,"srcset":"https:\/\/i0.wp.com\/www.grieta.org.mx\/wp-content\/uploads\/2020\/09\/desaparecidos-guanajuato-2-870x522-1.jpg?resize=350%2C200&ssl=1 1x, https:\/\/i0.wp.com\/www.grieta.org.mx\/wp-content\/uploads\/2020\/09\/desaparecidos-guanajuato-2-870x522-1.jpg?resize=525%2C300&ssl=1 1.5x, https:\/\/i0.wp.com\/www.grieta.org.mx\/wp-content\/uploads\/2020\/09\/desaparecidos-guanajuato-2-870x522-1.jpg?resize=700%2C400&ssl=1 2x"},"classes":[]}],"_links":{"self":[{"href":"https:\/\/www.grieta.org.mx\/index.php\/wp-json\/wp\/v2\/posts\/63001","targetHints":{"allow":["GET"]}}],"collection":[{"href":"https:\/\/www.grieta.org.mx\/index.php\/wp-json\/wp\/v2\/posts"}],"about":[{"href":"https:\/\/www.grieta.org.mx\/index.php\/wp-json\/wp\/v2\/types\/post"}],"author":[{"embeddable":true,"href":"https:\/\/www.grieta.org.mx\/index.php\/wp-json\/wp\/v2\/users\/2"}],"replies":[{"embeddable":true,"href":"https:\/\/www.grieta.org.mx\/index.php\/wp-json\/wp\/v2\/comments?post=63001"}],"version-history":[{"count":1,"href":"https:\/\/www.grieta.org.mx\/index.php\/wp-json\/wp\/v2\/posts\/63001\/revisions"}],"predecessor-version":[{"id":63003,"href":"https:\/\/www.grieta.org.mx\/index.php\/wp-json\/wp\/v2\/posts\/63001\/revisions\/63003"}],"wp:featuredmedia":[{"embeddable":true,"href":"https:\/\/www.grieta.org.mx\/index.php\/wp-json\/wp\/v2\/media\/63002"}],"wp:attachment":[{"href":"https:\/\/www.grieta.org.mx\/index.php\/wp-json\/wp\/v2\/media?parent=63001"}],"wp:term":[{"taxonomy":"category","embeddable":true,"href":"https:\/\/www.grieta.org.mx\/index.php\/wp-json\/wp\/v2\/categories?post=63001"},{"taxonomy":"post_tag","embeddable":true,"href":"https:\/\/www.grieta.org.mx\/index.php\/wp-json\/wp\/v2\/tags?post=63001"}],"curies":[{"name":"wp","href":"https:\/\/api.w.org\/{rel}","templated":true}]}}