{"id":62990,"date":"2021-12-29T16:59:02","date_gmt":"2021-12-29T22:59:02","guid":{"rendered":"https:\/\/www.grieta.org.mx\/?p=62990"},"modified":"2022-01-02T17:06:58","modified_gmt":"2022-01-02T23:06:58","slug":"quitan-recursos-contra-violencia-de-genero-jalisco","status":"publish","type":"post","link":"https:\/\/www.grieta.org.mx\/index.php\/2021\/12\/29\/quitan-recursos-contra-violencia-de-genero-jalisco\/","title":{"rendered":"Quitan recursos contra violencia de g\u00e9nero (Jalisco)"},"content":{"rendered":"<p>Foto: Cortes\u00eda EFE<\/p>\n<p>Redacci\u00f3n \/ El Diario NTR<\/p>\n<p>En Jalisco las mujeres est\u00e1n en el olvido y completamente desprotegidas, el Estado en lugar de reforzar las pol\u00edticas y programas para prevenir, atender y eliminar la violencia de g\u00e9nero, les quita recursos, denunci\u00f3 Sandra Qui\u00f1onez Dom\u00ednguez, coordinadora de Cladem Jalisco.<\/p>\n<p>Adem\u00e1s, el gobierno de Jalisco dej\u00f3 de hablar de las alertas de g\u00e9nero que existen en el estado para no cumplir con ellas.<\/p>\n<p>Qui\u00f1onez Dom\u00ednguez denunci\u00f3 que en Jalisco la violencia familiar, los feminicidios, las agresiones sexuales contra ni\u00f1as y la desaparici\u00f3n de mujeres van al alza y el gobierno no act\u00faa para evitar estos cr\u00edmenes, cree que con un discurso se puede solucionar el problema.<\/p>\n<p>\u201cLos pocos programas donde la Secretar\u00eda de Igualdad Sustantiva ha manejado presupuesto a mediados de a\u00f1o se le ha venido recortando el presupuesto porque es prioritario para el gobernador camionetas blindadas o cualquier otra cosa menos los temas de g\u00e9nero, volvemos al punto de al Estado no le interesa lo que nos pase a las mujeres, tiene otras prioridades en su agenda pol\u00edtica, pero no las mujeres\u201d.<\/p>\n<p>Sandra Qui\u00f1onez reiter\u00f3 que antes de la pandemia de Covid-19 y su confinamiento ya exist\u00eda la violencia contra la mujer, pero m\u00e1s all\u00e1 de incrementarse la violencia lo que se increment\u00f3 fueron las denuncias.<\/p>\n<p>Insisti\u00f3 que el gobierno no da resultados en el tema de la violencia contra la mujer y con discursos pretende disuadir la presi\u00f3n medi\u00e1tica, incluso, dijo que dej\u00f3 de hablar de las alertas de g\u00e9nero para no cumplir con sus lineamientos.<\/p>\n<p>\u201cGobierno del Estado decidi\u00f3 dejar de hablar del tema porque la Conavim en su recuento le da por no cumplida ninguno de los puntos de las alertas, fue una orden del gobernador\u201d.<\/p>\n<p>Sandra Qui\u00f1onez reconoci\u00f3 que la Secretar\u00eda de Igualdad Sustantiva entre Mujeres y Hombres atiende el tema de la violencia de g\u00e9nero, no tiene la capacidad incidir en otras dependencias y el c\u00edrculo vicioso de revictimizaci\u00f3n contin\u00faa.<\/p>\n<p>Aunque no quiso ser pesimista, alert\u00f3 que en 2022 la violencia de g\u00e9nero se recrudecer\u00e1 y las instancias como el Centro de Justicia para las Mujeres colapsara por la falta de presupuesto.<\/p>\n<p><a href=\"https:\/\/www.ntrguadalajara.com\/post.php?id_nota=176254\">https:\/\/www.ntrguadalajara.com\/post.php?id_nota=176254<\/a><\/p>\n","protected":false},"excerpt":{"rendered":"<p>Foto: Cortes\u00eda EFE Redacci\u00f3n \/ El Diario NTR En Jalisco las mujeres est\u00e1n en el olvido y completamente desprotegidas, el Estado en lugar de reforzar las pol\u00edticas y programas para &hellip; <a href=\"https:\/\/www.grieta.org.mx\/index.php\/2021\/12\/29\/quitan-recursos-contra-violencia-de-genero-jalisco\/\" class=\"more-link\">Leer m\u00e1s<\/a><\/p>\n","protected":false},"author":2,"featured_media":62991,"comment_status":"closed","ping_status":"closed","sticky":false,"template":"","format":"standard","meta":{"ngg_post_thumbnail":0,"_jetpack_newsletter_access":"","_jetpack_dont_email_post_to_subs":false,"_jetpack_newsletter_tier_id":0,"_jetpack_memberships_contains_paywalled_content":false,"_jetpack_memberships_contains_paid_content":false,"footnotes":""},"categories":[80,84,2107,20,2,2504],"tags":[2639,2999,81,1630,381],"class_list":["post-62990","post","type-post","status-publish","format-standard","has-post-thumbnail","hentry","category-cintillo","category-feminicidios","category-feminicidios-en-jalisco","category-jalisco","category-noticias-nacionales","category-violencia-contra-las-mujeres-en-jalisco","tag-falta-de-presupuesto","tag-feminicidio-violencia-contra-las-mujeres","tag-feminicidios","tag-violencia-contra-las-mujeres","tag-violencia-de-genero","entry"],"jetpack_featured_media_url":"https:\/\/www.grieta.org.mx\/wp-content\/uploads\/2022\/01\/2021-12-29_05-12-06___6162.jpg","jetpack_sharing_enabled":true,"jetpack_shortlink":"https:\/\/wp.me\/p7ZJR4-gnY","jetpack_likes_enabled":false,"jetpack-related-posts":[{"id":65820,"url":"https:\/\/www.grieta.org.mx\/index.php\/2022\/11\/25\/exigimos-justicia-para-nuestras-hijas-familiares-de-mujeres-victimas-de-feminicidio-y-desaparicion-en-jalisco\/","url_meta":{"origin":62990,"position":0},"title":"\u201cExigimos justicia para nuestras hijas\u201d: familiares de mujeres v\u00edctimas de feminicidio y desaparici\u00f3n en Jalisco","author":"grieta","date":"25 noviembre, 2022","format":false,"excerpt":"Imagen: Darwin Franco Frente a la Antimonumenta GDL de la Plaza Imelda Virgen,\u00a0familiares de mujeres v\u00edctimas de feminicidio y desaparici\u00f3n, as\u00ed como integrantes del\u00a0Comite\u0301 de Ame\u0301rica Latina y el Caribe para la Defensa de los Derechos Humanos de las Mujeres (CLADEM Jalisco) denunciaron que las autoridades de Jalisco no han\u2026","rel":"","context":"En &quot;CINTILLO&quot;","block_context":{"text":"CINTILLO","link":"https:\/\/www.grieta.org.mx\/index.php\/category\/cintillo\/"},"img":{"alt_text":"","src":"https:\/\/i0.wp.com\/www.grieta.org.mx\/wp-content\/uploads\/2022\/11\/photo5478685335778076605-1068x801-1.jpg?resize=350%2C200&ssl=1","width":350,"height":200,"srcset":"https:\/\/i0.wp.com\/www.grieta.org.mx\/wp-content\/uploads\/2022\/11\/photo5478685335778076605-1068x801-1.jpg?resize=350%2C200&ssl=1 1x, https:\/\/i0.wp.com\/www.grieta.org.mx\/wp-content\/uploads\/2022\/11\/photo5478685335778076605-1068x801-1.jpg?resize=525%2C300&ssl=1 1.5x, https:\/\/i0.wp.com\/www.grieta.org.mx\/wp-content\/uploads\/2022\/11\/photo5478685335778076605-1068x801-1.jpg?resize=700%2C400&ssl=1 2x, https:\/\/i0.wp.com\/www.grieta.org.mx\/wp-content\/uploads\/2022\/11\/photo5478685335778076605-1068x801-1.jpg?resize=1050%2C600&ssl=1 3x"},"classes":[]},{"id":39994,"url":"https:\/\/www.grieta.org.mx\/index.php\/2019\/10\/01\/alertas-de-genero-han-sido-poco-efectivas-jalisco\/","url_meta":{"origin":62990,"position":1},"title":"Alertas de g\u00e9nero han sido poco efectivas (Jalisco)","author":"grieta","date":"1 octubre, 2019","format":false,"excerpt":"Foto: Grisel Pajarito Dario Pereira \/ El Diario NTR De poco han servido las alertas de violencia de g\u00e9nero para Jalisco que han emitido los gobiernos estatal y federal, pues en la entidad los \u00edndices de agresiones contra mujeres siguen estando entre los m\u00e1s altos del pa\u00eds, lamentaron investigadores de\u2026","rel":"","context":"En &quot;CINTILLO&quot;","block_context":{"text":"CINTILLO","link":"https:\/\/www.grieta.org.mx\/index.php\/category\/cintillo\/"},"img":{"alt_text":"","src":"https:\/\/i0.wp.com\/www.grieta.org.mx\/wp-content\/uploads\/2019\/10\/2019-09-30_11-09-50___2603.jpg?resize=350%2C200&ssl=1","width":350,"height":200,"srcset":"https:\/\/i0.wp.com\/www.grieta.org.mx\/wp-content\/uploads\/2019\/10\/2019-09-30_11-09-50___2603.jpg?resize=350%2C200&ssl=1 1x, https:\/\/i0.wp.com\/www.grieta.org.mx\/wp-content\/uploads\/2019\/10\/2019-09-30_11-09-50___2603.jpg?resize=525%2C300&ssl=1 1.5x, https:\/\/i0.wp.com\/www.grieta.org.mx\/wp-content\/uploads\/2019\/10\/2019-09-30_11-09-50___2603.jpg?resize=700%2C400&ssl=1 2x"},"classes":[]},{"id":70587,"url":"https:\/\/www.grieta.org.mx\/index.php\/2024\/11\/25\/nos-unimos-en-dolor-y-en-resistencia-madres-con-hijas-desaparecidas-y-victimas-de-feminicidio-reclaman-justicia-y-alto-a-la-violencia-de-genero-en-jalisco\/","url_meta":{"origin":62990,"position":2},"title":"\u201cNos unimos en dolor y en resistencia\u201d: madres con hijas desaparecidas y v\u00edctimas de feminicidio reclaman justicia y alto a la violencia de g\u00e9nero en Jalisco","author":"grieta","date":"25 noviembre, 2024","format":false,"excerpt":"Imagen: Dalia Souza Madres que buscan a sus hijas desaparecidas o que han sido v\u00edctimas de un feminicidio en Jalisco\u00a0se reunieron en torno a la Antimonumenta de Guadalajara para demandar justicia, castigo a sus victimarios y el respeto a sus derechos a la verdad, el no olvido, la reparaci\u00f3n y\u2026","rel":"","context":"En &quot;CINTILLO&quot;","block_context":{"text":"CINTILLO","link":"https:\/\/www.grieta.org.mx\/index.php\/category\/cintillo\/"},"img":{"alt_text":"","src":"https:\/\/i0.wp.com\/www.grieta.org.mx\/wp-content\/uploads\/2024\/12\/DSC03260-1536x1021-1.jpg?resize=350%2C200&ssl=1","width":350,"height":200,"srcset":"https:\/\/i0.wp.com\/www.grieta.org.mx\/wp-content\/uploads\/2024\/12\/DSC03260-1536x1021-1.jpg?resize=350%2C200&ssl=1 1x, https:\/\/i0.wp.com\/www.grieta.org.mx\/wp-content\/uploads\/2024\/12\/DSC03260-1536x1021-1.jpg?resize=525%2C300&ssl=1 1.5x, https:\/\/i0.wp.com\/www.grieta.org.mx\/wp-content\/uploads\/2024\/12\/DSC03260-1536x1021-1.jpg?resize=700%2C400&ssl=1 2x, https:\/\/i0.wp.com\/www.grieta.org.mx\/wp-content\/uploads\/2024\/12\/DSC03260-1536x1021-1.jpg?resize=1050%2C600&ssl=1 3x, https:\/\/i0.wp.com\/www.grieta.org.mx\/wp-content\/uploads\/2024\/12\/DSC03260-1536x1021-1.jpg?resize=1400%2C800&ssl=1 4x"},"classes":[]},{"id":7649,"url":"https:\/\/www.grieta.org.mx\/index.php\/2016\/03\/28\/7649\/","url_meta":{"origin":62990,"position":3},"title":"Impunidad y permisividad, escenario para feminicidios","author":"grieta","date":"28 marzo, 2016","format":false,"excerpt":"Por Adri\u00e1n Montiel Gonz\u00e1lez Aunado al maltrato sistem\u00e1tico contra la mujer en Jalisco No se avizoran acciones a corto plazo por parte de las autoridades estatales para erradicar el grave problema que aqueja al estado, pues en 20 a\u00f1os ha repuntado preocupantemente En Jalisco desde 1997 hasta la fecha fueron\u2026","rel":"","context":"En &quot;CINTILLO&quot;","block_context":{"text":"CINTILLO","link":"https:\/\/www.grieta.org.mx\/index.php\/category\/cintillo\/"},"img":{"alt_text":"","src":"https:\/\/i0.wp.com\/www.grieta.org.mx\/wp-content\/uploads\/2018\/03\/14524434_1106112876131411_958039263622046936_o.jpg?resize=350%2C200&ssl=1","width":350,"height":200,"srcset":"https:\/\/i0.wp.com\/www.grieta.org.mx\/wp-content\/uploads\/2018\/03\/14524434_1106112876131411_958039263622046936_o.jpg?resize=350%2C200&ssl=1 1x, https:\/\/i0.wp.com\/www.grieta.org.mx\/wp-content\/uploads\/2018\/03\/14524434_1106112876131411_958039263622046936_o.jpg?resize=525%2C300&ssl=1 1.5x, https:\/\/i0.wp.com\/www.grieta.org.mx\/wp-content\/uploads\/2018\/03\/14524434_1106112876131411_958039263622046936_o.jpg?resize=700%2C400&ssl=1 2x"},"classes":[]},{"id":63695,"url":"https:\/\/www.grieta.org.mx\/index.php\/2022\/03\/08\/marchan-mujeres-de-vallarta-para-exigir-respeto-y-seguridad-jalisco\/","url_meta":{"origin":62990,"position":4},"title":"Marchan mujeres de Vallarta para exigir respeto y seguridad (Jalisco)","author":"grieta","date":"8 marzo, 2022","format":false,"excerpt":"Foto: Tribuna de la Bah\u00eda Brenda Beltr\u00e1n \/ Tribuna de la Bah\u00eda Cientos de mujeres, pertenecientes a colectivos de\u00a0Puerto Vallarta, estudiantes, madres de familias y m\u00e1s, salieron a\u00a0marchar este 8 de marzo\u00a0de forma pac\u00edfica, exigiendo a las autoridades que sean escuchadas ante la violencia que se vive en la ciudad.\u2026","rel":"","context":"En &quot;CINTILLO&quot;","block_context":{"text":"CINTILLO","link":"https:\/\/www.grieta.org.mx\/index.php\/category\/cintillo\/"},"img":{"alt_text":"","src":"https:\/\/i0.wp.com\/www.grieta.org.mx\/wp-content\/uploads\/2022\/03\/marcha-8m-cover.jpg?resize=350%2C200&ssl=1","width":350,"height":200,"srcset":"https:\/\/i0.wp.com\/www.grieta.org.mx\/wp-content\/uploads\/2022\/03\/marcha-8m-cover.jpg?resize=350%2C200&ssl=1 1x, https:\/\/i0.wp.com\/www.grieta.org.mx\/wp-content\/uploads\/2022\/03\/marcha-8m-cover.jpg?resize=525%2C300&ssl=1 1.5x, https:\/\/i0.wp.com\/www.grieta.org.mx\/wp-content\/uploads\/2022\/03\/marcha-8m-cover.jpg?resize=700%2C400&ssl=1 2x"},"classes":[]},{"id":45335,"url":"https:\/\/www.grieta.org.mx\/index.php\/2020\/02\/27\/colectivas-piden-acciones-para-erradicar-la-violencia-contra-las-mujeres-jalisco\/","url_meta":{"origin":62990,"position":5},"title":"Colectivas piden acciones para erradicar la violencia contra las mujeres (Jalisco)","author":"grieta","date":"27 febrero, 2020","format":false,"excerpt":"Foto: Ilustrativa La vocera de la colectiva feminista \"Mis Amigas Me Cuidan Gdl\", expres\u00f3 que ser\u00eda mejor que empresas, universidades privadas y p\u00fablicas, as\u00ed como el Gobierno del Estado y los municipios de la ZMG, no comuniquen posturas sino acciones Siboney Flores \/ El Informador Empresas, universidades privadas y p\u00fablicas,\u2026","rel":"","context":"En &quot;CINTILLO&quot;","block_context":{"text":"CINTILLO","link":"https:\/\/www.grieta.org.mx\/index.php\/category\/cintillo\/"},"img":{"alt_text":"","src":"https:\/\/i0.wp.com\/www.grieta.org.mx\/wp-content\/uploads\/2020\/02\/result-15-1280x640.jpg?resize=350%2C200&ssl=1","width":350,"height":200,"srcset":"https:\/\/i0.wp.com\/www.grieta.org.mx\/wp-content\/uploads\/2020\/02\/result-15-1280x640.jpg?resize=350%2C200&ssl=1 1x, https:\/\/i0.wp.com\/www.grieta.org.mx\/wp-content\/uploads\/2020\/02\/result-15-1280x640.jpg?resize=525%2C300&ssl=1 1.5x, https:\/\/i0.wp.com\/www.grieta.org.mx\/wp-content\/uploads\/2020\/02\/result-15-1280x640.jpg?resize=700%2C400&ssl=1 2x, https:\/\/i0.wp.com\/www.grieta.org.mx\/wp-content\/uploads\/2020\/02\/result-15-1280x640.jpg?resize=1050%2C600&ssl=1 3x"},"classes":[]}],"_links":{"self":[{"href":"https:\/\/www.grieta.org.mx\/index.php\/wp-json\/wp\/v2\/posts\/62990","targetHints":{"allow":["GET"]}}],"collection":[{"href":"https:\/\/www.grieta.org.mx\/index.php\/wp-json\/wp\/v2\/posts"}],"about":[{"href":"https:\/\/www.grieta.org.mx\/index.php\/wp-json\/wp\/v2\/types\/post"}],"author":[{"embeddable":true,"href":"https:\/\/www.grieta.org.mx\/index.php\/wp-json\/wp\/v2\/users\/2"}],"replies":[{"embeddable":true,"href":"https:\/\/www.grieta.org.mx\/index.php\/wp-json\/wp\/v2\/comments?post=62990"}],"version-history":[{"count":1,"href":"https:\/\/www.grieta.org.mx\/index.php\/wp-json\/wp\/v2\/posts\/62990\/revisions"}],"predecessor-version":[{"id":62992,"href":"https:\/\/www.grieta.org.mx\/index.php\/wp-json\/wp\/v2\/posts\/62990\/revisions\/62992"}],"wp:featuredmedia":[{"embeddable":true,"href":"https:\/\/www.grieta.org.mx\/index.php\/wp-json\/wp\/v2\/media\/62991"}],"wp:attachment":[{"href":"https:\/\/www.grieta.org.mx\/index.php\/wp-json\/wp\/v2\/media?parent=62990"}],"wp:term":[{"taxonomy":"category","embeddable":true,"href":"https:\/\/www.grieta.org.mx\/index.php\/wp-json\/wp\/v2\/categories?post=62990"},{"taxonomy":"post_tag","embeddable":true,"href":"https:\/\/www.grieta.org.mx\/index.php\/wp-json\/wp\/v2\/tags?post=62990"}],"curies":[{"name":"wp","href":"https:\/\/api.w.org\/{rel}","templated":true}]}}