{"id":62984,"date":"2021-12-29T16:26:08","date_gmt":"2021-12-29T22:26:08","guid":{"rendered":"https:\/\/www.grieta.org.mx\/?p=62984"},"modified":"2022-01-02T16:36:48","modified_gmt":"2022-01-02T22:36:48","slug":"desesperacion-angustia-falta-de-recursos-sin-ayuda-de-las-autoridades-y-hasta-enfermedades-enfrentan-familiares-desaparecidos-jalisco","status":"publish","type":"post","link":"https:\/\/www.grieta.org.mx\/index.php\/2021\/12\/29\/desesperacion-angustia-falta-de-recursos-sin-ayuda-de-las-autoridades-y-hasta-enfermedades-enfrentan-familiares-desaparecidos-jalisco\/","title":{"rendered":"Desesperaci\u00f3n, angustia, falta de recursos, sin ayuda de las autoridades y hasta enfermedades enfrentan familiares desaparecidos (Jalisco)"},"content":{"rendered":"<p>Foto: Archivo El Occidental<\/p>\n<p>V\u00edctor Ram\u00edrez \/ El Occidental<\/p>\n<p>Hace m\u00e1s de un a\u00f1o desapareci\u00f3 su hijo y desde entonces conforme a su situaci\u00f3n econ\u00f3mica y de salud no deja de ir a las instalaciones del Instituto Jalisciense de Ciencias Forenses (IJCF) con la esperanza de encontrarlo y en donde permanece por horas sentada en la calle, pero no pierde la fe de poder hallarlo vivo.<\/p>\n<p>La se\u00f1ora Mar\u00eda del Refugio Cervantes, con sus m\u00e1s de 70 a\u00f1os de vida y con afectaciones en sus rodillas como puede acude al IJCF y narra el pesar que tiene desde que hace m\u00e1s de un a\u00f1o que su hijo no regres\u00f3 de trabajar, es decir el 3 de abril del 2020.<\/p>\n<p>\u201c\u00c9l se fue a trabajar y qued\u00f3 de regresar en la tarde y hasta iba a llevar a un apersona para que soldara un cancel, pero \u00e9l ya no regres\u00f3 desde el 3 de abril\u201d y en este a\u00f1o ocho meses \u201cyo vengo, pero s\u00f3lo a las juntas, a Semefo no entro ni nada, vengo a ver con la esperanza de saber algo\u201d ya que es su hija la que lleva a cabo todo ese proceso de identificaci\u00f3n y b\u00fasqueda.<\/p>\n<p>Cansada de ir de una a otra oficina, sin recursos econ\u00f3micos, enferma de las rodillas, ella refleja la tristeza en sus ojos de no saber en d\u00f3nde est\u00e1 su descendiente, el pesar de que no sabe si est\u00e1 vivo o muerto, si lo van a encontrar alg\u00fan d\u00eda, mientras su cabello blanco se mueve con el poco aire que de repente sopla en el exterior del IJCF.<\/p>\n<p>Al igual que miles de personas que buscan a sus familiares dice no ser apoyada por las autoridades que s\u00f3lo les dan excusas y alargan el tiempo para una respuesta clara, es decir \u201cno veo ning\u00fan apoyo del Gobierno, aqu\u00ed nos dicen y vengo con ese inter\u00e9s de que a la hora de que se ofrezca algo nos apoyan a hacer el papeleo, porque dicen que es mucho\u201d pero no siempre es as\u00ed.<\/p>\n<p>Dijo que de preferencia \u201cyo lo quiero encontrar vivo\u201d pero desde el momento en que el familiar no llega a casa la crisis inicia y lanza un suspiro antes de decir \u201cyo vivo muy mal desde ese d\u00eda, enfermedades, sin poder dormir\u201d pero al \u201cvenir aqu\u00ed a esperar noticias siento que lo busco\u201d y que \u201clo acompa\u00f1o en su descanso\u201d pero no desea ver cuerpos porque se sentir\u00eda mal al ver todo eso.<\/p>\n<p>En el caso de su hija que lleva a cao todo este proceso de b\u00fasqueda tuvo que ser atendida por el servicio de psicolog\u00eda ya que se \u201cpuso muy mala y a m\u00ed tambi\u00e9n me mandan\u201d pero acude en la medida de sus posibilidades ya que sus enfermedades y la falta de recursos son impedimentos para seguir siempre.<\/p>\n<p>Otro de los problemas a los que se enfrenta es que la esposa de su hijo decidi\u00f3 no seguir con esta b\u00fasqueda y ya no la apoya en nada, incluso desde los primeros meses de desaparecido ya lo daba por fallecido y que no tiene caso seguir con esa b\u00fasqueda.<\/p>\n<p><a href=\"https:\/\/www.eloccidental.com.mx\/local\/desesperacion-angustia-falta-de-recursos-y-hasta-enfermedades-enfrentan-familiares-desaparecidos-7668302.html\">https:\/\/www.eloccidental.com.mx\/local\/desesperacion-angustia-falta-de-recursos-y-hasta-enfermedades-enfrentan-familiares-desaparecidos-7668302.html<\/a><\/p>\n","protected":false},"excerpt":{"rendered":"<p>Foto: Archivo El Occidental V\u00edctor Ram\u00edrez \/ El Occidental Hace m\u00e1s de un a\u00f1o desapareci\u00f3 su hijo y desde entonces conforme a su situaci\u00f3n econ\u00f3mica y de salud no deja &hellip; <a href=\"https:\/\/www.grieta.org.mx\/index.php\/2021\/12\/29\/desesperacion-angustia-falta-de-recursos-sin-ayuda-de-las-autoridades-y-hasta-enfermedades-enfrentan-familiares-desaparecidos-jalisco\/\" class=\"more-link\">Leer m\u00e1s<\/a><\/p>\n","protected":false},"author":2,"featured_media":62985,"comment_status":"closed","ping_status":"closed","sticky":false,"template":"","format":"standard","meta":{"ngg_post_thumbnail":0,"_jetpack_newsletter_access":"","_jetpack_dont_email_post_to_subs":false,"_jetpack_newsletter_tier_id":0,"_jetpack_memberships_contains_paywalled_content":false,"_jetpack_memberships_contains_paid_content":false,"footnotes":""},"categories":[80,87,1032,20,2,83],"tags":[],"class_list":["post-62984","post","type-post","status-publish","format-standard","has-post-thumbnail","hentry","category-cintillo","category-desaparecidos","category-desaparecidos-en-jalisco","category-jalisco","category-noticias-nacionales","category-temas-nacionales","entry"],"jetpack_featured_media_url":"https:\/\/www.grieta.org.mx\/wp-content\/uploads\/2022\/01\/IJCF.jpg","jetpack_sharing_enabled":true,"jetpack_shortlink":"https:\/\/wp.me\/p7ZJR4-gnS","jetpack_likes_enabled":false,"jetpack-related-posts":[{"id":60522,"url":"https:\/\/www.grieta.org.mx\/index.php\/2021\/07\/12\/crisis-forense-en-el-ijcf-atrae-a-caravanas-nacionales-de-busqueda-guadalupe-aguilar-familias-unidas-por-nuestros-desaparecidos-jalisco\/","url_meta":{"origin":62984,"position":0},"title":"Crisis forense en el IJCF atrae a caravanas nacionales de b\u00fasqueda: Guadalupe Aguilar, Familias Unidas por Nuestros Desaparecidos Jalisco","author":"grieta","date":"12 julio, 2021","format":false,"excerpt":"Foto: Jorge Alberto Mendoza Redacci\u00f3n \/ El Diario NTR La crisis que se vive en el Instituto Jalisciense de Ciencias Forenses (IJCF) es un punto de referencia para las caravanas nacionales de b\u00fasqueda, explic\u00f3 Guadalupe Aguilar, integrante de Familias Unidas por Nuestros Desaparecidos Jalisco. En el IJCF hay cientos de\u2026","rel":"","context":"En &quot;CINTILLO&quot;","block_context":{"text":"CINTILLO","link":"https:\/\/www.grieta.org.mx\/index.php\/category\/cintillo\/"},"img":{"alt_text":"","src":"https:\/\/i0.wp.com\/www.grieta.org.mx\/wp-content\/uploads\/2021\/07\/2021-07-12_05-07-31___6234.jpg?resize=350%2C200&ssl=1","width":350,"height":200,"srcset":"https:\/\/i0.wp.com\/www.grieta.org.mx\/wp-content\/uploads\/2021\/07\/2021-07-12_05-07-31___6234.jpg?resize=350%2C200&ssl=1 1x, https:\/\/i0.wp.com\/www.grieta.org.mx\/wp-content\/uploads\/2021\/07\/2021-07-12_05-07-31___6234.jpg?resize=525%2C300&ssl=1 1.5x, https:\/\/i0.wp.com\/www.grieta.org.mx\/wp-content\/uploads\/2021\/07\/2021-07-12_05-07-31___6234.jpg?resize=700%2C400&ssl=1 2x"},"classes":[]},{"id":56971,"url":"https:\/\/www.grieta.org.mx\/index.php\/2021\/02\/10\/de-aqui-no-nos-vamos-a-mover-familiares-de-desaparecidos-realizan-planton-en-ijcf-para-exigir-se-acelere-la-identificacion-forense-jalisco\/","url_meta":{"origin":62984,"position":1},"title":"\u201cDe aqu\u00ed no nos vamos a mover\u201d: Familiares de desaparecidos realizan plant\u00f3n en IJCF para exigir se acelere la identificaci\u00f3n forense (Jalisco)","author":"grieta","date":"10 febrero, 2021","format":false,"excerpt":"Foto: Zona Docs Por la falta de resultados en las confrontas gen\u00e9ticas entre las tomas de ADN de familiares de desaparecidos y las obtenidas de los cuerpos de personas fallecidas no identificadas, pero sobre todo por el calvario que implica el recuperar el cuerpo de sus familiares luego de identificarlos,\u2026","rel":"","context":"En &quot;CINTILLO&quot;","block_context":{"text":"CINTILLO","link":"https:\/\/www.grieta.org.mx\/index.php\/category\/cintillo\/"},"img":{"alt_text":"","src":"https:\/\/i0.wp.com\/www.grieta.org.mx\/wp-content\/uploads\/2021\/02\/forense-5.jpeg?resize=350%2C200&ssl=1","width":350,"height":200,"srcset":"https:\/\/i0.wp.com\/www.grieta.org.mx\/wp-content\/uploads\/2021\/02\/forense-5.jpeg?resize=350%2C200&ssl=1 1x, https:\/\/i0.wp.com\/www.grieta.org.mx\/wp-content\/uploads\/2021\/02\/forense-5.jpeg?resize=525%2C300&ssl=1 1.5x, https:\/\/i0.wp.com\/www.grieta.org.mx\/wp-content\/uploads\/2021\/02\/forense-5.jpeg?resize=700%2C400&ssl=1 2x"},"classes":[]},{"id":63007,"url":"https:\/\/www.grieta.org.mx\/index.php\/2022\/01\/06\/amenazan-autoridades-del-instituto-jalisciense-de-ciencias-forenses-a-colectivo-de-busqueda-jalisco\/","url_meta":{"origin":62984,"position":2},"title":"Amenazan autoridades del Instituto Jalisciense de Ciencias Forenses a colectivo de b\u00fasqueda (Jalisco)","author":"grieta","date":"6 enero, 2022","format":false,"excerpt":"Foto: Jorge Alberto Mendoza Juan Levario \/ El Occidental El Instituto Jalisciense de Ciencias Forenses (IJCF) se hab\u00eda comprometido desde el 28 de diciembre de 2021 con los familiares de dos personas fallecidas a que les entregar\u00eda los cad\u00e1veres este martes. En el d\u00eda indicado, las madres y\u00a0los\u00a0familiares de las\u2026","rel":"","context":"En &quot;CINTILLO&quot;","block_context":{"text":"CINTILLO","link":"https:\/\/www.grieta.org.mx\/index.php\/category\/cintillo\/"},"img":{"alt_text":"","src":"https:\/\/i0.wp.com\/www.grieta.org.mx\/wp-content\/uploads\/2022\/01\/2022-01-05_10-01-31___2517.jpg?resize=350%2C200&ssl=1","width":350,"height":200,"srcset":"https:\/\/i0.wp.com\/www.grieta.org.mx\/wp-content\/uploads\/2022\/01\/2022-01-05_10-01-31___2517.jpg?resize=350%2C200&ssl=1 1x, https:\/\/i0.wp.com\/www.grieta.org.mx\/wp-content\/uploads\/2022\/01\/2022-01-05_10-01-31___2517.jpg?resize=525%2C300&ssl=1 1.5x, https:\/\/i0.wp.com\/www.grieta.org.mx\/wp-content\/uploads\/2022\/01\/2022-01-05_10-01-31___2517.jpg?resize=700%2C400&ssl=1 2x"},"classes":[]},{"id":28777,"url":"https:\/\/www.grieta.org.mx\/index.php\/2019\/01\/30\/mil-581-cuerpos-sin-identificar-han-sido-incinerados-en-jalisco\/","url_meta":{"origin":62984,"position":3},"title":"Mil 581 cuerpos sin identificar han sido incinerados en Jalisco","author":"grieta","date":"30 enero, 2019","format":false,"excerpt":"Laura Ials\/Reporte \u00cdndigo. La organizaci\u00f3n denuncia que esta situaci\u00f3n es una grave violaci\u00f3n a los derechos humanos que priva a los familiares de las personas desaparecidas de la posibilidad de alcanzar la verdad y la justicia \u201cNo est\u00e1 el cuerpo, ese cuerpo se inciner\u00f3. No se preocupe se\u00f1ora, por lo\u2026","rel":"","context":"En &quot;CINTILLO&quot;","block_context":{"text":"CINTILLO","link":"https:\/\/www.grieta.org.mx\/index.php\/category\/cintillo\/"},"img":{"alt_text":"","src":"https:\/\/i0.wp.com\/www.grieta.org.mx\/wp-content\/uploads\/2019\/02\/Fosas_Tonal_4.jpg?resize=350%2C200&ssl=1","width":350,"height":200,"srcset":"https:\/\/i0.wp.com\/www.grieta.org.mx\/wp-content\/uploads\/2019\/02\/Fosas_Tonal_4.jpg?resize=350%2C200&ssl=1 1x, https:\/\/i0.wp.com\/www.grieta.org.mx\/wp-content\/uploads\/2019\/02\/Fosas_Tonal_4.jpg?resize=525%2C300&ssl=1 1.5x, https:\/\/i0.wp.com\/www.grieta.org.mx\/wp-content\/uploads\/2019\/02\/Fosas_Tonal_4.jpg?resize=700%2C400&ssl=1 2x"},"classes":[]},{"id":4258,"url":"https:\/\/www.grieta.org.mx\/index.php\/2015\/11\/23\/en-jalisco-creman-restos-de-desaparecidos-sin-tomar-adn\/","url_meta":{"origin":62984,"position":4},"title":"En Jalisco, creman restos de desaparecidos sin tomar ADN","author":"grieta","date":"23 noviembre, 2015","format":false,"excerpt":"Por: Darwin Franco Migues 23 de noviembre 2015.- Cuando un cuerpo es cremado es casi imposible que de sus cenizas se pueda extraer material gen\u00e9tico (ADN) que permita generar un perfil para conocer, a trav\u00e9s de una confronta con otro ADN, la identidad de quien ilegalmente fue creado, porque instancias\u2026","rel":"","context":"En &quot;CINTILLO&quot;","block_context":{"text":"CINTILLO","link":"https:\/\/www.grieta.org.mx\/index.php\/category\/cintillo\/"},"img":{"alt_text":"","src":"https:\/\/i0.wp.com\/www.grieta.org.mx\/wp-content\/uploads\/2018\/03\/14524434_1106112876131411_958039263622046936_o.jpg?resize=350%2C200&ssl=1","width":350,"height":200,"srcset":"https:\/\/i0.wp.com\/www.grieta.org.mx\/wp-content\/uploads\/2018\/03\/14524434_1106112876131411_958039263622046936_o.jpg?resize=350%2C200&ssl=1 1x, https:\/\/i0.wp.com\/www.grieta.org.mx\/wp-content\/uploads\/2018\/03\/14524434_1106112876131411_958039263622046936_o.jpg?resize=525%2C300&ssl=1 1.5x, https:\/\/i0.wp.com\/www.grieta.org.mx\/wp-content\/uploads\/2018\/03\/14524434_1106112876131411_958039263622046936_o.jpg?resize=700%2C400&ssl=1 2x"},"classes":[]},{"id":43275,"url":"https:\/\/www.grieta.org.mx\/index.php\/2020\/01\/21\/activistas-colocan-memorial-con-fotografias-de-sus-desaparecidos-frente-a-a-fgr-ciudad-de-mexico\/","url_meta":{"origin":62984,"position":5},"title":"Activistas colocan memorial con fotograf\u00edas de sus desaparecidos frente a a FGR (Ciudad de M\u00e9xico)","author":"grieta","date":"21 enero, 2020","format":false,"excerpt":"Foto: Pablo P\u00e9rez Conexi\u00f3n Migrante Ana Enamorado encabez\u00f3 este lunes 20 de noviembre una manifestaci\u00f3n frente a la FGR, ubicada en la CDMX, exigi\u00f3 la b\u00fasqueda de su hijo, quien desapareci\u00f3 hace 10 a\u00f1os Fue el 19 de enero de 2010 cuando Ana Enamorado tuvo contacto por \u00faltima vez con\u2026","rel":"","context":"En &quot;CINTILLO&quot;","block_context":{"text":"CINTILLO","link":"https:\/\/www.grieta.org.mx\/index.php\/category\/cintillo\/"},"img":{"alt_text":"","src":"https:\/\/i0.wp.com\/www.grieta.org.mx\/wp-content\/uploads\/2020\/01\/Activistas-colocan-memorial-con-fotograf%C3%ADas-de-sus-desaparecidos-frente-a-a-FGR-cdmx-ene.jpg?resize=350%2C200&ssl=1","width":350,"height":200,"srcset":"https:\/\/i0.wp.com\/www.grieta.org.mx\/wp-content\/uploads\/2020\/01\/Activistas-colocan-memorial-con-fotograf%C3%ADas-de-sus-desaparecidos-frente-a-a-FGR-cdmx-ene.jpg?resize=350%2C200&ssl=1 1x, https:\/\/i0.wp.com\/www.grieta.org.mx\/wp-content\/uploads\/2020\/01\/Activistas-colocan-memorial-con-fotograf%C3%ADas-de-sus-desaparecidos-frente-a-a-FGR-cdmx-ene.jpg?resize=525%2C300&ssl=1 1.5x, https:\/\/i0.wp.com\/www.grieta.org.mx\/wp-content\/uploads\/2020\/01\/Activistas-colocan-memorial-con-fotograf%C3%ADas-de-sus-desaparecidos-frente-a-a-FGR-cdmx-ene.jpg?resize=700%2C400&ssl=1 2x, https:\/\/i0.wp.com\/www.grieta.org.mx\/wp-content\/uploads\/2020\/01\/Activistas-colocan-memorial-con-fotograf%C3%ADas-de-sus-desaparecidos-frente-a-a-FGR-cdmx-ene.jpg?resize=1050%2C600&ssl=1 3x"},"classes":[]}],"_links":{"self":[{"href":"https:\/\/www.grieta.org.mx\/index.php\/wp-json\/wp\/v2\/posts\/62984","targetHints":{"allow":["GET"]}}],"collection":[{"href":"https:\/\/www.grieta.org.mx\/index.php\/wp-json\/wp\/v2\/posts"}],"about":[{"href":"https:\/\/www.grieta.org.mx\/index.php\/wp-json\/wp\/v2\/types\/post"}],"author":[{"embeddable":true,"href":"https:\/\/www.grieta.org.mx\/index.php\/wp-json\/wp\/v2\/users\/2"}],"replies":[{"embeddable":true,"href":"https:\/\/www.grieta.org.mx\/index.php\/wp-json\/wp\/v2\/comments?post=62984"}],"version-history":[{"count":1,"href":"https:\/\/www.grieta.org.mx\/index.php\/wp-json\/wp\/v2\/posts\/62984\/revisions"}],"predecessor-version":[{"id":62986,"href":"https:\/\/www.grieta.org.mx\/index.php\/wp-json\/wp\/v2\/posts\/62984\/revisions\/62986"}],"wp:featuredmedia":[{"embeddable":true,"href":"https:\/\/www.grieta.org.mx\/index.php\/wp-json\/wp\/v2\/media\/62985"}],"wp:attachment":[{"href":"https:\/\/www.grieta.org.mx\/index.php\/wp-json\/wp\/v2\/media?parent=62984"}],"wp:term":[{"taxonomy":"category","embeddable":true,"href":"https:\/\/www.grieta.org.mx\/index.php\/wp-json\/wp\/v2\/categories?post=62984"},{"taxonomy":"post_tag","embeddable":true,"href":"https:\/\/www.grieta.org.mx\/index.php\/wp-json\/wp\/v2\/tags?post=62984"}],"curies":[{"name":"wp","href":"https:\/\/api.w.org\/{rel}","templated":true}]}}