{"id":62969,"date":"2021-12-13T11:50:11","date_gmt":"2021-12-13T17:50:11","guid":{"rendered":"https:\/\/www.grieta.org.mx\/?p=62969"},"modified":"2021-12-29T12:11:34","modified_gmt":"2021-12-29T18:11:34","slug":"familias-llevan-a-zocalo-tierra-simbolo-de-una-tragedia-de-impunidad-y-desaparecidos-guanajuato-oaxaca","status":"publish","type":"post","link":"https:\/\/www.grieta.org.mx\/index.php\/2021\/12\/13\/familias-llevan-a-zocalo-tierra-simbolo-de-una-tragedia-de-impunidad-y-desaparecidos-guanajuato-oaxaca\/","title":{"rendered":"Familias llevan a Z\u00f3calo tierra, s\u00edmbolo de una tragedia de impunidad y desaparecidos (Guanajuato, Oaxaca)"},"content":{"rendered":"<p><strong><br \/>\nEntre los manifestantes se encontraban los colectivos: \u201cHasta encontrarte\u201d, \u201cUna luz en el camino\u201d y \u201cUna promesa por cumplir\u201d, que colocaron fichas de informaci\u00f3n de sus seres queridos y leyeron una lista con el nombre de cada uno de sus desparecidos.<\/strong><\/p>\n<p>Sinembargo, 13 de diciembre de 2021<\/p>\n<p>Ciudad de M\u00e9xico, 13 diciembre (EFE).- Familias mexicanas de personas desaparecidas recrearon este lunes fosas clandestinas en el Z\u00f3calo de Ciudad de M\u00e9xico, frente al Palacio Nacional, para protestar por la impunidad y la falta de investigaciones.<\/p>\n<p>Unos 15 colectivos de b\u00fasqueda llevaron mont\u00edculos de tierra en los que colocaron im\u00e1genes de sus seres queridos mientras el Presidente, Andr\u00e9s Manuel L\u00f3pez Obrador, ofrec\u00eda su rueda de prensa diaria en el Palacio Nacional.<\/p>\n<blockquote><p><em> \u201cSi Andr\u00e9s Manuel no va a las fosas, las fosas vienen a \u00e9l\u201d, exclamaron los manifestantes tras la instalaci\u00f3n.<\/em><\/p><\/blockquote>\n<figure id=\"attachment_62970\" aria-describedby=\"caption-attachment-62970\" style=\"width: 700px\" class=\"wp-caption alignnone\"><img loading=\"lazy\" decoding=\"async\" data-attachment-id=\"62970\" data-permalink=\"https:\/\/www.grieta.org.mx\/index.php\/2021\/12\/13\/familias-llevan-a-zocalo-tierra-simbolo-de-una-tragedia-de-impunidad-y-desaparecidos-guanajuato-oaxaca\/https-_i0-wp-com_www-sinembargo-mx_wp-content_uploads_2021_12_protestas-fosas1-jpegresize700467quality80stripallssl1\/\" data-orig-file=\"https:\/\/www.grieta.org.mx\/wp-content\/uploads\/2021\/12\/https-_i0.wp.com_www.sinembargo.mx_wp-content_uploads_2021_12_protestas-fosas1.jpegresize7002C467quality80stripallssl1.jpg\" data-orig-size=\"700,467\" data-comments-opened=\"0\" data-image-meta=\"{&quot;aperture&quot;:&quot;0&quot;,&quot;credit&quot;:&quot;&quot;,&quot;camera&quot;:&quot;&quot;,&quot;caption&quot;:&quot;&quot;,&quot;created_timestamp&quot;:&quot;0&quot;,&quot;copyright&quot;:&quot;&quot;,&quot;focal_length&quot;:&quot;0&quot;,&quot;iso&quot;:&quot;0&quot;,&quot;shutter_speed&quot;:&quot;0&quot;,&quot;title&quot;:&quot;&quot;,&quot;orientation&quot;:&quot;0&quot;}\" data-image-title=\"https _i0.wp.com_www.sinembargo.mx_wp-content_uploads_2021_12_protestas-fosas1.jpeg?resize=700467&amp;#038;quality=80&amp;#038;strip=all&amp;#038;ssl=1\" data-image-description=\"\" data-image-caption=\"&lt;p&gt;Integrantes de colectivos de familiares de desaparici\u00f3n forzada en Guanajuato realizaron un mitin y una simulaci\u00f3n de Fosas frente a Palacio Nacional con el fin de ser atendidos por Andr\u00e9s Manuel L\u00f3pez Obrador, Presidente de M\u00e9xico por sus declaraciones en la ONU respecto al tema. Foto: Andrea Murcia, Cuartoscuro.&lt;\/p&gt;\n\" data-medium-file=\"https:\/\/www.grieta.org.mx\/wp-content\/uploads\/2021\/12\/https-_i0.wp.com_www.sinembargo.mx_wp-content_uploads_2021_12_protestas-fosas1.jpegresize7002C467quality80stripallssl1-300x200.jpg\" data-large-file=\"https:\/\/www.grieta.org.mx\/wp-content\/uploads\/2021\/12\/https-_i0.wp.com_www.sinembargo.mx_wp-content_uploads_2021_12_protestas-fosas1.jpegresize7002C467quality80stripallssl1.jpg\" class=\"wp-image-62970 size-full\" src=\"http:\/\/www.grieta.org.mx\/wp-content\/uploads\/2021\/12\/https-_i0.wp.com_www.sinembargo.mx_wp-content_uploads_2021_12_protestas-fosas1.jpegresize7002C467quality80stripallssl1.jpg\" alt=\"\" width=\"700\" height=\"467\" srcset=\"https:\/\/www.grieta.org.mx\/wp-content\/uploads\/2021\/12\/https-_i0.wp.com_www.sinembargo.mx_wp-content_uploads_2021_12_protestas-fosas1.jpegresize7002C467quality80stripallssl1.jpg 700w, https:\/\/www.grieta.org.mx\/wp-content\/uploads\/2021\/12\/https-_i0.wp.com_www.sinembargo.mx_wp-content_uploads_2021_12_protestas-fosas1.jpegresize7002C467quality80stripallssl1-300x200.jpg 300w\" sizes=\"auto, (max-width: 700px) 100vw, 700px\" \/><figcaption id=\"caption-attachment-62970\" class=\"wp-caption-text\">Integrantes de colectivos de familiares de desaparici\u00f3n forzada en Guanajuato realizaron un mitin y una simulaci\u00f3n de Fosas frente a Palacio Nacional con el fin de ser atendidos por Andr\u00e9s Manuel L\u00f3pez Obrador, Presidente de M\u00e9xico por sus declaraciones en la ONU respecto al tema. Foto: Andrea Murcia, Cuartoscuro.<\/figcaption><\/figure>\n<figure id=\"attachment_62971\" aria-describedby=\"caption-attachment-62971\" style=\"width: 700px\" class=\"wp-caption alignnone\"><img loading=\"lazy\" decoding=\"async\" data-attachment-id=\"62971\" data-permalink=\"https:\/\/www.grieta.org.mx\/index.php\/2021\/12\/13\/familias-llevan-a-zocalo-tierra-simbolo-de-una-tragedia-de-impunidad-y-desaparecidos-guanajuato-oaxaca\/https-_i1-wp-com_www-sinembargo-mx_wp-content_uploads_2021_12_protestas-fosas-jpgresize700467quality80stripallssl1\/\" data-orig-file=\"https:\/\/www.grieta.org.mx\/wp-content\/uploads\/2021\/12\/https-_i1.wp.com_www.sinembargo.mx_wp-content_uploads_2021_12_protestas-fosas.jpgresize7002C467quality80stripallssl1.jpg\" data-orig-size=\"700,467\" data-comments-opened=\"0\" data-image-meta=\"{&quot;aperture&quot;:&quot;0&quot;,&quot;credit&quot;:&quot;&quot;,&quot;camera&quot;:&quot;&quot;,&quot;caption&quot;:&quot;&quot;,&quot;created_timestamp&quot;:&quot;0&quot;,&quot;copyright&quot;:&quot;&quot;,&quot;focal_length&quot;:&quot;0&quot;,&quot;iso&quot;:&quot;0&quot;,&quot;shutter_speed&quot;:&quot;0&quot;,&quot;title&quot;:&quot;&quot;,&quot;orientation&quot;:&quot;0&quot;}\" data-image-title=\"https _i1.wp.com_www.sinembargo.mx_wp-content_uploads_2021_12_protestas-fosas.jpg?resize=700467&amp;#038;quality=80&amp;#038;strip=all&amp;#038;ssl=1\" data-image-description=\"\" data-image-caption=\"&lt;p&gt;Maria de la Luz Flores sostiene las fotos de su hija Guadalupe Morales Flores desaparecida el 7 Septiembre 2020 y su cuerpo fue encontrado el 29 de marco 2021 Palacio Nacional. Foto: Marco Ugarte, AP.&lt;\/p&gt;\n\" data-medium-file=\"https:\/\/www.grieta.org.mx\/wp-content\/uploads\/2021\/12\/https-_i1.wp.com_www.sinembargo.mx_wp-content_uploads_2021_12_protestas-fosas.jpgresize7002C467quality80stripallssl1-300x200.jpg\" data-large-file=\"https:\/\/www.grieta.org.mx\/wp-content\/uploads\/2021\/12\/https-_i1.wp.com_www.sinembargo.mx_wp-content_uploads_2021_12_protestas-fosas.jpgresize7002C467quality80stripallssl1.jpg\" class=\"wp-image-62971 size-full\" src=\"http:\/\/www.grieta.org.mx\/wp-content\/uploads\/2021\/12\/https-_i1.wp.com_www.sinembargo.mx_wp-content_uploads_2021_12_protestas-fosas.jpgresize7002C467quality80stripallssl1.jpg\" alt=\"\" width=\"700\" height=\"467\" srcset=\"https:\/\/www.grieta.org.mx\/wp-content\/uploads\/2021\/12\/https-_i1.wp.com_www.sinembargo.mx_wp-content_uploads_2021_12_protestas-fosas.jpgresize7002C467quality80stripallssl1.jpg 700w, https:\/\/www.grieta.org.mx\/wp-content\/uploads\/2021\/12\/https-_i1.wp.com_www.sinembargo.mx_wp-content_uploads_2021_12_protestas-fosas.jpgresize7002C467quality80stripallssl1-300x200.jpg 300w\" sizes=\"auto, (max-width: 700px) 100vw, 700px\" \/><figcaption id=\"caption-attachment-62971\" class=\"wp-caption-text\">Maria de la Luz Flores sostiene las fotos de su hija Guadalupe Morales Flores desaparecida el 7 Septiembre 2020 y su cuerpo fue encontrado el 29 de marco 2021 Palacio Nacional. Foto: Marco Ugarte, AP.<\/figcaption><\/figure>\n<p>Las agrupaciones, que representan a m\u00e1s de dos mil 600 personas desaparecidas, denunciaron la aparici\u00f3n de m\u00e1s de 170 fosas clandestinas, pero \u201ccero respuestas\u201d de las autoridades.<\/p>\n<figure id=\"attachment_62972\" aria-describedby=\"caption-attachment-62972\" style=\"width: 700px\" class=\"wp-caption alignnone\"><img loading=\"lazy\" decoding=\"async\" data-attachment-id=\"62972\" data-permalink=\"https:\/\/www.grieta.org.mx\/index.php\/2021\/12\/13\/familias-llevan-a-zocalo-tierra-simbolo-de-una-tragedia-de-impunidad-y-desaparecidos-guanajuato-oaxaca\/https-_i0-wp-com_www-sinembargo-mx_wp-content_uploads_2021_12_protestas-fosas7-jpegresize700475quality80stripallssl1\/\" data-orig-file=\"https:\/\/www.grieta.org.mx\/wp-content\/uploads\/2021\/12\/https-_i0.wp.com_www.sinembargo.mx_wp-content_uploads_2021_12_protestas-fosas7.jpegresize7002C475quality80stripallssl1.jpg\" data-orig-size=\"700,475\" data-comments-opened=\"0\" data-image-meta=\"{&quot;aperture&quot;:&quot;0&quot;,&quot;credit&quot;:&quot;&quot;,&quot;camera&quot;:&quot;&quot;,&quot;caption&quot;:&quot;&quot;,&quot;created_timestamp&quot;:&quot;0&quot;,&quot;copyright&quot;:&quot;&quot;,&quot;focal_length&quot;:&quot;0&quot;,&quot;iso&quot;:&quot;0&quot;,&quot;shutter_speed&quot;:&quot;0&quot;,&quot;title&quot;:&quot;&quot;,&quot;orientation&quot;:&quot;0&quot;}\" data-image-title=\"https _i0.wp.com_www.sinembargo.mx_wp-content_uploads_2021_12_protestas-fosas7.jpeg?resize=700475&amp;#038;quality=80&amp;#038;strip=all&amp;#038;ssl=1\" data-image-description=\"\" data-image-caption=\"&lt;p&gt;Entre los manifestantes hab\u00eda cerca de 90 personas que proced\u00edan principalmente de Guanajuato, estado del centro del pa\u00eds que lidera los homicidios a nivel nacional. Foto: Andrea Murcia, Cuartoscuro.&lt;\/p&gt;\n\" data-medium-file=\"https:\/\/www.grieta.org.mx\/wp-content\/uploads\/2021\/12\/https-_i0.wp.com_www.sinembargo.mx_wp-content_uploads_2021_12_protestas-fosas7.jpegresize7002C475quality80stripallssl1-300x204.jpg\" data-large-file=\"https:\/\/www.grieta.org.mx\/wp-content\/uploads\/2021\/12\/https-_i0.wp.com_www.sinembargo.mx_wp-content_uploads_2021_12_protestas-fosas7.jpegresize7002C475quality80stripallssl1.jpg\" class=\"wp-image-62972 size-full\" src=\"http:\/\/www.grieta.org.mx\/wp-content\/uploads\/2021\/12\/https-_i0.wp.com_www.sinembargo.mx_wp-content_uploads_2021_12_protestas-fosas7.jpegresize7002C475quality80stripallssl1.jpg\" alt=\"\" width=\"700\" height=\"475\" srcset=\"https:\/\/www.grieta.org.mx\/wp-content\/uploads\/2021\/12\/https-_i0.wp.com_www.sinembargo.mx_wp-content_uploads_2021_12_protestas-fosas7.jpegresize7002C475quality80stripallssl1.jpg 700w, https:\/\/www.grieta.org.mx\/wp-content\/uploads\/2021\/12\/https-_i0.wp.com_www.sinembargo.mx_wp-content_uploads_2021_12_protestas-fosas7.jpegresize7002C475quality80stripallssl1-300x204.jpg 300w\" sizes=\"auto, (max-width: 700px) 100vw, 700px\" \/><figcaption id=\"caption-attachment-62972\" class=\"wp-caption-text\">Entre los manifestantes hab\u00eda cerca de 90 personas que proced\u00edan principalmente de Guanajuato, estado del centro del pa\u00eds que lidera los homicidios a nivel nacional. Foto: Andrea Murcia, Cuartoscuro.<\/figcaption><\/figure>\n<figure id=\"attachment_62973\" aria-describedby=\"caption-attachment-62973\" style=\"width: 700px\" class=\"wp-caption alignnone\"><img loading=\"lazy\" decoding=\"async\" data-attachment-id=\"62973\" data-permalink=\"https:\/\/www.grieta.org.mx\/index.php\/2021\/12\/13\/familias-llevan-a-zocalo-tierra-simbolo-de-una-tragedia-de-impunidad-y-desaparecidos-guanajuato-oaxaca\/https-_i2-wp-com_www-sinembargo-mx_wp-content_uploads_2021_12_protestas-fosas10-jpgresize700467quality80stripallssl1\/\" data-orig-file=\"https:\/\/www.grieta.org.mx\/wp-content\/uploads\/2021\/12\/https-_i2.wp.com_www.sinembargo.mx_wp-content_uploads_2021_12_protestas-fosas10.jpgresize7002C467quality80stripallssl1.jpg\" data-orig-size=\"700,467\" data-comments-opened=\"0\" data-image-meta=\"{&quot;aperture&quot;:&quot;0&quot;,&quot;credit&quot;:&quot;&quot;,&quot;camera&quot;:&quot;&quot;,&quot;caption&quot;:&quot;&quot;,&quot;created_timestamp&quot;:&quot;0&quot;,&quot;copyright&quot;:&quot;&quot;,&quot;focal_length&quot;:&quot;0&quot;,&quot;iso&quot;:&quot;0&quot;,&quot;shutter_speed&quot;:&quot;0&quot;,&quot;title&quot;:&quot;&quot;,&quot;orientation&quot;:&quot;0&quot;}\" data-image-title=\"https _i2.wp.com_www.sinembargo.mx_wp-content_uploads_2021_12_protestas-fosas10.jpg?resize=700467&amp;#038;quality=80&amp;#038;strip=all&amp;#038;ssl=1\" data-image-description=\"\" data-image-caption=\"&lt;p&gt;Pedro Cort\u00e9s, del estado de Oaxaca, sostiene fotos de su hija de 14 a\u00f1os, Bel\u00e9n Cort\u00e9s, quien dijo que desapareci\u00f3 el 1 de diciembre, en el Z\u00f3calo. El hombre se sum\u00f3 a una protesta que exig\u00eda respuestas del gobierno sobre las personas que han desaparecido en el pa\u00eds, en la Ciudad de M\u00e9xico, el lunes 13 de diciembre de 2021. Foto: Marco Ugarte, AP.&lt;\/p&gt;\n\" data-medium-file=\"https:\/\/www.grieta.org.mx\/wp-content\/uploads\/2021\/12\/https-_i2.wp.com_www.sinembargo.mx_wp-content_uploads_2021_12_protestas-fosas10.jpgresize7002C467quality80stripallssl1-300x200.jpg\" data-large-file=\"https:\/\/www.grieta.org.mx\/wp-content\/uploads\/2021\/12\/https-_i2.wp.com_www.sinembargo.mx_wp-content_uploads_2021_12_protestas-fosas10.jpgresize7002C467quality80stripallssl1.jpg\" class=\"wp-image-62973 size-full\" src=\"http:\/\/www.grieta.org.mx\/wp-content\/uploads\/2021\/12\/https-_i2.wp.com_www.sinembargo.mx_wp-content_uploads_2021_12_protestas-fosas10.jpgresize7002C467quality80stripallssl1.jpg\" alt=\"\" width=\"700\" height=\"467\" srcset=\"https:\/\/www.grieta.org.mx\/wp-content\/uploads\/2021\/12\/https-_i2.wp.com_www.sinembargo.mx_wp-content_uploads_2021_12_protestas-fosas10.jpgresize7002C467quality80stripallssl1.jpg 700w, https:\/\/www.grieta.org.mx\/wp-content\/uploads\/2021\/12\/https-_i2.wp.com_www.sinembargo.mx_wp-content_uploads_2021_12_protestas-fosas10.jpgresize7002C467quality80stripallssl1-300x200.jpg 300w\" sizes=\"auto, (max-width: 700px) 100vw, 700px\" \/><figcaption id=\"caption-attachment-62973\" class=\"wp-caption-text\">Pedro Cort\u00e9s, del estado de Oaxaca, sostiene fotos de su hija de 14 a\u00f1os, Bel\u00e9n Cort\u00e9s, quien dijo que desapareci\u00f3 el 1 de diciembre, en el Z\u00f3calo. El hombre se sum\u00f3 a una protesta que exig\u00eda respuestas del gobierno sobre las personas que han desaparecido en el pa\u00eds, en la Ciudad de M\u00e9xico, el lunes 13 de diciembre de 2021. Foto: Marco Ugarte, AP.<\/figcaption><\/figure>\n<p>Entre los manifestantes hab\u00eda cerca de 90 personas que proced\u00edan principalmente de Guanajuato, estado del centro del pa\u00eds que lidera los homicidios a nivel nacional.<\/p>\n<p>Los principales colectivos eran \u201cHasta encontrarte\u201d, \u201cUna luz en el camino\u201d y \u201cUna promesa por cumplir\u201d, que colocaron fichas de informaci\u00f3n de sus seres queridos y leyeron una lista con el nombre de cada uno de sus desparecidos.<\/p>\n<p>&nbsp;<\/p>\n<figure id=\"attachment_62974\" aria-describedby=\"caption-attachment-62974\" style=\"width: 700px\" class=\"wp-caption alignnone\"><img loading=\"lazy\" decoding=\"async\" data-attachment-id=\"62974\" data-permalink=\"https:\/\/www.grieta.org.mx\/index.php\/2021\/12\/13\/familias-llevan-a-zocalo-tierra-simbolo-de-una-tragedia-de-impunidad-y-desaparecidos-guanajuato-oaxaca\/https-_i1-wp-com_www-sinembargo-mx_wp-content_uploads_2021_12_protestas-fosas2-jpegresize700467quality80stripallssl1\/\" data-orig-file=\"https:\/\/www.grieta.org.mx\/wp-content\/uploads\/2021\/12\/https-_i1.wp.com_www.sinembargo.mx_wp-content_uploads_2021_12_protestas-fosas2.jpegresize7002C467quality80stripallssl1.jpg\" data-orig-size=\"700,467\" data-comments-opened=\"0\" data-image-meta=\"{&quot;aperture&quot;:&quot;0&quot;,&quot;credit&quot;:&quot;&quot;,&quot;camera&quot;:&quot;&quot;,&quot;caption&quot;:&quot;&quot;,&quot;created_timestamp&quot;:&quot;0&quot;,&quot;copyright&quot;:&quot;&quot;,&quot;focal_length&quot;:&quot;0&quot;,&quot;iso&quot;:&quot;0&quot;,&quot;shutter_speed&quot;:&quot;0&quot;,&quot;title&quot;:&quot;&quot;,&quot;orientation&quot;:&quot;0&quot;}\" data-image-title=\"https _i1.wp.com_www.sinembargo.mx_wp-content_uploads_2021_12_protestas-fosas2.jpeg?resize=700467&amp;#038;quality=80&amp;#038;strip=all&amp;#038;ssl=1\" data-image-description=\"\" data-image-caption=\"&lt;p&gt;Las agrupaciones, que representan a m\u00e1s de dos mil 600 personas desaparecidas, denunciaron la aparici\u00f3n de m\u00e1s de 170 fosas clandestinas, pero \u201ccero respuestas\u201d de las autoridades. Foto: Andrea Murcia, Cuartoscuro.&lt;\/p&gt;\n\" data-medium-file=\"https:\/\/www.grieta.org.mx\/wp-content\/uploads\/2021\/12\/https-_i1.wp.com_www.sinembargo.mx_wp-content_uploads_2021_12_protestas-fosas2.jpegresize7002C467quality80stripallssl1-300x200.jpg\" data-large-file=\"https:\/\/www.grieta.org.mx\/wp-content\/uploads\/2021\/12\/https-_i1.wp.com_www.sinembargo.mx_wp-content_uploads_2021_12_protestas-fosas2.jpegresize7002C467quality80stripallssl1.jpg\" class=\"wp-image-62974 size-full\" src=\"http:\/\/www.grieta.org.mx\/wp-content\/uploads\/2021\/12\/https-_i1.wp.com_www.sinembargo.mx_wp-content_uploads_2021_12_protestas-fosas2.jpegresize7002C467quality80stripallssl1.jpg\" alt=\"\" width=\"700\" height=\"467\" srcset=\"https:\/\/www.grieta.org.mx\/wp-content\/uploads\/2021\/12\/https-_i1.wp.com_www.sinembargo.mx_wp-content_uploads_2021_12_protestas-fosas2.jpegresize7002C467quality80stripallssl1.jpg 700w, https:\/\/www.grieta.org.mx\/wp-content\/uploads\/2021\/12\/https-_i1.wp.com_www.sinembargo.mx_wp-content_uploads_2021_12_protestas-fosas2.jpegresize7002C467quality80stripallssl1-300x200.jpg 300w\" sizes=\"auto, (max-width: 700px) 100vw, 700px\" \/><figcaption id=\"caption-attachment-62974\" class=\"wp-caption-text\">Las agrupaciones, que representan a m\u00e1s de dos mil 600 personas desaparecidas, denunciaron la aparici\u00f3n de m\u00e1s de 170 fosas clandestinas, pero \u201ccero respuestas\u201d de las autoridades. Foto: Andrea Murcia, Cuartoscuro.<\/figcaption><\/figure>\n<blockquote><p><em>\u201cSi L\u00f3pez Obrador no va a las fosas, nosotras se las traemos. Estas son las fosas que muestran la ausencia del Estado, no son del pasado. No es cosa de colores (partidos) o Gobiernos, \u00a1busquemos justicia! No queremos enterrarlos. queremos abrazarlos\u201d, expresaron representantes de \u201cHasta encontrarte\u201d en un pronunciamiento.<\/em><\/p><\/blockquote>\n<figure id=\"attachment_62975\" aria-describedby=\"caption-attachment-62975\" style=\"width: 700px\" class=\"wp-caption alignnone\"><img loading=\"lazy\" decoding=\"async\" data-attachment-id=\"62975\" data-permalink=\"https:\/\/www.grieta.org.mx\/index.php\/2021\/12\/13\/familias-llevan-a-zocalo-tierra-simbolo-de-una-tragedia-de-impunidad-y-desaparecidos-guanajuato-oaxaca\/https-_i0-wp-com_www-sinembargo-mx_wp-content_uploads_2021_12_protestas-fosas5-jpegresize700515quality80stripallssl1\/\" data-orig-file=\"https:\/\/www.grieta.org.mx\/wp-content\/uploads\/2021\/12\/https-_i0.wp.com_www.sinembargo.mx_wp-content_uploads_2021_12_protestas-fosas5.jpegresize7002C515quality80stripallssl1.jpg\" data-orig-size=\"700,515\" data-comments-opened=\"0\" data-image-meta=\"{&quot;aperture&quot;:&quot;0&quot;,&quot;credit&quot;:&quot;&quot;,&quot;camera&quot;:&quot;&quot;,&quot;caption&quot;:&quot;&quot;,&quot;created_timestamp&quot;:&quot;0&quot;,&quot;copyright&quot;:&quot;&quot;,&quot;focal_length&quot;:&quot;0&quot;,&quot;iso&quot;:&quot;0&quot;,&quot;shutter_speed&quot;:&quot;0&quot;,&quot;title&quot;:&quot;&quot;,&quot;orientation&quot;:&quot;0&quot;}\" data-image-title=\"https _i0.wp.com_www.sinembargo.mx_wp-content_uploads_2021_12_protestas-fosas5.jpeg?resize=700515&amp;#038;quality=80&amp;#038;strip=all&amp;#038;ssl=1\" data-image-description=\"\" data-image-caption=\"&lt;p&gt;Entre los manifestantes hab\u00eda cerca de 90 personas que proced\u00edan principalmente de Guanajuato, estado del centro del pa\u00eds que lidera los homicidios a nivel nacional. Foto: Andrea Murcia, Cuartoscuro.&lt;\/p&gt;\n\" data-medium-file=\"https:\/\/www.grieta.org.mx\/wp-content\/uploads\/2021\/12\/https-_i0.wp.com_www.sinembargo.mx_wp-content_uploads_2021_12_protestas-fosas5.jpegresize7002C515quality80stripallssl1-300x221.jpg\" data-large-file=\"https:\/\/www.grieta.org.mx\/wp-content\/uploads\/2021\/12\/https-_i0.wp.com_www.sinembargo.mx_wp-content_uploads_2021_12_protestas-fosas5.jpegresize7002C515quality80stripallssl1.jpg\" class=\"size-full wp-image-62975\" src=\"http:\/\/www.grieta.org.mx\/wp-content\/uploads\/2021\/12\/https-_i0.wp.com_www.sinembargo.mx_wp-content_uploads_2021_12_protestas-fosas5.jpegresize7002C515quality80stripallssl1.jpg\" alt=\"\" width=\"700\" height=\"515\" srcset=\"https:\/\/www.grieta.org.mx\/wp-content\/uploads\/2021\/12\/https-_i0.wp.com_www.sinembargo.mx_wp-content_uploads_2021_12_protestas-fosas5.jpegresize7002C515quality80stripallssl1.jpg 700w, https:\/\/www.grieta.org.mx\/wp-content\/uploads\/2021\/12\/https-_i0.wp.com_www.sinembargo.mx_wp-content_uploads_2021_12_protestas-fosas5.jpegresize7002C515quality80stripallssl1-300x221.jpg 300w\" sizes=\"auto, (max-width: 700px) 100vw, 700px\" \/><figcaption id=\"caption-attachment-62975\" class=\"wp-caption-text\">Entre los manifestantes hab\u00eda cerca de 90 personas que proced\u00edan principalmente de Guanajuato, estado del centro del pa\u00eds que lidera los homicidios a nivel nacional. Foto: Andrea Murcia, Cuartoscuro.<\/figcaption><\/figure>\n<p>M\u00e9xico vive una crisis de personas desaparecidas con m\u00e1s de 95 mil personas no localizadas hasta la fecha, seg\u00fan reconoce la Comisi\u00f3n Nacional de B\u00fasqueda (CNB) de la Secretar\u00eda de Gobernaci\u00f3n (Segob).<\/p>\n<p>Aunque L\u00f3pez Obrador lleg\u00f3 al poder con la promesa de ayudar a las v\u00edctimas, los colectivos denunciaron que persiste la impunidad y que en el Gobierno hay \u201co\u00eddos sordos\u201d.<\/p>\n<figure id=\"attachment_62976\" aria-describedby=\"caption-attachment-62976\" style=\"width: 700px\" class=\"wp-caption alignnone\"><img loading=\"lazy\" decoding=\"async\" data-attachment-id=\"62976\" data-permalink=\"https:\/\/www.grieta.org.mx\/index.php\/2021\/12\/13\/familias-llevan-a-zocalo-tierra-simbolo-de-una-tragedia-de-impunidad-y-desaparecidos-guanajuato-oaxaca\/https-_i2-wp-com_www-sinembargo-mx_wp-content_uploads_2021_12_protestas-fosas3-jpegresize700476quality80stripallssl1\/\" data-orig-file=\"https:\/\/www.grieta.org.mx\/wp-content\/uploads\/2021\/12\/https-_i2.wp.com_www.sinembargo.mx_wp-content_uploads_2021_12_protestas-fosas3.jpegresize7002C476quality80stripallssl1.jpg\" data-orig-size=\"700,476\" data-comments-opened=\"0\" data-image-meta=\"{&quot;aperture&quot;:&quot;0&quot;,&quot;credit&quot;:&quot;&quot;,&quot;camera&quot;:&quot;&quot;,&quot;caption&quot;:&quot;&quot;,&quot;created_timestamp&quot;:&quot;0&quot;,&quot;copyright&quot;:&quot;&quot;,&quot;focal_length&quot;:&quot;0&quot;,&quot;iso&quot;:&quot;0&quot;,&quot;shutter_speed&quot;:&quot;0&quot;,&quot;title&quot;:&quot;&quot;,&quot;orientation&quot;:&quot;0&quot;}\" data-image-title=\"https _i2.wp.com_www.sinembargo.mx_wp-content_uploads_2021_12_protestas-fosas3.jpeg?resize=700476&amp;#038;quality=80&amp;#038;strip=all&amp;#038;ssl=1\" data-image-description=\"\" data-image-caption=\"&lt;p&gt;M\u00e9xico vive una crisis de personas desaparecidas con m\u00e1s de 95 mil personas no localizadas hasta la fecha, seg\u00fan reconoce la Comisi\u00f3n Nacional de B\u00fasqueda&lt;\/p&gt;\n\" data-medium-file=\"https:\/\/www.grieta.org.mx\/wp-content\/uploads\/2021\/12\/https-_i2.wp.com_www.sinembargo.mx_wp-content_uploads_2021_12_protestas-fosas3.jpegresize7002C476quality80stripallssl1-300x204.jpg\" data-large-file=\"https:\/\/www.grieta.org.mx\/wp-content\/uploads\/2021\/12\/https-_i2.wp.com_www.sinembargo.mx_wp-content_uploads_2021_12_protestas-fosas3.jpegresize7002C476quality80stripallssl1.jpg\" class=\"size-full wp-image-62976\" src=\"http:\/\/www.grieta.org.mx\/wp-content\/uploads\/2021\/12\/https-_i2.wp.com_www.sinembargo.mx_wp-content_uploads_2021_12_protestas-fosas3.jpegresize7002C476quality80stripallssl1.jpg\" alt=\"\" width=\"700\" height=\"476\" srcset=\"https:\/\/www.grieta.org.mx\/wp-content\/uploads\/2021\/12\/https-_i2.wp.com_www.sinembargo.mx_wp-content_uploads_2021_12_protestas-fosas3.jpegresize7002C476quality80stripallssl1.jpg 700w, https:\/\/www.grieta.org.mx\/wp-content\/uploads\/2021\/12\/https-_i2.wp.com_www.sinembargo.mx_wp-content_uploads_2021_12_protestas-fosas3.jpegresize7002C476quality80stripallssl1-300x204.jpg 300w\" sizes=\"auto, (max-width: 700px) 100vw, 700px\" \/><figcaption id=\"caption-attachment-62976\" class=\"wp-caption-text\">M\u00e9xico vive una crisis de personas desaparecidas con m\u00e1s de 95 mil personas no localizadas hasta la fecha, seg\u00fan reconoce la Comisi\u00f3n Nacional de B\u00fasqueda (CNB) de la Segob. Foto: Andrea Murcia, Cuartoscuro.<\/figcaption><\/figure>\n<blockquote><p><em>\u201cLos desaparecidos son nuestros desaparecidos, pero tambi\u00e9n del Presidente y no deben repartirse en administraciones ni gestionar la verdad desde su pol\u00edtica de militarizaci\u00f3n\u201d, cuestionaron los activistas de \u201cHasta encontrarte\u201d.<\/em><\/p><\/blockquote>\n<p>La manifestaci\u00f3n ocurre tras la visita en noviembre pasado del Comit\u00e9 Contra la Desaparici\u00f3n Forzada de la ONU, que presentar\u00e1 en marzo pr\u00f3ximo sus recomendaciones.<\/p>\n<figure id=\"attachment_62978\" aria-describedby=\"caption-attachment-62978\" style=\"width: 700px\" class=\"wp-caption alignnone\"><img loading=\"lazy\" decoding=\"async\" data-attachment-id=\"62978\" data-permalink=\"https:\/\/www.grieta.org.mx\/index.php\/2021\/12\/13\/familias-llevan-a-zocalo-tierra-simbolo-de-una-tragedia-de-impunidad-y-desaparecidos-guanajuato-oaxaca\/https-_i1-wp-com_www-sinembargo-mx_wp-content_uploads_2021_12_protestas-fosas-4-1-jpegresize700467quality80stripallssl1\/\" data-orig-file=\"https:\/\/www.grieta.org.mx\/wp-content\/uploads\/2021\/12\/https-_i1.wp.com_www.sinembargo.mx_wp-content_uploads_2021_12_protestas-fosas-4-1.jpegresize7002C467quality80stripallssl1.jpg\" data-orig-size=\"700,467\" data-comments-opened=\"0\" data-image-meta=\"{&quot;aperture&quot;:&quot;0&quot;,&quot;credit&quot;:&quot;&quot;,&quot;camera&quot;:&quot;&quot;,&quot;caption&quot;:&quot;&quot;,&quot;created_timestamp&quot;:&quot;0&quot;,&quot;copyright&quot;:&quot;&quot;,&quot;focal_length&quot;:&quot;0&quot;,&quot;iso&quot;:&quot;0&quot;,&quot;shutter_speed&quot;:&quot;0&quot;,&quot;title&quot;:&quot;&quot;,&quot;orientation&quot;:&quot;0&quot;}\" data-image-title=\"https _i1.wp.com_www.sinembargo.mx_wp-content_uploads_2021_12_protestas-fosas-4-1.jpeg?resize=700467&amp;#038;quality=80&amp;#038;strip=all&amp;#038;ssl=1\" data-image-description=\"\" data-image-caption=\"&lt;p&gt;Entre los manifestantes hab\u00eda cerca de 90 personas que proced\u00edan principalmente de Guanajuato, estado del centro del pa\u00eds que lidera los homicidios a nivel nacional. Foto: Andrea Murcia, Cuartoscuro.&lt;\/p&gt;\n\" data-medium-file=\"https:\/\/www.grieta.org.mx\/wp-content\/uploads\/2021\/12\/https-_i1.wp.com_www.sinembargo.mx_wp-content_uploads_2021_12_protestas-fosas-4-1.jpegresize7002C467quality80stripallssl1-300x200.jpg\" data-large-file=\"https:\/\/www.grieta.org.mx\/wp-content\/uploads\/2021\/12\/https-_i1.wp.com_www.sinembargo.mx_wp-content_uploads_2021_12_protestas-fosas-4-1.jpegresize7002C467quality80stripallssl1.jpg\" class=\"size-full wp-image-62978\" src=\"http:\/\/www.grieta.org.mx\/wp-content\/uploads\/2021\/12\/https-_i1.wp.com_www.sinembargo.mx_wp-content_uploads_2021_12_protestas-fosas-4-1.jpegresize7002C467quality80stripallssl1.jpg\" alt=\"\" width=\"700\" height=\"467\" srcset=\"https:\/\/www.grieta.org.mx\/wp-content\/uploads\/2021\/12\/https-_i1.wp.com_www.sinembargo.mx_wp-content_uploads_2021_12_protestas-fosas-4-1.jpegresize7002C467quality80stripallssl1.jpg 700w, https:\/\/www.grieta.org.mx\/wp-content\/uploads\/2021\/12\/https-_i1.wp.com_www.sinembargo.mx_wp-content_uploads_2021_12_protestas-fosas-4-1.jpegresize7002C467quality80stripallssl1-300x200.jpg 300w\" sizes=\"auto, (max-width: 700px) 100vw, 700px\" \/><figcaption id=\"caption-attachment-62978\" class=\"wp-caption-text\">Entre los manifestantes hab\u00eda cerca de 90 personas que proced\u00edan principalmente de Guanajuato, estado del centro del pa\u00eds que lidera los homicidios a nivel nacional. Foto: Andrea Murcia, Cuartoscuro.<\/figcaption><\/figure>\n<p>Los colectivos cuestionaron que el Presidente le haya \u201cpedido pruebas\u201d al Comit\u00e9 de que persisten las desapariciones en su Administraci\u00f3n.<\/p>\n<p>\u201cLlegamos nosotras con la dignidad entera como prueba fehaciente de que las desapariciones s\u00ed existen en Guanajuato y en el pa\u00eds, que no solo existen, sino que son sistem\u00e1ticas y generalizadas\u201d, indicaron.<\/p>\n<figure id=\"attachment_62977\" aria-describedby=\"caption-attachment-62977\" style=\"width: 700px\" class=\"wp-caption alignnone\"><img loading=\"lazy\" decoding=\"async\" data-attachment-id=\"62977\" data-permalink=\"https:\/\/www.grieta.org.mx\/index.php\/2021\/12\/13\/familias-llevan-a-zocalo-tierra-simbolo-de-una-tragedia-de-impunidad-y-desaparecidos-guanajuato-oaxaca\/https-_i2-wp-com_www-sinembargo-mx_wp-content_uploads_2021_12_protestas-fosas6-jpegresize700467quality80stripallssl1\/\" data-orig-file=\"https:\/\/www.grieta.org.mx\/wp-content\/uploads\/2021\/12\/https-_i2.wp.com_www.sinembargo.mx_wp-content_uploads_2021_12_protestas-fosas6.jpegresize7002C467quality80stripallssl1.jpg\" data-orig-size=\"700,467\" data-comments-opened=\"0\" data-image-meta=\"{&quot;aperture&quot;:&quot;0&quot;,&quot;credit&quot;:&quot;&quot;,&quot;camera&quot;:&quot;&quot;,&quot;caption&quot;:&quot;&quot;,&quot;created_timestamp&quot;:&quot;0&quot;,&quot;copyright&quot;:&quot;&quot;,&quot;focal_length&quot;:&quot;0&quot;,&quot;iso&quot;:&quot;0&quot;,&quot;shutter_speed&quot;:&quot;0&quot;,&quot;title&quot;:&quot;&quot;,&quot;orientation&quot;:&quot;0&quot;}\" data-image-title=\"https _i2.wp.com_www.sinembargo.mx_wp-content_uploads_2021_12_protestas-fosas6.jpeg?resize=700467&amp;#038;quality=80&amp;#038;strip=all&amp;#038;ssl=1\" data-image-description=\"\" data-image-caption=\"&lt;p&gt;Integrantes de colectivos de familiares de desaparici\u00f3n forzada en Guanajuato realizaron un mitin y una simulaci\u00f3n de Fosas frente a Palacio Nacional con el fin de ser atendidos por Andr\u00e9s Manuel L\u00f3pez Obrador, Presidente de M\u00e9xico por sus declaraciones en la ONU respecto al tema. Foto: Andrea Murcia, Cuartoscuro&lt;\/p&gt;\n\" data-medium-file=\"https:\/\/www.grieta.org.mx\/wp-content\/uploads\/2021\/12\/https-_i2.wp.com_www.sinembargo.mx_wp-content_uploads_2021_12_protestas-fosas6.jpegresize7002C467quality80stripallssl1-300x200.jpg\" data-large-file=\"https:\/\/www.grieta.org.mx\/wp-content\/uploads\/2021\/12\/https-_i2.wp.com_www.sinembargo.mx_wp-content_uploads_2021_12_protestas-fosas6.jpegresize7002C467quality80stripallssl1.jpg\" class=\"size-full wp-image-62977\" src=\"http:\/\/www.grieta.org.mx\/wp-content\/uploads\/2021\/12\/https-_i2.wp.com_www.sinembargo.mx_wp-content_uploads_2021_12_protestas-fosas6.jpegresize7002C467quality80stripallssl1.jpg\" alt=\"\" width=\"700\" height=\"467\" srcset=\"https:\/\/www.grieta.org.mx\/wp-content\/uploads\/2021\/12\/https-_i2.wp.com_www.sinembargo.mx_wp-content_uploads_2021_12_protestas-fosas6.jpegresize7002C467quality80stripallssl1.jpg 700w, https:\/\/www.grieta.org.mx\/wp-content\/uploads\/2021\/12\/https-_i2.wp.com_www.sinembargo.mx_wp-content_uploads_2021_12_protestas-fosas6.jpegresize7002C467quality80stripallssl1-300x200.jpg 300w\" sizes=\"auto, (max-width: 700px) 100vw, 700px\" \/><figcaption id=\"caption-attachment-62977\" class=\"wp-caption-text\">Integrantes de colectivos de familiares de desaparici\u00f3n forzada en Guanajuato realizaron un mitin y una simulaci\u00f3n de Fosas frente a Palacio Nacional con el fin de ser atendidos por Andr\u00e9s Manuel L\u00f3pez Obrador, Presidente de M\u00e9xico por sus declaraciones en la ONU respecto al tema. Foto: Andrea Murcia, Cuartoscuro<\/figcaption><\/figure>\n<p><a href=\"https:\/\/www.sinembargo.mx\/13-12-2021\/4082639?utm_source=pocket_mylist\">https:\/\/www.sinembargo.mx\/13-12-2021\/4082639?utm_source=pocket_mylist<\/a><\/p>\n","protected":false},"excerpt":{"rendered":"<p>Entre los manifestantes se encontraban los colectivos: \u201cHasta encontrarte\u201d, \u201cUna luz en el camino\u201d y \u201cUna promesa por cumplir\u201d, que colocaron fichas de informaci\u00f3n de sus seres queridos y leyeron &hellip; <a href=\"https:\/\/www.grieta.org.mx\/index.php\/2021\/12\/13\/familias-llevan-a-zocalo-tierra-simbolo-de-una-tragedia-de-impunidad-y-desaparecidos-guanajuato-oaxaca\/\" class=\"more-link\">Leer m\u00e1s<\/a><\/p>\n","protected":false},"author":2,"featured_media":62979,"comment_status":"closed","ping_status":"closed","sticky":false,"template":"","format":"standard","meta":{"ngg_post_thumbnail":0,"_jetpack_newsletter_access":"","_jetpack_dont_email_post_to_subs":false,"_jetpack_newsletter_tier_id":0,"_jetpack_memberships_contains_paywalled_content":false,"_jetpack_memberships_contains_paid_content":false,"footnotes":""},"categories":[80,87,1432,2832,17,25],"tags":[1828,3018,2220,1228],"class_list":["post-62969","post","type-post","status-publish","format-standard","has-post-thumbnail","hentry","category-cintillo","category-desaparecidos","category-desaparecidos-en-guanajuato","category-desaparecidos-en-oaxaca","category-guanajuato","category-oaxaca","tag-busqueda-de-desaparecidos","tag-colectivos-de-busqueda-de-desaparecidos","tag-colectivos-rastreadores-de-desaparecidos","tag-protestas-por-desaparecidos","entry"],"jetpack_featured_media_url":"https:\/\/www.grieta.org.mx\/wp-content\/uploads\/2021\/12\/Captura-de-pantalla-2021-12-29-a-las-12.07.35.png","jetpack_sharing_enabled":true,"jetpack_shortlink":"https:\/\/wp.me\/p7ZJR4-gnD","jetpack_likes_enabled":false,"jetpack-related-posts":[{"id":57634,"url":"https:\/\/www.grieta.org.mx\/index.php\/2021\/03\/09\/colectivos-de-busqueda-inician-planton-en-el-teatro-juarez-de-guanajuato\/","url_meta":{"origin":62969,"position":0},"title":"Colectivos de b\u00fasqueda inician plant\u00f3n en el Teatro Ju\u00e1rez de Guanajuato","author":"grieta","date":"9 marzo, 2021","format":false,"excerpt":"Redaci\u00f3n Notus 09 de marzo de 2021 Guanajuato, Gto.- Los colectivos de b\u00fasqueda, \u201cHasta encontrarte\u201d, \u201cSalamanca unidos buscando desaparecidos\u201d, \u201cColectivo buscadoras\u201d, \u201cLuz y Justicia\u201d y \u201cProyecto de b\u00fasqueda Guanajuato\u201d, son los colectivos que se reunieron el d\u00eda de hoy con casas de campa\u00f1a para plantarse en las escalinatas del Teatro\u2026","rel":"","context":"En &quot;CINTILLO&quot;","block_context":{"text":"CINTILLO","link":"https:\/\/www.grieta.org.mx\/index.php\/category\/cintillo\/"},"img":{"alt_text":"","src":"https:\/\/i0.wp.com\/www.grieta.org.mx\/wp-content\/uploads\/2021\/03\/https-_i1.wp.com_notus.com_.mx_wp-content_uploads_2021_03_colectivo-de-busqueda-planton-teatro-juazrez-1.jpgresize7082C398ssl1.jpg?resize=350%2C200&ssl=1","width":350,"height":200,"srcset":"https:\/\/i0.wp.com\/www.grieta.org.mx\/wp-content\/uploads\/2021\/03\/https-_i1.wp.com_notus.com_.mx_wp-content_uploads_2021_03_colectivo-de-busqueda-planton-teatro-juazrez-1.jpgresize7082C398ssl1.jpg?resize=350%2C200&ssl=1 1x, https:\/\/i0.wp.com\/www.grieta.org.mx\/wp-content\/uploads\/2021\/03\/https-_i1.wp.com_notus.com_.mx_wp-content_uploads_2021_03_colectivo-de-busqueda-planton-teatro-juazrez-1.jpgresize7082C398ssl1.jpg?resize=525%2C300&ssl=1 1.5x, https:\/\/i0.wp.com\/www.grieta.org.mx\/wp-content\/uploads\/2021\/03\/https-_i1.wp.com_notus.com_.mx_wp-content_uploads_2021_03_colectivo-de-busqueda-planton-teatro-juazrez-1.jpgresize7082C398ssl1.jpg?resize=700%2C400&ssl=1 2x"},"classes":[]},{"id":57226,"url":"https:\/\/www.grieta.org.mx\/index.php\/2021\/02\/21\/familiares-de-desaparecidos-piden-transparentar-busqueda-en-guanajuato\/","url_meta":{"origin":62969,"position":1},"title":"Familiares de desaparecidos piden transparentar b\u00fasqueda en Guanajuato","author":"grieta","date":"21 febrero, 2021","format":false,"excerpt":"\u00a0 Familiares de v\u00edctimas de desaparici\u00f3n forzada en Guanajuato pidieron a las autoridades que les informen sobre la b\u00fasqueda de restos, debido a que no son invitados por el sem\u00e1foro epidemiol\u00f3gico rojo en la entidad \u00a0 Por Ver\u00f3nica Espinosa \/ Proceso, domingo, 21 de febrero de 2021 GUANAJUATO, Gto. (proceso.com.mx).\u2013\u2026","rel":"","context":"En &quot;CINTILLO&quot;","block_context":{"text":"CINTILLO","link":"https:\/\/www.grieta.org.mx\/index.php\/category\/cintillo\/"},"img":{"alt_text":"","src":"https:\/\/i0.wp.com\/www.grieta.org.mx\/wp-content\/uploads\/2021\/02\/f800x450-128062_179508_5050.jpg?resize=350%2C200&ssl=1","width":350,"height":200,"srcset":"https:\/\/i0.wp.com\/www.grieta.org.mx\/wp-content\/uploads\/2021\/02\/f800x450-128062_179508_5050.jpg?resize=350%2C200&ssl=1 1x, https:\/\/i0.wp.com\/www.grieta.org.mx\/wp-content\/uploads\/2021\/02\/f800x450-128062_179508_5050.jpg?resize=525%2C300&ssl=1 1.5x, https:\/\/i0.wp.com\/www.grieta.org.mx\/wp-content\/uploads\/2021\/02\/f800x450-128062_179508_5050.jpg?resize=700%2C400&ssl=1 2x"},"classes":[]},{"id":65059,"url":"https:\/\/www.grieta.org.mx\/index.php\/2022\/09\/01\/oaxaca-el-estado-que-lo-tiene-todo-incluidas-las-desapariciones\/","url_meta":{"origin":62969,"position":2},"title":"Oaxaca: el estado que lo tiene todo, incluidas, las desapariciones","author":"grieta","date":"1 septiembre, 2022","format":false,"excerpt":"Imagen: Zona Docs \u201c\u00bfQu\u00e9 implica buscar a una persona desaparecida en Oaxaca?\u201d fue la pregunta que con justa rabia y dignidad respondieron integrantes de colectivos de b\u00fasqueda de este estado en el marco de la\u00a0Caravana Nacional de Memoria y Narrativas de la Desaparici\u00f3n en M\u00e9xico, que realiz\u00f3 la colectiva T\u00e9cnicas\u2026","rel":"","context":"En &quot;CINTILLO&quot;","block_context":{"text":"CINTILLO","link":"https:\/\/www.grieta.org.mx\/index.php\/category\/cintillo\/"},"img":{"alt_text":"","src":"https:\/\/i0.wp.com\/www.grieta.org.mx\/wp-content\/uploads\/2022\/09\/photo5514850506598623160-1068x801-1.jpg?resize=350%2C200&ssl=1","width":350,"height":200,"srcset":"https:\/\/i0.wp.com\/www.grieta.org.mx\/wp-content\/uploads\/2022\/09\/photo5514850506598623160-1068x801-1.jpg?resize=350%2C200&ssl=1 1x, https:\/\/i0.wp.com\/www.grieta.org.mx\/wp-content\/uploads\/2022\/09\/photo5514850506598623160-1068x801-1.jpg?resize=525%2C300&ssl=1 1.5x, https:\/\/i0.wp.com\/www.grieta.org.mx\/wp-content\/uploads\/2022\/09\/photo5514850506598623160-1068x801-1.jpg?resize=700%2C400&ssl=1 2x, https:\/\/i0.wp.com\/www.grieta.org.mx\/wp-content\/uploads\/2022\/09\/photo5514850506598623160-1068x801-1.jpg?resize=1050%2C600&ssl=1 3x"},"classes":[]},{"id":69670,"url":"https:\/\/www.grieta.org.mx\/index.php\/2024\/08\/30\/hay-mas-de-4-mil-personas-desaparecidas-en-oaxaca-denuncian-colectivas-que-exigen-alto-a-la-impunidad\/","url_meta":{"origin":62969,"position":3},"title":"Hay m\u00e1s de 4 mil personas desaparecidas en Oaxaca denuncian colectivas que exigen alto a la impunidad","author":"grieta","date":"30 agosto, 2024","format":false,"excerpt":"Imagen: Tomada de la Red Diana Manzo \/ Agencia de Noticias IstmoPress #Oaxaca 30 Ago (#Istmopress) \u2013 Con fotograf\u00edas de sus hijas, hermanos, parientes y amigos, colectivas oaxaque\u00f1as y activistas marcharon para exigir un alto a la impunidad para encontrar a las 4 mil personas que han desaparecido en Oaxaca.\u2026","rel":"","context":"En &quot;CINTILLO&quot;","block_context":{"text":"CINTILLO","link":"https:\/\/www.grieta.org.mx\/index.php\/category\/cintillo\/"},"img":{"alt_text":"","src":"https:\/\/i0.wp.com\/www.grieta.org.mx\/wp-content\/uploads\/2024\/09\/1725083712936.jpg?resize=350%2C200&ssl=1","width":350,"height":200,"srcset":"https:\/\/i0.wp.com\/www.grieta.org.mx\/wp-content\/uploads\/2024\/09\/1725083712936.jpg?resize=350%2C200&ssl=1 1x, https:\/\/i0.wp.com\/www.grieta.org.mx\/wp-content\/uploads\/2024\/09\/1725083712936.jpg?resize=525%2C300&ssl=1 1.5x, https:\/\/i0.wp.com\/www.grieta.org.mx\/wp-content\/uploads\/2024\/09\/1725083712936.jpg?resize=700%2C400&ssl=1 2x, https:\/\/i0.wp.com\/www.grieta.org.mx\/wp-content\/uploads\/2024\/09\/1725083712936.jpg?resize=1050%2C600&ssl=1 3x"},"classes":[]},{"id":64238,"url":"https:\/\/www.grieta.org.mx\/index.php\/2022\/05\/13\/colectivos-hallan-18-cuerpos-en-fosa-clandestina-de-guanajuato\/","url_meta":{"origin":62969,"position":4},"title":"Colectivos hallan 18 cuerpos en fosa clandestina de Guanajuato","author":"grieta","date":"13 mayo, 2022","format":false,"excerpt":"El colectivo \u201cMadres Guerreras de Le\u00f3n\u201d informaron que recuperaron los restos de 10 hombres y ocho mujeres, que fueron inhumados; en un punto cercano a la comunidad de Comanja, fue desmantelado un centro de operaciones del C\u00e1rtel Jalisco Nueva Generaci\u00f3n en noviembre del 2020. Por Ver\u00f3nica Espinosa, Proceso viernes, 13\u2026","rel":"","context":"En &quot;CINTILLO&quot;","block_context":{"text":"CINTILLO","link":"https:\/\/www.grieta.org.mx\/index.php\/category\/cintillo\/"},"img":{"alt_text":"","src":"https:\/\/i0.wp.com\/www.grieta.org.mx\/wp-content\/uploads\/2022\/05\/f800x450-154748_206194_5050.jpg?resize=350%2C200&ssl=1","width":350,"height":200,"srcset":"https:\/\/i0.wp.com\/www.grieta.org.mx\/wp-content\/uploads\/2022\/05\/f800x450-154748_206194_5050.jpg?resize=350%2C200&ssl=1 1x, https:\/\/i0.wp.com\/www.grieta.org.mx\/wp-content\/uploads\/2022\/05\/f800x450-154748_206194_5050.jpg?resize=525%2C300&ssl=1 1.5x, https:\/\/i0.wp.com\/www.grieta.org.mx\/wp-content\/uploads\/2022\/05\/f800x450-154748_206194_5050.jpg?resize=700%2C400&ssl=1 2x"},"classes":[]},{"id":57720,"url":"https:\/\/www.grieta.org.mx\/index.php\/2021\/03\/09\/buscadoras-de-desaparecidos-instalan-planton-en-guanajuato\/","url_meta":{"origin":62969,"position":5},"title":"Buscadoras de desaparecidos instalan plant\u00f3n en Guanajuato","author":"grieta","date":"9 marzo, 2021","format":false,"excerpt":"Mujeres que buscan a sus familiares desaparecidos instalaron un plant\u00f3n en Guanajuato luego de que la Fiscal\u00eda rompiera acuerdos para la recuperaci\u00f3n de restos humanos hallados en Celaya. Por Ver\u00f3nica Espinosa Proceso, martes, 9 de marzo de 2021 GUANAJUATO, Gto., (apro).- Molestas por la falta de cumplimiento de compromisos asumidos\u2026","rel":"","context":"En &quot;CINTILLO&quot;","block_context":{"text":"CINTILLO","link":"https:\/\/www.grieta.org.mx\/index.php\/category\/cintillo\/"},"img":{"alt_text":"","src":"https:\/\/i0.wp.com\/www.grieta.org.mx\/wp-content\/uploads\/2018\/03\/14524434_1106112876131411_958039263622046936_o.jpg?resize=350%2C200&ssl=1","width":350,"height":200,"srcset":"https:\/\/i0.wp.com\/www.grieta.org.mx\/wp-content\/uploads\/2018\/03\/14524434_1106112876131411_958039263622046936_o.jpg?resize=350%2C200&ssl=1 1x, https:\/\/i0.wp.com\/www.grieta.org.mx\/wp-content\/uploads\/2018\/03\/14524434_1106112876131411_958039263622046936_o.jpg?resize=525%2C300&ssl=1 1.5x, https:\/\/i0.wp.com\/www.grieta.org.mx\/wp-content\/uploads\/2018\/03\/14524434_1106112876131411_958039263622046936_o.jpg?resize=700%2C400&ssl=1 2x"},"classes":[]}],"_links":{"self":[{"href":"https:\/\/www.grieta.org.mx\/index.php\/wp-json\/wp\/v2\/posts\/62969","targetHints":{"allow":["GET"]}}],"collection":[{"href":"https:\/\/www.grieta.org.mx\/index.php\/wp-json\/wp\/v2\/posts"}],"about":[{"href":"https:\/\/www.grieta.org.mx\/index.php\/wp-json\/wp\/v2\/types\/post"}],"author":[{"embeddable":true,"href":"https:\/\/www.grieta.org.mx\/index.php\/wp-json\/wp\/v2\/users\/2"}],"replies":[{"embeddable":true,"href":"https:\/\/www.grieta.org.mx\/index.php\/wp-json\/wp\/v2\/comments?post=62969"}],"version-history":[{"count":1,"href":"https:\/\/www.grieta.org.mx\/index.php\/wp-json\/wp\/v2\/posts\/62969\/revisions"}],"predecessor-version":[{"id":62980,"href":"https:\/\/www.grieta.org.mx\/index.php\/wp-json\/wp\/v2\/posts\/62969\/revisions\/62980"}],"wp:featuredmedia":[{"embeddable":true,"href":"https:\/\/www.grieta.org.mx\/index.php\/wp-json\/wp\/v2\/media\/62979"}],"wp:attachment":[{"href":"https:\/\/www.grieta.org.mx\/index.php\/wp-json\/wp\/v2\/media?parent=62969"}],"wp:term":[{"taxonomy":"category","embeddable":true,"href":"https:\/\/www.grieta.org.mx\/index.php\/wp-json\/wp\/v2\/categories?post=62969"},{"taxonomy":"post_tag","embeddable":true,"href":"https:\/\/www.grieta.org.mx\/index.php\/wp-json\/wp\/v2\/tags?post=62969"}],"curies":[{"name":"wp","href":"https:\/\/api.w.org\/{rel}","templated":true}]}}