{"id":62950,"date":"2021-12-21T13:38:05","date_gmt":"2021-12-21T19:38:05","guid":{"rendered":"https:\/\/www.grieta.org.mx\/?p=62950"},"modified":"2021-12-27T13:46:21","modified_gmt":"2021-12-27T19:46:21","slug":"ejidatarios-de-halacho-bloquean-de-nuevo-construccion-del-tren-maya-yucatan","status":"publish","type":"post","link":"https:\/\/www.grieta.org.mx\/index.php\/2021\/12\/21\/ejidatarios-de-halacho-bloquean-de-nuevo-construccion-del-tren-maya-yucatan\/","title":{"rendered":"Ejidatarios de Halach\u00f3 bloquean de nuevo construcci\u00f3n del Tren Maya (Yucat\u00e1n)"},"content":{"rendered":"<p>Paloma Reyes \/ Haz Ruido<\/p>\n<blockquote><p>Los campesinos denuncian que, tras la destituci\u00f3n de su antiguo comisario por presuntos actos de corrupci\u00f3n, la nueva administraci\u00f3n no ha podido realizar la ceremonia de entrega-recepci\u00f3n.<\/p>\n<p>Adem\u00e1s, exigen a las autoridades el pago de 3.5 millones de pesos por hect\u00e1rea por sus tierras.<\/p><\/blockquote>\n<p>Halach\u00f3, Yucat\u00e1n, 21 de diciembre de 2021.-Por segunda ocasi\u00f3n, ejidatarios bloquearon la zona d\u00f3nde se realizan los trabajos de construcci\u00f3n del Tren Maya en Halach\u00f3 para exigir a las autoridades federales una nueva tarifa por sus tierras.<\/p>\n<p>Entrevistado en la protesta, Fernando May Sosa, l\u00edder de los campesinos, declar\u00f3 que como parte de una nueva evaluaci\u00f3n con el nuevo comisario, exigir\u00e1n al Fondo Nacional del Fomento al Turismo (FONATUR) un pago aproximado de 3.5 millones de pesos por hect\u00e1rea.<\/p>\n<p>C\u00f3mo se recordar\u00e1, en octubre pasado, los campesinos pidieron la destituci\u00f3n del comisario ejidal Fabi\u00e1n Yerbes Huchim por incurrir en actos de corrupci\u00f3n en contubernio con el FONATUR por la venta de \u00e9sta zona, luego de que este recibiera un pago de 3 millones 860 mil pesos por 27.5 hect\u00e1reas, tarifa que no fue autorizada por los dem\u00e1s campesinos.<\/p>\n<p>\u201cYa basta de mentiras, que dejen de estar enga\u00f1ando a la gente con que esto es una indemnizaci\u00f3n. Esto es una expropiaci\u00f3n d\u00f3nde nosotros tenemos que defender las tierras\u201d, puntualiz\u00f3.<\/p>\n<p>Mencion\u00f3 que a un mes desde que fue removido de su cargo, no se ha podido realizar la asamblea para la entrega-recepci\u00f3n de la nueva administraci\u00f3n ya que la Procurador\u00eda Agraria pretende que \u00fanicamente acudan 12 integrantes y que no sea de manera p\u00fablica como ellos exigen.<\/p>\n<p>\u201cEl excomisario no ha querido ni entregar la llave de la casa ejidal, hemos visto que ha sido protegido por la misma Procurador\u00eda Agraria\u201d, denunci\u00f3.<\/p>\n<p>Mencion\u00f3 que se ofrecieron 140 mil pesos por hect\u00e1rea para la zona d\u00f3nde se ubicaban las antiguas v\u00edas del tren, pero reiter\u00f3 que el \u00e1rea que les corresponde no baja del mill\u00f3n de pesos por hectar\u00e9a.<\/p>\n<p>\u201cSi ellos no quieren llegar a un acuerdo, tampoco vamos a permitir que entren a pisar nuestras tierras para que siga la construcci\u00f3n\u201d, declar\u00f3.<\/p>\n<p>Denuncia por saqueos de vestigios mayas<\/p>\n<p>Por otra parte, May Sosa mencion\u00f3 que la semana pasada durante un recorrido por la zona de vestigios mayas, previo a la llegada del Instituto Nacional de Antropolog\u00eda e Historia (INAH) para la entrega de un informe, se percataron de que hubo saqueos por parte de la dependencia.<\/p>\n<p>\u201cInclusive fueron destruyendo \u00e1rboles para que ellos pudieran meter el trascabo y hacer la limpieza. Se extrajeron varias piezas. Nosotros les pedimos que en la localidad se construyera un museo e hicieran la entrega de manera p\u00fablica de todos los objetos que fueron saqueando de los vestigios mayas\u201d, asever\u00f3.<\/p>\n<p>En ese sentido, dijo que el INAH hab\u00eda quedado en realizar una evaluaci\u00f3n de los da\u00f1os, pero hasta la fecha no han regresado.<\/p>\n<p><a href=\"https:\/\/www.hazruido.mx\/reportes\/ejidatarios-de-halacho-bloquean-de-nuevo-construccion-del-tren-maya\/\" rel=\"noopener\" target=\"_blank\">https:\/\/www.hazruido.mx\/reportes\/ejidatarios-de-halacho-bloquean-de-nuevo-construccion-del-tren-maya\/<\/a><\/p>\n","protected":false},"excerpt":{"rendered":"<p>Paloma Reyes \/ Haz Ruido Los campesinos denuncian que, tras la destituci\u00f3n de su antiguo comisario por presuntos actos de corrupci\u00f3n, la nueva administraci\u00f3n no ha podido realizar la ceremonia &hellip; <a href=\"https:\/\/www.grieta.org.mx\/index.php\/2021\/12\/21\/ejidatarios-de-halacho-bloquean-de-nuevo-construccion-del-tren-maya-yucatan\/\" class=\"more-link\">Leer m\u00e1s<\/a><\/p>\n","protected":false},"author":2,"featured_media":62951,"comment_status":"closed","ping_status":"closed","sticky":false,"template":"","format":"standard","meta":{"ngg_post_thumbnail":0,"_jetpack_newsletter_access":"","_jetpack_dont_email_post_to_subs":false,"_jetpack_newsletter_tier_id":0,"_jetpack_memberships_contains_paywalled_content":false,"_jetpack_memberships_contains_paid_content":false,"footnotes":""},"categories":[80,3,922,926,944,952,2,1875,2026,36],"tags":[354,175,398,1878],"class_list":["post-62950","post","type-post","status-publish","format-standard","has-post-thumbnail","hentry","category-cintillo","category-megaproyectos","category-megaproyectos-estados","category-mp-campeche","category-mp-quintana-roo","category-mp-yucatan","category-noticias-nacionales","category-resistencia-al-tren-maya-en-la-peninsula-de-yucatan","category-tren-maya","category-yucatan","tag-bloqueo","tag-ejidatarios","tag-fonatur","tag-tren-maya","entry"],"jetpack_featured_media_url":"https:\/\/www.grieta.org.mx\/wp-content\/uploads\/2021\/12\/Halacho-e1640634163838.png","jetpack_sharing_enabled":true,"jetpack_shortlink":"https:\/\/wp.me\/p7ZJR4-gnk","jetpack_likes_enabled":false,"jetpack-related-posts":[{"id":50527,"url":"https:\/\/www.grieta.org.mx\/index.php\/2020\/06\/04\/tren-maya-impedira-el-paso-a-sus-parcelas\/","url_meta":{"origin":62950,"position":0},"title":"Tren Maya impedir\u00e1 el paso a sus parcelas","author":"grieta","date":"4 junio, 2020","format":false,"excerpt":"Claudia Arriaga \/ Haz Ruido Campesinos de Halach\u00f3 est\u00e1n preocupados porque el megaproyecto se construir\u00e1 en su camino a las milpas. M\u00e9rida, Yucat\u00e1n.-A los ejidatarios del municipio de Halach\u00f3 les preocupa que con el paso del Tren Maya podr\u00edan quedarse sin acceso a sus parcelas y que adem\u00e1s expropiar\u00e1n m\u00e1s\u2026","rel":"","context":"En &quot;CINTILLO&quot;","block_context":{"text":"CINTILLO","link":"https:\/\/www.grieta.org.mx\/index.php\/category\/cintillo\/"},"img":{"alt_text":"","src":"https:\/\/i0.wp.com\/www.grieta.org.mx\/wp-content\/uploads\/2020\/06\/HALACHO-560x416.jpg?resize=350%2C200&ssl=1","width":350,"height":200,"srcset":"https:\/\/i0.wp.com\/www.grieta.org.mx\/wp-content\/uploads\/2020\/06\/HALACHO-560x416.jpg?resize=350%2C200&ssl=1 1x, https:\/\/i0.wp.com\/www.grieta.org.mx\/wp-content\/uploads\/2020\/06\/HALACHO-560x416.jpg?resize=525%2C300&ssl=1 1.5x"},"classes":[]},{"id":65124,"url":"https:\/\/www.grieta.org.mx\/index.php\/2022\/09\/06\/ejidatarios-bloquean-autopista-yucatan\/","url_meta":{"origin":62950,"position":1},"title":"Ejidatarios bloquean autopista ( Yucat\u00e1n)","author":"grieta","date":"6 septiembre, 2022","format":false,"excerpt":"Yucat\u00e1n Ahora Este d\u00eda martes un grupo de ejidatarios bloque\u00f3 la autopista en el entronque que conduce a la comisar\u00eda de X\u00b4Can, municipio de Chemax porque no les construir\u00e1n sus dos ciclopistas. De acuerdo a V\u00edctor Manuel, secretario de consejo de vigilancia del ejido de X\u00b4Can, coment\u00f3 que la empresa\u2026","rel":"","context":"En &quot;CINTILLO&quot;","block_context":{"text":"CINTILLO","link":"https:\/\/www.grieta.org.mx\/index.php\/category\/cintillo\/"},"img":{"alt_text":"","src":"https:\/\/i0.wp.com\/www.grieta.org.mx\/wp-content\/uploads\/2022\/09\/Bloquean-e1662745747528.jpg?resize=350%2C200&ssl=1","width":350,"height":200,"srcset":"https:\/\/i0.wp.com\/www.grieta.org.mx\/wp-content\/uploads\/2022\/09\/Bloquean-e1662745747528.jpg?resize=350%2C200&ssl=1 1x, https:\/\/i0.wp.com\/www.grieta.org.mx\/wp-content\/uploads\/2022\/09\/Bloquean-e1662745747528.jpg?resize=525%2C300&ssl=1 1.5x, https:\/\/i0.wp.com\/www.grieta.org.mx\/wp-content\/uploads\/2022\/09\/Bloquean-e1662745747528.jpg?resize=700%2C400&ssl=1 2x"},"classes":[]},{"id":35945,"url":"https:\/\/www.grieta.org.mx\/index.php\/2019\/07\/05\/expansion-de-megaproyectos-en-la-peninsula-de-yucatan-video\/","url_meta":{"origin":62950,"position":2},"title":"Expansi\u00f3n de Megaproyectos en la Pen\u00ednsula de Yucat\u00e1n (Video)","author":"grieta","date":"5 julio, 2019","format":false,"excerpt":"https:\/\/youtu.be\/qLBARIAaBsI","rel":"","context":"En &quot;Campeche&quot;","block_context":{"text":"Campeche","link":"https:\/\/www.grieta.org.mx\/index.php\/category\/noticias-nacionales\/campeche\/"},"img":{"alt_text":"","src":"https:\/\/i0.wp.com\/img.youtube.com\/vi\/qLBARIAaBsI\/0.jpg?resize=350%2C200","width":350,"height":200},"classes":[]},{"id":67824,"url":"https:\/\/www.grieta.org.mx\/index.php\/2023\/10\/01\/bloquean-acceso-a-ejido-en-piste-yucatan\/","url_meta":{"origin":62950,"position":3},"title":"Bloquean acceso a ejido en Pist\u00e9 (Yucat\u00e1n)","author":"grieta","date":"1 octubre, 2023","format":false,"excerpt":"Juan Osorio Osorno \/ Diario de Yucat\u00e1n PIST\u00c9.\u2014 Aumentan los n\u00facleos ejidales inconformes debido a que no les cumplieron algunos ofrecimientos por el trazo de la l\u00ednea del Tren Maya, pues ayer por la tarde unos 30 ejidatarios de Pist\u00e9 bloquearon el acceso a sus tierras y retuvieron cuatro veh\u00edculos\u2026","rel":"","context":"En &quot;CINTILLO&quot;","block_context":{"text":"CINTILLO","link":"https:\/\/www.grieta.org.mx\/index.php\/category\/cintillo\/"},"img":{"alt_text":"","src":"https:\/\/i0.wp.com\/www.grieta.org.mx\/wp-content\/uploads\/2023\/10\/Piste-e1696296612524.jpg?resize=350%2C200&ssl=1","width":350,"height":200,"srcset":"https:\/\/i0.wp.com\/www.grieta.org.mx\/wp-content\/uploads\/2023\/10\/Piste-e1696296612524.jpg?resize=350%2C200&ssl=1 1x, https:\/\/i0.wp.com\/www.grieta.org.mx\/wp-content\/uploads\/2023\/10\/Piste-e1696296612524.jpg?resize=525%2C300&ssl=1 1.5x, https:\/\/i0.wp.com\/www.grieta.org.mx\/wp-content\/uploads\/2023\/10\/Piste-e1696296612524.jpg?resize=700%2C400&ssl=1 2x"},"classes":[]},{"id":69827,"url":"https:\/\/www.grieta.org.mx\/index.php\/2024\/09\/06\/ejidatarios-de-limones-bloquean-acceso-al-tren-maya-quintana-roo\/","url_meta":{"origin":62950,"position":4},"title":"Ejidatarios de Limones bloquean acceso al Tren Maya (Quintana Roo)","author":"grieta","date":"6 septiembre, 2024","format":false,"excerpt":"Christian Christ \/ De Peso Quintana Roo Este viernes 6 de septiembre habitantes del poblado de Limones, en el municipio de Bacalar, bloquearon temporalmente la entrada principal que conduce a la estaci\u00f3n del Tren Maya, debido al incumplimiento de acuerdos previamente pactados. El bloqueo se realiz\u00f3 en la carretera Chetumal-Canc\u00fan,\u2026","rel":"","context":"En &quot;CINTILLO&quot;","block_context":{"text":"CINTILLO","link":"https:\/\/www.grieta.org.mx\/index.php\/category\/cintillo\/"},"img":{"alt_text":"","src":"https:\/\/i0.wp.com\/www.grieta.org.mx\/wp-content\/uploads\/2024\/09\/bloqueo-e1727228798471.jpg?resize=350%2C200&ssl=1","width":350,"height":200,"srcset":"https:\/\/i0.wp.com\/www.grieta.org.mx\/wp-content\/uploads\/2024\/09\/bloqueo-e1727228798471.jpg?resize=350%2C200&ssl=1 1x, https:\/\/i0.wp.com\/www.grieta.org.mx\/wp-content\/uploads\/2024\/09\/bloqueo-e1727228798471.jpg?resize=525%2C300&ssl=1 1.5x, https:\/\/i0.wp.com\/www.grieta.org.mx\/wp-content\/uploads\/2024\/09\/bloqueo-e1727228798471.jpg?resize=700%2C400&ssl=1 2x"},"classes":[]},{"id":50990,"url":"https:\/\/www.grieta.org.mx\/index.php\/2020\/06\/18\/en-plena-pandemia-convocan-a-ejidatarios-de-yucatan-para-una-venta-de-tierras\/","url_meta":{"origin":62950,"position":5},"title":"En plena pandemia, convocan a ejidatarios de Yucatan para una venta de tierras","author":"grieta","date":"18 junio, 2020","format":false,"excerpt":"Xkalakdzonot se ubica al sur de Chich\u00e9n Itz\u00e1, abajo de Pist\u00e9. MayaPolitikon En plena pandemia de coronavirus COVID19, ejidatarios de Xkalakdzonot, comisar\u00eda de Chankom, Yucat\u00e1n, fueron convocados de manera urgente la noche de este mi\u00e9rcoles 17, para una asamblea en que se decidir\u00e1 sobre la venta de 2,000 hect\u00e1reas de\u2026","rel":"","context":"En &quot;CINTILLO&quot;","block_context":{"text":"CINTILLO","link":"https:\/\/www.grieta.org.mx\/index.php\/category\/cintillo\/"},"img":{"alt_text":"","src":"https:\/\/i0.wp.com\/www.grieta.org.mx\/wp-content\/uploads\/2020\/06\/tramosdeltrenmaya--e1592489959898.png?resize=350%2C200&ssl=1","width":350,"height":200,"srcset":"https:\/\/i0.wp.com\/www.grieta.org.mx\/wp-content\/uploads\/2020\/06\/tramosdeltrenmaya--e1592489959898.png?resize=350%2C200&ssl=1 1x, https:\/\/i0.wp.com\/www.grieta.org.mx\/wp-content\/uploads\/2020\/06\/tramosdeltrenmaya--e1592489959898.png?resize=525%2C300&ssl=1 1.5x, https:\/\/i0.wp.com\/www.grieta.org.mx\/wp-content\/uploads\/2020\/06\/tramosdeltrenmaya--e1592489959898.png?resize=700%2C400&ssl=1 2x"},"classes":[]}],"_links":{"self":[{"href":"https:\/\/www.grieta.org.mx\/index.php\/wp-json\/wp\/v2\/posts\/62950","targetHints":{"allow":["GET"]}}],"collection":[{"href":"https:\/\/www.grieta.org.mx\/index.php\/wp-json\/wp\/v2\/posts"}],"about":[{"href":"https:\/\/www.grieta.org.mx\/index.php\/wp-json\/wp\/v2\/types\/post"}],"author":[{"embeddable":true,"href":"https:\/\/www.grieta.org.mx\/index.php\/wp-json\/wp\/v2\/users\/2"}],"replies":[{"embeddable":true,"href":"https:\/\/www.grieta.org.mx\/index.php\/wp-json\/wp\/v2\/comments?post=62950"}],"version-history":[{"count":1,"href":"https:\/\/www.grieta.org.mx\/index.php\/wp-json\/wp\/v2\/posts\/62950\/revisions"}],"predecessor-version":[{"id":62952,"href":"https:\/\/www.grieta.org.mx\/index.php\/wp-json\/wp\/v2\/posts\/62950\/revisions\/62952"}],"wp:featuredmedia":[{"embeddable":true,"href":"https:\/\/www.grieta.org.mx\/index.php\/wp-json\/wp\/v2\/media\/62951"}],"wp:attachment":[{"href":"https:\/\/www.grieta.org.mx\/index.php\/wp-json\/wp\/v2\/media?parent=62950"}],"wp:term":[{"taxonomy":"category","embeddable":true,"href":"https:\/\/www.grieta.org.mx\/index.php\/wp-json\/wp\/v2\/categories?post=62950"},{"taxonomy":"post_tag","embeddable":true,"href":"https:\/\/www.grieta.org.mx\/index.php\/wp-json\/wp\/v2\/tags?post=62950"}],"curies":[{"name":"wp","href":"https:\/\/api.w.org\/{rel}","templated":true}]}}