{"id":62943,"date":"2021-12-21T19:46:19","date_gmt":"2021-12-22T01:46:19","guid":{"rendered":"https:\/\/www.grieta.org.mx\/?p=62943"},"modified":"2021-12-26T20:14:45","modified_gmt":"2021-12-27T02:14:45","slug":"me-entenderas-cuanto-te-duela-el-alma-como-a-mi-padre-de-joven-desaparecido-colima","status":"publish","type":"post","link":"https:\/\/www.grieta.org.mx\/index.php\/2021\/12\/21\/me-entenderas-cuanto-te-duela-el-alma-como-a-mi-padre-de-joven-desaparecido-colima\/","title":{"rendered":"&#8220;Me entender\u00e1s cuanto te duela el alma como a m\u00ed&#8221;: Padre de Joven desaparecido (Colima)"},"content":{"rendered":"<p>Foto: Ilustrativa<\/p>\n<p>Anil\u00fa Salazar Mej\u00eda \/ El Noticiero en L\u00ednea<\/p>\n<p>&#8220;Me entender\u00e1s cuanto te duela el alma como a m\u00ed&#8221;, expres\u00f3 Adri\u00e1n Fonseca, padre de Jasson Adri\u00e1n Fonseca N\u00fa\u00f1ez, quien desapareci\u00f3 hace casi ocho meses, en el municipio de Armer\u00eda y no se sabe nada de su paredero.<\/p>\n<p>Adri\u00e1n Fonseca pertenece a la Red de Desaparecidos Colima, quienes ayer colocaron &#8220;esferas&#8221; con los rostros de sus familiares desaparecidos en los \u00e1rboles del jard\u00edn principal de Tecom\u00e1n,\u00a0 \u00a0y el pasado fin de semana tambi\u00e9n hicieron esta actividad por segundo a\u00f1o consecutivo en los jardines principales de Colima, Comala, Cuauht\u00e9moc y Villa de \u00c1lvarez.<\/p>\n<p>En Manzanillo, la Red de Desaparecidos se\u00f1ala que no hubo la participaci\u00f3n de las familias en esta navidad, por lo que no se colocaron esferas en los \u00e1rboles del jard\u00edn, pero siguen luchando por encontrar a sus seres queridos y si alguien los ha visto o sabe algo, agradecen cualquier informaci\u00f3n que les puedan proporcionar.<\/p>\n<p>Al formar parte de esta colocaci\u00f3n de esferas, Adri\u00e1n Fonseca se\u00f1al\u00f3 que &#8220;Duele todo. Duele hasta lo m\u00e1s profundo de mi ser; me arrebataron a mi hijo . Desde mis entra\u00f1as es indescriptible esto que se vive d\u00eda a d\u00eda. No se le desea a nadie&#8221;.<\/p>\n<p>Se\u00f1al\u00f3: &#8220;Siento que solo vivo por vivir, este mismo dolor me hace fuerte para cumplir con una misi\u00f3n que es encontrar a mi hijo, volver a verlo a abrazarlo y nunca m\u00e1s separarnos. Te amo hijo, donde quiera que est\u00e9s. Dios ilumine tu camino&#8221;.<\/p>\n<p>&#8220;Ya casi ocho meses y a\u00fan no s\u00e9 nada de \u00e9l. Estoy desquiciado pues grito, lloro, r\u00edo a carcajadas de tanto dolor, corro al mismo tiempo, sin encontrar respuesta. Me entender\u00e1s cuando te duela tanto como a m\u00ed&#8221;, mencion\u00f3.<\/p>\n<p>Como parte de la campa\u00f1a de destaco que las esferas &#8220;no solo son parte de la temporada navide\u00f1a, cada esfera va dedicada con Amor Inmenso y Esperanza, de tocar corazones, para que nos lleva a la localizaci\u00f3n de los nuestros.<\/p>\n<p><a href=\"https:\/\/www.elnoticieroenlinea.com\/me-entenderas-cuando-te-duela-el-alma-como-a-mi-padre-de-joven-desaparecido\/\">https:\/\/www.elnoticieroenlinea.com\/me-entenderas-cuando-te-duela-el-alma-como-a-mi-padre-de-joven-desaparecido\/<\/a><\/p>\n","protected":false},"excerpt":{"rendered":"<p>Foto: Ilustrativa Anil\u00fa Salazar Mej\u00eda \/ El Noticiero en L\u00ednea &#8220;Me entender\u00e1s cuanto te duela el alma como a m\u00ed&#8221;, expres\u00f3 Adri\u00e1n Fonseca, padre de Jasson Adri\u00e1n Fonseca N\u00fa\u00f1ez, quien &hellip; <a href=\"https:\/\/www.grieta.org.mx\/index.php\/2021\/12\/21\/me-entenderas-cuanto-te-duela-el-alma-como-a-mi-padre-de-joven-desaparecido-colima\/\" class=\"more-link\">Leer m\u00e1s<\/a><\/p>\n","protected":false},"author":2,"featured_media":62944,"comment_status":"closed","ping_status":"closed","sticky":false,"template":"","format":"standard","meta":{"ngg_post_thumbnail":0,"_jetpack_newsletter_access":"","_jetpack_dont_email_post_to_subs":false,"_jetpack_newsletter_tier_id":0,"_jetpack_memberships_contains_paywalled_content":false,"_jetpack_memberships_contains_paid_content":false,"footnotes":""},"categories":[80,13,87,1829,2,83],"tags":[3791,1828,3018,121,1668,3509],"class_list":["post-62943","post","type-post","status-publish","format-standard","has-post-thumbnail","hentry","category-cintillo","category-colima","category-desaparecidos","category-desaparecidos-en-colima","category-noticias-nacionales","category-temas-nacionales","tag-acciones-por-desaparecidos","tag-busqueda-de-desaparecidos","tag-colectivos-de-busqueda-de-desaparecidos","tag-desaparecidos","tag-familiares-de-desaparecidos","tag-red-de-desaparecidos","entry"],"jetpack_featured_media_url":"https:\/\/www.grieta.org.mx\/wp-content\/uploads\/2021\/12\/descarga.jpg","jetpack_sharing_enabled":true,"jetpack_shortlink":"https:\/\/wp.me\/p7ZJR4-gnd","jetpack_likes_enabled":false,"jetpack-related-posts":[{"id":64330,"url":"https:\/\/www.grieta.org.mx\/index.php\/2022\/05\/31\/colectivo-exige-cambio-completo-de-quienes-nos-protegen-por-ser-parte-del-crimen-organizado-colima\/","url_meta":{"origin":62943,"position":0},"title":"Colectivo exige cambio completo de qui\u00e9nes nos protegen, por ser \u201cparte del Crimen organizado\u201d (Colima)","author":"grieta","date":"31 mayo, 2022","format":false,"excerpt":"Foto: Diario Avanzada Redacci\u00f3n \/ Diario Avanzada Colima, M\u00e9xico, Avanzada (31\/05\/2022).- La Red de Desaparecidos en Colima A.C. fij\u00f3 un posicionamiento en el que expresaron su indignaci\u00f3n luego de que el vocero Adri\u00e1n Joya revictimizara y violara los derechos humanos de los familiares de personas desaparecidas. En una rueda de\u2026","rel":"","context":"En &quot;CINTILLO&quot;","block_context":{"text":"CINTILLO","link":"https:\/\/www.grieta.org.mx\/index.php\/category\/cintillo\/"},"img":{"alt_text":"","src":"https:\/\/i0.wp.com\/www.grieta.org.mx\/wp-content\/uploads\/2022\/06\/image-211.png?resize=350%2C200&ssl=1","width":350,"height":200,"srcset":"https:\/\/i0.wp.com\/www.grieta.org.mx\/wp-content\/uploads\/2022\/06\/image-211.png?resize=350%2C200&ssl=1 1x, https:\/\/i0.wp.com\/www.grieta.org.mx\/wp-content\/uploads\/2022\/06\/image-211.png?resize=525%2C300&ssl=1 1.5x"},"classes":[]},{"id":60398,"url":"https:\/\/www.grieta.org.mx\/index.php\/2021\/07\/06\/familias-de-colima-recorren-jalisco-buscando-a-sus-desaparecidos\/","url_meta":{"origin":62943,"position":1},"title":"Familias de Colima recorren Jalisco buscando a sus desaparecidos","author":"grieta","date":"6 julio, 2021","format":false,"excerpt":"Foto:\u00a0 Diario Avanzada Heidi de Le\u00f3n Guti\u00e9rrez \/ Diario Avanzada Colima, M\u00e9xico, Avanzada (06\/07\/2021).- Integrantes de la Red de Personas Desaparecidas en Colima se encuentran en Jalisco para buscar a sus familiares \u00a0en hospitales, albergues,\u00a0 centros penitenciarios \u00a0y en distintos puntos de esa entidad como parte de la Jornada Nacional\u2026","rel":"","context":"En &quot;CINTILLO&quot;","block_context":{"text":"CINTILLO","link":"https:\/\/www.grieta.org.mx\/index.php\/category\/cintillo\/"},"img":{"alt_text":"","src":"https:\/\/i0.wp.com\/www.grieta.org.mx\/wp-content\/uploads\/2021\/07\/Des.png?resize=350%2C200&ssl=1","width":350,"height":200},"classes":[]},{"id":71951,"url":"https:\/\/www.grieta.org.mx\/index.php\/2025\/07\/03\/sospecha-red-de-desaparecidos-de-colima-que-en-jalisco-se-encuentran-sus-familiares\/","url_meta":{"origin":62943,"position":2},"title":"Sospecha Red de Desaparecidos de Colima que en Jalisco se encuentran sus familiares","author":"grieta","date":"3 julio, 2025","format":false,"excerpt":"Imagen: Tomada de Redes Sociales C\u00e9sar Barrera \/ El Comentario, Colima a\u00a0Red de Desaparecidos del Estado de Colima\u00a0expres\u00f3 su preocupaci\u00f3n por la posibilidad de que\u00a0personas desaparecidas\u00a0en territorio colimense est\u00e9n siendo trasladadas a Jalisco, estado al que apuntan diversos indicios recabados por integrantes del colectivo. Blanca Estela Ram\u00edrez, vocera de la\u2026","rel":"","context":"En &quot;CINTILLO&quot;","block_context":{"text":"CINTILLO","link":"https:\/\/www.grieta.org.mx\/index.php\/category\/cintillo\/"},"img":{"alt_text":"","src":"https:\/\/i0.wp.com\/www.grieta.org.mx\/wp-content\/uploads\/2025\/07\/desaparecidos.webp?resize=350%2C200&ssl=1","width":350,"height":200,"srcset":"https:\/\/i0.wp.com\/www.grieta.org.mx\/wp-content\/uploads\/2025\/07\/desaparecidos.webp?resize=350%2C200&ssl=1 1x, https:\/\/i0.wp.com\/www.grieta.org.mx\/wp-content\/uploads\/2025\/07\/desaparecidos.webp?resize=525%2C300&ssl=1 1.5x, https:\/\/i0.wp.com\/www.grieta.org.mx\/wp-content\/uploads\/2025\/07\/desaparecidos.webp?resize=700%2C400&ssl=1 2x"},"classes":[]},{"id":72274,"url":"https:\/\/www.grieta.org.mx\/index.php\/2025\/08\/30\/realizan-vigilia-por-las-personas-desaparecidas-en-colima\/","url_meta":{"origin":62943,"position":3},"title":"Realizan vigilia por las personas desaparecidas en Colima","author":"grieta","date":"30 agosto, 2025","format":false,"excerpt":"Imagen: edro Zamora Brise\u00f1o Redacci\u00f3n \/ Diario Avanzada Colima, M\u00e9xico, Avanzada (30\/08\/2025).-\u00a0Familiares de personas desaparecidas realizaron la noche del viernes una vigilia en memoria de las v\u00edctimas de este delito, en la plaza que lleva su nombre, por la Calzada Galv\u00e1n,\u00a0a un costado del parque de la Piedra Lisa. Convocadas\u2026","rel":"","context":"En &quot;CINTILLO&quot;","block_context":{"text":"CINTILLO","link":"https:\/\/www.grieta.org.mx\/index.php\/category\/cintillo\/"},"img":{"alt_text":"","src":"https:\/\/i0.wp.com\/www.grieta.org.mx\/wp-content\/uploads\/2025\/08\/3cdcbd90-3d79-491c-bc72-1f726864740a-1-1536x1152-1.webp?resize=350%2C200&ssl=1","width":350,"height":200,"srcset":"https:\/\/i0.wp.com\/www.grieta.org.mx\/wp-content\/uploads\/2025\/08\/3cdcbd90-3d79-491c-bc72-1f726864740a-1-1536x1152-1.webp?resize=350%2C200&ssl=1 1x, https:\/\/i0.wp.com\/www.grieta.org.mx\/wp-content\/uploads\/2025\/08\/3cdcbd90-3d79-491c-bc72-1f726864740a-1-1536x1152-1.webp?resize=525%2C300&ssl=1 1.5x, https:\/\/i0.wp.com\/www.grieta.org.mx\/wp-content\/uploads\/2025\/08\/3cdcbd90-3d79-491c-bc72-1f726864740a-1-1536x1152-1.webp?resize=700%2C400&ssl=1 2x, https:\/\/i0.wp.com\/www.grieta.org.mx\/wp-content\/uploads\/2025\/08\/3cdcbd90-3d79-491c-bc72-1f726864740a-1-1536x1152-1.webp?resize=1050%2C600&ssl=1 3x, https:\/\/i0.wp.com\/www.grieta.org.mx\/wp-content\/uploads\/2025\/08\/3cdcbd90-3d79-491c-bc72-1f726864740a-1-1536x1152-1.webp?resize=1400%2C800&ssl=1 4x"},"classes":[]},{"id":55616,"url":"https:\/\/www.grieta.org.mx\/index.php\/2020\/12\/02\/ante-el-desamparo-gubernamental-familiares-de-desaparecidos-buscan-donaciones-colima\/","url_meta":{"origin":62943,"position":4},"title":"Ante el desamparo gubernamental, familiares de desaparecidos buscan donaciones (Colima)","author":"grieta","date":"2 diciembre, 2020","format":false,"excerpt":"Foto: Diario Avanzada Heidi de Le\u00f3n Guti\u00e9rrez \/ Diario Avanzada Colima, M\u00e9xico, Avanzada (2\/12\/2020).- Integrantes de la Red de Desaparecidos en el Estado de Colima solicitaron el apoyo econ\u00f3mico o en especie de la poblaci\u00f3n para poder comprar instrumentos que necesitan para las b\u00fasquedas que realizan en diferentes partes de\u2026","rel":"","context":"En &quot;CINTILLO&quot;","block_context":{"text":"CINTILLO","link":"https:\/\/www.grieta.org.mx\/index.php\/category\/cintillo\/"},"img":{"alt_text":"","src":"https:\/\/i0.wp.com\/www.grieta.org.mx\/wp-content\/uploads\/2020\/12\/image-3.png?resize=350%2C200&ssl=1","width":350,"height":200,"srcset":"https:\/\/i0.wp.com\/www.grieta.org.mx\/wp-content\/uploads\/2020\/12\/image-3.png?resize=350%2C200&ssl=1 1x, https:\/\/i0.wp.com\/www.grieta.org.mx\/wp-content\/uploads\/2020\/12\/image-3.png?resize=525%2C300&ssl=1 1.5x"},"classes":[]},{"id":66990,"url":"https:\/\/www.grieta.org.mx\/index.php\/2023\/05\/23\/colima-esta-hundido-en-corrupcion-es-una-porqueria-dice-eva-fundadora-de-la-red-desaparecidos-en-colima\/","url_meta":{"origin":62943,"position":5},"title":"\u201cColima est\u00e1 hundido en corrupci\u00f3n, es una porquer\u00eda\u201d, dice Eva, fundadora de la \u201cRed Desaparecidos En Colima&#8221;","author":"grieta","date":"23 mayo, 2023","format":false,"excerpt":"Imagen; Diario Avanzada Heidi de Le\u00f3n Guti\u00e9rrez \/ Diario Avanzada Colima, M\u00e9xico, Avanzada (23\/05\/2023).-\u00bfQu\u00e9 le dir\u00edas al gobierno de Colima?, se le pregunt\u00f3 a Eva, fundadora de la Red de los Desaparecidos En Colima y quien tuvo que abandonar el estado por diversas circunstancias, \u201cque dejen de hacerse tontos. Colima\u2026","rel":"","context":"En &quot;CINTILLO&quot;","block_context":{"text":"CINTILLO","link":"https:\/\/www.grieta.org.mx\/index.php\/category\/cintillo\/"},"img":{"alt_text":"","src":"https:\/\/i0.wp.com\/www.grieta.org.mx\/wp-content\/uploads\/2023\/06\/image-276.webp?resize=350%2C200&ssl=1","width":350,"height":200,"srcset":"https:\/\/i0.wp.com\/www.grieta.org.mx\/wp-content\/uploads\/2023\/06\/image-276.webp?resize=350%2C200&ssl=1 1x, https:\/\/i0.wp.com\/www.grieta.org.mx\/wp-content\/uploads\/2023\/06\/image-276.webp?resize=525%2C300&ssl=1 1.5x"},"classes":[]}],"_links":{"self":[{"href":"https:\/\/www.grieta.org.mx\/index.php\/wp-json\/wp\/v2\/posts\/62943","targetHints":{"allow":["GET"]}}],"collection":[{"href":"https:\/\/www.grieta.org.mx\/index.php\/wp-json\/wp\/v2\/posts"}],"about":[{"href":"https:\/\/www.grieta.org.mx\/index.php\/wp-json\/wp\/v2\/types\/post"}],"author":[{"embeddable":true,"href":"https:\/\/www.grieta.org.mx\/index.php\/wp-json\/wp\/v2\/users\/2"}],"replies":[{"embeddable":true,"href":"https:\/\/www.grieta.org.mx\/index.php\/wp-json\/wp\/v2\/comments?post=62943"}],"version-history":[{"count":1,"href":"https:\/\/www.grieta.org.mx\/index.php\/wp-json\/wp\/v2\/posts\/62943\/revisions"}],"predecessor-version":[{"id":62945,"href":"https:\/\/www.grieta.org.mx\/index.php\/wp-json\/wp\/v2\/posts\/62943\/revisions\/62945"}],"wp:featuredmedia":[{"embeddable":true,"href":"https:\/\/www.grieta.org.mx\/index.php\/wp-json\/wp\/v2\/media\/62944"}],"wp:attachment":[{"href":"https:\/\/www.grieta.org.mx\/index.php\/wp-json\/wp\/v2\/media?parent=62943"}],"wp:term":[{"taxonomy":"category","embeddable":true,"href":"https:\/\/www.grieta.org.mx\/index.php\/wp-json\/wp\/v2\/categories?post=62943"},{"taxonomy":"post_tag","embeddable":true,"href":"https:\/\/www.grieta.org.mx\/index.php\/wp-json\/wp\/v2\/tags?post=62943"}],"curies":[{"name":"wp","href":"https:\/\/api.w.org\/{rel}","templated":true}]}}