{"id":62940,"date":"2021-12-22T19:29:30","date_gmt":"2021-12-23T01:29:30","guid":{"rendered":"https:\/\/www.grieta.org.mx\/?p=62940"},"modified":"2021-12-26T19:41:00","modified_gmt":"2021-12-27T01:41:00","slug":"huellas-de-amor-cuelga-50-fotos-de-desaparecidos-en-arbol-navideno-en-jalisco","status":"publish","type":"post","link":"https:\/\/www.grieta.org.mx\/index.php\/2021\/12\/22\/huellas-de-amor-cuelga-50-fotos-de-desaparecidos-en-arbol-navideno-en-jalisco\/","title":{"rendered":"Huellas de amor cuelga 50 fotos de desaparecidos en \u00e1rbol navide\u00f1o en Jalisco"},"content":{"rendered":"<p>Foto: Rosario \u00c1lvarez<\/p>\n<p>Rosario \u00c1lvarez \/ Telediario<\/p>\n<p>En Jalisco 15 mil 148 familias tienen alg\u00fan familiar desaparecido, de acuerdo al \u00faltimo corte del Registro Nacional de Personas Desaparecidas y No Localizadas.<\/p>\n<p>Tras este dato, el colectivo Huellas de Amor<b><\/b>,\u00a0<b>colg\u00f3 m\u00e1s de 50 fichas de b\u00fasqueda de hombres y mujeres alrededor del \u00e1rbol de Navidad<\/b>\u00a0instalado en Plaza Liberaci\u00f3n, en el centro tapat\u00edo, esto con el objetivo de visibilizar las desapariciones forzadas en\u00a0Guadalajara.<\/p>\n<p>Hace seis meses, Jalisco, ocup\u00f3 el primer lugar nacional en e<b>l registro de desaparecidos con 13 mil 124 casos<\/b>, que representaban 14.9 por ciento del total nacional, de 96 mil 69 personas desaparecidas y no localizadas en el pa\u00eds.<\/p>\n<p>A inicios de diciembre, nuevamente\u00a0Jalisco\u00a0<b>se reafirm\u00f3 como la primera entidad a nivel nacional<\/b>\u00a0<b>con 15 mil 148 desapariciones,<\/b>\u00a0que representan el 18 por ciento de todo el pa\u00eds.<\/p>\n<p>Esto quiere decir, que\u00a0<b>de cada 100 personas desaparecidas, 18 son registradas en el estado<\/b>. Despu\u00e9s de Jalisco se encuentran los estados de\u00a0 Tamaulipas con 11 mil 852 casos y Estado de M\u00e9xico con 10 mil 210 personas desaparecidas.<\/p>\n<p>De acuerdo con el portal del Sistema de Informaci\u00f3n sobre v\u00edctimas de desapariciones en\u00a0Jalisco, se tienen contabilizadas\u00a0<b>11 mil 33 personas desaparecidas o no localizadas,\u00a0<\/b>de las cuales mil 228 son mujeres y 9 mil 746 son hombres, esto al \u00faltimo corte realizado al 30 de noviembre del 2021.<\/p>\n<p><a href=\"https:\/\/www.telediario.mx\/comunidad\/jalisco-colectivo-cuelga-fotos-desaparecidos-arbol-navideno\">https:\/\/www.telediario.mx\/comunidad\/jalisco-colectivo-cuelga-fotos-desaparecidos-arbol-navideno<\/a><\/p>\n","protected":false},"excerpt":{"rendered":"<p>Foto: Rosario \u00c1lvarez Rosario \u00c1lvarez \/ Telediario En Jalisco 15 mil 148 familias tienen alg\u00fan familiar desaparecido, de acuerdo al \u00faltimo corte del Registro Nacional de Personas Desaparecidas y No &hellip; <a href=\"https:\/\/www.grieta.org.mx\/index.php\/2021\/12\/22\/huellas-de-amor-cuelga-50-fotos-de-desaparecidos-en-arbol-navideno-en-jalisco\/\" class=\"more-link\">Leer m\u00e1s<\/a><\/p>\n","protected":false},"author":2,"featured_media":62941,"comment_status":"closed","ping_status":"closed","sticky":false,"template":"","format":"standard","meta":{"ngg_post_thumbnail":0,"_jetpack_newsletter_access":"","_jetpack_dont_email_post_to_subs":false,"_jetpack_newsletter_tier_id":0,"_jetpack_memberships_contains_paywalled_content":false,"_jetpack_memberships_contains_paid_content":false,"footnotes":""},"categories":[80,87,1032,20,2,83],"tags":[3791,1828,3018,121,1668,1228],"class_list":["post-62940","post","type-post","status-publish","format-standard","has-post-thumbnail","hentry","category-cintillo","category-desaparecidos","category-desaparecidos-en-jalisco","category-jalisco","category-noticias-nacionales","category-temas-nacionales","tag-acciones-por-desaparecidos","tag-busqueda-de-desaparecidos","tag-colectivos-de-busqueda-de-desaparecidos","tag-desaparecidos","tag-familiares-de-desaparecidos","tag-protestas-por-desaparecidos","entry"],"jetpack_featured_media_url":"https:\/\/www.grieta.org.mx\/wp-content\/uploads\/2021\/12\/arbol-navidad-instalado-plaza-liberacion.jpg","jetpack_sharing_enabled":true,"jetpack_shortlink":"https:\/\/wp.me\/p7ZJR4-gna","jetpack_likes_enabled":false,"jetpack-related-posts":[{"id":41969,"url":"https:\/\/www.grieta.org.mx\/index.php\/2019\/12\/03\/familiares-de-desaparecidos-reclamaron-la-falta-de-trabajos-y-de-resultados-jalisco\/","url_meta":{"origin":62940,"position":0},"title":"Familiares de desaparecidos reclamaron la falta de trabajos y de resultados (Jalisco)","author":"grieta","date":"3 diciembre, 2019","format":false,"excerpt":"Foto: Especial Juan Levario \/ El Diario NTR Durante la presentaci\u00f3n de un proyecto de colaboraci\u00f3n con expertos guatemaltecos para b\u00fasqueda de personas\u00a0en Jalisco, familiares de desaparecidos reclamaron a Enrique Ibarra Pedroza, secretario general de Gobierno,\u00a0y a otros funcionarios la falta de trabajos y de resultados. Representantes de los colectivos\u2026","rel":"","context":"En &quot;CINTILLO&quot;","block_context":{"text":"CINTILLO","link":"https:\/\/www.grieta.org.mx\/index.php\/category\/cintillo\/"},"img":{"alt_text":"","src":"https:\/\/i0.wp.com\/www.grieta.org.mx\/wp-content\/uploads\/2019\/12\/2019-12-02_11-12-13___5378.jpg?resize=350%2C200&ssl=1","width":350,"height":200,"srcset":"https:\/\/i0.wp.com\/www.grieta.org.mx\/wp-content\/uploads\/2019\/12\/2019-12-02_11-12-13___5378.jpg?resize=350%2C200&ssl=1 1x, https:\/\/i0.wp.com\/www.grieta.org.mx\/wp-content\/uploads\/2019\/12\/2019-12-02_11-12-13___5378.jpg?resize=525%2C300&ssl=1 1.5x, https:\/\/i0.wp.com\/www.grieta.org.mx\/wp-content\/uploads\/2019\/12\/2019-12-02_11-12-13___5378.jpg?resize=700%2C400&ssl=1 2x"},"classes":[]},{"id":71951,"url":"https:\/\/www.grieta.org.mx\/index.php\/2025\/07\/03\/sospecha-red-de-desaparecidos-de-colima-que-en-jalisco-se-encuentran-sus-familiares\/","url_meta":{"origin":62940,"position":1},"title":"Sospecha Red de Desaparecidos de Colima que en Jalisco se encuentran sus familiares","author":"grieta","date":"3 julio, 2025","format":false,"excerpt":"Imagen: Tomada de Redes Sociales C\u00e9sar Barrera \/ El Comentario, Colima a\u00a0Red de Desaparecidos del Estado de Colima\u00a0expres\u00f3 su preocupaci\u00f3n por la posibilidad de que\u00a0personas desaparecidas\u00a0en territorio colimense est\u00e9n siendo trasladadas a Jalisco, estado al que apuntan diversos indicios recabados por integrantes del colectivo. Blanca Estela Ram\u00edrez, vocera de la\u2026","rel":"","context":"En &quot;CINTILLO&quot;","block_context":{"text":"CINTILLO","link":"https:\/\/www.grieta.org.mx\/index.php\/category\/cintillo\/"},"img":{"alt_text":"","src":"https:\/\/i0.wp.com\/www.grieta.org.mx\/wp-content\/uploads\/2025\/07\/desaparecidos.webp?resize=350%2C200&ssl=1","width":350,"height":200,"srcset":"https:\/\/i0.wp.com\/www.grieta.org.mx\/wp-content\/uploads\/2025\/07\/desaparecidos.webp?resize=350%2C200&ssl=1 1x, https:\/\/i0.wp.com\/www.grieta.org.mx\/wp-content\/uploads\/2025\/07\/desaparecidos.webp?resize=525%2C300&ssl=1 1.5x, https:\/\/i0.wp.com\/www.grieta.org.mx\/wp-content\/uploads\/2025\/07\/desaparecidos.webp?resize=700%2C400&ssl=1 2x"},"classes":[]},{"id":61521,"url":"https:\/\/www.grieta.org.mx\/index.php\/2021\/08\/29\/exigimos-justicia-que-no-queden-impunes-todos-los-casos-colectivos-entre-cielo-y-tierra-y-huellas-de-amor-jalisco\/","url_meta":{"origin":62940,"position":2},"title":"\u201cExigimos justicia, que no queden impunes todos los casos\u201d: colectivos Entre Cielo y Tierra y Huellas de Amor (Jalisco)","author":"grieta","date":"29 agosto, 2021","format":false,"excerpt":"Foto: Leslie Zepeda Las y los familiares de las m\u00e1s de 13 mil personas desaparecidas en Jalisco iniciaron este domingo 29 de agosto las actividades conmemorativas y de exigencia por el\u00a0D\u00eda Internacional de las V\u00edctimas de Desapariciones Forzadas. Integrantes de los colectivos\u00a0Huellas de amor\u00a0y\u00a0Entre Cielo y Tierra\u00a0colocaron losetas de con\u2026","rel":"","context":"En &quot;CINTILLO&quot;","block_context":{"text":"CINTILLO","link":"https:\/\/www.grieta.org.mx\/index.php\/category\/cintillo\/"},"img":{"alt_text":"","src":"https:\/\/i0.wp.com\/www.grieta.org.mx\/wp-content\/uploads\/2021\/09\/photo5001685374531119638.jpg?resize=350%2C200&ssl=1","width":350,"height":200,"srcset":"https:\/\/i0.wp.com\/www.grieta.org.mx\/wp-content\/uploads\/2021\/09\/photo5001685374531119638.jpg?resize=350%2C200&ssl=1 1x, https:\/\/i0.wp.com\/www.grieta.org.mx\/wp-content\/uploads\/2021\/09\/photo5001685374531119638.jpg?resize=525%2C300&ssl=1 1.5x, https:\/\/i0.wp.com\/www.grieta.org.mx\/wp-content\/uploads\/2021\/09\/photo5001685374531119638.jpg?resize=700%2C400&ssl=1 2x, https:\/\/i0.wp.com\/www.grieta.org.mx\/wp-content\/uploads\/2021\/09\/photo5001685374531119638.jpg?resize=1050%2C600&ssl=1 3x"},"classes":[]},{"id":62946,"url":"https:\/\/www.grieta.org.mx\/index.php\/2021\/12\/24\/denuncian-en-redes-a-funcionarios-del-gobierno-estatal-intentando-retirar-del-arbol-navideno-las-fotografias-de-las-personas-desaparecida-jalisco\/","url_meta":{"origin":62940,"position":3},"title":"Denuncian en redes a funcionarios del gobierno estatal intentando retirar del \u00e1rbol navide\u00f1o las fotograf\u00edas de las personas desaparecida (Jalisco)","author":"grieta","date":"24 diciembre, 2021","format":false,"excerpt":"Foto: Especial Redacci\u00f3n \/ El Diario NTR Despu\u00e9s de que en redes sociales se difundieron diversos videos donde funcionarios del gobierno de Jalisco intentan retirar del \u00e1rbol navide\u00f1o las fotograf\u00edas de las personas desaparecidas, instalado en Plaza Liberaci\u00f3n, el gobierno de Jalisco neg\u00f3 haber dado alguna indicaci\u00f3n al respecto. Aunque\u2026","rel":"","context":"En &quot;CINTILLO&quot;","block_context":{"text":"CINTILLO","link":"https:\/\/www.grieta.org.mx\/index.php\/category\/cintillo\/"},"img":{"alt_text":"","src":"https:\/\/i0.wp.com\/www.grieta.org.mx\/wp-content\/uploads\/2021\/12\/2021-12-24_11-12-23___1547.png?resize=350%2C200&ssl=1","width":350,"height":200,"srcset":"https:\/\/i0.wp.com\/www.grieta.org.mx\/wp-content\/uploads\/2021\/12\/2021-12-24_11-12-23___1547.png?resize=350%2C200&ssl=1 1x, https:\/\/i0.wp.com\/www.grieta.org.mx\/wp-content\/uploads\/2021\/12\/2021-12-24_11-12-23___1547.png?resize=525%2C300&ssl=1 1.5x, https:\/\/i0.wp.com\/www.grieta.org.mx\/wp-content\/uploads\/2021\/12\/2021-12-24_11-12-23___1547.png?resize=700%2C400&ssl=1 2x"},"classes":[]},{"id":45603,"url":"https:\/\/www.grieta.org.mx\/index.php\/2020\/03\/04\/realizaran-jornada-de-busqueda-de-desaparecidos-en-10-municipios-de-jalisco\/","url_meta":{"origin":62940,"position":4},"title":"Realizar\u00e1n jornada de b\u00fasqueda de desaparecidos en 10 municipios de Jalisco","author":"grieta","date":"4 marzo, 2020","format":false,"excerpt":"Foto: B\u00fasqueda Nacional en Vida Redacci\u00f3n\/ Zona Docs Luego de que en el mes de diciembre de 2019 el colectivo de\u00a0B\u00fasqueda Nacional en Vida por Nuestros Desaparecidos\u00a0tuviera\u00a0que suspender sus acciones debido a que el Gobierno Federal\u00a0les negara el acompa\u00f1amiento de elementos de la Guardia Nacional para su resguardo durante las\u2026","rel":"","context":"En &quot;CINTILLO&quot;","block_context":{"text":"CINTILLO","link":"https:\/\/www.grieta.org.mx\/index.php\/category\/cintillo\/"},"img":{"alt_text":"","src":"https:\/\/i0.wp.com\/www.grieta.org.mx\/wp-content\/uploads\/2020\/03\/photo5116316071681435738-960x640.jpg?resize=350%2C200&ssl=1","width":350,"height":200,"srcset":"https:\/\/i0.wp.com\/www.grieta.org.mx\/wp-content\/uploads\/2020\/03\/photo5116316071681435738-960x640.jpg?resize=350%2C200&ssl=1 1x, https:\/\/i0.wp.com\/www.grieta.org.mx\/wp-content\/uploads\/2020\/03\/photo5116316071681435738-960x640.jpg?resize=525%2C300&ssl=1 1.5x, https:\/\/i0.wp.com\/www.grieta.org.mx\/wp-content\/uploads\/2020\/03\/photo5116316071681435738-960x640.jpg?resize=700%2C400&ssl=1 2x"},"classes":[]},{"id":51093,"url":"https:\/\/www.grieta.org.mx\/index.php\/2020\/06\/18\/familiares-y-amigos-continuan-busqueda-de-desaparecidos-en-chapala-jalisco\/","url_meta":{"origin":62940,"position":5},"title":"Familiares y amigos contin\u00faan b\u00fasqueda de desaparecidos en Chapala (Jalisco)","author":"grieta","date":"18 junio, 2020","format":false,"excerpt":"Foto: Pablo Toledo Pablo Toledo \/ UDGTV Familiares y amigos de personas desaparecidas en el municipio de Chapala contin\u00faan en la b\u00fasqueda incansable de sus seres queridos.\u00a0En esta ocasi\u00f3n realizaron una rueda de prensa en el municipio ribere\u00f1o para dar a conocer que pese a ya haber encontrado a algunos\u2026","rel":"","context":"En &quot;CINTILLO&quot;","block_context":{"text":"CINTILLO","link":"https:\/\/www.grieta.org.mx\/index.php\/category\/cintillo\/"},"img":{"alt_text":"","src":"https:\/\/i0.wp.com\/www.grieta.org.mx\/wp-content\/uploads\/2020\/06\/Desaparecidos-Pablo-Toledo-1-696x394.jpeg?resize=350%2C200&ssl=1","width":350,"height":200,"srcset":"https:\/\/i0.wp.com\/www.grieta.org.mx\/wp-content\/uploads\/2020\/06\/Desaparecidos-Pablo-Toledo-1-696x394.jpeg?resize=350%2C200&ssl=1 1x, https:\/\/i0.wp.com\/www.grieta.org.mx\/wp-content\/uploads\/2020\/06\/Desaparecidos-Pablo-Toledo-1-696x394.jpeg?resize=525%2C300&ssl=1 1.5x"},"classes":[]}],"_links":{"self":[{"href":"https:\/\/www.grieta.org.mx\/index.php\/wp-json\/wp\/v2\/posts\/62940","targetHints":{"allow":["GET"]}}],"collection":[{"href":"https:\/\/www.grieta.org.mx\/index.php\/wp-json\/wp\/v2\/posts"}],"about":[{"href":"https:\/\/www.grieta.org.mx\/index.php\/wp-json\/wp\/v2\/types\/post"}],"author":[{"embeddable":true,"href":"https:\/\/www.grieta.org.mx\/index.php\/wp-json\/wp\/v2\/users\/2"}],"replies":[{"embeddable":true,"href":"https:\/\/www.grieta.org.mx\/index.php\/wp-json\/wp\/v2\/comments?post=62940"}],"version-history":[{"count":1,"href":"https:\/\/www.grieta.org.mx\/index.php\/wp-json\/wp\/v2\/posts\/62940\/revisions"}],"predecessor-version":[{"id":62942,"href":"https:\/\/www.grieta.org.mx\/index.php\/wp-json\/wp\/v2\/posts\/62940\/revisions\/62942"}],"wp:featuredmedia":[{"embeddable":true,"href":"https:\/\/www.grieta.org.mx\/index.php\/wp-json\/wp\/v2\/media\/62941"}],"wp:attachment":[{"href":"https:\/\/www.grieta.org.mx\/index.php\/wp-json\/wp\/v2\/media?parent=62940"}],"wp:term":[{"taxonomy":"category","embeddable":true,"href":"https:\/\/www.grieta.org.mx\/index.php\/wp-json\/wp\/v2\/categories?post=62940"},{"taxonomy":"post_tag","embeddable":true,"href":"https:\/\/www.grieta.org.mx\/index.php\/wp-json\/wp\/v2\/tags?post=62940"}],"curies":[{"name":"wp","href":"https:\/\/api.w.org\/{rel}","templated":true}]}}