{"id":6292,"date":"2015-10-02T19:56:26","date_gmt":"2015-10-02T19:56:26","guid":{"rendered":"http:\/\/50.22.11.12\/~grietaor\/?p=6292"},"modified":"2016-03-28T19:58:37","modified_gmt":"2016-03-28T19:58:37","slug":"tabasco-una-zona-del-silencio-mas-en-mexico-por-impunidad-ante-crimenes-contra-periodistas-cdp","status":"publish","type":"post","link":"https:\/\/www.grieta.org.mx\/index.php\/2015\/10\/02\/tabasco-una-zona-del-silencio-mas-en-mexico-por-impunidad-ante-crimenes-contra-periodistas-cdp\/","title":{"rendered":"Tabasco, una zona del silencio m\u00e1s en M\u00e9xico por impunidad ante cr\u00edmenes contra periodistas: CDP"},"content":{"rendered":"<p>P\u00e1gina 3<br \/>\nOaxaca.- La Casa de los Derechos de Periodistas A.C, eleva su m\u00e1s en\u00e9rgica condena por el asesinato de los comunicadores Jos\u00e9 Joaqu\u00edn P\u00e9rez Morales y Aurelio Hern\u00e1ndez Herrera, de 70 y 63 a\u00f1os de edad, respectivamente, perpetrado en la ciudad de Villahermosa, Tabasco, el pasado 23 de septiembre.<\/p>\n<p>En nuestra calidad de periodistas y abogados comprometidos en la defensa de la libertad de expresi\u00f3n y dem\u00e1s derechos humanos de la poblaci\u00f3n mexicana, exigimos a las autoridades de procuraci\u00f3n de justicia de aquella entidad a realizar investigaciones serias, cient\u00edficas y eficientes para dar con las personas responsables de este doble homicidio que enlut\u00f3 dos hogares y al gremio period\u00edstico tabasque\u00f1o.<\/p>\n<p>Se deben agotar todas las l\u00edneas de investigaci\u00f3n para que el Ministerio P\u00fablico cuente con los elementos suficientes para consignar las indagatorias respectivas, de lo contrario, ambos asesinatos, quedar\u00e1n en la impunidad como ha ocurrido hasta el momento con los homicidios de los periodistas Ismael D\u00edaz L\u00f3pez y Alejandro Fonseca.<\/p>\n<p>Tanto la sociedad mexicana, como las familias de los periodistas asesinados deben saber la verdad, sea cual sea, pero siempre la autoridad tiene la obligaci\u00f3n constitucional de fundamentar y motivar las investigaci\u00f3n y evitar descartar a priori la l\u00ednea de investigaci\u00f3n relacionada con el trabajo period\u00edstico.<\/p>\n<p>El 18 de junio de 2015 fue asesinado con arma blanca el periodista Ismael D\u00edaz L\u00f3pez, corresponsal del peri\u00f3dico Tabasco Hoy en Teapa. Tabasco.<\/p>\n<p>Precisamente, el 23 de septiembre, pero de 2008, fue asesinado, locutor de radio y periodista de EXA en Villahermosa, Alejandro Zen\u00f3n Fonseca Estrada. La impunidad sigue siendo la constante en estos homicidios, mientras que el estado de Tabasco se sigue consolidando como una zona del silencio ante la falta de condiciones para ejercer con plenitud el Derecho a la Informaci\u00f3n.<\/p>\n<p>La presencia en M\u00e9xico en una visita in loco de integrantes de la Comisi\u00f3n Interamericana de Derechos Humanos (CIDH), es muestra que las violaciones a derechos humanos son sistem\u00e1ticas en el pa\u00eds y que la mirada internacional debe recaer en la crisis humanitaria que se vive en M\u00e9xico en materia de libertad de Expresi\u00f3n.<\/p>\n<p><a href=\"http:\/\/pagina3.mx\/2015\/10\/tabasco-una-zona-del-silencio-mas-en-mexico-por-impunidad-ante-crimenes-contra-periodistas-cdp\/\" target=\"_blank\">http:\/\/pagina3.mx\/2015\/10\/tabasco-una-zona-del-silencio-mas-en-mexico-por-impunidad-ante-crimenes-contra-periodistas-cdp\/<\/a><\/p>\n","protected":false},"excerpt":{"rendered":"<p>P\u00e1gina 3 Oaxaca.- La Casa de los Derechos de Periodistas A.C, eleva su m\u00e1s en\u00e9rgica condena por el asesinato de los comunicadores Jos\u00e9 Joaqu\u00edn P\u00e9rez Morales y Aurelio Hern\u00e1ndez Herrera, &hellip; <a href=\"https:\/\/www.grieta.org.mx\/index.php\/2015\/10\/02\/tabasco-una-zona-del-silencio-mas-en-mexico-por-impunidad-ante-crimenes-contra-periodistas-cdp\/\" class=\"more-link\">Leer m\u00e1s<\/a><\/p>\n","protected":false},"author":2,"featured_media":21928,"comment_status":"closed","ping_status":"open","sticky":false,"template":"","format":"standard","meta":{"ngg_post_thumbnail":0,"_jetpack_newsletter_access":"","_jetpack_dont_email_post_to_subs":false,"_jetpack_newsletter_tier_id":0,"_jetpack_memberships_contains_paywalled_content":false,"_jetpack_memberships_contains_paid_content":false,"footnotes":""},"categories":[80,415],"tags":[120],"class_list":["post-6292","post","type-post","status-publish","format-standard","has-post-thumbnail","hentry","category-cintillo","category-tabasco","tag-violencia-contra-periodistas","entry"],"jetpack_featured_media_url":"https:\/\/www.grieta.org.mx\/wp-content\/uploads\/2018\/03\/14524434_1106112876131411_958039263622046936_o.jpg","jetpack_sharing_enabled":true,"jetpack_shortlink":"https:\/\/wp.me\/p7ZJR4-1Du","jetpack_likes_enabled":false,"jetpack-related-posts":[{"id":6279,"url":"https:\/\/www.grieta.org.mx\/index.php\/2016\/02\/23\/violencia-contra-periodistas-en-tabasco\/","url_meta":{"origin":6292,"position":0},"title":"Violencia contra periodistas en Tabasco","author":"grieta","date":"23 febrero, 2016","format":false,"excerpt":"23\/02\/16. Asesinan a locutor de radio en TabascoVoces 11\/02\/16. La violencia en contra de periodistas sigue: un reportero de Tabasco es agredido en su casaSin Embargo 02\/10\/15. Tabasco, una zona del silencio m\u00e1s en M\u00e9xico por impunidad ante cr\u00edmenes contra periodistas: CDPP\u00e1gina 3 25\/09\/15. Se investigan muertes de periodistas en\u2026","rel":"","context":"En &quot;NOTICIAS NACIONALES&quot;","block_context":{"text":"NOTICIAS NACIONALES","link":"https:\/\/www.grieta.org.mx\/index.php\/category\/noticias-nacionales\/"},"img":{"alt_text":"","src":"https:\/\/i0.wp.com\/www.grieta.org.mx\/wp-content\/uploads\/2018\/03\/14524434_1106112876131411_958039263622046936_o.jpg?resize=350%2C200&ssl=1","width":350,"height":200,"srcset":"https:\/\/i0.wp.com\/www.grieta.org.mx\/wp-content\/uploads\/2018\/03\/14524434_1106112876131411_958039263622046936_o.jpg?resize=350%2C200&ssl=1 1x, https:\/\/i0.wp.com\/www.grieta.org.mx\/wp-content\/uploads\/2018\/03\/14524434_1106112876131411_958039263622046936_o.jpg?resize=525%2C300&ssl=1 1.5x, https:\/\/i0.wp.com\/www.grieta.org.mx\/wp-content\/uploads\/2018\/03\/14524434_1106112876131411_958039263622046936_o.jpg?resize=700%2C400&ssl=1 2x"},"classes":[]},{"id":29005,"url":"https:\/\/www.grieta.org.mx\/index.php\/2019\/02\/09\/asesinan-al-periodista-jesus-ramos-rodriguez-en-tabasco\/","url_meta":{"origin":6292,"position":1},"title":"Asesinan al periodista Jes\u00fas Ramos Rodr\u00edguez en Tabasco","author":"grieta","date":"9 febrero, 2019","format":false,"excerpt":"Redacci\u00f3n\/ADN Pol\u00edtico Villahermosa, TABASCO.- El periodista y locutor de radio Jes\u00fas \"Chuch\u00edn\" Ramos Rodr\u00edguez fue asesinado este s\u00e1bado en Tabasco, informaron fuentes oficiales. El crimen fue cometido por un hombre no identificado cuando el periodista estaba desayunando en un hotel del municipio de Emiliano Zapata, localidad en la frontera entre\u2026","rel":"","context":"En &quot;CINTILLO&quot;","block_context":{"text":"CINTILLO","link":"https:\/\/www.grieta.org.mx\/index.php\/category\/cintillo\/"},"img":{"alt_text":"","src":"https:\/\/i0.wp.com\/www.grieta.org.mx\/wp-content\/uploads\/2019\/02\/2095995.jpg?resize=350%2C200&ssl=1","width":350,"height":200,"srcset":"https:\/\/i0.wp.com\/www.grieta.org.mx\/wp-content\/uploads\/2019\/02\/2095995.jpg?resize=350%2C200&ssl=1 1x, https:\/\/i0.wp.com\/www.grieta.org.mx\/wp-content\/uploads\/2019\/02\/2095995.jpg?resize=525%2C300&ssl=1 1.5x"},"classes":[]},{"id":6295,"url":"https:\/\/www.grieta.org.mx\/index.php\/2015\/09\/25\/se-investigan-muertes-de-periodistas-en-tabasco-fiscal\/","url_meta":{"origin":6292,"position":2},"title":"Se investigan muertes de periodistas en Tabasco: fiscal","author":"grieta","date":"25 septiembre, 2015","format":false,"excerpt":"Imagen Informativa Las primeras investigaciones se\u00f1alan que los dos reporteros ingresaron al hotel acompa\u00f1ados de dos mujeres y que no hay huellas de violencia. CIUDAD DE M\u00c9XICO, 25 de septiembre.- Fernando Valenzuela, fiscal de Tabasco, habl\u00f3 sobre la muerte de dos periodistas en un hotel del estado. En entrevista con\u2026","rel":"","context":"En &quot;CINTILLO&quot;","block_context":{"text":"CINTILLO","link":"https:\/\/www.grieta.org.mx\/index.php\/category\/cintillo\/"},"img":{"alt_text":"","src":"https:\/\/i0.wp.com\/www.grieta.org.mx\/wp-content\/uploads\/2018\/03\/14524434_1106112876131411_958039263622046936_o.jpg?resize=350%2C200&ssl=1","width":350,"height":200,"srcset":"https:\/\/i0.wp.com\/www.grieta.org.mx\/wp-content\/uploads\/2018\/03\/14524434_1106112876131411_958039263622046936_o.jpg?resize=350%2C200&ssl=1 1x, https:\/\/i0.wp.com\/www.grieta.org.mx\/wp-content\/uploads\/2018\/03\/14524434_1106112876131411_958039263622046936_o.jpg?resize=525%2C300&ssl=1 1.5x, https:\/\/i0.wp.com\/www.grieta.org.mx\/wp-content\/uploads\/2018\/03\/14524434_1106112876131411_958039263622046936_o.jpg?resize=700%2C400&ssl=1 2x"},"classes":[]},{"id":23228,"url":"https:\/\/www.grieta.org.mx\/index.php\/2018\/05\/15\/ejecutan-al-periodista-juan-carlos-huerta-tabasco\/","url_meta":{"origin":6292,"position":3},"title":"Ejecutan al periodista Juan Carlos Huerta (Tabasco)","author":"grieta","date":"15 mayo, 2018","format":false,"excerpt":"Redacci\u00f3n\/Tabasco Hoy Una movilizaci\u00f3n polic\u00edaca en fraccionamiento Flor del Tr\u00f3pico se dio esta ma\u00f1ana por el asesinato del periodista Juan Carlos Huerta. De acuerdo a los primeros reportes, Juan Carlos Huerta iba saliendo del fraccionamiento en su veh\u00edculo, un BMW color gris placas WUB-9999, cuando sujetos que arribaron en una\u2026","rel":"","context":"En &quot;CINTILLO&quot;","block_context":{"text":"CINTILLO","link":"https:\/\/www.grieta.org.mx\/index.php\/category\/cintillo\/"},"img":{"alt_text":"","src":"https:\/\/i0.wp.com\/www.grieta.org.mx\/wp-content\/uploads\/2018\/05\/439683_grande_77f9Xd1w-1.jpg?resize=350%2C200&ssl=1","width":350,"height":200,"srcset":"https:\/\/i0.wp.com\/www.grieta.org.mx\/wp-content\/uploads\/2018\/05\/439683_grande_77f9Xd1w-1.jpg?resize=350%2C200&ssl=1 1x, https:\/\/i0.wp.com\/www.grieta.org.mx\/wp-content\/uploads\/2018\/05\/439683_grande_77f9Xd1w-1.jpg?resize=525%2C300&ssl=1 1.5x, https:\/\/i0.wp.com\/www.grieta.org.mx\/wp-content\/uploads\/2018\/05\/439683_grande_77f9Xd1w-1.jpg?resize=700%2C400&ssl=1 2x"},"classes":[]},{"id":6298,"url":"https:\/\/www.grieta.org.mx\/index.php\/2015\/09\/23\/hallan-muertos-a-dos-periodistas-en-tabasco\/","url_meta":{"origin":6292,"position":4},"title":"Hallan muertos a dos periodistas en Tabasco","author":"grieta","date":"23 septiembre, 2015","format":false,"excerpt":"Leobardo P\u00e9rez Los cuerpos fueron encontrados en un hotel de Villahermosa; la fiscal\u00eda del estado inici\u00f3 ya una investigaci\u00f3n En un hotel del centro de la Ciudad de Villahermosa, Tabasco, fueron encontrados los cuerpos del periodista Jos\u00e9 Joaqu\u00edn P\u00e9rez Morales y del fot\u00f3grafo Aurelio Hern\u00e1ndez Herrera, ambos ejerc\u00edan su profesi\u00f3n\u2026","rel":"","context":"En &quot;CINTILLO&quot;","block_context":{"text":"CINTILLO","link":"https:\/\/www.grieta.org.mx\/index.php\/category\/cintillo\/"},"img":{"alt_text":"","src":"https:\/\/i0.wp.com\/www.grieta.org.mx\/wp-content\/uploads\/2018\/03\/14524434_1106112876131411_958039263622046936_o.jpg?resize=350%2C200&ssl=1","width":350,"height":200,"srcset":"https:\/\/i0.wp.com\/www.grieta.org.mx\/wp-content\/uploads\/2018\/03\/14524434_1106112876131411_958039263622046936_o.jpg?resize=350%2C200&ssl=1 1x, https:\/\/i0.wp.com\/www.grieta.org.mx\/wp-content\/uploads\/2018\/03\/14524434_1106112876131411_958039263622046936_o.jpg?resize=525%2C300&ssl=1 1.5x, https:\/\/i0.wp.com\/www.grieta.org.mx\/wp-content\/uploads\/2018\/03\/14524434_1106112876131411_958039263622046936_o.jpg?resize=700%2C400&ssl=1 2x"},"classes":[]},{"id":37155,"url":"https:\/\/www.grieta.org.mx\/index.php\/2019\/06\/12\/asesinada-la-periodista-norma-sarabia-en-el-estado-mexicano-de-tabasco\/","url_meta":{"origin":6292,"position":5},"title":"Asesinada la periodista Norma Sarabia en el Estado mexicano de Tabasco","author":"grieta","date":"12 junio, 2019","format":false,"excerpt":"V. U.\/El Pa\u00eds Sarabia, corresponsal del diario 'Tabasco hoy' en Huimanguillo, ha recibido varios disparos en la puerta de su casa M\u00e9xico suma ya seis periodistas asesinados en lo que va de 2019. La reportera Norma Sarabia ha fallecido este martes tras ser tiroteada en la puerta de su casa\u2026","rel":"","context":"En &quot;CINTILLO&quot;","block_context":{"text":"CINTILLO","link":"https:\/\/www.grieta.org.mx\/index.php\/category\/cintillo\/"},"img":{"alt_text":"","src":"https:\/\/i0.wp.com\/www.grieta.org.mx\/wp-content\/uploads\/2019\/07\/1560314858_853856_1560315974_noticia_normal_recorte1-e1564453213666.jpg?resize=350%2C200&ssl=1","width":350,"height":200,"srcset":"https:\/\/i0.wp.com\/www.grieta.org.mx\/wp-content\/uploads\/2019\/07\/1560314858_853856_1560315974_noticia_normal_recorte1-e1564453213666.jpg?resize=350%2C200&ssl=1 1x, https:\/\/i0.wp.com\/www.grieta.org.mx\/wp-content\/uploads\/2019\/07\/1560314858_853856_1560315974_noticia_normal_recorte1-e1564453213666.jpg?resize=525%2C300&ssl=1 1.5x, https:\/\/i0.wp.com\/www.grieta.org.mx\/wp-content\/uploads\/2019\/07\/1560314858_853856_1560315974_noticia_normal_recorte1-e1564453213666.jpg?resize=700%2C400&ssl=1 2x"},"classes":[]}],"_links":{"self":[{"href":"https:\/\/www.grieta.org.mx\/index.php\/wp-json\/wp\/v2\/posts\/6292","targetHints":{"allow":["GET"]}}],"collection":[{"href":"https:\/\/www.grieta.org.mx\/index.php\/wp-json\/wp\/v2\/posts"}],"about":[{"href":"https:\/\/www.grieta.org.mx\/index.php\/wp-json\/wp\/v2\/types\/post"}],"author":[{"embeddable":true,"href":"https:\/\/www.grieta.org.mx\/index.php\/wp-json\/wp\/v2\/users\/2"}],"replies":[{"embeddable":true,"href":"https:\/\/www.grieta.org.mx\/index.php\/wp-json\/wp\/v2\/comments?post=6292"}],"version-history":[{"count":1,"href":"https:\/\/www.grieta.org.mx\/index.php\/wp-json\/wp\/v2\/posts\/6292\/revisions"}],"predecessor-version":[{"id":6293,"href":"https:\/\/www.grieta.org.mx\/index.php\/wp-json\/wp\/v2\/posts\/6292\/revisions\/6293"}],"wp:featuredmedia":[{"embeddable":true,"href":"https:\/\/www.grieta.org.mx\/index.php\/wp-json\/wp\/v2\/media\/21928"}],"wp:attachment":[{"href":"https:\/\/www.grieta.org.mx\/index.php\/wp-json\/wp\/v2\/media?parent=6292"}],"wp:term":[{"taxonomy":"category","embeddable":true,"href":"https:\/\/www.grieta.org.mx\/index.php\/wp-json\/wp\/v2\/categories?post=6292"},{"taxonomy":"post_tag","embeddable":true,"href":"https:\/\/www.grieta.org.mx\/index.php\/wp-json\/wp\/v2\/tags?post=6292"}],"curies":[{"name":"wp","href":"https:\/\/api.w.org\/{rel}","templated":true}]}}