{"id":62908,"date":"2021-12-14T13:56:58","date_gmt":"2021-12-14T19:56:58","guid":{"rendered":"https:\/\/www.grieta.org.mx\/?p=62908"},"modified":"2021-12-17T14:04:15","modified_gmt":"2021-12-17T20:04:15","slug":"denuncian-nueva-agresion-en-contra-de-saul-castaneda-villafuerte-defensor-del-arroyo-el-rosario-en-tonala-jalisco","status":"publish","type":"post","link":"https:\/\/www.grieta.org.mx\/index.php\/2021\/12\/14\/denuncian-nueva-agresion-en-contra-de-saul-castaneda-villafuerte-defensor-del-arroyo-el-rosario-en-tonala-jalisco\/","title":{"rendered":"Denuncian nueva agresi\u00f3n en contra de Sa\u00fal Casta\u00f1eda Villafuerte, defensor del Arroyo El Rosario en Tonal\u00e1 (Jalisco)"},"content":{"rendered":"<p>Foto: Zona Docs<\/p>\n<p><strong>Este lunes 13 de diciembre tres sujetos armados entraron a la tienda de abarrotes de Sa\u00fal Casta\u00f1eda Villafuerte, defensor del Arroyo El Rosario en Tonal\u00e1 e integrante del\u00a0<em>Colectivo Foco Tonal de Santa Cruz de las Huertas<\/em>. Adem\u00e1s de agredirle verbal y f\u00edsicamente se sum\u00f3 el robo de 200 mil pesos. En el negocio tambi\u00e9n se encontraba su esposa Patricia Ortega.<\/strong><\/p>\n<p><strong>Hace algunas semanas ya hab\u00eda sido denunciada penal y p\u00fablicamente una agresi\u00f3n armada e intimidaci\u00f3n en su contra, por la cual la Comisi\u00f3n Estatal de Derechos Humanos Jalisco (CEDHJ) emiti\u00f3 medidas cautelares a favor del defensor y del colectivo del que forma parte.<\/strong><\/p>\n<p><strong>Sobre la agresi\u00f3n de este lunes ya ha sido presentada una denuncia por el robo a mano armada y con violencia ante la Fiscal\u00eda del Estado de Jalisco, bajo el n\u00famero de investigaci\u00f3n 92068\/2021.<\/strong><\/p>\n<p><strong>Te compartimos su comunicado.<\/strong><\/p>\n<p>Redacci\u00f3n \/ Zona Docs<\/p>\n<p><strong>Lunes 13 de diciembre 2021, Tonal\u00e1, Jalisco.<\/strong><\/p>\n<p>Hoy a medio d\u00eda tres sujetos armados se introdujeron al negocio (tienda de abarrotes) de Sa\u00fal Villafuerte, en la colonia de\u00a0<strong>Santa Cruz de las Huertas<\/strong>. Quien se encontraba junto con su esposa Patricia Ortega, los encapucharon con una s\u00e1bana y amenaz\u00e1ndolos con las armas de fuego,\u00a0<strong>les sustrajeron 200 mil pesos aproximadamente. Con violencia f\u00edsica y verbal<\/strong>, lograron darse a la fuga.<\/p>\n<p>Narra Sa\u00fal Villafuerte:<\/p>\n<p>Me encontraba en mi domicilio de mi negocio en Santa Cruz de las Huertas, Tonal\u00e1, Jalisco. Siendo las 12:10 del mediod\u00eda, fuimos robados en un peque\u00f1o negocio de abarrotes, mi pareja Patricia Ortega y su servidor. Nos apuntaron con las armas de fuego y nos sometieron, cerraron el local y nos metieron a dentro del mismo y empezaron a decirnos que d\u00f3nde ten\u00edamos el dinero, el cual esculcando todo y tirando todo a su paso y al mismo tiempo nosotros sometidos, nos pusieron una s\u00e1bana en la cabeza y nos amenazaban con el arma y nos dec\u00edan que nos iban a matar y groser\u00edas que por respeto no puedo mencionar. Salieron huyendo enseguida, fui detr\u00e1s de estos y no les pude dar alcance y les perd\u00ed el rastro esto en calle Independencia y Reforma de la colonia mencionada\u201d.<\/p>\n<p>A lo que exige a las autoridades municipales de Tonal\u00e1:<\/p>\n<p>\u201cEl rob\u00f3 fue con un monto de 200 mil pesos aproximadamente, no puede caber tanta impunidad en un solo municipio, soy de Tonal\u00e1 pero hago el llamado a las instancias correspondientes para que no quede impune este deleznable hecho\u201d<\/p>\n<p>Cabe mencionar que\u00a0<strong>Jes\u00fas Sa\u00fal Casta\u00f1eda Villafuerte sufri\u00f3 una agresi\u00f3n a balazos en su domicilio en Santa Cruz de las Huertas el 23 de noviembre<\/strong>\u00a0de este mismo a\u00f1o, la agresi\u00f3n no dej\u00f3 personas lesionadas.<\/p>\n<p>Tras los hechos del 23 de noviembre el activista social dio a conocer que se present\u00f3 una denuncia en la Fiscal\u00eda del Estado de Jalisco, as\u00ed mismo\u00a0<strong>la Comisi\u00f3n Estatal de Derechos Humanos Jalisco (CEDHJ) emiti\u00f3 medidas cautelares.<\/strong><\/p>\n<p><a href=\"https:\/\/www.zonadocs.mx\/2021\/12\/14\/denuncian-nueva-agresion-en-contra-de-saul-castaneda-villafuerte-defensor-del-arroyo-el-rosario-en-tonala\/\">https:\/\/www.zonadocs.mx\/2021\/12\/14\/denuncian-nueva-agresion-en-contra-de-saul-castaneda-villafuerte-defensor-del-arroyo-el-rosario-en-tonala\/<\/a><\/p>\n","protected":false},"excerpt":{"rendered":"<p>Foto: Zona Docs Este lunes 13 de diciembre tres sujetos armados entraron a la tienda de abarrotes de Sa\u00fal Casta\u00f1eda Villafuerte, defensor del Arroyo El Rosario en Tonal\u00e1 e integrante &hellip; <a href=\"https:\/\/www.grieta.org.mx\/index.php\/2021\/12\/14\/denuncian-nueva-agresion-en-contra-de-saul-castaneda-villafuerte-defensor-del-arroyo-el-rosario-en-tonala-jalisco\/\" class=\"more-link\">Leer m\u00e1s<\/a><\/p>\n","protected":false},"author":2,"featured_media":62912,"comment_status":"closed","ping_status":"closed","sticky":false,"template":"","format":"standard","meta":{"ngg_post_thumbnail":0,"_jetpack_newsletter_access":"","_jetpack_dont_email_post_to_subs":false,"_jetpack_newsletter_tier_id":0,"_jetpack_memberships_contains_paywalled_content":false,"_jetpack_memberships_contains_paid_content":false,"footnotes":""},"categories":[2859,80,20,2],"tags":[4005,459,1832],"class_list":["post-62908","post","type-post","status-publish","format-standard","has-post-thumbnail","hentry","category-amenazas-contra-activistas-en-jalisco","category-cintillo","category-jalisco","category-noticias-nacionales","tag-agresiones-a-defensores-y-activistas","tag-ataques-a-defensores-ambientales","tag-violencia-contra-defensores-del-medio-ambiente","entry"],"jetpack_featured_media_url":"https:\/\/www.grieta.org.mx\/wp-content\/uploads\/2021\/12\/WhatsApp-Image-2021-12-14-at-00.04.28-1068x1168-1.jpeg","jetpack_sharing_enabled":true,"jetpack_shortlink":"https:\/\/wp.me\/p7ZJR4-gmE","jetpack_likes_enabled":false,"jetpack-related-posts":[{"id":62787,"url":"https:\/\/www.grieta.org.mx\/index.php\/2021\/12\/02\/colectivos-y-organizaciones-de-tonala-exigen-seguridad-tras-agresion-a-defensor-del-medio-ambiente-jalisco\/","url_meta":{"origin":62908,"position":0},"title":"Colectivos y organizaciones de Tonal\u00e1 exigen seguridad tras agresi\u00f3n a defensor del medio ambiente (Jalisco)","author":"grieta","date":"2 diciembre, 2021","format":false,"excerpt":"Foto: Zona Docs El pasado 23 de noviembre, Jes\u00fas Sa\u00fal Casta\u00f1eda, miembro del Colectivo Foco Tonal, sufri\u00f3 un atentado en su casa del cual, afortunadamente sali\u00f3 ileso; por ello, diversos colectivos y personadas relacionados con la lucha ambiental em Tonal\u00e1 exigieron al Gobierno de Jalisco un alto a las agresiones\u2026","rel":"","context":"En &quot;Amenazas contra activistas en Jalisco&quot;","block_context":{"text":"Amenazas contra activistas en Jalisco","link":"https:\/\/www.grieta.org.mx\/index.php\/category\/noticias-nacionales\/jalisco\/amenazas-contra-activistas-en-jalisco\/"},"img":{"alt_text":"","src":"https:\/\/i0.wp.com\/www.grieta.org.mx\/wp-content\/uploads\/2021\/12\/Unknown-12-1068x801-1.jpeg?resize=350%2C200&ssl=1","width":350,"height":200,"srcset":"https:\/\/i0.wp.com\/www.grieta.org.mx\/wp-content\/uploads\/2021\/12\/Unknown-12-1068x801-1.jpeg?resize=350%2C200&ssl=1 1x, https:\/\/i0.wp.com\/www.grieta.org.mx\/wp-content\/uploads\/2021\/12\/Unknown-12-1068x801-1.jpeg?resize=525%2C300&ssl=1 1.5x, https:\/\/i0.wp.com\/www.grieta.org.mx\/wp-content\/uploads\/2021\/12\/Unknown-12-1068x801-1.jpeg?resize=700%2C400&ssl=1 2x, https:\/\/i0.wp.com\/www.grieta.org.mx\/wp-content\/uploads\/2021\/12\/Unknown-12-1068x801-1.jpeg?resize=1050%2C600&ssl=1 3x"},"classes":[]},{"id":62899,"url":"https:\/\/www.grieta.org.mx\/index.php\/2021\/12\/10\/cladem-denuncia-agresion-y-amenazas-contra-una-de-sus-integrantes\/","url_meta":{"origin":62908,"position":1},"title":"Cladem denuncia agresi\u00f3n y amenazas contra una de sus integrantes","author":"grieta","date":"10 diciembre, 2021","format":false,"excerpt":"Foto: Especial Redacci\u00f3n \/ El Diario NTR El Comit\u00e9 de Am\u00e9rica Latina y el Caribe para la Defensa de los Derechos de las Mujeres (Cladem) denunci\u00f3 que una de sus integrantes fue amenazada y agredida en la calle por desconocidos que intentaron subirla a un veh\u00edculo a la fuerza. Sin\u2026","rel":"","context":"En &quot;Amenazas contra activistas en Jalisco&quot;","block_context":{"text":"Amenazas contra activistas en Jalisco","link":"https:\/\/www.grieta.org.mx\/index.php\/category\/noticias-nacionales\/jalisco\/amenazas-contra-activistas-en-jalisco\/"},"img":{"alt_text":"","src":"https:\/\/i0.wp.com\/www.grieta.org.mx\/wp-content\/uploads\/2021\/12\/2021-12-10_03-12-28___8684.png?resize=350%2C200&ssl=1","width":350,"height":200,"srcset":"https:\/\/i0.wp.com\/www.grieta.org.mx\/wp-content\/uploads\/2021\/12\/2021-12-10_03-12-28___8684.png?resize=350%2C200&ssl=1 1x, https:\/\/i0.wp.com\/www.grieta.org.mx\/wp-content\/uploads\/2021\/12\/2021-12-10_03-12-28___8684.png?resize=525%2C300&ssl=1 1.5x, https:\/\/i0.wp.com\/www.grieta.org.mx\/wp-content\/uploads\/2021\/12\/2021-12-10_03-12-28___8684.png?resize=700%2C400&ssl=1 2x"},"classes":[]},{"id":63435,"url":"https:\/\/www.grieta.org.mx\/index.php\/2022\/02\/09\/activistas-de-jalisco-denuncian-amenazas\/","url_meta":{"origin":62908,"position":2},"title":"Activistas de Jalisco denuncian amenazas","author":"grieta","date":"9 febrero, 2022","format":false,"excerpt":"Foto: Especial Juan Levario \/ El Diario NTR El asesinato de la abogada y activista Ver\u00f3nica Guerrero, ocurrido el 3 de febrero en Tonal\u00e1, provoc\u00f3 temor entre miembros de la sociedad civil organizada, pues al igual que ella han recibido amenazas. Adem\u00e1s, ven indolencia y complicidad del gobierno de Jalisco.\u2026","rel":"","context":"En &quot;Amenazas contra activistas en Jalisco&quot;","block_context":{"text":"Amenazas contra activistas en Jalisco","link":"https:\/\/www.grieta.org.mx\/index.php\/category\/noticias-nacionales\/jalisco\/amenazas-contra-activistas-en-jalisco\/"},"img":{"alt_text":"","src":"https:\/\/i0.wp.com\/www.grieta.org.mx\/wp-content\/uploads\/2022\/02\/2022-02-08_11-02-18___5909.jpg?resize=350%2C200&ssl=1","width":350,"height":200,"srcset":"https:\/\/i0.wp.com\/www.grieta.org.mx\/wp-content\/uploads\/2022\/02\/2022-02-08_11-02-18___5909.jpg?resize=350%2C200&ssl=1 1x, https:\/\/i0.wp.com\/www.grieta.org.mx\/wp-content\/uploads\/2022\/02\/2022-02-08_11-02-18___5909.jpg?resize=525%2C300&ssl=1 1.5x, https:\/\/i0.wp.com\/www.grieta.org.mx\/wp-content\/uploads\/2022\/02\/2022-02-08_11-02-18___5909.jpg?resize=700%2C400&ssl=1 2x"},"classes":[]},{"id":65942,"url":"https:\/\/www.grieta.org.mx\/index.php\/2022\/12\/07\/organizaciones-exigen-frenar-el-hostigamiento-judicial-hacia-defensores-del-nixticuil-jalisco\/","url_meta":{"origin":62908,"position":3},"title":"Organizaciones exigen frenar el hostigamiento judicial hacia defensores del Nixticuil (Jalisco)","author":"grieta","date":"7 diciembre, 2022","format":false,"excerpt":"Imagen: Cortes\u00eda Lauro Rodr\u00edguez \/ El Diario NTR De nueva cuenta, defensores del bosque El Nixticuil son blanco de hostigamiento judicial, acusaron organizaciones civiles que respaldan a los activistas. De acuerdo con un comunicado firmado por la Red TDT, el Centro de Justicia para la Paz y el Desarrollo (Cepad),\u2026","rel":"","context":"En &quot;CINTILLO&quot;","block_context":{"text":"CINTILLO","link":"https:\/\/www.grieta.org.mx\/index.php\/category\/cintillo\/"},"img":{"alt_text":"","src":"https:\/\/i0.wp.com\/www.grieta.org.mx\/wp-content\/uploads\/2022\/12\/2022-12-07_05-12-14___8829.jpg?resize=350%2C200&ssl=1","width":350,"height":200,"srcset":"https:\/\/i0.wp.com\/www.grieta.org.mx\/wp-content\/uploads\/2022\/12\/2022-12-07_05-12-14___8829.jpg?resize=350%2C200&ssl=1 1x, https:\/\/i0.wp.com\/www.grieta.org.mx\/wp-content\/uploads\/2022\/12\/2022-12-07_05-12-14___8829.jpg?resize=525%2C300&ssl=1 1.5x, https:\/\/i0.wp.com\/www.grieta.org.mx\/wp-content\/uploads\/2022\/12\/2022-12-07_05-12-14___8829.jpg?resize=700%2C400&ssl=1 2x"},"classes":[]},{"id":21402,"url":"https:\/\/www.grieta.org.mx\/index.php\/2016\/09\/13\/ataques-contra-defensores-del-medio-ambiente-en-jalisco\/","url_meta":{"origin":62908,"position":4},"title":"Ataques contra defensores del medio ambiente en Jalisco","author":"grieta","date":"13 septiembre, 2016","format":false,"excerpt":"13\/09\/16. Miembros del Comit\u00e9 Salvabosque del Nixticuil temen por su integridadP\u00e1gina 24 07\/09\/16. Empresa que pretende deforestar El Nixticuil acusa a los ambientalistas de extorsi\u00f3n y chantajeSomos el Medio","rel":"","context":"En &quot;Jalisco&quot;","block_context":{"text":"Jalisco","link":"https:\/\/www.grieta.org.mx\/index.php\/category\/noticias-nacionales\/jalisco\/"},"img":{"alt_text":"","src":"https:\/\/i0.wp.com\/www.grieta.org.mx\/wp-content\/uploads\/2018\/03\/14524434_1106112876131411_958039263622046936_o.jpg?resize=350%2C200&ssl=1","width":350,"height":200,"srcset":"https:\/\/i0.wp.com\/www.grieta.org.mx\/wp-content\/uploads\/2018\/03\/14524434_1106112876131411_958039263622046936_o.jpg?resize=350%2C200&ssl=1 1x, https:\/\/i0.wp.com\/www.grieta.org.mx\/wp-content\/uploads\/2018\/03\/14524434_1106112876131411_958039263622046936_o.jpg?resize=525%2C300&ssl=1 1.5x, https:\/\/i0.wp.com\/www.grieta.org.mx\/wp-content\/uploads\/2018\/03\/14524434_1106112876131411_958039263622046936_o.jpg?resize=700%2C400&ssl=1 2x"},"classes":[]},{"id":65049,"url":"https:\/\/www.grieta.org.mx\/index.php\/2022\/08\/31\/en-jalisco-mecanismos-de-proteccion-a-periodistas-existen-solo-en-el-papel\/","url_meta":{"origin":62908,"position":5},"title":"En Jalisco mecanismos de protecci\u00f3n a periodistas existen s\u00f3lo en el papel","author":"grieta","date":"31 agosto, 2022","format":false,"excerpt":"Imagen Jorge Alberto Mendoza Redacci\u00f3n \/ El Diario En M\u00e9xico, la protecci\u00f3n de los defensores y periodistas \u00fanicamente est\u00e1 en el papel, las comisiones encargadas no son homog\u00e9neas ni cuentan con presupuesto o personal capacitado. En Jalisco, durante la administraci\u00f3n de Jorge Arist\u00f3teles Sandoval se cre\u00f3 un consejo, nombr\u00f3 a\u2026","rel":"","context":"En &quot;CINTILLO&quot;","block_context":{"text":"CINTILLO","link":"https:\/\/www.grieta.org.mx\/index.php\/category\/cintillo\/"},"img":{"alt_text":"","src":"https:\/\/i0.wp.com\/www.grieta.org.mx\/wp-content\/uploads\/2022\/09\/2022-08-31_05-08-23___4264.jpg?resize=350%2C200&ssl=1","width":350,"height":200,"srcset":"https:\/\/i0.wp.com\/www.grieta.org.mx\/wp-content\/uploads\/2022\/09\/2022-08-31_05-08-23___4264.jpg?resize=350%2C200&ssl=1 1x, https:\/\/i0.wp.com\/www.grieta.org.mx\/wp-content\/uploads\/2022\/09\/2022-08-31_05-08-23___4264.jpg?resize=525%2C300&ssl=1 1.5x, https:\/\/i0.wp.com\/www.grieta.org.mx\/wp-content\/uploads\/2022\/09\/2022-08-31_05-08-23___4264.jpg?resize=700%2C400&ssl=1 2x"},"classes":[]}],"_links":{"self":[{"href":"https:\/\/www.grieta.org.mx\/index.php\/wp-json\/wp\/v2\/posts\/62908","targetHints":{"allow":["GET"]}}],"collection":[{"href":"https:\/\/www.grieta.org.mx\/index.php\/wp-json\/wp\/v2\/posts"}],"about":[{"href":"https:\/\/www.grieta.org.mx\/index.php\/wp-json\/wp\/v2\/types\/post"}],"author":[{"embeddable":true,"href":"https:\/\/www.grieta.org.mx\/index.php\/wp-json\/wp\/v2\/users\/2"}],"replies":[{"embeddable":true,"href":"https:\/\/www.grieta.org.mx\/index.php\/wp-json\/wp\/v2\/comments?post=62908"}],"version-history":[{"count":1,"href":"https:\/\/www.grieta.org.mx\/index.php\/wp-json\/wp\/v2\/posts\/62908\/revisions"}],"predecessor-version":[{"id":62913,"href":"https:\/\/www.grieta.org.mx\/index.php\/wp-json\/wp\/v2\/posts\/62908\/revisions\/62913"}],"wp:featuredmedia":[{"embeddable":true,"href":"https:\/\/www.grieta.org.mx\/index.php\/wp-json\/wp\/v2\/media\/62912"}],"wp:attachment":[{"href":"https:\/\/www.grieta.org.mx\/index.php\/wp-json\/wp\/v2\/media?parent=62908"}],"wp:term":[{"taxonomy":"category","embeddable":true,"href":"https:\/\/www.grieta.org.mx\/index.php\/wp-json\/wp\/v2\/categories?post=62908"},{"taxonomy":"post_tag","embeddable":true,"href":"https:\/\/www.grieta.org.mx\/index.php\/wp-json\/wp\/v2\/tags?post=62908"}],"curies":[{"name":"wp","href":"https:\/\/api.w.org\/{rel}","templated":true}]}}