{"id":62904,"date":"2021-12-15T13:52:52","date_gmt":"2021-12-15T19:52:52","guid":{"rendered":"https:\/\/www.grieta.org.mx\/?p=62904"},"modified":"2021-12-17T13:55:16","modified_gmt":"2021-12-17T19:55:16","slug":"las-cifras-ocultas-del-covid-19-en-sinaloa","status":"publish","type":"post","link":"https:\/\/www.grieta.org.mx\/index.php\/2021\/12\/15\/las-cifras-ocultas-del-covid-19-en-sinaloa\/","title":{"rendered":"Las cifras ocultas del COVID-19 en Sinaloa"},"content":{"rendered":"<p><em><strong>Nada cambi\u00f3 a pesar de que Melesio Cuen dijo una y otra vez que se acabar\u00eda con la opacidad respecto a la pandemia<br \/>\n<\/strong><\/em><\/p>\n<div class=\"wp-block-spacer\" aria-hidden=\"true\"><\/div>\n<p>La f\u00f3rmula la replican una y otra vez. Un d\u00eda no hay decesos y tres d\u00edas m\u00e1s tarde actualizan. As\u00ed administran la estad\u00edstica de fallecimientos por COVID-19 en la Secretar\u00eda de Salud del Estado.<\/p>\n<p>El argumento de la autoridad para el rezago en el registro de decesos durante casi 20 meses fue la falta de personal y temas administrativos.<\/p>\n<p>Ahora, la administraci\u00f3n de Cuen Ojeda adopt\u00f3 las mismas pr\u00e1cticas y a\u00f1adi\u00f3 nuevas omisiones.<\/p>\n<p>El ejemplo m\u00e1s reciente ocurri\u00f3 el jueves 9 de diciembre. El informe diario registr\u00f3 36 fallecimientos de los cuales 32 corresponden a fechas entre julio y noviembre, pero ya no se especifica la fecha.<\/p>\n<p>Desde el inicio de esta administraci\u00f3n la estad\u00edstica present\u00f3 cambios en los reportes. El m\u00e1s grande hab\u00eda sido dejar de indicar el sitio donde ocurri\u00f3 el fallecimiento, limit\u00e1ndose \u00fanicamente a indicar la fecha, el sexo, la edad y si exist\u00eda alguna comorbilidad en el paciente.<br \/>\nPero ahora no. Solamente sexo, edad y comorbilidad.<\/p>\n<p>El dato se vuelve relevante desde que se comienzan a reportar d\u00edas sin fallecimientos en uno de los estados que ha tenido mayor letalidad por el virus SARS-CoV-2. Son ya m\u00e1s de 9 mil muertes en el estado, y la cifra que la autoridad maneja siempre va por debajo de los verdaderos fallecimientos.<\/p>\n<p>Por ejemplo, el primer bolet\u00edn que la nueva administraci\u00f3n gener\u00f3 sobre el estatus del coronavirus en Sinaloa no registr\u00f3 fallecimiento alguno. Sin embargo, en un cruce con la base de datos federal, con corte al 7 de diciembre, esa fecha registr\u00f3 siete fallecimientos.<\/p>\n<div class=\"wp-block-spacer\" aria-hidden=\"true\"><\/div>\n<p><strong>Siempre creciendo<\/strong><\/p>\n<p>La tercera ola de contagios provocada por la variante Delta del COVID-19 r\u00e1pidamente comenz\u00f3 a cobrar vidas de sinaloenses. El registro oficial contabiliz\u00f3 415 decesos, sin embargo la cuenta no se detiene.<\/p>\n<p>Como ejemplo hay que asomarse a los reportes de octubre. Durante los 31 d\u00edas de ese mes se a\u00f1adieron 15 fallecimientos a la cuenta de decesos que dej\u00f3 julio pasado para quedar en 754.<\/p>\n<p>Pero son muchos m\u00e1s.<\/p>\n<p>En el cruce con la base de datos abiertos se encuentra que con corte al 7 de diciembre se han registrado 847 muertes del mes de julio de este 2021.<\/p>\n<p>Los casos que probablemente hayan contra\u00eddo el virus SARS-CoV-2 durante la tercera ola se estiman entre finales de junio y principios de julio hasta septiembre. Y los decesos dejados en ese per\u00edodo dejan m\u00e1s de 2 mil 100 muertes.<\/p>\n<p>El rezago en los registros no es novedad. El primero sucedi\u00f3 durante junio del a\u00f1o pasado. De manera oficial se registraron en un primer momento 829 fallecimientos por el coronavirus ese mes, sin embargo, el cruce arroja que son mil 011 muertes.<\/p>\n<p>Seg\u00fan los registros de los datos abiertos de la Secretar\u00eda de Salud, el d\u00eda en que m\u00e1s fallecimientos se han registrado por el coronavirus en Sinaloa ha sido el viernes 12 de junio de 2020.<\/p>\n<p>El reporte diario de ese entonces report\u00f3 apenas 32 decesos, sin embargo en el cruce con la base de datos abiertos se encuentran contabilizados 52 muertes.<\/p>\n<p>Casi id\u00e9ntico el ocurrido el del domingo 9 de agosto de ese mismo a\u00f1o en que se reportaron 16 fallecimientos, sin embargo los datos abiertos de la federaci\u00f3n tienen registrados tambi\u00e9n 52 muertes.<br \/>\nLa crecida tras el rezago<br \/>\nLos rezagos en la estad\u00edstica de Salud del Estado vienen precedidos por meses de alta incidencia. En este caso, el reporte tard\u00edo de los fallecimientos marca una tendencia al alza en los meses posteriores.<\/p>\n<p>Sin tomar en cuenta la primera ola que dej\u00f3 casi 3 mil 200 muertes, la escalada de la segunda y tercera ola marcan esa tendencia.<\/p>\n<p>Por ejemplo, luego de la estabilizaci\u00f3n o meseta en los contagios diarios durante octubre y noviembre de 2020, los fallecimientos bajaron considerablemente. Seg\u00fan los datos federales diciembre registr\u00f3 apenas 282 muertos, la cifra m\u00e1s baja durante la pandemia partiendo del mes de mayo.<\/p>\n<p>Para enero de 2021 la cifra se dispar\u00f3 a 601 decesos.<\/p>\n<p>Despu\u00e9s, en los meses de mayo y junio de 2021 los fallecimientos llegaron a 122 y 146 para darle paso a julio con 847 y agosto con 958.<\/p>\n<p>Para octubre y noviembre de nuevo bajaron con 150 y 78 respectivamente.<\/p>\n<p>Pero esas cifras seguir\u00e1n nutri\u00e9ndose. El jueves 9 la Secretar\u00eda de Salud hizo oficiales otros 32 fallecimientos ocurridos entre julio y noviembre.<\/p>\n<div class=\"wp-block-spacer\" aria-hidden=\"true\"><\/div>\n<p><strong>El suplicio del refuerzo<\/strong><\/p>\n<p>Mar\u00eda, de 64 y Alicia de 62 son hermanas. La ma\u00f1ana del martes 7 acudieron al cuartel militar en Culiac\u00e1n para su tercera dosis de la vacuna contra el COVID-19. Es el refuerzo. Estudios revelan que tras seis meses se requiere un \u201cbooster\u201d. Y ambas hermanas acuden al llamado.<\/p>\n<p>Decidieron ir por la tarde para evitar aglomeraciones. Pero no fue as\u00ed. La fila se hab\u00eda disipado pero la gente estaba amontonada en la entrada. Los servidores de la naci\u00f3n justificaban. \u201cMa\u00f1ana continuaremos\u201d. Las vacunas se hab\u00edan terminado antes de las 16:00 horas.<\/p>\n<p>Al d\u00eda siguiente probaron suerte en el segundo centro de vacunaci\u00f3n habilitado en el gimnasio Mar\u00eda del Rosario Espinoza. La fila ah\u00ed superaba el kil\u00f3metro de longitud. Bajo los rayos del sol adultos mayores buscaban un poco de sombra mientras toreaban carros sobre el bulevar Alfonso G. Calder\u00f3n. Tampoco lo lograron.<\/p>\n<p>Para el jueves 9 madrugaron. Regresaron al cuartel militar y al cabo de cuatro horas fueron vacunadas con el ant\u00edgeno de AstraZeneca.<\/p>\n<p>Y en Culiac\u00e1n la gran mayor\u00eda de los adultos mayores que acudieron al llamado de la Secretar\u00eda de Salud para ser vacunados tuvieron en promedio esa espera.<\/p>\n<p>Pero ni el caos ni la desorganizaci\u00f3n los detuvo.<\/p>\n<blockquote class=\"wp-embedded-content\" data-secret=\"83AW0yJlmR\"><p><a href=\"https:\/\/riodoce.mx\/2021\/12\/13\/las-cifras-ocultas-del-covid-19-en-sinaloa\/\">Las cifras ocultas del COVID-19 en Sinaloa<\/a><\/p><\/blockquote>\n<p><iframe loading=\"lazy\" class=\"wp-embedded-content\" sandbox=\"allow-scripts\" security=\"restricted\" style=\"position: absolute; clip: rect(1px, 1px, 1px, 1px);\" title=\"&#8220;Las cifras ocultas del COVID-19 en Sinaloa&#8221; &#8212; R\u00edodoce\" src=\"https:\/\/riodoce.mx\/2021\/12\/13\/las-cifras-ocultas-del-covid-19-en-sinaloa\/embed\/#?secret=83AW0yJlmR\" data-secret=\"83AW0yJlmR\" width=\"600\" height=\"338\" frameborder=\"0\" marginwidth=\"0\" marginheight=\"0\" scrolling=\"no\"><\/iframe><\/p>\n","protected":false},"excerpt":{"rendered":"<p>Nada cambi\u00f3 a pesar de que Melesio Cuen dijo una y otra vez que se acabar\u00eda con la opacidad respecto a la pandemia La f\u00f3rmula la replican una y otra &hellip; <a href=\"https:\/\/www.grieta.org.mx\/index.php\/2021\/12\/15\/las-cifras-ocultas-del-covid-19-en-sinaloa\/\" class=\"more-link\">Leer m\u00e1s<\/a><\/p>\n","protected":false},"author":2,"featured_media":62905,"comment_status":"closed","ping_status":"closed","sticky":false,"template":"","format":"standard","meta":{"ngg_post_thumbnail":0,"_jetpack_newsletter_access":"","_jetpack_dont_email_post_to_subs":false,"_jetpack_newsletter_tier_id":0,"_jetpack_memberships_contains_paywalled_content":false,"_jetpack_memberships_contains_paid_content":false,"footnotes":""},"categories":[3253,2,30],"tags":[3734,3825,3241,3198],"class_list":["post-62904","post","type-post","status-publish","format-standard","has-post-thumbnail","hentry","category-covid-19-en-sinaloa","category-noticias-nacionales","category-sinaloa","tag-aumento-de-covid-19-por-reactivacion-economica","tag-cifras-contradictorias","tag-covid-19","tag-covid19","entry"],"jetpack_featured_media_url":"https:\/\/www.grieta.org.mx\/wp-content\/uploads\/2021\/12\/sinaloa-covid-1-scaled-phh81ytpdwiuwgas2bykoj430ngj3ysfl1pxq7nhqg.jpg","jetpack_sharing_enabled":true,"jetpack_shortlink":"https:\/\/wp.me\/p7ZJR4-gmA","jetpack_likes_enabled":false,"jetpack-related-posts":[{"id":53834,"url":"https:\/\/www.grieta.org.mx\/index.php\/2020\/09\/27\/la-movilidad-al-cien-en-culiacan-los-contagios-tambien\/","url_meta":{"origin":62904,"position":0},"title":"La movilidad al cien en Culiac\u00e1n, los contagios tambi\u00e9n","author":"grieta","date":"27 septiembre, 2020","format":false,"excerpt":"Aar\u00f3n Ibarra\/Riodoce Foto: Riodoce El municipio, entre los que tienen m\u00e1s muertes por Covid-19 La capital sinaloense acumula mil 026 decesos por el coronavirus, suficiente para estar dentro de los 10 municipios de M\u00e9xico con mayor cantidad de fallecimientos. Esto, con corte al mi\u00e9rcoles 23 de septiembre. Seg\u00fan estad\u00edsticas de\u2026","rel":"","context":"En &quot;CINTILLO&quot;","block_context":{"text":"CINTILLO","link":"https:\/\/www.grieta.org.mx\/index.php\/category\/cintillo\/"},"img":{"alt_text":"","src":"https:\/\/i0.wp.com\/www.grieta.org.mx\/wp-content\/uploads\/2020\/09\/enfermo-covid.jpg?resize=350%2C200&ssl=1","width":350,"height":200,"srcset":"https:\/\/i0.wp.com\/www.grieta.org.mx\/wp-content\/uploads\/2020\/09\/enfermo-covid.jpg?resize=350%2C200&ssl=1 1x, https:\/\/i0.wp.com\/www.grieta.org.mx\/wp-content\/uploads\/2020\/09\/enfermo-covid.jpg?resize=525%2C300&ssl=1 1.5x, https:\/\/i0.wp.com\/www.grieta.org.mx\/wp-content\/uploads\/2020\/09\/enfermo-covid.jpg?resize=700%2C400&ssl=1 2x"},"classes":[]},{"id":52497,"url":"https:\/\/www.grieta.org.mx\/index.php\/2020\/08\/02\/los-decesos-ocultos-en-el-istmo-de-tehuantepec-oaxaca\/","url_meta":{"origin":62904,"position":1},"title":"Los decesos ocultos en el Istmo de Tehuantepec (Oaxaca)","author":"grieta","date":"2 agosto, 2020","format":false,"excerpt":"Autoridades de Uni\u00f3n Hidalgo, Salina Cruz y Juchit\u00e1n confirman un subregistro de casi 100% en las muertes, respecto a datos de SSO Juchit\u00e1n de Zaragoza, Oax.- La pandemia de Covid-19 avanz\u00f3 de manera silenciosa en el Istmo de Tehuantepec. Mientras las cifras de fallecidos y contagios confirmados apenas se mov\u00edan\u2026","rel":"","context":"En &quot;CINTILLO&quot;","block_context":{"text":"CINTILLO","link":"https:\/\/www.grieta.org.mx\/index.php\/category\/cintillo\/"},"img":{"alt_text":"","src":"https:\/\/i0.wp.com\/www.grieta.org.mx\/wp-content\/uploads\/2018\/03\/14524434_1106112876131411_958039263622046936_o.jpg?resize=350%2C200&ssl=1","width":350,"height":200,"srcset":"https:\/\/i0.wp.com\/www.grieta.org.mx\/wp-content\/uploads\/2018\/03\/14524434_1106112876131411_958039263622046936_o.jpg?resize=350%2C200&ssl=1 1x, https:\/\/i0.wp.com\/www.grieta.org.mx\/wp-content\/uploads\/2018\/03\/14524434_1106112876131411_958039263622046936_o.jpg?resize=525%2C300&ssl=1 1.5x, https:\/\/i0.wp.com\/www.grieta.org.mx\/wp-content\/uploads\/2018\/03\/14524434_1106112876131411_958039263622046936_o.jpg?resize=700%2C400&ssl=1 2x"},"classes":[]},{"id":51128,"url":"https:\/\/www.grieta.org.mx\/index.php\/2020\/06\/16\/revela-911-tres-veces-mas-muertes-extrahospitalarias-por-covid-19-en-la-cdmx\/","url_meta":{"origin":62904,"position":2},"title":"Revela 911 tres veces m\u00e1s muertes extrahospitalarias por Covid-19 en la CDMX","author":"grieta","date":"16 junio, 2020","format":false,"excerpt":"Fotograf\u00eda: Pedro Pardo \/ AFP EFRAIN TZUC, DIEGO MARTORELL Y ANDREA C\u00c1RDENAS \/ QUINTO ELEMENTO LAB El servicio de emergencia recibi\u00f3 1,179 reportes de fallecimientos por posible Covid-19 en los primeros dos meses de la epidemia, una cifra mucho m\u00e1s grande que el conteo oficial de la Secretar\u00eda de Salud.\u2026","rel":"","context":"En &quot;CINTILLO&quot;","block_context":{"text":"CINTILLO","link":"https:\/\/www.grieta.org.mx\/index.php\/category\/cintillo\/"},"img":{"alt_text":"","src":"https:\/\/i0.wp.com\/www.grieta.org.mx\/wp-content\/uploads\/2020\/06\/Revela-911-tres-veces-m%C3%A1s-muertes-extrahospitalarias-por-Covid-19-en-la-CDMX-jun.png?resize=350%2C200&ssl=1","width":350,"height":200,"srcset":"https:\/\/i0.wp.com\/www.grieta.org.mx\/wp-content\/uploads\/2020\/06\/Revela-911-tres-veces-m%C3%A1s-muertes-extrahospitalarias-por-Covid-19-en-la-CDMX-jun.png?resize=350%2C200&ssl=1 1x, https:\/\/i0.wp.com\/www.grieta.org.mx\/wp-content\/uploads\/2020\/06\/Revela-911-tres-veces-m%C3%A1s-muertes-extrahospitalarias-por-Covid-19-en-la-CDMX-jun.png?resize=525%2C300&ssl=1 1.5x, https:\/\/i0.wp.com\/www.grieta.org.mx\/wp-content\/uploads\/2020\/06\/Revela-911-tres-veces-m%C3%A1s-muertes-extrahospitalarias-por-Covid-19-en-la-CDMX-jun.png?resize=700%2C400&ssl=1 2x, https:\/\/i0.wp.com\/www.grieta.org.mx\/wp-content\/uploads\/2020\/06\/Revela-911-tres-veces-m%C3%A1s-muertes-extrahospitalarias-por-Covid-19-en-la-CDMX-jun.png?resize=1050%2C600&ssl=1 3x, https:\/\/i0.wp.com\/www.grieta.org.mx\/wp-content\/uploads\/2020\/06\/Revela-911-tres-veces-m%C3%A1s-muertes-extrahospitalarias-por-Covid-19-en-la-CDMX-jun.png?resize=1400%2C800&ssl=1 4x"},"classes":[]},{"id":52859,"url":"https:\/\/www.grieta.org.mx\/index.php\/2020\/08\/27\/la-cifra-oficial-de-fallecimientos-por-covid-19-supera-a-la-de-homicidios-dolosos-en-colima\/","url_meta":{"origin":62904,"position":3},"title":"La cifra oficial de fallecimientos por Covid-19 supera a la de homicidios dolosos en Colima","author":"grieta","date":"27 agosto, 2020","format":false,"excerpt":"Imagen: Diario Avanzada Colima, M\u00e9xico, Avanzada (27\/08\/2020).- Desde febrero de 2016, Colima ostenta la tasa m\u00e1s alta en el pa\u00eds de homicidios dolosos por cada 100 mil habitantes.\u00a0Los asesinatos a cualquier hora del d\u00eda, y en cualquier lugar,\u00a0los cuerpos torturados y desmembrados forman parte del horror que vive este peque\u00f1o\u2026","rel":"","context":"En &quot;CINTILLO&quot;","block_context":{"text":"CINTILLO","link":"https:\/\/www.grieta.org.mx\/index.php\/category\/cintillo\/"},"img":{"alt_text":"","src":"https:\/\/i0.wp.com\/www.grieta.org.mx\/wp-content\/uploads\/2018\/03\/14524434_1106112876131411_958039263622046936_o.jpg?resize=350%2C200&ssl=1","width":350,"height":200,"srcset":"https:\/\/i0.wp.com\/www.grieta.org.mx\/wp-content\/uploads\/2018\/03\/14524434_1106112876131411_958039263622046936_o.jpg?resize=350%2C200&ssl=1 1x, https:\/\/i0.wp.com\/www.grieta.org.mx\/wp-content\/uploads\/2018\/03\/14524434_1106112876131411_958039263622046936_o.jpg?resize=525%2C300&ssl=1 1.5x, https:\/\/i0.wp.com\/www.grieta.org.mx\/wp-content\/uploads\/2018\/03\/14524434_1106112876131411_958039263622046936_o.jpg?resize=700%2C400&ssl=1 2x"},"classes":[]},{"id":52499,"url":"https:\/\/www.grieta.org.mx\/index.php\/2020\/07\/24\/con-20-decesos-y-1690-contagios-personal-de-salud-de-oaxaca-expone-problematicas\/","url_meta":{"origin":62904,"position":4},"title":"Con 20 decesos y 1,690 contagios, personal de salud de Oaxaca expone problem\u00e1ticas","author":"grieta","date":"24 julio, 2020","format":false,"excerpt":"Proceso \/ Pedro Mat\u00edas. Hospital Presidente Ju\u00e1rez del ISSSTE en Oaxaca. Foto: Google Maps OAXACA, Oax., (apro).- A mil 690 casos asciende el n\u00famero de contagios por covid-19 entre el personal m\u00e9dico, de los cuales 20 han muerto por coronavirus, confirmaron los Servicios de Salud. Los casos m\u00e1s recientes son\u2026","rel":"","context":"En &quot;CINTILLO&quot;","block_context":{"text":"CINTILLO","link":"https:\/\/www.grieta.org.mx\/index.php\/category\/cintillo\/"},"img":{"alt_text":"","src":"https:\/\/i0.wp.com\/www.grieta.org.mx\/wp-content\/uploads\/2020\/08\/t.jpeg?resize=350%2C200&ssl=1","width":350,"height":200,"srcset":"https:\/\/i0.wp.com\/www.grieta.org.mx\/wp-content\/uploads\/2020\/08\/t.jpeg?resize=350%2C200&ssl=1 1x, https:\/\/i0.wp.com\/www.grieta.org.mx\/wp-content\/uploads\/2020\/08\/t.jpeg?resize=525%2C300&ssl=1 1.5x, https:\/\/i0.wp.com\/www.grieta.org.mx\/wp-content\/uploads\/2020\/08\/t.jpeg?resize=700%2C400&ssl=1 2x"},"classes":[]},{"id":37026,"url":"https:\/\/www.grieta.org.mx\/index.php\/2019\/07\/24\/con-mujer-asesinada-en-panteon-sinaloa-suma-26-feminicidios-en-2019-y-4-en-menos-de-una-semana-sinaloa\/","url_meta":{"origin":62904,"position":5},"title":"Con mujer asesinada en Pante\u00f3n, Sinaloa suma 26 feminicidios en 2019 y 4 en menos de una semana (Sinaloa)","author":"grieta","date":"24 julio, 2019","format":false,"excerpt":"Foto: Revista Espejo La v\u00edctima fue encontrada en el pante\u00f3n 21 de marzo amordazada y con golpes severos en el\u00a0rostro. Jorge Cuen \/ Revista Espejo Maniatada, silenciada con cinta canela y boca abajo en medio de un charco de agua de lluvia que se estanc\u00f3, fue encontrada la v\u00edctima en\u2026","rel":"","context":"En &quot;CINTILLO&quot;","block_context":{"text":"CINTILLO","link":"https:\/\/www.grieta.org.mx\/index.php\/category\/cintillo\/"},"img":{"alt_text":"","src":"https:\/\/i0.wp.com\/www.grieta.org.mx\/wp-content\/uploads\/2019\/07\/feminicidio.jpg?resize=350%2C200&ssl=1","width":350,"height":200,"srcset":"https:\/\/i0.wp.com\/www.grieta.org.mx\/wp-content\/uploads\/2019\/07\/feminicidio.jpg?resize=350%2C200&ssl=1 1x, https:\/\/i0.wp.com\/www.grieta.org.mx\/wp-content\/uploads\/2019\/07\/feminicidio.jpg?resize=525%2C300&ssl=1 1.5x, https:\/\/i0.wp.com\/www.grieta.org.mx\/wp-content\/uploads\/2019\/07\/feminicidio.jpg?resize=700%2C400&ssl=1 2x, https:\/\/i0.wp.com\/www.grieta.org.mx\/wp-content\/uploads\/2019\/07\/feminicidio.jpg?resize=1050%2C600&ssl=1 3x"},"classes":[]}],"_links":{"self":[{"href":"https:\/\/www.grieta.org.mx\/index.php\/wp-json\/wp\/v2\/posts\/62904","targetHints":{"allow":["GET"]}}],"collection":[{"href":"https:\/\/www.grieta.org.mx\/index.php\/wp-json\/wp\/v2\/posts"}],"about":[{"href":"https:\/\/www.grieta.org.mx\/index.php\/wp-json\/wp\/v2\/types\/post"}],"author":[{"embeddable":true,"href":"https:\/\/www.grieta.org.mx\/index.php\/wp-json\/wp\/v2\/users\/2"}],"replies":[{"embeddable":true,"href":"https:\/\/www.grieta.org.mx\/index.php\/wp-json\/wp\/v2\/comments?post=62904"}],"version-history":[{"count":1,"href":"https:\/\/www.grieta.org.mx\/index.php\/wp-json\/wp\/v2\/posts\/62904\/revisions"}],"predecessor-version":[{"id":62906,"href":"https:\/\/www.grieta.org.mx\/index.php\/wp-json\/wp\/v2\/posts\/62904\/revisions\/62906"}],"wp:featuredmedia":[{"embeddable":true,"href":"https:\/\/www.grieta.org.mx\/index.php\/wp-json\/wp\/v2\/media\/62905"}],"wp:attachment":[{"href":"https:\/\/www.grieta.org.mx\/index.php\/wp-json\/wp\/v2\/media?parent=62904"}],"wp:term":[{"taxonomy":"category","embeddable":true,"href":"https:\/\/www.grieta.org.mx\/index.php\/wp-json\/wp\/v2\/categories?post=62904"},{"taxonomy":"post_tag","embeddable":true,"href":"https:\/\/www.grieta.org.mx\/index.php\/wp-json\/wp\/v2\/tags?post=62904"}],"curies":[{"name":"wp","href":"https:\/\/api.w.org\/{rel}","templated":true}]}}